{"id":7393,"date":"2026-09-02T12:35:54","date_gmt":"2026-09-02T09:35:54","guid":{"rendered":"https:\/\/www.capilclinic.com\/?p=7393"},"modified":"2026-09-02T12:35:54","modified_gmt":"2026-09-02T09:35:54","slug":"coupes-cheveux-hommes-2026","status":"publish","type":"post","link":"https:\/\/www.capilclinic.com\/fr\/coupes-cheveux-hommes-2026\/","title":{"rendered":"Les coupes de cheveux pour hommes qui seront une tendance en 2026"},"content":{"rendered":"<p>Les <b>tendances en mati\u00e8re de coupe de cheveux pour hommes<\/b> \u00e9voluent constamment, et 2026 ne fera pas exception. <b>Les coupes de cheveux pour hommes qui seront tendance en 2026<\/b> mettront l\u2019accent sur des styles plus longs et textur\u00e9s et de <b>coiffures d\u00e9contract\u00e9es mais \u00e9l\u00e9gantes<\/b>.<\/p>\n<p><b>Les coupes de <a href=\"https:\/\/capilclinic.fr\/cheveux-tout-ce-que-vous-devez-savoir\/\" target=\"_blank\" rel=\"noopener\">cheveux<\/a> pour hommes en 2026 <\/b>seront \u00e9galement influenc\u00e9es par la culture populaire, les c\u00e9l\u00e9brit\u00e9s et les influences de la mode de rue. Les hommes chercheront des coupes de cheveux qui leur permettent d\u2019exprimer leur individualit\u00e9 tout en restant \u00e9l\u00e9gants et \u00e0 la pointe de la mode.<\/p>\n<h2><b>Les coupes de cheveux pour hommes qui seront une tendance en 2026<\/b><\/h2>\n<p><img loading=\"lazy\" decoding=\"async\" class=\"aligncenter size-full wp-image-7395\" src=\"https:\/\/www.capilclinic.com\/wp-content\/uploads\/2026\/09\/coupes-de-cheveux-7_2026.webp\" alt=\"\" width=\"600\" height=\"400\" title=\"\" srcset=\"https:\/\/www.capilclinic.com\/wp-content\/uploads\/2026\/09\/coupes-de-cheveux-7_2026.webp 600w, https:\/\/www.capilclinic.com\/wp-content\/uploads\/2026\/09\/coupes-de-cheveux-7_2026-300x200.webp 300w, https:\/\/www.capilclinic.com\/wp-content\/uploads\/2026\/09\/coupes-de-cheveux-7_2026-150x100.webp 150w\" sizes=\"auto, (max-width: 600px) 100vw, 600px\" \/><\/p>\n<h3><b>La coupe undercut<\/b><\/h3>\n<p><b>La coupe undercut<\/b> est une <b>coupe de cheveux moderne et populaire<\/b>. Elle consiste \u00e0 raser ou couper tr\u00e8s court les c\u00f4t\u00e9s et\/ou l\u2019arri\u00e8re de la t\u00eate, tandis que les cheveux sur le dessus sont laiss\u00e9s plus longs. Cette coupe est souvent associ\u00e9e \u00e0 un<b> look alternatif<\/b>, <b>punk<\/b> ou <b>rock<\/b>, mais elle peut aussi \u00eatre adapt\u00e9e \u00e0 diff\u00e9rents styles.<\/p>\n<p>L\u2019avantage de <b>la coupe undercut<\/b> est qu\u2019elle est tr\u00e8s polyvalente et peut \u00eatre personnalis\u00e9e selon vos pr\u00e9f\u00e9rences. Par exemple, vous pouvez choisir de laisser vos cheveux plus longs ou plus courts sur le dessus, et de <b>jouer avec la texture ou les nuances de couleurs<\/b>. Vous pouvez \u00e9galement opter pour une transition plus douce entre les cheveux courts et longs, ou une transition plus abrupte pour un look plus audacieux.<\/p>\n<h3><strong>La coupe Pompadour<\/strong><\/h3>\n<p><b>La coupe de cheveux Pompadour<\/b> est un style classique qui remonte aux ann\u00e9es 1950. Elle est caract\u00e9ris\u00e9e par des cheveux courts sur les c\u00f4t\u00e9s et \u00e0 l\u2019arri\u00e8re de la t\u00eate, tandis que les cheveux sur le dessus sont plus longs et coiff\u00e9s en arri\u00e8re pour cr\u00e9er un effet de volume et de hauteur \u00e0 l\u2019avant de la t\u00eate.<\/p>\n<p>Cette coupe de cheveux peut \u00eatre adapt\u00e9e \u00e0 diff\u00e9rents <strong>types de cheveux et de visages<\/strong>. Cela d\u00e9pend de la longueur et de la texture des cheveux, ainsi que de la forme du visage. Par exemple, si vous avez des cheveux \u00e9pais, vous pouvez opter pour une longueur plus courte sur les c\u00f4t\u00e9s. Cela permet de mieux mettre en valeur le volume sur le dessus. Si vous avez des cheveux fins, vous pouvez jouer avec les produits coiffants pour cr\u00e9er un effet de volume.<\/p>\n<h3><b>La m\u00e8che longue vers l\u2019avant<\/b><\/h3>\n<p><b>La m\u00e8che longue vers l\u2019avant<\/b> est une coupe de cheveux qui consiste \u00e0 laisser une partie de la frange ou des cheveux du dessus plus longue et \u00e0 la faire tomber vers l\u2019avant du visage. Cette coupe peut \u00eatre associ\u00e9e \u00e0 <b>diff\u00e9rents styles<\/b>, selon la longueur et la texture des cheveux.<\/p>\n<p>Si vous avez <strong>les cheveux raides<\/strong>, vous pouvez opter pour une coupe d\u00e9grad\u00e9e. Vous donnerez ainsi du mouvement et de <strong>la texture \u00e0 vos cheveux<\/strong>. Si vous avez les cheveux boucl\u00e9s ou ondul\u00e9s, vous pouvez \u00e9galement porter une longue m\u00e8che vers l\u2019avant. Mais il est conseill\u00e9 de tenir compte de la texture de vos cheveux pour \u00e9viter les frisottis et l\u2019effet \u00ab mousse \u00bb.<\/p>\n<h3><b>La crini\u00e8re de cheveux faussement d\u00e9sordonn\u00e9s<\/b><\/h3>\n<p>Le bob d\u00e9coiff\u00e9, \u00e9galement connu sous le nom de <strong>messy hair<\/strong> ou <strong>bedhead hair<\/strong>. Il s\u2019agit d\u2019une tendance de coiffure qui consiste \u00e0 donner \u00e0 vos cheveux un aspect naturellement d\u00e9coiff\u00e9 pour obtenir un style d\u00e9contract\u00e9. Pour ce faire, il suffit d\u2019utiliser des techniques de coiffage simples. Ainsi que des produits sp\u00e9cifiques pour ajouter de la texture et du volume aux cheveux.<\/p>\n<h3><b>La coupe du gendre id\u00e9al<\/b><\/h3>\n<p><img loading=\"lazy\" decoding=\"async\" class=\"aligncenter size-full wp-image-7396\" src=\"https:\/\/www.capilclinic.com\/wp-content\/uploads\/2026\/09\/coupes-de-cheveux-6_2026.webp\" alt=\"\" width=\"600\" height=\"400\" title=\"\" srcset=\"https:\/\/www.capilclinic.com\/wp-content\/uploads\/2026\/09\/coupes-de-cheveux-6_2026.webp 600w, https:\/\/www.capilclinic.com\/wp-content\/uploads\/2026\/09\/coupes-de-cheveux-6_2026-300x200.webp 300w, https:\/\/www.capilclinic.com\/wp-content\/uploads\/2026\/09\/coupes-de-cheveux-6_2026-150x100.webp 150w\" sizes=\"auto, (max-width: 600px) 100vw, 600px\" \/><\/p>\n<p><strong>La coupe de cheveux du gendre id\u00e9al<\/strong> est un style de coupe de cheveux masculin. Cette coupe est g\u00e9n\u00e9ralement consid\u00e9r\u00e9e comme propre, nette et professionnelle. En outre, elle est souvent associ\u00e9e \u00e0 un look \u00e9l\u00e9gant. Elle convient m\u00eame aux hommes aux cheveux courts ou mi-longs.<\/p>\n<p>Peut varier en fonction de la longueur des cheveux. Mais elle se caract\u00e9rise g\u00e9n\u00e9ralement par des cheveux plus courts sur les c\u00f4t\u00e9s et \u00e0 l\u2019arri\u00e8re de la t\u00eate. Les cheveux du dessus sont plus longs et peign\u00e9s vers l\u2019arri\u00e8re ou sur le c\u00f4t\u00e9.<\/p>\n<p>En termes de style, la coupe de cheveux id\u00e9ale pour le gendre peut convenir \u00e0 <strong>diff\u00e9rents types de cheveux et de visages<\/strong>. Mais en g\u00e9n\u00e9ral, elle est consid\u00e9r\u00e9e comme une coupe classique et intemporelle.<\/p>\n<h3><b>La coupe Slicked back<\/b><\/h3>\n<p><b>La coupe Slicked back<\/b> est une coiffure pour hommes qui implique de peigner les cheveux de la partie frontale de la t\u00eate vers l\u2019arri\u00e8re de la t\u00eate en utilisant un produit coiffant tel que de <a href=\"https:\/\/www.csa-tmo.fr\/comparer-le-gel-capillaire-et-la-cire-la-coiffante\/\" target=\"_blank\" rel=\"noopener\">la cire ou du gel<\/a> pour cr\u00e9er un effet lustr\u00e9 et poli. Cette coupe de cheveux est souvent associ\u00e9e \u00e0 <b>un look \u00e9l\u00e9gant et professionnel<\/b> et a \u00e9t\u00e9 popularis\u00e9e dans les ann\u00e9es 1950 et 1960.<\/p>\n<p>Pour cr\u00e9er une coupe droite, il est important d\u2019avoir des cheveux relativement longs sur le dessus de la t\u00eate. Cela permet de cr\u00e9er l\u2019effet brillant souhait\u00e9. Les cheveux peuvent \u00eatre coup\u00e9s en couches sur les c\u00f4t\u00e9s de la personne. Les cheveux peuvent \u00e9galement \u00eatre coup\u00e9s \u00e0 l\u2019arri\u00e8re de la t\u00eate pour cr\u00e9er un contraste avec les cheveux plus longs sur le dessus.<\/p>\n<h3><b>La coupe asym\u00e9trique<\/b><\/h3>\n<p><img loading=\"lazy\" decoding=\"async\" class=\"aligncenter size-full wp-image-7397\" src=\"https:\/\/www.capilclinic.com\/wp-content\/uploads\/2026\/09\/coupes-de-cheveux-5_2026.webp\" alt=\"\" width=\"600\" height=\"400\" title=\"\" srcset=\"https:\/\/www.capilclinic.com\/wp-content\/uploads\/2026\/09\/coupes-de-cheveux-5_2026.webp 600w, https:\/\/www.capilclinic.com\/wp-content\/uploads\/2026\/09\/coupes-de-cheveux-5_2026-300x200.webp 300w, https:\/\/www.capilclinic.com\/wp-content\/uploads\/2026\/09\/coupes-de-cheveux-5_2026-150x100.webp 150w\" sizes=\"auto, (max-width: 600px) 100vw, 600px\" \/><\/p>\n<p><strong>La coupe asym\u00e9trique<\/strong> est une coiffure dans laquelle les cheveux sont coup\u00e9s \u00e0 une longueur diff\u00e9rente d\u2019un c\u00f4t\u00e9 de la t\u00eate et de l\u2019autre. Cette coupe cr\u00e9e une <strong>apparence d\u00e9s\u00e9quilibr\u00e9e et non conventionnelle.<\/strong> C\u2019est une coiffure qui peut \u00eatre r\u00e9alis\u00e9e de diff\u00e9rentes mani\u00e8res. Elle est \u00e9galement adaptable. \u00e0 diff\u00e9rents types de cheveux et de styles personnels.<\/p>\n<p>En outre, ce r\u00e9sultat peut \u00eatre obtenu en coupant les cheveux plus courts d\u2019un c\u00f4t\u00e9 de la t\u00eate et en laissant les cheveux plus longs de l\u2019autre. Il est m\u00eame possible de cr\u00e9er des couches in\u00e9gales pour donner un aspect d\u00e9s\u00e9quilibr\u00e9. Elle peut \u00e9galement \u00eatre obtenue en ajoutant des franges d\u2019un c\u00f4t\u00e9 du visage et en laissant l\u2019autre c\u00f4t\u00e9 d\u00e9couvert.<\/p>\n<p>Cette coupe de cheveux convient \u00e0 <b>diff\u00e9rents types de visages<\/b> et peut \u00eatre <b>r\u00e9alis\u00e9e sur des cheveux courts ou longs<\/b>. <b>Elle peut \u00eatre port\u00e9e de mani\u00e8re d\u00e9contract\u00e9e ou styl\u00e9e<\/b>, selon les pr\u00e9f\u00e9rences personnelles. <b>La coupe asym\u00e9trique<\/b> peut \u00e9galement \u00eatre associ\u00e9e \u00e0 <b>des couleurs de cheveux vibrantes pour un look encore plus audacieux<\/b>.<\/p>\n<h2><b>Conclusion<\/b><\/h2>\n<p>Il est difficile de pr\u00e9dire avec pr\u00e9cision <b>Les coupes de cheveux pour hommes qui seront tendance en 2026<\/b>. Cependant, les tendances r\u00e9centes telles que <strong>l\u2019undercut et la coupe pompadour<\/strong>. Inclus, la coupe gomin\u00e9e en arri\u00e8re pourrait rester populaire. <b>Les coupes asym\u00e9triques<\/b> et <b>les styles de cheveux d\u00e9sordonn\u00e9s<\/b> pourraient \u00e9galement rester en vogue.<\/p>\n","protected":false},"excerpt":{"rendered":"<p>Les tendances en mati\u00e8re de coupe de cheveux pour hommes \u00e9voluent constamment, et 2026 ne fera pas exception. Les coupes de cheveux pour hommes qui seront tendance en 2026 mettront l\u2019accent sur des styles plus longs et textur\u00e9s et de coiffures d\u00e9contract\u00e9es mais \u00e9l\u00e9gantes. Les coupes de cheveux pour hommes en 2026 seront \u00e9galement influenc\u00e9es [&hellip;]<\/p>\n","protected":false},"author":4,"featured_media":7394,"comment_status":"open","ping_status":"open","sticky":false,"template":"","format":"standard","meta":{"footnotes":""},"categories":[29],"tags":[],"class_list":["post-7393","post","type-post","status-publish","format-standard","has-post-thumbnail","hentry","category-blog"],"_links":{"self":[{"href":"https:\/\/www.capilclinic.com\/fr\/wp-json\/wp\/v2\/posts\/7393","targetHints":{"allow":["GET"]}}],"collection":[{"href":"https:\/\/www.capilclinic.com\/fr\/wp-json\/wp\/v2\/posts"}],"about":[{"href":"https:\/\/www.capilclinic.com\/fr\/wp-json\/wp\/v2\/types\/post"}],"author":[{"embeddable":true,"href":"https:\/\/www.capilclinic.com\/fr\/wp-json\/wp\/v2\/users\/4"}],"replies":[{"embeddable":true,"href":"https:\/\/www.capilclinic.com\/fr\/wp-json\/wp\/v2\/comments?post=7393"}],"version-history":[{"count":1,"href":"https:\/\/www.capilclinic.com\/fr\/wp-json\/wp\/v2\/posts\/7393\/revisions"}],"predecessor-version":[{"id":7398,"href":"https:\/\/www.capilclinic.com\/fr\/wp-json\/wp\/v2\/posts\/7393\/revisions\/7398"}],"wp:featuredmedia":[{"embeddable":true,"href":"https:\/\/www.capilclinic.com\/fr\/wp-json\/wp\/v2\/media\/7394"}],"wp:attachment":[{"href":"https:\/\/www.capilclinic.com\/fr\/wp-json\/wp\/v2\/media?parent=7393"}],"wp:term":[{"taxonomy":"category","embeddable":true,"href":"https:\/\/www.capilclinic.com\/fr\/wp-json\/wp\/v2\/categories?post=7393"},{"taxonomy":"post_tag","embeddable":true,"href":"https:\/\/www.capilclinic.com\/fr\/wp-json\/wp\/v2\/tags?post=7393"}],"curies":[{"name":"wp","href":"https:\/\/api.w.org\/{rel}","templated":true}]}}