{"id":7385,"date":"2026-09-02T12:33:19","date_gmt":"2026-09-02T09:33:19","guid":{"rendered":"https:\/\/www.capilclinic.com\/?p=7385"},"modified":"2026-09-02T12:33:34","modified_gmt":"2026-09-02T09:33:34","slug":"inhibiteurs-de-jak-pour-lalopecie-areata","status":"publish","type":"post","link":"https:\/\/www.capilclinic.com\/fr\/inhibiteurs-de-jak-pour-lalopecie-areata\/","title":{"rendered":"Inhibiteurs de Jak pour l\u2019alop\u00e9cie areata"},"content":{"rendered":"<p>Aujourd\u2019hui, gr\u00e2ce aux progr\u00e8s de la m\u00e9decine, la perte de cheveux fait partie du pass\u00e9 pour de nombreuses personnes. L\u2019un des traitements les plus utilis\u00e9s par les patients atteints d\u2019alop\u00e9cie areata est<strong> Inhibiteurs de Jak<\/strong>. Gr\u00e2ce \u00e0 la recherche, ce m\u00e9dicament, administr\u00e9 par voie orale, est devenu le principal traitement des patients atteints d\u2019alop\u00e9cie areata, car il contribue \u00e0 pr\u00e9venir la <a href=\"https:\/\/capilclinic.fr\/problemes-capillaires-plus-courants\/\" target=\"_blank\" rel=\"noopener\">chute des cheveux<\/a>. Bien qu\u2019il faille toujours consulter un sp\u00e9cialiste avant d\u2019administrer le traitement, nous vous invitons \u00e0 en savoir un peu plus sur les inhibiteurs de Jak et leurs avantages pour la r\u00e9cup\u00e9ration des cheveux.<\/p>\n<h2><strong>Qu\u2019est-ce que l\u2019alop\u00e9cie areata?<\/strong><\/h2>\n<p><img loading=\"lazy\" decoding=\"async\" class=\"aligncenter size-full wp-image-7387\" src=\"https:\/\/www.capilclinic.com\/wp-content\/uploads\/2026\/09\/alopecie-9_2026.webp\" alt=\"\" width=\"600\" height=\"400\" title=\"\" srcset=\"https:\/\/www.capilclinic.com\/wp-content\/uploads\/2026\/09\/alopecie-9_2026.webp 600w, https:\/\/www.capilclinic.com\/wp-content\/uploads\/2026\/09\/alopecie-9_2026-300x200.webp 300w, https:\/\/www.capilclinic.com\/wp-content\/uploads\/2026\/09\/alopecie-9_2026-150x100.webp 150w\" sizes=\"auto, (max-width: 600px) 100vw, 600px\" \/><\/p>\n<p>Avant de savoir ce que sont les inhibiteurs de Jak, parlons de ce qu\u2019est l\u2019alop\u00e9cie areata.<\/p>\n<p><strong>Cette forme d\u2019alop\u00e9cie, qui se caract\u00e9rise par une perte de cheveux, est due \u00e0 une maladie auto-immune<\/strong>. Cette maladie se manifeste g\u00e9n\u00e9ralement par une perte de cheveux dans des zones sp\u00e9cifiques de la t\u00eate. Sa gravit\u00e9 peut varier, puisque dans certains cas, la perte de cheveux peut \u00eatre totale.<\/p>\n<p>L\u2019alop\u00e9cie areata peut \u00e9galement toucher d\u2019autres parties du corps telles que les cils, le nez, la barbe, les oreilles et les sourcils. Les causes sp\u00e9cifiques de son apparition sont inconnues. Toutefois, dans certains cas, il existe des ant\u00e9c\u00e9dents familiaux.<\/p>\n<p>La maladie peut toucher aussi bien les hommes que les femmes. Il existe m\u00eame des cas chez les enfants.<\/p>\n<h2><strong>Quels sont les inhibiteurs de Jak?<\/strong><\/h2>\n<p><strong>Les inhibiteurs de Jak, \u00e9galement connus sous le nom de proc\u00e9dure JAK-STAT, se pr\u00e9sentent comme une progression de prot\u00e9ines responsables du transfert de signaux \u00e0 la surface de la cellule, jusqu\u2019\u00e0 son noyau<\/strong>. Ces signaux produisent toutes les variations n\u00e9cessaires pour d\u00e9gonfler la zone affect\u00e9e du cuir chevelu. Les inhibiteurs de Jak sont donc consid\u00e9r\u00e9s comme des messagers.<\/p>\n<p>Les m\u00e9dicaments inhibiteurs de Jak bloquent cette voie et provoquent l\u2019arr\u00eat de l\u2019inflammation. Ces m\u00e9dicaments ont la particularit\u00e9 d\u2019\u00eatre de tr\u00e8s petites mol\u00e9cules, ce qui leur permet de p\u00e9n\u00e9trer dans la cellule et d\u2019inhiber les Jak. C\u2019est pourquoi on pense qu\u2019ils peuvent \u00eatre absorb\u00e9s par la peau et qu\u2019ils pourraient \u00eatre utilis\u00e9s \u00e0 l\u2019avenir sous forme de cr\u00e8me.<\/p>\n<h2><strong>Pourquoi les inhibiteurs de Jak sont-ils b\u00e9n\u00e9fiques pour le traitement de l\u2019alop\u00e9cie areata?<\/strong><\/h2>\n<p><img loading=\"lazy\" decoding=\"async\" class=\"aligncenter size-full wp-image-7388\" src=\"https:\/\/www.capilclinic.com\/wp-content\/uploads\/2026\/09\/jak_2026.webp\" alt=\"\" width=\"600\" height=\"400\" title=\"\" srcset=\"https:\/\/www.capilclinic.com\/wp-content\/uploads\/2026\/09\/jak_2026.webp 600w, https:\/\/www.capilclinic.com\/wp-content\/uploads\/2026\/09\/jak_2026-300x200.webp 300w, https:\/\/www.capilclinic.com\/wp-content\/uploads\/2026\/09\/jak_2026-150x100.webp 150w\" sizes=\"auto, (max-width: 600px) 100vw, 600px\" \/><\/p>\n<p><strong>Au cours du processus de l\u2019alop\u00e9cie areata, l\u2019inflammation du cuir chevelu commence \u00e0 augmenter<\/strong>. C\u2019est sur ces zones de la t\u00eate que le traitement cherchera \u00e0 agir.<\/p>\n<p>Les prot\u00e9ines Jak envoient des messages aux lymphocytes, cellules du syst\u00e8me immunitaire qui endommagent la racine du cheveu et provoquent sa chute.<\/p>\n<p>Ainsi, en appliquant les m\u00e9dicaments inhibiteurs de Jak, l\u2019activit\u00e9 des lymphocytes est stopp\u00e9e. Ce traitement vise \u00e0 r\u00e9duire l\u2019inflammation dans la zone o\u00f9 se produit la chute des cheveux, emp\u00eachant ainsi leur chute.<\/p>\n<h2><strong>Quelle est l\u2019efficacit\u00e9 des inhibiteurs de Jak dans le traitement de l\u2019alop\u00e9cie areata?<\/strong><\/h2>\n<p>Bien que l\u2019application des inhibiteurs de Jak dans le traitement de l\u2019alop\u00e9cie areata soit r\u00e9cente, les r\u00e9sultats du traitement ont montr\u00e9 plus de b\u00e9n\u00e9fices que de risques. Toutefois, les probl\u00e8mes pos\u00e9s par ces m\u00e9dicaments font encore l\u2019objet d\u2019\u00e9tudes scientifiques.<\/p>\n<p>Il est important de noter que le traitement a montr\u00e9 des r\u00e9ponses significatives chez une centaine de patients. Toutefois, les inhibiteurs de Jak ne doivent pas \u00eatre consid\u00e9r\u00e9s comme un rem\u00e8de d\u00e9finitif \u00e0 l\u2019alop\u00e9cie areata.<\/p>\n<p><strong>Un traitement prolong\u00e9 permet en effet d\u2019observer une repopulation des cheveux, mais l\u2019arr\u00eat du m\u00e9dicament entra\u00eene un risque de r\u00e9apparition de la chute des cheveux<\/strong>.<\/p>\n<p>Les inhibiteurs de Jak ont non seulement r\u00e9ussi \u00e0 inverser l\u2019alop\u00e9cie areata chez l\u2019homme, mais ils ont \u00e9galement am\u00e9lior\u00e9 l\u2019apparence des cheveux dans d\u2019autres zones du cuir chevelu, des cils, de la barbe et des paupi\u00e8res.<\/p>\n<h2><strong>Quels sont les inhibiteurs de Jak les plus efficaces pour l\u2019alop\u00e9cie areata?<\/strong><\/h2>\n<p><img loading=\"lazy\" decoding=\"async\" class=\"aligncenter size-full wp-image-7389\" src=\"https:\/\/www.capilclinic.com\/wp-content\/uploads\/2026\/09\/lalopecie-areata-5_2026.webp\" alt=\"\" width=\"600\" height=\"400\" title=\"\" srcset=\"https:\/\/www.capilclinic.com\/wp-content\/uploads\/2026\/09\/lalopecie-areata-5_2026.webp 600w, https:\/\/www.capilclinic.com\/wp-content\/uploads\/2026\/09\/lalopecie-areata-5_2026-300x200.webp 300w, https:\/\/www.capilclinic.com\/wp-content\/uploads\/2026\/09\/lalopecie-areata-5_2026-150x100.webp 150w\" sizes=\"auto, (max-width: 600px) 100vw, 600px\" \/><\/p>\n<p><strong>Les inhibiteurs de Jak<\/strong> les plus couramment utilis\u00e9s par les patients atteints d\u2019alop\u00e9cie areata pour obtenir une repousse des cheveux sont le baricitinib, la ruxolitinib et le tofacitinib.<\/p>\n<p>Ce dernier est le plus utilis\u00e9 pour l\u2019alop\u00e9cie areata, pr\u00e9sentant des r\u00e9sultats significatifs au niveau scientifique, puisqu\u2019il pr\u00e9sente une r\u00e9ponse efficace de <strong>70 % chez chacun des patients trait\u00e9s<\/strong>. Cela signifie une repousse partielle des cheveux.<\/p>\n<p>Dans certains cas, son utilisation doit \u00eatre accompagn\u00e9e de corticost\u00e9ro\u00efdes oraux, \u00e0 faibles doses. Bien que ces m\u00e9dicaments soient prescrits pour d\u2019autres maladies et non sp\u00e9cifiquement pour l\u2019alop\u00e9cie areata, plusieurs essais cliniques sont actuellement en cours. Ceci dans le but d\u2019\u00e9valuer leur niveau d\u2019efficacit\u00e9, leurs risques et surtout leurs b\u00e9n\u00e9fices.<\/p>\n<h2>Le baricitinib, premier inhibiteur de JAK \u00e0 d\u00e9montrer une croissance capillaire<\/h2>\n<p>Le baricitinib est un inhibiteur de JAK administr\u00e9 par voie orale en une prise quotidienne et approuv\u00e9 dans plus de 70 pays pour le traitement des adultes atteints de polyarthrite rhumato\u00efde (PR) mod\u00e9r\u00e9e \u00e0 s\u00e9v\u00e8re. Il a r\u00e9cemment \u00e9t\u00e9 approuv\u00e9 dans l\u2019Union europ\u00e9enne et au Japon pour le traitement des patients adultes atteints de dermatite atopique mod\u00e9r\u00e9e \u00e0 s\u00e9v\u00e8re qui sont candidats \u00e0 un traitement syst\u00e9mique.<\/p>\n<p>Parmi les patients soumis \u00e0 ce type de traitement, environ un tiers des patients pr\u00e9sentant une perte s\u00e9v\u00e8re des sourcils ont obtenu des sourcils normaux ou proches de la normale et, de la m\u00eame mani\u00e8re, un tiers des patients pr\u00e9sentant une perte s\u00e9v\u00e8re des cils ont obtenu des cils normaux ou proches de la normale au cours de la p\u00e9riode de 36 semaines.<strong> Au cours des 16 semaines de traitement suppl\u00e9mentaires (52 semaines au total)<\/strong>, la proportion de patients pr\u00e9sentant une perte de cheveux de 20 % a continu\u00e9 d\u2019augmenter.<\/p>\n<h3>Combien de temps dure le traitement?<\/h3>\n<p>Le traitement peut \u00eatre poursuivi tant qu\u2019il est efficace et qu\u2019aucun effet secondaire ne survient. Votre m\u00e9decin d\u00e9cidera du moment opportun pour arr\u00eater le traitement. La dur\u00e9e minimale pour observer des effets positifs est d\u2019environ 8 \u00e0 9 mois. Certains patients peuvent observer des signes de repeuplement m\u00eame apr\u00e8s 3-4 mois.<\/p>\n<h3>Tests pr\u00e9alables \u00e0 l\u2019instauration du traitement<\/h3>\n<p>Avant de commencer le traitement, les tests suivants doivent \u00eatre effectu\u00e9s :<\/p>\n<ul>\n<li>Une num\u00e9ration sanguine compl\u00e8te (h\u00e9mogramme, biochimie, profil h\u00e9patique, lipides) avec une s\u00e9rologie pour le virus de l\u2019h\u00e9patite B, le virus de l\u2019h\u00e9patite C et le VIH.<\/li>\n<li>Un test de d\u00e9pistage de la tuberculose latente : test \u00e0 la tuberculine (Mantoux) ou test IGRA-Quantiferon.<\/li>\n<li>Il est recommand\u00e9 de mettre \u00e0 jour le calendrier de vaccination pour inclure les vaccins contre le pneumocoque, la grippe et le zona avant de commencer le traitement.<\/li>\n<\/ul>\n<h2><strong>Quels sont les effets secondaires?<\/strong><\/h2>\n<p><img loading=\"lazy\" decoding=\"async\" class=\"aligncenter size-full wp-image-7390\" src=\"https:\/\/www.capilclinic.com\/wp-content\/uploads\/2026\/09\/alopecia-areata-treatment-baldness_2026.webp\" alt=\"\" width=\"600\" height=\"400\" title=\"\" srcset=\"https:\/\/www.capilclinic.com\/wp-content\/uploads\/2026\/09\/alopecia-areata-treatment-baldness_2026.webp 600w, https:\/\/www.capilclinic.com\/wp-content\/uploads\/2026\/09\/alopecia-areata-treatment-baldness_2026-300x200.webp 300w, https:\/\/www.capilclinic.com\/wp-content\/uploads\/2026\/09\/alopecia-areata-treatment-baldness_2026-150x100.webp 150w\" sizes=\"auto, (max-width: 600px) 100vw, 600px\" \/><\/p>\n<p><strong>L\u2019utilisation des inhibiteurs de Jak est un traitement relativement s\u00fbr, si l\u2019on en croit les r\u00e9sultats obtenus apr\u00e8s application<\/strong>. En effet, les m\u00e9dicaments utilis\u00e9s sont d\u00e9j\u00e0 reconnus pour leur profil de s\u00e9curit\u00e9. Ils sont \u00e9galement mieux tol\u00e9r\u00e9s, sans inconfort au moment de la consommation et sans r\u00e9action digestive. Cela n\u2019exclut cependant pas une vigilance et un contr\u00f4le m\u00e9dical lors de la consommation.<\/p>\n<p>Aujourd\u2019hui, on peut dire que l\u2019utilisation des inhibiteurs de Jak r\u00e9pond aux exigences n\u00e9cessaires pour une utilisation prolong\u00e9e, car ils ont les r\u00e9ponses les plus efficaces par rapport aux autres traitements.<\/p>\n<p>Il est important de respecter les limites d\u2019\u00e2ge, car ils ne sont pas recommand\u00e9s pour les personnes \u00e2g\u00e9es de plus de 65 ans. Ils ne doivent pas non plus \u00eatre pris par ceux qui ont souffert de thrombose ou qui souffrent actuellement de colite ulc\u00e9reuse.<\/p>\n<h2>Conseils aux personnes souffrant de pelade<\/h2>\n<p>Les gens subissent une perte excessive de cheveux caus\u00e9e par cette maladie. Certains patients perdent leurs cheveux au point qu\u2019ils ne poussent plus du tout. Ils sont \u00e9galement appel\u00e9s patchs ou espaces vides.<\/p>\n<p>M\u00eame s\u2019ils sont indolores, ils peuvent n\u00e9anmoins causer d\u2019importants probl\u00e8mes de confiance en soi et d\u2019estime de soi. L\u2019apparition de la pelade est caus\u00e9e par plusieurs facteurs. Mais nous pouvons \u00e9galement inclure des facteurs environnementaux et g\u00e9n\u00e9tiques. Il n\u2019existe aucun rem\u00e8de connu, mais certains experts travaillent \u00e0 am\u00e9liorer les m\u00e9dicaments tels que les inhibiteurs de JAK.<\/p>\n<p>Nous avons pr\u00e9par\u00e9 une liste de conseils utiles pour les personnes souffrant de pelade. Continuez pour tous les d\u00e9tails. La fa\u00e7on dont vous proc\u00e9derez aidera \u00e0 soulager les sympt\u00f4mes ou \u00e0 am\u00e9liorer votre vision de la maladie.<\/p>\n<h3>Recherchez des informations et documentez-vous<\/h3>\n<p>Quiconque peut effectuer des recherches sur Internet y trouvera une excellente ressource. Il existe actuellement plusieurs sites m\u00e9dicaux sur Internet. La v\u00e9rit\u00e9 est qu\u2019ils sont surveill\u00e9s par des experts en environnement qui s\u2019efforcent constamment de fournir des donn\u00e9es pr\u00e9cises.<\/p>\n<p>Les personnes atteintes de pelade trouvent ces ressources tr\u00e8s b\u00e9n\u00e9fiques. Les sujets relatifs \u00e0 votre \u00e9tat de sant\u00e9, \u00e0 vos traitements et \u00e0 vos \u00e9tudes cliniques peuvent \u00eatre abord\u00e9s dans la documentation. Comme pour toute chose, il est destin\u00e9 \u00e0 soulager les pens\u00e9es inqui\u00e9tantes, et non \u00e0 titre d\u2019auto-assistance ou de solution altruiste. Un sp\u00e9cialiste doit \u00eatre consult\u00e9 pour d\u00e9terminer la solution la plus adapt\u00e9e au patient et \u00e0 sa situation.<\/p>\n<p>Bien que certains traitements soient autonomes, ils ne doivent \u00eatre effectu\u00e9s qu\u2019avec les conseils d\u2019un expert. Ils ont la capacit\u00e9 de nous conseiller sur l\u2019approche la plus appropri\u00e9e pour traiter la maladie. Si vous recherchez des informations sur la pelade, utilisez des sites Web de confiance.<\/p>\n<h3>Prot\u00e9gez-vous des agents environnementaux<\/h3>\n<p>Il est largement reconnu que les humains ont besoin du soleil pour maintenir leur sant\u00e9 et leur vitalit\u00e9. Cependant, une exposition prolong\u00e9e \u00e0 ses radiations peut avoir des effets permanents sur notre peau. Les rayons UV sont g\u00e9n\u00e9ralement bloqu\u00e9s par la zone des cheveux, qui est la plus vuln\u00e9rable.<\/p>\n<p>Une croyance commune est qu\u2019il est pr\u00e9f\u00e9rable d\u2019\u00e9viter le danger jusqu\u2019\u00e0 ce que l\u2019on envisage d\u2019aller \u00e0 la plage. Alternativement, lorsqu\u2019il y a une piscine. Beaucoup de gens ne savent pas qu\u2019une courte promenade au soleil peut causer des d\u00e9g\u00e2ts importants.<\/p>\n<p>Il est essentiel de rester prot\u00e9g\u00e9 du soleil. L\u2019utilisation d\u2019un \u00e9cran solaire est recommand\u00e9e avec une fr\u00e9quence d\u2019images minimale ( fps ) de 50 fpm . Il est \u00e9galement important de penser aux accessoires comme les chapeaux ou les casquettes. Parmi les plus avantageux pour nous prot\u00e9ger du soleil. Cette approche permet de pr\u00e9venir certaines br\u00fblures et t\u00e2ches.<\/p>\n<p>De plus, la chose la plus importante \u00e0 rechercher en cas de pelade est la protection solaire. Cela vaut la peine d\u2019investir dans des v\u00eatements et des accessoires solaires s\u00fbrs, que vous soyez \u00e0 la plage, \u00e0 la piscine ou dans un endroit enneig\u00e9. L\u2019exposition au soleil peut provoquer des l\u00e9sions cutan\u00e9es irr\u00e9versibles.<\/p>\n<h3>Appliquez des strat\u00e9gies cr\u00e9atives qui vous permettent de vous sentir en s\u00e9curit\u00e9<\/h3>\n<p>Nous pensons que c\u2019est l\u2019un des conseils les plus importants pour les personnes souffrant de pelade. Lorsque nous souffrons de cette maladie, cela peut nuire \u00e0 notre confiance et \u00e0 notre r\u00e9putation. Pour nous sentir en confiance, nous devons d\u00e9velopper une approche cr\u00e9ative et commencer \u00e0 harmoniser notre apparence. Quel que soit l\u2019\u00e9tat de nos cheveux.<\/p>\n<p>Pour y parvenir, vous pouvez utiliser des perruques compl\u00e8tes ou partielles, des foulards ou d\u2019autres \u00e9l\u00e9ments. Toute option permettant de couvrir le cuir chevelu est totalement valable. Le plus avantageux est qu\u2019ils peuvent le modifier \u00e0 votre guise.<\/p>\n<p>Certains produits capillaires couvrent m\u00eame la calvitie. Les options sont disponibles sous forme de poudre, d\u2019encre et de cr\u00e8me. Essayez-le et d\u00e9couvrez celui qui vous convient le mieux. De plus, vous avez la possibilit\u00e9 de collaborer avec un sp\u00e9cialiste en cr\u00e9ation de perruques. C\u2019est un fait qu\u2019il existe de nombreuses options, il est donc important de laisser libre cours \u00e0 la cr\u00e9ativit\u00e9.<\/p>\n<h3>Exprimez vos doutes et vos pens\u00e9es avec une autre personne<\/h3>\n<p>Nous sommes conscients des d\u00e9fis rencontr\u00e9s dans la gestion d\u2019une perte de cheveux s\u00e9v\u00e8re. La principale pr\u00e9occupation est l\u2019influence qu\u2019elle a sur notre image personnelle, la perception de soi et d\u2019autres domaines. Nous avons donc souhait\u00e9 transmettre nos conseils aux personnes souffrant de pelade. Il est essentiel que vous partagiez vos sentiments, vos pens\u00e9es et vos id\u00e9es avec les autres.<\/p>\n<p>Croyez-nous, c\u2019est l\u2019une des actions les plus inspirantes que vous puissiez entreprendre au cours de votre processus. Il existe de nombreux blogs ou r\u00e9seaux de soutien disponibles pour les personnes atteintes de pelade, vous pouvez donc essayer de les rejoindre. Un professionnel, un ami ou un membre de votre famille pourrait \u00eatre votre alli\u00e9 en cas de besoin et vous venir en aide. Il est toujours b\u00e9n\u00e9fique d\u2019\u00e9couter quelqu\u2019un dans les moments difficiles.<\/p>\n<h3>Demander l\u2019aide d\u2019un professionnel<\/h3>\n<p>Ce point n\u2019est pas le premier. Cependant, cela est encore plus important que tous les conseils ci-dessus pour les personnes souffrant de pelade. Lorsque l\u2019anxi\u00e9t\u00e9 ou la d\u00e9pression augmentent, vous pouvez demander l\u2019aide d\u2019un th\u00e9rapeute. Notre calvitie peut \u00eatre soign\u00e9e dans des centres o\u00f9 se r\u00e9unissent des psychologues ou des psychiatres. Pour effectuer une r\u00e9servation, veuillez consulter l\u2019un de ces professionnels. Vos probl\u00e8mes \u00e9motionnels seront r\u00e9solus avec votre aide.<\/p>\n","protected":false},"excerpt":{"rendered":"<p>Aujourd\u2019hui, gr\u00e2ce aux progr\u00e8s de la m\u00e9decine, la perte de cheveux fait partie du pass\u00e9 pour de nombreuses personnes. L\u2019un des traitements les plus utilis\u00e9s par les patients atteints d\u2019alop\u00e9cie areata est Inhibiteurs de Jak. Gr\u00e2ce \u00e0 la recherche, ce m\u00e9dicament, administr\u00e9 par voie orale, est devenu le principal traitement des patients atteints d\u2019alop\u00e9cie areata, [&hellip;]<\/p>\n","protected":false},"author":4,"featured_media":7386,"comment_status":"open","ping_status":"open","sticky":false,"template":"","format":"standard","meta":{"footnotes":""},"categories":[29],"tags":[],"class_list":["post-7385","post","type-post","status-publish","format-standard","has-post-thumbnail","hentry","category-blog"],"_links":{"self":[{"href":"https:\/\/www.capilclinic.com\/fr\/wp-json\/wp\/v2\/posts\/7385","targetHints":{"allow":["GET"]}}],"collection":[{"href":"https:\/\/www.capilclinic.com\/fr\/wp-json\/wp\/v2\/posts"}],"about":[{"href":"https:\/\/www.capilclinic.com\/fr\/wp-json\/wp\/v2\/types\/post"}],"author":[{"embeddable":true,"href":"https:\/\/www.capilclinic.com\/fr\/wp-json\/wp\/v2\/users\/4"}],"replies":[{"embeddable":true,"href":"https:\/\/www.capilclinic.com\/fr\/wp-json\/wp\/v2\/comments?post=7385"}],"version-history":[{"count":2,"href":"https:\/\/www.capilclinic.com\/fr\/wp-json\/wp\/v2\/posts\/7385\/revisions"}],"predecessor-version":[{"id":7392,"href":"https:\/\/www.capilclinic.com\/fr\/wp-json\/wp\/v2\/posts\/7385\/revisions\/7392"}],"wp:featuredmedia":[{"embeddable":true,"href":"https:\/\/www.capilclinic.com\/fr\/wp-json\/wp\/v2\/media\/7386"}],"wp:attachment":[{"href":"https:\/\/www.capilclinic.com\/fr\/wp-json\/wp\/v2\/media?parent=7385"}],"wp:term":[{"taxonomy":"category","embeddable":true,"href":"https:\/\/www.capilclinic.com\/fr\/wp-json\/wp\/v2\/categories?post=7385"},{"taxonomy":"post_tag","embeddable":true,"href":"https:\/\/www.capilclinic.com\/fr\/wp-json\/wp\/v2\/tags?post=7385"}],"curies":[{"name":"wp","href":"https:\/\/api.w.org\/{rel}","templated":true}]}}