{"id":7351,"date":"2026-09-02T12:15:49","date_gmt":"2026-09-02T09:15:49","guid":{"rendered":"https:\/\/www.capilclinic.com\/?p=7351"},"modified":"2026-09-02T12:15:49","modified_gmt":"2026-09-02T09:15:49","slug":"le-ronflement-provoque-t-il-lalopecie","status":"publish","type":"post","link":"https:\/\/www.capilclinic.com\/fr\/le-ronflement-provoque-t-il-lalopecie\/","title":{"rendered":"Le ronflement provoque-t-il l\u2019alop\u00e9cie ? Analyse et explications"},"content":{"rendered":"<p>La <strong>sant\u00e9 capillaire<\/strong> repr\u00e9sente souvent le miroir fid\u00e8le de notre \u00e9tat physiologique global et de notre \u00e9quilibre interne. R\u00e9cemment, une question m\u00e9dicale interpelle de nombreux patients inquiets : <b>le ronflement provoque-t-il l\u2019alop\u00e9cie ?<\/b> de mani\u00e8re directe. Si le ronflement semble \u00eatre un simple d\u00e9sagr\u00e9ment sonore, il cache fr\u00e9quemment une pathologie respiratoire plus profonde. L\u2019apn\u00e9e obstructive du sommeil constitue un trouble s\u00e9v\u00e8re qui perturbe l\u2019oxyg\u00e9nation r\u00e9guli\u00e8re de tous vos tissus vitaux. Cette r\u00e9duction de l\u2019apport en oxyg\u00e8ne affecte \u00e9galement les follicules pileux et compromet alors leur cycle de croissance.<\/p>\n<p>L\u2019organisme privil\u00e9gie effectivement les organes vitaux au d\u00e9triment de la chevelure lors de ces \u00e9pisodes nocturnes difficiles. Un manque d\u2019oxyg\u00e8ne prolong\u00e9 affaiblit la racine des cheveux et acc\u00e9l\u00e8re potentiellement une <strong>chute de cheveux<\/strong> pr\u00e9matur\u00e9e. Vous devez donc consulter un sp\u00e9cialiste du sommeil afin de diagnostiquer pr\u00e9cis\u00e9ment l\u2019origine de vos ronflements persistants. Une prise en charge adapt\u00e9e am\u00e9liore non seulement votre repos mais prot\u00e8ge aussi la vitalit\u00e9 de votre <strong>cuir chevelu.<\/strong><\/p>\n<h2>Comprendre si le ronflement provoque t il lalopecie<\/h2>\n<p><img loading=\"lazy\" decoding=\"async\" class=\"aligncenter size-full wp-image-7353\" src=\"https:\/\/www.capilclinic.com\/wp-content\/uploads\/2026\/09\/le-ronflement-700x466_2026.webp\" alt=\"\" width=\"700\" height=\"466\" title=\"\" srcset=\"https:\/\/www.capilclinic.com\/wp-content\/uploads\/2026\/09\/le-ronflement-700x466_2026.webp 700w, https:\/\/www.capilclinic.com\/wp-content\/uploads\/2026\/09\/le-ronflement-700x466_2026-300x200.webp 300w, https:\/\/www.capilclinic.com\/wp-content\/uploads\/2026\/09\/le-ronflement-700x466_2026-600x400.webp 600w, https:\/\/www.capilclinic.com\/wp-content\/uploads\/2026\/09\/le-ronflement-700x466_2026-150x100.webp 150w\" sizes=\"auto, (max-width: 700px) 100vw, 700px\" \/><\/p>\n<p><strong>Le ronflement chronique indique souvent une perturbation grave de votre respiration durant les phases de sommeil profond.<\/strong> Cette anomalie sonore s\u2019accompagne fr\u00e9quemment de micro-r\u00e9veils incessants et d\u2019une hypoxie intermittente pour le patient concern\u00e9. Lorsque l\u2019oxyg\u00e9nation du sang diminue, votre corps privil\u00e9gie naturellement les organes vitaux comme le c\u0153ur ou le cerveau. L\u2019organisme d\u00e9laisse alors les extr\u00e9mit\u00e9s ainsi que les phan\u00e8res au d\u00e9triment de fonctions biologiques beaucoup plus essentielles. Un cuir chevelu mal oxyg\u00e9n\u00e9 voit ses follicules pileux entrer pr\u00e9matur\u00e9ment dans une phase t\u00e9log\u00e8ne de chute.<\/p>\n<p>Cette r\u00e9action physiologique complexe acc\u00e9l\u00e8re la<strong> perte de cheveux<\/strong> chez les individus souffrant d\u2019apn\u00e9e du sommeil s\u00e9v\u00e8re. Vous devez donc surveiller la quality de votre repos nocturne pour pr\u00e9server durablement votre capital capillaire actuel. <a href=\"https:\/\/www.capilclinic.fr\/blog\/prothese-capillaire-fas-comment-est-ce-utilise\/\" target=\"_blank\" rel=\"noopener\">Une consultation m\u00e9dicale permet de diagnostiquer l\u2019origine exacte<\/a> de vos ronflements et de restaurer une oxyg\u00e9nation optimale. Un traitement adapt\u00e9 stabilise votre m\u00e9tabolisme g\u00e9n\u00e9ral tout en favorisant une repousse saine de votre chevelure naturelle.<\/p>\n<h2>Les m\u00e9canismes liant sommeil et sant\u00e9 capillaire<\/h2>\n<p>Le manque de sommeil r\u00e9parateur perturbe gravement le cycle de vie naturel de chaque follicule pileux sur votre cuir chevelu. Cette carence nocturne d\u00e9clenche plusieurs processus biologiques n\u00e9fastes qui affaiblissent progressivement la structure interne de votre chevelure :<\/p>\n<ul>\n<li><b>L\u2019hypoxie tissulaire :<\/b> Une respiration irr\u00e9guli\u00e8re diminue l\u2019oxyg\u00e8ne n\u00e9cessaire au m\u00e9tabolisme cellulaire indispensable pour la croissance du cheveu.<\/li>\n<li><b>Le stress oxydatif :<\/b> L\u2019interruption fr\u00e9quente du sommeil augmente les radicaux libres qui agressent directement le bulbe pileux tr\u00e8s sensible.<\/li>\n<li><b>Le cortisol \u00e9lev\u00e9 :<\/b> Le manque de repos booste l\u2019hormone du stress dont l\u2019exc\u00e8s provoque souvent une alop\u00e9cie t\u00e9log\u00e8ne s\u00e9v\u00e8re.<\/li>\n<li><b>La perturbation hormonale :<\/b> Ce trouble alt\u00e8re la production de l\u2019hormone de croissance qui stimule normalement la synth\u00e8se de k\u00e9ratine.<\/li>\n<\/ul>\n<p>Une hygi\u00e8ne de sommeil rigoureuse prot\u00e8ge donc efficacement la vitalit\u00e9 de vos cheveux contre ces agressions m\u00e9taboliques invisibles. Vous devez privil\u00e9gier des nuits compl\u00e8tes pour garantir une<a href=\"https:\/\/www.inserm.fr\/\" target=\"_blank\" rel=\"nofollow noopener\"> r\u00e9g\u00e9n\u00e9ration capillaire optimale tout au long de votre vie.<\/a><\/p>\n<p><img loading=\"lazy\" decoding=\"async\" class=\"aligncenter size-full wp-image-7354\" src=\"https:\/\/www.capilclinic.com\/wp-content\/uploads\/2026\/09\/le-ronflement-1_2026.webp\" alt=\"\" width=\"740\" height=\"494\" title=\"\" srcset=\"https:\/\/www.capilclinic.com\/wp-content\/uploads\/2026\/09\/le-ronflement-1_2026.webp 740w, https:\/\/www.capilclinic.com\/wp-content\/uploads\/2026\/09\/le-ronflement-1_2026-300x200.webp 300w, https:\/\/www.capilclinic.com\/wp-content\/uploads\/2026\/09\/le-ronflement-1_2026-600x400.webp 600w, https:\/\/www.capilclinic.com\/wp-content\/uploads\/2026\/09\/le-ronflement-1_2026-150x100.webp 150w\" sizes=\"auto, (max-width: 740px) 100vw, 740px\" \/><\/p>\n<h2>Ronflement simple vs Apn\u00e9e du sommeil<\/h2>\n<p><strong>Le ronflement simple se caract\u00e9rise par un bruit nocturne sans interruption majeure de votre respiration naturelle.<\/strong> Cette vibration sonore maintenue garantit une oxyg\u00e9nation stable de tout votre organisme durant les heures de repos. L\u2019impact capillaire reste n\u00e9gligeable car les follicules pileux re\u00e7oivent constamment tous les nutriments n\u00e9cessaires \u00e0 leur croissance. En revanche, l\u2019apn\u00e9e obstructive provoque une chute brutale du taux d\u2019oxyg\u00e8ne provoquant une hypoxie tissulaire s\u00e9v\u00e8re. Ce trouble respiratoire fragmente scrupuleusement votre sommeil par de multiples micro-r\u00e9veils dont vous n\u2019avez pas conscience.<\/p>\n<table>\n<thead>\n<tr>\n<td><strong>Caract\u00e9ristique<\/strong><\/td>\n<td><strong>Ronflement Simple<\/strong><\/td>\n<td><strong>Apn\u00e9e Obstructive (AOS)<\/strong><\/td>\n<\/tr>\n<\/thead>\n<tbody>\n<tr>\n<td><b>Oxyg\u00e9nation<\/b><\/td>\n<td>Stable<\/td>\n<td>Chute du taux d\u2019oxyg\u00e8ne (Hypoxie)<\/td>\n<\/tr>\n<tr>\n<td><b>Impact Capillaire<\/b><\/td>\n<td>N\u00e9gligeable<\/td>\n<td>Risque \u00e9lev\u00e9 d\u2019affaiblissement<\/td>\n<\/tr>\n<tr>\n<td><b>Sommeil<\/b><\/td>\n<td>Continu<\/td>\n<td>Fragment\u00e9 (Micro-r\u00e9veils)<\/td>\n<\/tr>\n<tr>\n<td><b>Cons\u00e9quence Sant\u00e9<\/b><\/td>\n<td>Fatigue l\u00e9g\u00e8re<\/td>\n<td>Risques cardiovasculaires et chute de cheveux<\/td>\n<\/tr>\n<\/tbody>\n<\/table>\n<p>L\u2019apn\u00e9e du sommeil augmente ainsi le risque \u00e9lev\u00e9 d\u2019affaiblissement des racines de vos cheveux chaque nuit. Les cons\u00e9quences sur la sant\u00e9 incluent des risques cardiovasculaires graves ainsi qu\u2019une fatigue diurne vraiment persistante. Une prise en charge m\u00e9dicale pr\u00e9coce prot\u00e8ge efficacement votre c\u0153ur tout en pr\u00e9servant votre pr\u00e9cieuse densit\u00e9 capillaire. Vous devez donc diff\u00e9rencier ces deux ph\u00e9nom\u00e8nes biologiques afin d\u2019adopter le traitement le plus adapt\u00e9 possible. U<strong>n diagnostic pr\u00e9cis permet de restaurer un sommeil r\u00e9parateur et de stabiliser votre m\u00e9tabolisme global durablement.<\/strong><\/p>\n<h2>L\u2019apn\u00e9e du sommeil : le v\u00e9ritable ennemi du follicule<\/h2>\n<p>L\u2019apn\u00e9e obstructive du sommeil repr\u00e9sente une menace r\u00e9elle pour la sant\u00e9 de votre chevelure au quotidien. Ce n\u2019est pas le bruit du ronflement qui nuit aux cheveux, mais l\u2019interruption respiratoire nocturne associ\u00e9e. Ces pauses respiratoires r\u00e9p\u00e9t\u00e9es diminuent drastiquement le taux d\u2019oxyg\u00e8ne circulant dans tout votre syst\u00e8me sanguin.<\/p>\n<p><strong>Les follicules pileux subissent alors une asphyxie progressive qui perturbe gravement leur cycle naturel de croissance.<\/strong> L\u2019organisme en manque d\u2019air privil\u00e9gie toujours les organes vitaux comme le c\u0153ur ou bien le cerveau. Cette carence en oxyg\u00e8ne affaiblit la racine capillaire et provoque finalement une chute de cheveux pr\u00e9matur\u00e9e.<\/p>\n<h3>L\u2019hypoxie et la miniaturisation du cheveu<\/h3>\n<p>L\u2019absence d\u2019oxyg\u00e8ne ralentit consid\u00e9rablement la division cellulaire indispensable au sein de la matrice active du poil. Ce manque de nutriments essentiels rend le cheveu beaucoup plus fin et fragile au fil des cycles successifs. Les follicules pileux re\u00e7oivent moins d\u2019\u00e9nergie vitale pour<strong> produire une k\u00e9ratine<\/strong> solide et r\u00e9sistante durant la phase anag\u00e8ne. Vous observez alors une miniaturisation progressive qui transforme les cheveux \u00e9pais en un duvet clairsem\u00e9 et tr\u00e8s instable. Une oxyg\u00e9nation insuffisante perturbe durablement le renouvellement capillaire et acc\u00e9l\u00e8re ainsi le processus naturel de la calvitie masculine.<\/p>\n<p><img loading=\"lazy\" decoding=\"async\" class=\"aligncenter size-full wp-image-7355\" src=\"https:\/\/www.capilclinic.com\/wp-content\/uploads\/2026\/09\/le-ronflement-2-700x466_2026.webp\" alt=\"\" width=\"700\" height=\"466\" title=\"\" srcset=\"https:\/\/www.capilclinic.com\/wp-content\/uploads\/2026\/09\/le-ronflement-2-700x466_2026.webp 700w, https:\/\/www.capilclinic.com\/wp-content\/uploads\/2026\/09\/le-ronflement-2-700x466_2026-300x200.webp 300w, https:\/\/www.capilclinic.com\/wp-content\/uploads\/2026\/09\/le-ronflement-2-700x466_2026-600x400.webp 600w, https:\/\/www.capilclinic.com\/wp-content\/uploads\/2026\/09\/le-ronflement-2-700x466_2026-150x100.webp 150w\" sizes=\"auto, (max-width: 700px) 100vw, 700px\" \/><\/p>\n<h3>Le r\u00f4le du stress inflammatoire<\/h3>\n<p>Le manque de repos profond induit par le ronflement s\u00e9v\u00e8re cr\u00e9e un \u00e9tat inflammatoire chronique tr\u00e8s n\u00e9faste. Cette inflammation syst\u00e9mique peut exacerber une alop\u00e9cie androg\u00e9n\u00e9tique existante en perturbant le cycle naturel de vos follicules. Le corps produit alors des mol\u00e9cules de stress qui attaquent directement la racine de chaque cheveu fragile.<\/p>\n<p>Un sommeil de mauvaise qualit\u00e9 emp\u00eache la r\u00e9g\u00e9n\u00e9ration cellulaire n\u00e9cessaire pour maintenir une chevelure dense et vigoureuse. Vous devez traiter ces troubles respiratoires afin de r\u00e9duire durablement le niveau global de stress dans l\u2019organisme.<\/p>\n<h3>\u00c9tudes et corr\u00e9lations m\u00e9dicales<\/h3>\n<p>Les observations cliniques r\u00e9centes r\u00e9v\u00e8lent une pr\u00e9valence \u00e9lev\u00e9e de calvitie chez les patients souffrant de troubles respiratoires. Une analyse scrupuleuse montre effectivement un lien statistique entre l\u2019apn\u00e9e du sommeil et la<strong> chute des cheveux<\/strong>. Les chercheurs expliquent cette corr\u00e9lation par une hypoxie tissulaire chronique affectant directement les cellules de la racine.<\/p>\n<p>Ce manque d\u2019oxyg\u00e8ne perturbe le m\u00e9tabolisme des follicules pileux et acc\u00e9l\u00e8re pr\u00e9matur\u00e9ment leur passage vers la phase t\u00e9log\u00e8ne. <a href=\"https:\/\/https\/\/sfrms.org\/\" target=\"_blank\" rel=\"nofollow noopener\">Une prise en charge m\u00e9dicale des troubles du sommeil stabilise<\/a> souvent la sant\u00e9 globale du cuir chevelu.<\/p>\n<h3>Pourquoi de plus en plus de patients consultent ?<\/h3>\n<p>L\u2019augmentation constante des cas de stress et d\u2019ob\u00e9sit\u00e9 explique aujourd\u2019hui la hausse des consultations m\u00e9dicales capillaires mondiales. These deux facteurs de risque majeurs favorisent effectivement le ronflement chronique ainsi que l\u2019apn\u00e9e du sommeil s\u00e9v\u00e8re. <strong>Un rythme de vie s\u00e9dentaire perturbe l\u2019\u00e9quilibre hormonal n\u00e9cessaire au maintien d\u2019une chevelure dense et vigoureuse.<\/strong><\/p>\n<p><a href=\"https:\/\/www.capilclinic.fr\/blog\/pourquoi-de-plus-en-plus-despagnols-ont-des-implants-capillaires\/\" target=\"_blank\" rel=\"noopener\">Les patients cherchent donc des solutions esth\u00e9tiques<\/a> pour compenser les effets visibles de ces troubles m\u00e9taboliques complexes. Une approche globale de la sant\u00e9 permet de traiter simultan\u00e9ment les causes respiratoires et les cons\u00e9quences capillaires.<\/p>\n<p><img loading=\"lazy\" decoding=\"async\" class=\"aligncenter size-full wp-image-7356\" src=\"https:\/\/www.capilclinic.com\/wp-content\/uploads\/2026\/09\/le-ronflement-3-700x466_2026.webp\" alt=\"\" width=\"700\" height=\"466\" title=\"\" srcset=\"https:\/\/www.capilclinic.com\/wp-content\/uploads\/2026\/09\/le-ronflement-3-700x466_2026.webp 700w, https:\/\/www.capilclinic.com\/wp-content\/uploads\/2026\/09\/le-ronflement-3-700x466_2026-300x200.webp 300w, https:\/\/www.capilclinic.com\/wp-content\/uploads\/2026\/09\/le-ronflement-3-700x466_2026-600x400.webp 600w, https:\/\/www.capilclinic.com\/wp-content\/uploads\/2026\/09\/le-ronflement-3-700x466_2026-150x100.webp 150w\" sizes=\"auto, (max-width: 700px) 100vw, 700px\" \/><\/p>\n<h2>Questions Fr\u00e9quentes<\/h2>\n<h3>Traiter mon ronflement peut-il stopper la chute de cheveux ?<\/h3>\n<p>Traiter scrupuleusement votre ronflement am\u00e9liore significativement l\u2019oxyg\u00e9nation globale de tous les tissus de votre corps humain. Un apport constant en oxyg\u00e8ne nourrit directement les <strong>follicules pileux<\/strong> pour favoriser une croissance capillaire saine et forte. L\u2019arr\u00eat des apn\u00e9es nocturnes stabilise effectivement le cycle de vie de vos cheveux durant chaque phase de repos.<\/p>\n<p>Vous r\u00e9duisez ainsi le stress physiologique majeur qui provoque souvent un effluvium t\u00e9log\u00e8ne pr\u00e9matur\u00e9 chez les patients fragiles. Une respiration nocturne fluide garantit une meilleure vitalit\u00e9 du cuir chevelu tout en prot\u00e9geant votre capital capillaire pr\u00e9cieux.<\/p>\n<h3>Le manque de sommeil cause-t-il une alop\u00e9cie permanente ?<\/h3>\n<p><strong>Le manque de sommeil chronique provoque g\u00e9n\u00e9ralement une chute de cheveux temporaire li\u00e9e au stress m\u00e9tabolique intense<\/strong>. Cette perte capillaire passag\u00e8re se distingue nettement de la miniaturisation progressive des follicules pileux sur le long terme. Les cycles de repos insuffisants perturbent effectivement la synth\u00e8se des prot\u00e9ines n\u00e9cessaires \u00e0 la croissance de votre chevelure. Cependant, cette situation ne cause pas une alop\u00e9cie permanente si vous retrouvez rapidement un rythme de vie sain. Une r\u00e9cup\u00e9ration biologique ad\u00e9quate permet alors aux racines de retrouver leur vitalit\u00e9 naturelle apr\u00e8s quelques mois de repos.<\/p>\n<h3>Quels sont les premiers signes d\u2019une alop\u00e9cie li\u00e9e au sommeil ?<\/h3>\n<p>Les premiers signes d\u2019une <strong>alop\u00e9cie<\/strong> li\u00e9e au sommeil se manifestent souvent par des cheveux ternes et cassants. Vous remarquez \u00e9galement une perte de densit\u00e9 diffuse sur l\u2019ensemble de votre cuir chevelu lors du brossage. Le manque d\u2019oxyg\u00e8ne nocturne affaiblit directement la structure interne de la fibre capillaire durant votre repos essentiel.<\/p>\n<p>Cette fragilit\u00e9 inhabituelle indique g\u00e9n\u00e9ralement une perturbation profonde du cycle de croissance naturel de vos follicules pileux. Les patients observent souvent une chevelure moins vigoureuse qui perd son \u00e9clat naturel de mani\u00e8re tr\u00e8s progressive. Une fatigue persistante accompagne fr\u00e9quemment ces <a href=\"https:\/\/www.vidal.fr\/\" target=\"_blank\" rel=\"nofollow noopener\">modifications esth\u00e9tiques inqui\u00e9tantes pour la sant\u00e9 globale de votre cuir chevelu.<\/a><\/p>\n<h3>L\u2019utilisation d\u2019une machine CPAP aide-t-elle les cheveux ?<\/h3>\n<p><strong>L\u2019utilisation d\u2019une machine CPAP am\u00e9liore directement la qualit\u00e9 de votre sommeil profond ainsi que votre oxyg\u00e9nation nocturne.<\/strong> Cet appareil stabilise effectivement le flux d\u2019oxyg\u00e8ne vers tous les tissus vitaux de votre corps pendant la nuit. Une respiration r\u00e9guli\u00e8re favorise alors une microcirculation sanguine optimale au niveau de chaque follicule pileux de votre t\u00eate.<\/p>\n<p><img loading=\"lazy\" decoding=\"async\" class=\"aligncenter size-full wp-image-7357\" src=\"https:\/\/www.capilclinic.com\/wp-content\/uploads\/2026\/09\/le-ronflement-4_2026.webp\" alt=\"\" width=\"740\" height=\"506\" title=\"\" srcset=\"https:\/\/www.capilclinic.com\/wp-content\/uploads\/2026\/09\/le-ronflement-4_2026.webp 740w, https:\/\/www.capilclinic.com\/wp-content\/uploads\/2026\/09\/le-ronflement-4_2026-300x205.webp 300w, https:\/\/www.capilclinic.com\/wp-content\/uploads\/2026\/09\/le-ronflement-4_2026-627x428.webp 627w, https:\/\/www.capilclinic.com\/wp-content\/uploads\/2026\/09\/le-ronflement-4_2026-150x103.webp 150w\" sizes=\"auto, (max-width: 740px) 100vw, 740px\" \/><\/p>\n<p>Les nutriments essentiels atteignent plus facilement la racine des cheveux pour stimuler naturellement leur croissance et leur force. Vous observez ainsi une r\u00e9duction significative de la chute capillaire li\u00e9e au stress respiratoire de l\u2019apn\u00e9e du sommeil.<\/p>\n<h2>Conclusion<\/h2>\n<p>En conclusion, s\u2019il est abusif de dire que le bruit du ronflement fait tomber les cheveux, il is scientifiquement prouv\u00e9 que <b>le ronflement provoque t il lalopecie<\/b> indirectement via l\u2019apn\u00e9e du sommeil et l\u2019hypoxie. Prot\u00e9ger son sommeil, c\u2019est aussi prot\u00e9ger sa chevelure. Un diagnostic respiratoire pourrait \u00eatre le premier pas vers la sant\u00e9 de vos follicules.<\/p>\n<p>Vous souffrez d\u2019une perte de densit\u00e9 capillaire ? Nos <a href=\"http:\/\/capilclinic.fr\/\" target=\"_blank\" rel=\"noopener\">experts<strong> CapilClinic<\/strong> <\/a>vous accompagnent pour identifier la cause de votre alop\u00e9cie et vous proposer les meilleures solutions de restauration.<\/p>\n","protected":false},"excerpt":{"rendered":"<p>La sant\u00e9 capillaire repr\u00e9sente souvent le miroir fid\u00e8le de notre \u00e9tat physiologique global et de notre \u00e9quilibre interne. R\u00e9cemment, une question m\u00e9dicale interpelle de nombreux patients inquiets : le ronflement provoque-t-il l\u2019alop\u00e9cie ? de mani\u00e8re directe. Si le ronflement semble \u00eatre un simple d\u00e9sagr\u00e9ment sonore, il cache fr\u00e9quemment une pathologie respiratoire plus profonde. L\u2019apn\u00e9e obstructive [&hellip;]<\/p>\n","protected":false},"author":4,"featured_media":7352,"comment_status":"open","ping_status":"open","sticky":false,"template":"","format":"standard","meta":{"footnotes":""},"categories":[29],"tags":[],"class_list":["post-7351","post","type-post","status-publish","format-standard","has-post-thumbnail","hentry","category-blog"],"_links":{"self":[{"href":"https:\/\/www.capilclinic.com\/fr\/wp-json\/wp\/v2\/posts\/7351","targetHints":{"allow":["GET"]}}],"collection":[{"href":"https:\/\/www.capilclinic.com\/fr\/wp-json\/wp\/v2\/posts"}],"about":[{"href":"https:\/\/www.capilclinic.com\/fr\/wp-json\/wp\/v2\/types\/post"}],"author":[{"embeddable":true,"href":"https:\/\/www.capilclinic.com\/fr\/wp-json\/wp\/v2\/users\/4"}],"replies":[{"embeddable":true,"href":"https:\/\/www.capilclinic.com\/fr\/wp-json\/wp\/v2\/comments?post=7351"}],"version-history":[{"count":1,"href":"https:\/\/www.capilclinic.com\/fr\/wp-json\/wp\/v2\/posts\/7351\/revisions"}],"predecessor-version":[{"id":7358,"href":"https:\/\/www.capilclinic.com\/fr\/wp-json\/wp\/v2\/posts\/7351\/revisions\/7358"}],"wp:featuredmedia":[{"embeddable":true,"href":"https:\/\/www.capilclinic.com\/fr\/wp-json\/wp\/v2\/media\/7352"}],"wp:attachment":[{"href":"https:\/\/www.capilclinic.com\/fr\/wp-json\/wp\/v2\/media?parent=7351"}],"wp:term":[{"taxonomy":"category","embeddable":true,"href":"https:\/\/www.capilclinic.com\/fr\/wp-json\/wp\/v2\/categories?post=7351"},{"taxonomy":"post_tag","embeddable":true,"href":"https:\/\/www.capilclinic.com\/fr\/wp-json\/wp\/v2\/tags?post=7351"}],"curies":[{"name":"wp","href":"https:\/\/api.w.org\/{rel}","templated":true}]}}