{"id":7343,"date":"2026-09-02T12:12:04","date_gmt":"2026-09-02T09:12:04","guid":{"rendered":"https:\/\/www.capilclinic.com\/?p=7343"},"modified":"2026-09-02T12:12:04","modified_gmt":"2026-09-02T09:12:04","slug":"sante-mentale-hommes-cheveux","status":"publish","type":"post","link":"https:\/\/www.capilclinic.com\/fr\/sante-mentale-hommes-cheveux\/","title":{"rendered":"Sant\u00e9 mentale hommes cheveux : L\u2019impact psychologique de la calvitie"},"content":{"rendered":"<p>Pour beaucoup d\u2019hommes, la chevelure repr\u00e9sente bien plus qu\u2019un simple attribut esth\u00e9tique dans leur vie quotidienne actuelle. Elle incarne effectivement un symbole puissant de jeunesse, de virilit\u00e9 ainsi que de force physique pour chaque individu. Aborder la question de la <b>sant\u00e9 mentale hommes cheveux<\/b> devient alors essentiel pour comprendre cette d\u00e9tresse \u00e9motionnelle. La <strong>perte capillaire<\/strong> d\u00e9clenche souvent une anxi\u00e9t\u00e9 sociale profonde ainsi qu\u2019une baisse drastique de l\u2019estime de soi globale. Ce fardeau invisible p\u00e8se lourdement sur le moral des hommes qui voient leur image changer tr\u00e8s rapidement.<\/p>\n<p>Comprendre cet impact psychologique constitue le premier pas indispensable vers une acceptation ou une solution th\u00e9rapeutique vraiment durable. Les experts soulignent l\u2019importance d\u2019un soutien moral adapt\u00e9 pour surmonter ce complexe li\u00e9 \u00e0 la<strong> calvitie<\/strong> pr\u00e9coce. Vous devez lib\u00e9rer la parole sur ce sujet tabou afin de briser le silence entourant la souffrance masculine. Une prise en charge globale am\u00e9liore non seulement l\u2019apparence physique mais aussi l\u2019\u00e9quilibre mental de chaque patient concern\u00e9.<\/p>\n<h2>Le lien invisible entre sante mentale hommes cheveux<\/h2>\n<p><img loading=\"lazy\" decoding=\"async\" class=\"aligncenter size-full wp-image-7345\" src=\"https:\/\/www.capilclinic.com\/wp-content\/uploads\/2026\/09\/sante-mentale-3_2026.webp\" alt=\"\" width=\"600\" height=\"400\" title=\"\" srcset=\"https:\/\/www.capilclinic.com\/wp-content\/uploads\/2026\/09\/sante-mentale-3_2026.webp 600w, https:\/\/www.capilclinic.com\/wp-content\/uploads\/2026\/09\/sante-mentale-3_2026-300x200.webp 300w, https:\/\/www.capilclinic.com\/wp-content\/uploads\/2026\/09\/sante-mentale-3_2026-150x100.webp 150w\" sizes=\"auto, (max-width: 600px) 100vw, 600px\" \/><\/p>\n<p>Le miroir devient parfois un ennemi redoutable lorsque les premiers signes de calvitie apparaissent sur votre visage.<strong> La perte capillaire repr\u00e9sente une transition identitaire souvent subie comme un v\u00e9ritable deuil pour de nombreux hommes.<\/strong> Ce processus d\u00e9passe largement le simple aspect biologique pour toucher directement l\u2019intimit\u00e9 profonde de chaque individu concern\u00e9. Le sentiment de perdre le contr\u00f4le sur son propre corps g\u00e9n\u00e8re alors un stress chronique particuli\u00e8rement n\u00e9faste. Cette tension psychologique constante peut paradoxalement aggraver la chute de vos cheveux de mani\u00e8re tr\u00e8s bijective et rapide.<\/p>\n<p>Vous devez absolument reconna\u00eetre cette souffrance \u00e9motionnelle pour entamer un cheminement vers une acceptation de soi sereine. <strong>L\u2019\u00e9quilibre entre la sant\u00e9 mentale hommes cheveux n\u00e9cessite une bienveillance constante envers son image personnelle et physique<\/strong>. Parler ouvertement de cette d\u00e9tresse permet de briser l\u2019isolement social li\u00e9 \u00e0 ce changement esth\u00e9tique parfois difficile. Un esprit apais\u00e9 favorise <a href=\"https:\/\/www.capilclinic.fr\/blog\/pourquoi-de-plus-en-plus-despagnols-ont-des-implants-capillaires\/\" target=\"_blank\" rel=\"noopener\">une meilleure gestion des traitements capillaires disponibles<\/a> pour retrouver une confiance en soi.<\/p>\n<h2>Les r\u00e9percussions psychologiques de l\u2019alop\u00e9cie<\/h2>\n<p>L\u2019alop\u00e9cie d\u00e9passe largement le simple aspect esth\u00e9tique en provoquant des bouleversements \u00e9motionnels profonds chez de nombreux patients. Cette perte capillaire modifie la perception de soi et <a href=\"https:\/\/www.psychologies.com\/\" target=\"_blank\" rel=\"nofollow noopener\">engendre des cons\u00e9quences psychologiques vari\u00e9es<\/a> au quotidien :<\/p>\n<ul>\n<li><b>L\u2019isolement social :<\/b> Les personnes \u00e9vitent souvent les sorties publiques par peur constante du regard critique des autres gens.<\/li>\n<li><b>L\u2019image de soi :<\/b> Les patients ressentent fr\u00e9quemment le sentiment douloureux de para\u00eetre beaucoup plus vieux que leur \u00e2ge r\u00e9el.<\/li>\n<li><b>La d\u00e9pression l\u00e9g\u00e8re :<\/b> Une tristesse pr\u00e9existante s\u2019installe progressivement suite \u00e0 la modification visible de l\u2019\u00e9quilibre de votre visage.<\/li>\n<li><b>L\u2019anxi\u00e9t\u00e9 de performance :<\/b> La peur que la perte de cheveux nuise \u00e0 la carri\u00e8re professionnelle ou \u00e0 la s\u00e9duction augmente.<\/li>\n<\/ul>\n<p>Ces facteurs prennent directement la qualit\u00e9 de vie globale et n\u00e9cessitent parfois un accompagnement th\u00e9rapeutique sp\u00e9cialis\u00e9 et bienveillant. Identifier ces signes permet d\u2019agir rapidement pour retrouver une confiance en soi solide malgr\u00e9 ce changement physique majeur.<\/p>\n<p><img loading=\"lazy\" decoding=\"async\" class=\"aligncenter size-full wp-image-7346\" src=\"https:\/\/www.capilclinic.com\/wp-content\/uploads\/2026\/09\/sante-mentale-4_2026.webp\" alt=\"\" width=\"600\" height=\"400\" title=\"\" srcset=\"https:\/\/www.capilclinic.com\/wp-content\/uploads\/2026\/09\/sante-mentale-4_2026.webp 600w, https:\/\/www.capilclinic.com\/wp-content\/uploads\/2026\/09\/sante-mentale-4_2026-300x200.webp 300w, https:\/\/www.capilclinic.com\/wp-content\/uploads\/2026\/09\/sante-mentale-4_2026-150x100.webp 150w\" sizes=\"auto, (max-width: 600px) 100vw, 600px\" \/><\/p>\n<h2>Perception de soi vs R\u00e9alit\u00e9 sociale<\/h2>\n<p><strong>La perte de cheveux modifie profond\u00e9ment la perception de soi face au regard constant de la soci\u00e9t\u00e9 actuelle.<\/strong> L\u2019homme exprime souvent le sentiment de ne plus \u00eatre attirant malgr\u00e9 un jugement social souvent tr\u00e8s subjectif. Cette pens\u00e9e n\u00e9gative entra\u00eene alors une baisse de la libido ou un retrait social progressif chez le sujet. Le patient pense que tout le monde regarde son cr\u00e2ne alors qu\u2019il s\u2019agit d\u2019une simple focalisation s\u00e9lective. Cette parano\u00efa sociale l\u00e9g\u00e8re d\u00e9grade la qualit\u00e9 des interactions quotidiennes avec les coll\u00e8gues ou les amis proches.<\/p>\n<table width=\"649\">\n<thead>\n<tr>\n<td><strong>Sentiment de l\u2019homme<\/strong><\/td>\n<td><strong>Impact r\u00e9el observ\u00e9<\/strong><\/td>\n<td><strong>Cons\u00e9quence psychologique<\/strong><\/td>\n<\/tr>\n<\/thead>\n<tbody>\n<tr>\n<td>\u00ab Je ne suis plus attirant \u00bb<\/td>\n<td>Jugement souvent subjectif<\/td>\n<td>Baisse de la libido \/ Retrait<\/td>\n<\/tr>\n<tr>\n<td>\u00ab Tout le monde regarde mon cr\u00e2ne \u00bb<\/td>\n<td>Focalisation s\u00e9lective<\/td>\n<td>Parano\u00efa sociale l\u00e9g\u00e8re<\/td>\n<\/tr>\n<tr>\n<td>\u00ab J\u2019ai perdu ma jeunesse \u00bb<\/td>\n<td>Changement morphologique naturel<\/td>\n<td>Crise identitaire<\/td>\n<\/tr>\n<tr>\n<td>\u00ab Je suis seul face \u00e0 cela \u00bb<\/td>\n<td>Ph\u00e9nom\u00e8ne tr\u00e8s r\u00e9pandu<\/td>\n<td>Sentiment d\u2019ali\u00e9nation<\/td>\n<\/tr>\n<\/tbody>\n<\/table>\n<p><strong>L\u2019individu associe \u00e9galement la calvitie \u00e0 la perte de sa jeunesse face \u00e0 un changement morphologique naturel.<\/strong> Cette crise identitaire perturbe l\u2019\u00e9quilibre mental et n\u00e9cessite une acceptation progressive de sa nouvelle image corporelle globale. Le sentiment d\u2019\u00eatre seul face \u00e0 ce probl\u00e8me renforce une impression d\u2019ali\u00e9nation pourtant totalement infond\u00e9e scientifiquement. En r\u00e9alit\u00e9, ce ph\u00e9nom\u00e8ne capillaire reste tr\u00e8s r\u00e9pandu et touche une immense majorit\u00e9 de la population masculine mondiale.<\/p>\n<h2>Surmonter le traumatisme de la perte de cheveux<\/h2>\n<p>Le chemin vers la gu\u00e9rison \u00e9motionnelle passe par l\u2019acceptation sinc\u00e8re ou par une action concr\u00e8te et salvatrice. Vous devez restaurer votre image personnelle afin de retrouver une confiance en soi totalement solide et durable. L\u2019important est de ne pas laisser le silence amplifier la souffrance int\u00e9rieure li\u00e9e \u00e0 cette transformation physique.<\/p>\n<p>Discutez ouvertement de vos sentiments avec des professionnels pour briser l\u2019isolement social provoqu\u00e9 par ce complexe persistant. <strong>Chaque homme m\u00e9rite de se sentir bien dans sa peau malgr\u00e9 les changements naturels de sa chevelure<\/strong>. Adoptez d\u00e8s maintenant une strat\u00e9gie positive pour transformer ce traumatisme en une force nouvelle pour votre avenir.<\/p>\n<p><img loading=\"lazy\" decoding=\"async\" class=\"aligncenter size-full wp-image-7347\" src=\"https:\/\/www.capilclinic.com\/wp-content\/uploads\/2026\/09\/sante-mentale-5_2026.webp\" alt=\"\" width=\"600\" height=\"400\" title=\"\" srcset=\"https:\/\/www.capilclinic.com\/wp-content\/uploads\/2026\/09\/sante-mentale-5_2026.webp 600w, https:\/\/www.capilclinic.com\/wp-content\/uploads\/2026\/09\/sante-mentale-5_2026-300x200.webp 300w, https:\/\/www.capilclinic.com\/wp-content\/uploads\/2026\/09\/sante-mentale-5_2026-150x100.webp 150w\" sizes=\"auto, (max-width: 600px) 100vw, 600px\" \/><\/p>\n<h3>L\u2019importance du sommeil et du repos<\/h3>\n<p>Le manque de sommeil peut augmenter le cortisol, l\u2019hormone du stress, cr\u00e9ant un cercle vicieux entre fatigue intense. Cette hormone perturbe effectivement le cycle naturel de croissance de vos cheveux et fragilise ainsi chaque <strong>follicule pileux<\/strong>. Un repos nocturne de qualit\u00e9 permet une r\u00e9g\u00e9n\u00e9ration cellulaire optimale pour maintenir une chevelure forte et tr\u00e8s saine. Vous devez imp\u00e9rativement dormir huit heures par nuit afin de stabiliser durablement votre<a href=\"https:\/\/www.capilclinic.fr\/blog\/le-ronflement-provoque-t-il-lalopecie\/\" target=\"_blank\" rel=\"noopener\"> \u00e9quilibre hormonal et m\u00e9tabolique global.<\/a> Une routine de relaxation avant le coucher favorise une d\u00e9tente profonde indispensable pour pr\u00e9server votre capital capillaire pr\u00e9cieux.<\/p>\n<h3>Les solutions proth\u00e9tiques et esth\u00e9tiques<\/h3>\n<p>Pour certains, retrouver une chevelure passe par des solutions imm\u00e9diates qui permettent de se r\u00e9approprier son image sans chirurgie. Ces proth\u00e8ses capillaires modernes offrent effectivement un r\u00e9sultat visuel instantan\u00e9 gr\u00e2ce \u00e0 des fibres d\u2019une grande qualit\u00e9 naturelle. <a href=\"https:\/\/www.capilclinic.fr\/blog\/prothese-capillaire-fas-comment-est-ce-utilise\/\" target=\"_blank\" rel=\"noopener\">Les compl\u00e9ments capillaires<\/a> invisibles s\u2019adaptent parfaitement \u00e0 la forme du cr\u00e2ne pour garantir une discr\u00e9tion totale au quotidien.<\/p>\n<p>Vous choisissez ainsi une densit\u00e9 personnalis\u00e9e pour masquer les zones d\u00e9garnies tout en retrouvant une confiance en soi. Cette approche esth\u00e9tique non invasive transforme radicalement votre apparence physique sans n\u00e9cessiter de p\u00e9riode de convalescence tr\u00e8s longue.<\/p>\n<h3>La th\u00e9rapie par la parole<\/h3>\n<p><strong><a href=\"https:\/\/www.santepubliquefrance.fr\/\" target=\"_blank\" rel=\"nofollow noopener\">Consulter un psychologue sp\u00e9cialis\u00e9<\/a> aide chaque homme \u00e0 dissocier sa valeur personnelle de son apparence physique actuelle.<\/strong> Ce professionnel de sant\u00e9 mentale propose des outils concrets pour mieux vivre la transition li\u00e9e \u00e0 la perte. Vous apprenez ainsi \u00e0 accepter votre nouvelle image sans subir une d\u00e9tresse \u00e9motionnelle constante au quotidien.<\/p>\n<p>La th\u00e9rapie par la parole lib\u00e8re les tensions accumul\u00e9es et renforce durablement l\u2019estime de soi profonde et stable. Cet accompagnement bienveillant transforme radicalement votre perception du changement capillaire pour un \u00e9quilibre mental vraiment optimal.<\/p>\n<h3>Envisager la restauration capillaire m\u00e9dicale<\/h3>\n<p><img loading=\"lazy\" decoding=\"async\" class=\"aligncenter size-full wp-image-7348\" src=\"https:\/\/www.capilclinic.com\/wp-content\/uploads\/2026\/09\/sante-mentale-2_2026.webp\" alt=\"\" width=\"600\" height=\"400\" title=\"\" srcset=\"https:\/\/www.capilclinic.com\/wp-content\/uploads\/2026\/09\/sante-mentale-2_2026.webp 600w, https:\/\/www.capilclinic.com\/wp-content\/uploads\/2026\/09\/sante-mentale-2_2026-300x200.webp 300w, https:\/\/www.capilclinic.com\/wp-content\/uploads\/2026\/09\/sante-mentale-2_2026-150x100.webp 150w\" sizes=\"auto, (max-width: 600px) 100vw, 600px\" \/><\/p>\n<p>La <strong>greffe de cheveux<\/strong> moderne repr\u00e9sente bien plus qu\u2019un <a href=\"https:\/\/www.has-sante.fr\/\" target=\"_blank\" rel=\"nofollow noopener\">simple acte chirurgical pour de nombreux hommes<\/a> actuels. Cette intervention de sant\u00e9 mentale permet effectivement de clore un chapitre de souffrance psychologique li\u00e9e \u00e0 la calvitie. Vous retrouvez une image positive de vous-m\u00eame gr\u00e2ce aux techniques de pointe comme la <strong>m\u00e9thode FUE ou DHI<\/strong>.<\/p>\n<p>Le chirurgien redessine avec pr\u00e9cision votre ligne frontale afin de restaurer une harmonie naturelle sur votre visage fatigu\u00e9. Une<strong> restauration capillaire<\/strong> r\u00e9ussie stabilise durablement votre \u00e9quilibre \u00e9motionnel tout en renfor\u00e7aint votre confiance sociale au quotidien.<\/p>\n<h2>Questions Fr\u00e9quentes<\/h2>\n<h3>La perte de cheveux est-elle une cause reconnue de d\u00e9pression ?<\/h3>\n<p>La perte de cheveux constitue effectivement une cause reconnue de d\u00e9tresse psychologique profonde chez de nombreux patients masculins. Les \u00e9tudes cliniques d\u00e9montrent un lien direct entre <strong>l\u2019alop\u00e9cie androg\u00e9n\u00e9tique<\/strong> et l\u2019apparition de sympt\u00f4mes d\u00e9pressifs tr\u00e8s s\u00e9v\u00e8res. Cette modification physique involontaire alt\u00e8re l\u2019image de soi et provoque parfois un isolement social particuli\u00e8rement difficile \u00e0 vivre.<\/p>\n<p>Les m\u00e9decins observent souvent une chute drastique de la confiance personnelle durant les premi\u00e8res phases de la calvitie. Vous devez donc consulter un sp\u00e9cialiste pour \u00e9valuer l\u2019impact \u00e9motionnel et choisir un traitement m\u00e9dical vraiment adapt\u00e9.<\/p>\n<p><img loading=\"lazy\" decoding=\"async\" class=\"aligncenter size-full wp-image-7349\" src=\"https:\/\/www.capilclinic.com\/wp-content\/uploads\/2026\/09\/sante-mentale-1_2026.webp\" alt=\"\" width=\"600\" height=\"400\" title=\"\" srcset=\"https:\/\/www.capilclinic.com\/wp-content\/uploads\/2026\/09\/sante-mentale-1_2026.webp 600w, https:\/\/www.capilclinic.com\/wp-content\/uploads\/2026\/09\/sante-mentale-1_2026-300x200.webp 300w, https:\/\/www.capilclinic.com\/wp-content\/uploads\/2026\/09\/sante-mentale-1_2026-150x100.webp 150w\" sizes=\"auto, (max-width: 600px) 100vw, 600px\" \/><\/p>\n<h3>Comment parler de son mal-\u00eatre \u00e0 son entourage ?<\/h3>\n<p><strong>Exprimer sa propre vuln\u00e9rabilit\u00e9 constitue un acte de courage immense pour chaque homme moderne dans notre soci\u00e9t\u00e9 actuelle.<\/strong> Vous devez choisir un moment calme afin de partager sinc\u00e8rement vos \u00e9motions avec vos proches les plus fid\u00e8les. Utilisez des phrases simples pour d\u00e9crire pr\u00e9cis\u00e9ment votre ressenti int\u00e9rieur sans craindre le jugement de votre entourage imm\u00e9diat.<\/p>\n<p>Cette ouverture \u00e9motionnelle renforce consid\u00e9rablement les liens affectifs tout en lib\u00e9rant une pression mentale souvent trop lourde \u00e0 porter. Vos amis et votre famille apportent alors un soutien pr\u00e9cieux pour surmonter ensemble les \u00e9preuves de la vie.<\/p>\n<h3>Le stress peut-il acc\u00e9l\u00e9rer une calvitie g\u00e9n\u00e9tique ?<\/h3>\n<p>Le stress chronique acc\u00e9l\u00e8re effectivement la progression d\u2019une calvitie g\u00e9n\u00e9tique d\u00e9j\u00e0 latente chez de nombreux hommes. Cette tension nerveuse lib\u00e8re une quantit\u00e9 importante de cortisol dans l\u2019organisme pour r\u00e9pondre \u00e0 une agression ext\u00e9rieure. Cette hormone perturbe directement le cycle de croissance naturelle de chaque follicule pileux situ\u00e9 sur votre <strong>cuir chevelu<\/strong>.<\/p>\n<p>Une concentration \u00e9lev\u00e9e de cortisol provoque alors un passage pr\u00e9matur\u00e9 des cheveux vers la phase de chute finale. Vous devez donc g\u00e9rer scrupuleusement votre anxi\u00e9t\u00e9 pour pr\u00e9server durablement la vitalit\u00e9 de votre pr\u00e9cieuse masse capillaire.<\/p>\n<h3>L\u2019acceptation du cr\u00e2ne ras\u00e9 fonctionne-t-elle pour tous ?<\/h3>\n<p><strong>L\u2019acceptation du cr\u00e2ne ras\u00e9 repr\u00e9sente une solution lib\u00e9ratrice pour certains hommes confront\u00e9s \u00e0 une calvitie pr\u00e9coce.<\/strong> Cette transformation radicale simplifie grandement la routine matinale tout en affirmant un style personnel fort et assum\u00e9. Cependant, la diversit\u00e9 des r\u00e9ponses \u00e9motionnelles d\u00e9montre que ce choix ne convient pas forc\u00e9ment \u00e0 chaque individu.<\/p>\n<p>Certains patients ressentent une perte d\u2019identit\u00e9 profonde face \u00e0 ce changement esth\u00e9tique majeur de leur visage. L\u2019\u00e9quilibre psychologique d\u00e9pend alors de la perception de soi ainsi que du soutien social de l\u2019entourage proche. Vous devez donc r\u00e9fl\u00e9chir sereinement \u00e0 votre propre rapport \u00e0 l\u2019image avant de franchir cette \u00e9tape.<\/p>\n<h2>Conclusion<\/h2>\n<p>En r\u00e9sum\u00e9, prendre soin de sa <b>sante mentale hommes cheveux<\/b> est tout aussi crucial que de traiter la zone donneuse lors d\u2019une greffe. L\u2019alop\u00e9cie n\u2019est pas une simple fatalit\u00e9 esth\u00e9tique, c\u2019est une \u00e9preuve \u00e9motionnelle qui m\u00e9rite d\u2019\u00eatre \u00e9cout\u00e9e, comprise et trait\u00e9e avec bienveillance, que ce soit par l\u2019acceptation ou par les avanc\u00e9es de la m\u00e9decine capillaire.<\/p>\n<p>Vous ressentez que votre perte de cheveux affecte votre quotidien et votre moral ? Nos experts<a href=\"http:\/\/capilclinic.fr\/\" target=\"_blank\" rel=\"noopener\"><strong> CapilClinic<\/strong><\/a> vous \u00e9coutent et vous proposent des solutions adapt\u00e9es pour retrouver votre confiance. Contactez-nous pour un diagnostic personnalis\u00e9.<\/p>\n","protected":false},"excerpt":{"rendered":"<p>Pour beaucoup d\u2019hommes, la chevelure repr\u00e9sente bien plus qu\u2019un simple attribut esth\u00e9tique dans leur vie quotidienne actuelle. Elle incarne effectivement un symbole puissant de jeunesse, de virilit\u00e9 ainsi que de force physique pour chaque individu. Aborder la question de la sant\u00e9 mentale hommes cheveux devient alors essentiel pour comprendre cette d\u00e9tresse \u00e9motionnelle. La perte capillaire [&hellip;]<\/p>\n","protected":false},"author":4,"featured_media":7344,"comment_status":"open","ping_status":"open","sticky":false,"template":"","format":"standard","meta":{"footnotes":""},"categories":[29],"tags":[],"class_list":["post-7343","post","type-post","status-publish","format-standard","has-post-thumbnail","hentry","category-blog"],"_links":{"self":[{"href":"https:\/\/www.capilclinic.com\/fr\/wp-json\/wp\/v2\/posts\/7343","targetHints":{"allow":["GET"]}}],"collection":[{"href":"https:\/\/www.capilclinic.com\/fr\/wp-json\/wp\/v2\/posts"}],"about":[{"href":"https:\/\/www.capilclinic.com\/fr\/wp-json\/wp\/v2\/types\/post"}],"author":[{"embeddable":true,"href":"https:\/\/www.capilclinic.com\/fr\/wp-json\/wp\/v2\/users\/4"}],"replies":[{"embeddable":true,"href":"https:\/\/www.capilclinic.com\/fr\/wp-json\/wp\/v2\/comments?post=7343"}],"version-history":[{"count":1,"href":"https:\/\/www.capilclinic.com\/fr\/wp-json\/wp\/v2\/posts\/7343\/revisions"}],"predecessor-version":[{"id":7350,"href":"https:\/\/www.capilclinic.com\/fr\/wp-json\/wp\/v2\/posts\/7343\/revisions\/7350"}],"wp:featuredmedia":[{"embeddable":true,"href":"https:\/\/www.capilclinic.com\/fr\/wp-json\/wp\/v2\/media\/7344"}],"wp:attachment":[{"href":"https:\/\/www.capilclinic.com\/fr\/wp-json\/wp\/v2\/media?parent=7343"}],"wp:term":[{"taxonomy":"category","embeddable":true,"href":"https:\/\/www.capilclinic.com\/fr\/wp-json\/wp\/v2\/categories?post=7343"},{"taxonomy":"post_tag","embeddable":true,"href":"https:\/\/www.capilclinic.com\/fr\/wp-json\/wp\/v2\/tags?post=7343"}],"curies":[{"name":"wp","href":"https:\/\/api.w.org\/{rel}","templated":true}]}}