{"id":7270,"date":"2026-09-02T11:16:37","date_gmt":"2026-09-02T08:16:37","guid":{"rendered":"https:\/\/www.capilclinic.com\/?p=7270"},"modified":"2026-09-02T11:16:37","modified_gmt":"2026-09-02T08:16:37","slug":"prendre-soin-de-ses-cheveux-en-ete","status":"publish","type":"post","link":"https:\/\/www.capilclinic.com\/fr\/prendre-soin-de-ses-cheveux-en-ete\/","title":{"rendered":"Prendre soin de ses cheveux en \u00e9t\u00e9 : conseils et astuces"},"content":{"rendered":"<p>L\u2019arriv\u00e9e des beaux jours est souvent synonyme de d\u00e9tente, mais elle repr\u00e9sente un d\u00e9fi pour notre <strong>sant\u00e9 capillaire<\/strong>. Les rayons UV, le sel marin et le chlore des piscines agissent comme des agents d\u00e9shydratants tr\u00e8s s\u00e9v\u00e8res. Savoir comment <b>prendre soin de ses cheveux en ete<\/b> est donc indispensable pour \u00e9viter une fibre capillaire poreuse. Une routine adapt\u00e9e permet non seulement de pr\u00e9server l\u2019\u00e9clat de votre couleur, mais aussi de maintenir l\u2019hydratation profonde. Vous devez appliquer des huiles protectrices avant chaque baignade pour cr\u00e9er un \u00e9cran efficace contre les agressions ext\u00e9rieures. Le rin\u00e7age syst\u00e9matique \u00e0 l\u2019eau claire apr\u00e8s la plage \u00e9limine les r\u00e9sidus de sel qui \u00e9touffent vos racines.<\/p>\n<p>L\u2019utilisation de masques nourrissants hebdomadaires r\u00e9pare les dommages caus\u00e9s par la chaleur intense du soleil sur les longueurs. Privil\u00e9giez des produits contenant des filtres solaires sp\u00e9cifiques pour limiter l\u2019oxydation de votre chevelure naturelle ou color\u00e9e. Ces gestes simples garantissent une chevelure soyeuse et vigoureuse malgr\u00e9 les conditions climatiques parfois difficiles de la saison. Une hydratation interne r\u00e9guli\u00e8re soutient \u00e9galement la production de s\u00e9bum protecteur pour un<strong> cuir chevelu<\/strong> en pleine forme.<\/p>\n<h2>L\u2019importance de prendre soin de ses cheveux en ete<\/h2>\n<p><img loading=\"lazy\" decoding=\"async\" class=\"aligncenter size-full wp-image-7272\" src=\"https:\/\/www.capilclinic.com\/wp-content\/uploads\/2026\/09\/prendre-soin-de-ses-cheveux-en-ete-768x512_2026.webp\" alt=\"\" width=\"768\" height=\"512\" title=\"\" srcset=\"https:\/\/www.capilclinic.com\/wp-content\/uploads\/2026\/09\/prendre-soin-de-ses-cheveux-en-ete-768x512_2026.webp 768w, https:\/\/www.capilclinic.com\/wp-content\/uploads\/2026\/09\/prendre-soin-de-ses-cheveux-en-ete-768x512_2026-300x200.webp 300w, https:\/\/www.capilclinic.com\/wp-content\/uploads\/2026\/09\/prendre-soin-de-ses-cheveux-en-ete-768x512_2026-600x400.webp 600w, https:\/\/www.capilclinic.com\/wp-content\/uploads\/2026\/09\/prendre-soin-de-ses-cheveux-en-ete-768x512_2026-150x100.webp 150w\" sizes=\"auto, (max-width: 768px) 100vw, 768px\" \/><\/p>\n<p><strong>L\u2019exposition prolong\u00e9e aux rayons ultraviolets d\u00e9grade profond\u00e9ment la structure interne de la k\u00e9ratine pr\u00e9sente dans vos fibres capillaires.<\/strong> Contrairement \u00e0 la <a href=\"https:\/\/www.capilclinic.fr\/blog\/prendre-soin-de-ses-cheveux-en-hiver\/\" target=\"_blank\" rel=\"noopener\">routine pour<strong> prendre soin de ses cheveux en hiver<\/strong>,<\/a> l\u2019\u00e9t\u00e9 n\u00e9cessite une protection contre l\u2019oxydation. La chaleur intense provoque une d\u00e9shydratation s\u00e9v\u00e8re qui rend les cheveux cassants, ternes et particuli\u00e8rement difficiles \u00e0 coiffer quotidiennement. Vous devez imp\u00e9rativement utiliser des soins protecteurs pour \u00e9viter que les \u00e9cailles du cheveu ne s\u2019ouvrent sous le soleil. Les rayons solaires alt\u00e8rent \u00e9galement les pigments naturels, ce qui fragilise davantage la r\u00e9sistance globale de votre chevelure expos\u00e9e.<\/p>\n<p>Une protection solaire efficace limite la formation de radicaux libres responsables du vieillissement pr\u00e9matur\u00e9 de votre cuir chevelu. Appliquez r\u00e9guli\u00e8rement des sprays hydratants pour compenser la <strong>perte en eau caus\u00e9e par l\u2019\u00e9vaporation due \u00e0 la forte chaleur<\/strong>. L\u2019utilisation d\u2019un chapeau reste la solution la plus simple pour bloquer physiquement les effets n\u00e9fastes de la radiation. Ces pr\u00e9cautions essentielles pr\u00e9servent la souplesse et la vitalit\u00e9 de vos cheveux durant toute la p\u00e9riode estivale ensoleill\u00e9e.<\/p>\n<h2>Les gestes essentiels pour une protection optimale<\/h2>\n<p>Adopter des r\u00e9flexes simples garantit la sant\u00e9 de votre chevelure face aux agressions intenses de la p\u00e9riode estivale. Voici les \u00e9tapes indispensables pour prot\u00e9ger efficacement vos <strong>fibres capillaires<\/strong> contre le soleil, le sel et le chlore :<\/p>\n<ul>\n<li><b>Rincer abondamment :<\/b> Vous devez toujours \u00e9liminer le sel et le chlore \u00e0 l\u2019eau claire apr\u00e8s chaque baignade en mer.<\/li>\n<li><b>Utiliser des barri\u00e8res physiques :<\/b> Le port du chapeau ou du foulard reste la meilleure protection contre les rayons UV du soleil.<\/li>\n<li><b>Appliquer des huiles protectrices :<\/b> Cr\u00e9ez un film hydrophobe pour limiter l\u2019absorption des impuret\u00e9s et du sel dans vos cheveux poreux.<\/li>\n<li><b>Privil\u00e9gier le s\u00e9chage \u00e0 l\u2019air libre :<\/b> \u00c9vitez les sources de chaleur suppl\u00e9mentaires comme le lisseur pour ne pas fragiliser davantage vos pointes.<\/li>\n<\/ul>\n<p><img loading=\"lazy\" decoding=\"async\" class=\"aligncenter size-full wp-image-7273\" src=\"https:\/\/www.capilclinic.com\/wp-content\/uploads\/2026\/09\/prendre-soin-de-ses-cheveux-en-ete-1-768x512_2026.webp\" alt=\"\" width=\"768\" height=\"512\" title=\"\" srcset=\"https:\/\/www.capilclinic.com\/wp-content\/uploads\/2026\/09\/prendre-soin-de-ses-cheveux-en-ete-1-768x512_2026.webp 768w, https:\/\/www.capilclinic.com\/wp-content\/uploads\/2026\/09\/prendre-soin-de-ses-cheveux-en-ete-1-768x512_2026-300x200.webp 300w, https:\/\/www.capilclinic.com\/wp-content\/uploads\/2026\/09\/prendre-soin-de-ses-cheveux-en-ete-1-768x512_2026-600x400.webp 600w, https:\/\/www.capilclinic.com\/wp-content\/uploads\/2026\/09\/prendre-soin-de-ses-cheveux-en-ete-1-768x512_2026-150x100.webp 150w\" sizes=\"auto, (max-width: 768px) 100vw, 768px\" \/><\/p>\n<p>Ces habitudes quotidiennes pr\u00e9servent l\u2019\u00e9lasticit\u00e9 naturelle de vos cheveux tout au long de vos vacances au bord de l\u2019eau. Une protection solaire adapt\u00e9e emp\u00eache \u00e9galement la d\u00e9coloration pr\u00e9matur\u00e9e des pigments de votre chevelure naturelle ou m\u00eame color\u00e9e.<\/p>\n<h2>R\u00e9capitulatif de la protection solaire capillaire<\/h2>\n<p>Comprendre les facteurs d\u2019agression est essentiel pour maintenir une chevelure resplendissante durant toute la p\u00e9riode estivale tr\u00e8s ensoleill\u00e9e. Le soleil \u00e9met des rayons UV qui provoquent un affaiblissement progressif de la k\u00e9ratine naturelle de vos cheveux fragiles. Vous devez appliquer une huile ou un spray protecteur sp\u00e9cifique pour cr\u00e9er un bouclier efficace contre ces rayonnements. Le chlore des piscines entra\u00eene souvent une modification ind\u00e9sirable de la couleur de vos m\u00e8ches ou de votre teinture. Un rin\u00e7age imm\u00e9diat \u00e0 l\u2019eau douce apr\u00e8s chaque baignade \u00e9limine les r\u00e9sidus chimiques avant qu\u2019ils ne p\u00e9n\u00e8trent profond\u00e9ment.<\/p>\n<table>\n<thead>\n<tr>\n<td><strong>Facteur d\u2019agression<\/strong><\/td>\n<td><strong>Effet sur le cheveu<\/strong><\/td>\n<td><strong>Solution recommand\u00e9e<\/strong><\/td>\n<\/tr>\n<\/thead>\n<tbody>\n<tr>\n<td>Soleil (UV)<\/td>\n<td>Affaiblissement de la k\u00e9ratine<\/td>\n<td>Huile ou spray protecteur UV<\/td>\n<\/tr>\n<tr>\n<td>Chlore<\/td>\n<td>Modification de la couleur<\/td>\n<td>Rin\u00e7age imm\u00e9diat \u00e0 l\u2019eau douce<\/td>\n<\/tr>\n<tr>\n<td>Sel marin<\/td>\n<td>D\u00e9shydratation profonde<\/td>\n<td>Masque nutritif hebdomadaire<\/td>\n<\/tr>\n<\/tbody>\n<\/table>\n<p><strong>Le sel marin cause une d\u00e9shydratation profonde qui rend la fibre capillaire particuli\u00e8rement r\u00eache, cassante et vraiment tr\u00e8s terne<\/strong>. L\u2019application d\u2019un masque nutritif hebdomadaire restaure l\u2019\u00e9lasticit\u00e9 n\u00e9cessaire tout en nourrissant les couches internes de chaque cheveu sec. Ces soins cibl\u00e9s permettent de conserver une mati\u00e8re souple malgr\u00e9 les agressions r\u00e9p\u00e9t\u00e9es du vent et de l\u2019eau. Adoptez ces r\u00e9flexes simples pour garantir la vitalit\u00e9 durable de votre cuir chevelu face aux \u00e9l\u00e9ments climatiques ext\u00e9rieurs.<\/p>\n<p><img loading=\"lazy\" decoding=\"async\" class=\"aligncenter size-full wp-image-7274\" src=\"https:\/\/www.capilclinic.com\/wp-content\/uploads\/2026\/09\/prendre-soin-de-ses-cheveux-en-ete-2-768x512_2026.webp\" alt=\"\" width=\"768\" height=\"512\" title=\"\" srcset=\"https:\/\/www.capilclinic.com\/wp-content\/uploads\/2026\/09\/prendre-soin-de-ses-cheveux-en-ete-2-768x512_2026.webp 768w, https:\/\/www.capilclinic.com\/wp-content\/uploads\/2026\/09\/prendre-soin-de-ses-cheveux-en-ete-2-768x512_2026-300x200.webp 300w, https:\/\/www.capilclinic.com\/wp-content\/uploads\/2026\/09\/prendre-soin-de-ses-cheveux-en-ete-2-768x512_2026-600x400.webp 600w, https:\/\/www.capilclinic.com\/wp-content\/uploads\/2026\/09\/prendre-soin-de-ses-cheveux-en-ete-2-768x512_2026-150x100.webp 150w\" sizes=\"auto, (max-width: 768px) 100vw, 768px\" \/><\/p>\n<h2>Routine pratique pour une chevelure saine<\/h2>\n<p>L\u2019\u00e9t\u00e9 demande une adaptation rigoureuse des produits utilis\u00e9s pour conserver une chevelure souple et vraiment brillante cette saison. Il ne s\u2019agit pas seulement de prot\u00e9ger, mais aussi de r\u00e9parer en temps r\u00e9el les nombreux dommages solaires subis. Appliquez quotidiennement un s\u00e9rum hydratant riche en antioxydants pour neutraliser les radicaux libres g\u00e9n\u00e9r\u00e9s by les rayons ultraviolets.<\/p>\n<p>Lavez vos cheveux avec un shampooing ultra-doux afin d\u2019\u00e9liminer les impuret\u00e9s sans agresser votre cuir chevelu d\u00e9j\u00e0 sensibilis\u00e9. <strong>Utilisez imp\u00e9rativement un apr\u00e8s-shampooing reconstructeur pour combler les br\u00e8ches cr\u00e9\u00e9es par le chlore et le sel marin corrosifs.<\/strong> Ces gestes simples maintiennent l\u2019\u00e9lasticit\u00e9 de la fibre capillaire tout au long de vos vacances au bord de l\u2019eau.<\/p>\n<h3>Pr\u00e9paration avant l\u2019exposition<\/h3>\n<p><strong>L\u2019application de barri\u00e8res physiques et chimiques constitue une \u00e9tape essentielle pour prot\u00e9ger efficacement votre chevelure durant tout l\u2019\u00e9t\u00e9.<\/strong> Vous devez utiliser des huiles v\u00e9g\u00e9tales naturelles ou des produits avec indices SPF pour gainer durablement la fibre capillaire. Ces soins protecteurs cr\u00e9ent un bouclier invisible qui emp\u00eache le sel et le chlore de p\u00e9n\u00e9trer dans le cortex.<\/p>\n<p>Les <strong>filtres solaires<\/strong> sp\u00e9cifiques limitent \u00e9galement l\u2019oxydation des pigments pour pr\u00e9server l\u2019\u00e9clat de votre couleur naturelle ou artificielle. Appliquez g\u00e9n\u00e9reusement votre produit sur les longueurs et les pointes avant chaque sortie prolong\u00e9e sous le soleil ardent. Cette pr\u00e9paration rigoureuse maintient l\u2019hydratation interne de vos cheveux tout en \u00e9vitant la formation de fourches tr\u00e8s inesth\u00e9tiques.<\/p>\n<p><img loading=\"lazy\" decoding=\"async\" class=\"aligncenter size-full wp-image-7275\" src=\"https:\/\/www.capilclinic.com\/wp-content\/uploads\/2026\/09\/prendre-soin-de-ses-cheveux-en-ete-3-768x512_2026.webp\" alt=\"\" width=\"768\" height=\"512\" title=\"\" srcset=\"https:\/\/www.capilclinic.com\/wp-content\/uploads\/2026\/09\/prendre-soin-de-ses-cheveux-en-ete-3-768x512_2026.webp 768w, https:\/\/www.capilclinic.com\/wp-content\/uploads\/2026\/09\/prendre-soin-de-ses-cheveux-en-ete-3-768x512_2026-300x200.webp 300w, https:\/\/www.capilclinic.com\/wp-content\/uploads\/2026\/09\/prendre-soin-de-ses-cheveux-en-ete-3-768x512_2026-600x400.webp 600w, https:\/\/www.capilclinic.com\/wp-content\/uploads\/2026\/09\/prendre-soin-de-ses-cheveux-en-ete-3-768x512_2026-150x100.webp 150w\" sizes=\"auto, (max-width: 768px) 100vw, 768px\" \/><\/p>\n<h3>Le rin\u00e7age syst\u00e9matique<\/h3>\n<p>Le rin\u00e7age imm\u00e9diat \u00e0 l\u2019eau douce constitue votre meilleure alli\u00e9e apr\u00e8s chaque baignade pour pr\u00e9server votre sant\u00e9 capillaire. Cette habitude simple \u00e9limine les r\u00e9sidus corrosifs de sel et de chlore qui agressent cruellement votre fibre fragile. L\u2019eau claire d\u00e9barrasse les \u00e9cailles de vos cheveux des impuret\u00e9s chimiques qui provoquent une d\u00e9shydratation s\u00e9v\u00e8re et rapide.<\/p>\n<p>Vous emp\u00eachez ainsi les cristaux de sel de br\u00fbler la cuticule protectrice sous l\u2019effet des rayons solaires intenses. Un geste rapide prot\u00e8ge \u00e9galement l\u2019\u00e9quilibre naturel de votre cuir chevelu en \u00e9vitant les irritations cutan\u00e9es tr\u00e8s d\u00e9sagr\u00e9ables. Adoptez ce r\u00e9flexe protecteur pour conserver une chevelure souple, brillante et vigoureuse pendant toute la p\u00e9riode estivale.<\/p>\n<h3>Le choix des shampoings apr\u00e8s-soleil<\/h3>\n<p>Le choix d\u2019un <strong>shampoing apr\u00e8s-soleil<\/strong> adapt\u00e9 garantit la pr\u00e9servation de votre fibre capillaire durant toute la p\u00e9riode estivale. Vous devez privil\u00e9gier des formules extr\u00eamement douces pour nettoyer efficacement les r\u00e9sidus de sel et de sable accumul\u00e9s. Il faut absolument \u00e9viter les sulfates agressifs pour ne pas d\u00e9caper le cuir chevelu d\u00e9j\u00e0 sensibilis\u00e9 par l\u2019exposition.<\/p>\n<p>Ces produits sp\u00e9cifiques apportent une hydratation imm\u00e9diate tout en apaisant les rougeurs caus\u00e9es par les rayons ultraviolets tr\u00e8s puissants. Un lavage d\u00e9licat maintient l\u2019\u00e9quilibre naturel de votre peau et pr\u00e9vient ainsi le dess\u00e8chement de vos pointes fragiles.<\/p>\n<h3>Nutrition et hydratation intense<\/h3>\n<p><strong>La chaleur estivale intense d\u00e9grade quotidiennement le film hydrolipidique naturel qui prot\u00e8ge efficacement votre cuir chevelu tr\u00e8s sensible.<\/strong> Vous devez appliquer des soins profonds pour restaurer cette barri\u00e8re protectrice et limiter ainsi l\u2019\u00e9vaporation de l\u2019eau interne. Les masques riches en acides gras essentiels nourrissent intens\u00e9ment la fibre capillaire pour compenser les agressions du soleil.<\/p>\n<p>Une hydratation r\u00e9guli\u00e8re redonne imm\u00e9diatement de la souplesse aux cheveux ternes et \u00e9vite la formation de fourches s\u00e8ches. Ces traitements sp\u00e9cifiques scellent les \u00e9cailles de la cuticule pour emprisonner durablement les nutriments au c\u0153ur du cheveu.<\/p>\n<p><img loading=\"lazy\" decoding=\"async\" class=\"aligncenter size-full wp-image-7276\" src=\"https:\/\/www.capilclinic.com\/wp-content\/uploads\/2026\/09\/prendre-soin-de-ses-cheveux-en-ete-4-768x512_2026.webp\" alt=\"\" width=\"768\" height=\"512\" title=\"\" srcset=\"https:\/\/www.capilclinic.com\/wp-content\/uploads\/2026\/09\/prendre-soin-de-ses-cheveux-en-ete-4-768x512_2026.webp 768w, https:\/\/www.capilclinic.com\/wp-content\/uploads\/2026\/09\/prendre-soin-de-ses-cheveux-en-ete-4-768x512_2026-300x200.webp 300w, https:\/\/www.capilclinic.com\/wp-content\/uploads\/2026\/09\/prendre-soin-de-ses-cheveux-en-ete-4-768x512_2026-600x400.webp 600w, https:\/\/www.capilclinic.com\/wp-content\/uploads\/2026\/09\/prendre-soin-de-ses-cheveux-en-ete-4-768x512_2026-150x100.webp 150w\" sizes=\"auto, (max-width: 768px) 100vw, 768px\" \/><\/p>\n<h2>Questions Fr\u00e9quentes<\/h2>\n<h3>Peut-on utiliser une cr\u00e8me solaire classique sur les cheveux ?<\/h3>\n<p>Vous ne devez jamais appliquer une cr\u00e8me solaire classique sur vos cheveux pour prot\u00e9ger la fibre des rayons ultraviolets. Ces formules corporelles sont beaucoup trop grasses et risquent d\u2019alourdir inutilement votre chevelure sans apporter de protection r\u00e9elle. Il est nettement pr\u00e9f\u00e9rable <a href=\"https:\/\/www.vichy.fr\/le-vichy-mag\/\" target=\"_blank\" rel=\"nofollow noopener\">d\u2019utiliser des produits sp\u00e9cifiquement formul\u00e9s pour respecter la porosit\u00e9 capillaire<\/a> de vos m\u00e8ches d\u00e9licates.<\/p>\n<p>Les sprays capillaires solaires cr\u00e9ent un film protecteur l\u00e9ger qui laisse respirer votre cuir chevelu pendant toute l\u2019exposition. Ces soins sp\u00e9cialis\u00e9s contiennent des agents hydratants qui pr\u00e9servent la souplesse de la k\u00e9ratine face \u00e0 la chaleur estivale.<\/p>\n<h3>Pourquoi mes cheveux deviennent-ils verts \u00e0 la piscine ?<\/h3>\n<p>L\u2019apparition de reflets verts r\u00e9sulte d\u2019une r\u00e9action chimique entre le cuivre du traitement de l\u2019eau et les cheveux clairs. <strong>Les particules de m\u00e9tal s\u2019oxydent au contact du chlore puis se fixent durablement sur les fibres capillaires poreuses.<\/strong> Ce ph\u00e9nom\u00e8ne touche principalement les personnes poss\u00e9dant des cheveux blonds, m\u00e9ch\u00e9s ou d\u00e9color\u00e9s par des produits chimiques forts. Vous devez rincer abondamment votre chevelure \u00e0 l\u2019eau claire imm\u00e9diatement apr\u00e8s chaque baignade dans une piscine mal \u00e9quilibr\u00e9e. L\u2019application d\u2019un soin protecteur hydrophobe limite efficacement l\u2019absorption de ces min\u00e9raux responsables de cette coloration verte tr\u00e8s disgracieuse.<\/p>\n<h3>Faut-il couper ses cheveux avant ou apr\u00e8s l\u2019\u00e9t\u00e9 ?<\/h3>\n<p>Une coupe l\u00e9g\u00e8re avant l\u2019\u00e9t\u00e9 permet d\u2019\u00e9liminer les pointes fourchues qui s\u2019ab\u00eemeraient davantage sous le soleil tr\u00e8s br\u00fblant. Les cheveux sains r\u00e9sistent beaucoup mieux aux agressions du sel marin et du chlore pr\u00e9sent dans les piscines municipales. Vous prot\u00e9gez ainsi la <strong>structure interne de la fibre capillaire<\/strong> contre la d\u00e9shydratation s\u00e9v\u00e8re li\u00e9e aux rayons ultraviolets.<\/p>\n<p>Un entretien r\u00e9gulier pr\u00e9vient la casse pr\u00e9matur\u00e9e et facilite grandement le d\u00e9m\u00ealage apr\u00e8s chaque baignade dans l\u2019eau sal\u00e9e. <a href=\"https:\/\/www.loreal-paris.fr\/\" target=\"_blank\" rel=\"nofollow noopener\">Les coiffeurs recommandent souvent de rafra\u00eechir votre coupe<\/a> pour conserver une chevelure vigoureuse durant toute la saison estivale.<\/p>\n<h3>L\u2019alimentation joue-t-elle un r\u00f4le ?<\/h3>\n<p><img loading=\"lazy\" decoding=\"async\" class=\"aligncenter size-full wp-image-7277\" src=\"https:\/\/www.capilclinic.com\/wp-content\/uploads\/2026\/09\/Conseils-pratiques-pour-une-alimentation-capillaire-equilibree-1_2026-2.webp\" alt=\"\" width=\"628\" height=\"456\" title=\"\" srcset=\"https:\/\/www.capilclinic.com\/wp-content\/uploads\/2026\/09\/Conseils-pratiques-pour-une-alimentation-capillaire-equilibree-1_2026-2.webp 628w, https:\/\/www.capilclinic.com\/wp-content\/uploads\/2026\/09\/Conseils-pratiques-pour-une-alimentation-capillaire-equilibree-1_2026-2-300x218.webp 300w, https:\/\/www.capilclinic.com\/wp-content\/uploads\/2026\/09\/Conseils-pratiques-pour-une-alimentation-capillaire-equilibree-1_2026-2-150x109.webp 150w\" sizes=\"auto, (max-width: 628px) 100vw, 628px\" \/><\/p>\n<p><strong>L\u2019alimentation joue absolument un r\u00f4le primordial pour prot\u00e9ger vos cheveux contre les effets n\u00e9fastes du soleil estival.<\/strong> Les antioxydants puissants aident \u00e0 lutter efficacement contre le stress oxydatif provoqu\u00e9 par les rayons ultraviolets tr\u00e8s agressifs. Vous devez consommer des fruits color\u00e9s et des l\u00e9gumes frais pour renforcer la r\u00e9sistance naturelle de vos fibres capillaires.<\/p>\n<p>Ces nutriments essentiels soutiennent la r\u00e9g\u00e9n\u00e9ration des cellules du cuir chevelu tout en pr\u00e9servant l\u2019\u00e9clat de votre couleur. Une hydratation constante permet \u00e9galement de maintenir une souplesse optimale malgr\u00e9 la chaleur intense des journ\u00e9es de vacances. Privil\u00e9giez les <strong>vitamines C et E<\/strong> pour garantir une<a href=\"https:\/\/www.santemagazine.fr\/\" target=\"_blank\" rel=\"nofollow noopener\"> protection biologique interne contre le vieillissement capillaire pr\u00e9matur\u00e9.<\/a><\/p>\n<h2>Conclusion<\/h2>\n<p>En r\u00e9sum\u00e9, <b>prendre soin de ses cheveux en ete<\/b> demande de la discipline mais garantit une chevelure \u00e9clatante. Cette routine protectrice \u00e9vite que vos pointes ne deviennent s\u00e8ches ou cassantes \u00e0 cause du soleil tr\u00e8s intense. Une fois l\u2019\u00e9t\u00e9 termin\u00e9, vos cheveux auront besoin d\u2019une attention particuli\u00e8re pour r\u00e9parer les d\u00e9g\u00e2ts du soleil et du chlore. Ne manquez pas notre guide sur <b><a href=\"https:\/\/www.capilclinic.fr\/blog\/comment-nourrir-les-cheveux-en-automne\/\" target=\"_blank\" rel=\"noopener\">comment nourrir les cheveux en automne<\/a><\/b> pour pr\u00e9parer votre chevelure au changement de saison. Ce passage entre les saisons permet de renforcer la fibre capillaire avant l\u2019arriv\u00e9e du froid et du vent.<\/p>\n<p>Adopter les bons gestes permet de conserver une couleur vibrante tout en \u00e9vitant la chute de cheveux saisonni\u00e8re. Vous devez privil\u00e9gier des soins r\u00e9parateurs riches en lipides pour restaurer la barri\u00e8re protectrice de votre cuir chevelu. <strong>Besoin d\u2019un diagnostic professionnel pour vos cheveux apr\u00e8s les vacances ?<\/strong> Prenez rendez-vous avec les sp\u00e9cialistes de <a href=\"http:\/\/capilclinic.fr\/\" target=\"_blank\" rel=\"noopener\"><strong>CapilClinic<\/strong><\/a> pour une analyse compl\u00e8te de votre sant\u00e9 capillaire d\u00e8s aujourd\u2019hui. Nos experts vous guideront vers les meilleurs traitements pour retrouver une densit\u00e9 parfaite et une brillance vraiment incomparable.<\/p>\n","protected":false},"excerpt":{"rendered":"<p>L\u2019arriv\u00e9e des beaux jours est souvent synonyme de d\u00e9tente, mais elle repr\u00e9sente un d\u00e9fi pour notre sant\u00e9 capillaire. Les rayons UV, le sel marin et le chlore des piscines agissent comme des agents d\u00e9shydratants tr\u00e8s s\u00e9v\u00e8res. Savoir comment prendre soin de ses cheveux en ete est donc indispensable pour \u00e9viter une fibre capillaire poreuse. Une [&hellip;]<\/p>\n","protected":false},"author":4,"featured_media":7271,"comment_status":"open","ping_status":"open","sticky":false,"template":"","format":"standard","meta":{"footnotes":""},"categories":[29],"tags":[],"class_list":["post-7270","post","type-post","status-publish","format-standard","has-post-thumbnail","hentry","category-blog"],"_links":{"self":[{"href":"https:\/\/www.capilclinic.com\/fr\/wp-json\/wp\/v2\/posts\/7270","targetHints":{"allow":["GET"]}}],"collection":[{"href":"https:\/\/www.capilclinic.com\/fr\/wp-json\/wp\/v2\/posts"}],"about":[{"href":"https:\/\/www.capilclinic.com\/fr\/wp-json\/wp\/v2\/types\/post"}],"author":[{"embeddable":true,"href":"https:\/\/www.capilclinic.com\/fr\/wp-json\/wp\/v2\/users\/4"}],"replies":[{"embeddable":true,"href":"https:\/\/www.capilclinic.com\/fr\/wp-json\/wp\/v2\/comments?post=7270"}],"version-history":[{"count":1,"href":"https:\/\/www.capilclinic.com\/fr\/wp-json\/wp\/v2\/posts\/7270\/revisions"}],"predecessor-version":[{"id":7278,"href":"https:\/\/www.capilclinic.com\/fr\/wp-json\/wp\/v2\/posts\/7270\/revisions\/7278"}],"wp:featuredmedia":[{"embeddable":true,"href":"https:\/\/www.capilclinic.com\/fr\/wp-json\/wp\/v2\/media\/7271"}],"wp:attachment":[{"href":"https:\/\/www.capilclinic.com\/fr\/wp-json\/wp\/v2\/media?parent=7270"}],"wp:term":[{"taxonomy":"category","embeddable":true,"href":"https:\/\/www.capilclinic.com\/fr\/wp-json\/wp\/v2\/categories?post=7270"},{"taxonomy":"post_tag","embeddable":true,"href":"https:\/\/www.capilclinic.com\/fr\/wp-json\/wp\/v2\/tags?post=7270"}],"curies":[{"name":"wp","href":"https:\/\/api.w.org\/{rel}","templated":true}]}}