{"id":7261,"date":"2026-09-02T11:10:23","date_gmt":"2026-09-02T08:10:23","guid":{"rendered":"https:\/\/www.capilclinic.com\/?p=7261"},"modified":"2026-09-02T11:10:23","modified_gmt":"2026-09-02T08:10:23","slug":"pourquoi-nos-cheveux-saffaiblissent","status":"publish","type":"post","link":"https:\/\/www.capilclinic.com\/fr\/pourquoi-nos-cheveux-saffaiblissent\/","title":{"rendered":"Pourquoi nos cheveux s\u2019affaiblissent ?"},"content":{"rendered":"<p>La perte de densit\u00e9 et de vigueur capillaire est une pr\u00e9occupation majeure qui touche les hommes et les femmes. Pour comprendre <b>pourquoi nos cheveux saffaiblissent<\/b>, il faut analyser le cycle de vie complexe de chaque follicule pileux. Les agressions ext\u00e9rieures comme la pollution ou la chaleur excessive d\u00e9gradent quotidiennement la structure protectrice de votre fibre capillaire. Qu\u2019il s\u2019agisse d\u2019un ph\u00e9nom\u00e8ne passager ou d\u2019une pathologie sous-jacente, identifier l\u2019origine de cette fragilit\u00e9 reste une \u00e9tape cruciale. Vous devez stopper l\u2019affinement progressif pour favoriser une repousse saine et durable sur l\u2019ensemble de votre <strong>cuir chevelu.<\/strong><\/p>\n<p>Les carences nutritionnelles et le stress chronique influencent directement<a href=\"https:\/\/www.capilclinic.fr\/blog\/keratine-cheveux-bienfaits\/\" target=\"_blank\" rel=\"noopener\"> la qualit\u00e9 de la<strong> k\u00e9ratine<\/strong> produite<\/a> par votre propre corps. Un examen attentif des habitudes de vie r\u00e9v\u00e8le souvent des causes cach\u00e9es qui nuisent \u00e0 la vitalit\u00e9 des racines. Les experts recommandent des soins cibl\u00e9s pour nourrir les bulbes et restaurer la force naturelle de votre chevelure fatigu\u00e9e. Comprendre ces m\u00e9canismes biologiques permet d\u2019adopter les bonnes solutions pour retrouver rapidement une masse capillaire vraiment satisfaisante.<\/p>\n<h2>Comprendre pourquoi nos cheveux saffaiblissent au quotidien<\/h2>\n<p><img loading=\"lazy\" decoding=\"async\" class=\"aligncenter size-full wp-image-7263\" src=\"https:\/\/www.capilclinic.com\/wp-content\/uploads\/2026\/09\/saffaiblissent-1_2026.webp\" alt=\"\" width=\"600\" height=\"400\" title=\"\" srcset=\"https:\/\/www.capilclinic.com\/wp-content\/uploads\/2026\/09\/saffaiblissent-1_2026.webp 600w, https:\/\/www.capilclinic.com\/wp-content\/uploads\/2026\/09\/saffaiblissent-1_2026-300x200.webp 300w, https:\/\/www.capilclinic.com\/wp-content\/uploads\/2026\/09\/saffaiblissent-1_2026-150x100.webp 150w\" sizes=\"auto, (max-width: 600px) 100vw, 600px\" \/><\/p>\n<p><strong>Le cheveu s\u2019affine visiblement lorsque la phase anag\u00e8ne de croissance naturelle est soudainement perturb\u00e9e ou m\u00eame drastiquement raccourcie.<\/strong> Ce ph\u00e9nom\u00e8ne biologique complexe r\u00e9duit la dur\u00e9e de vie de la fibre et diminue progressivement le diam\u00e8tre du cheveu. Une mauvaise microcirculation sanguine au niveau du cuir chevelu emp\u00eache l\u2019apport optimal des nutriments vers les racines fragiles. Les follicules pileux re\u00e7oivent alors moins d\u2019oxyg\u00e8ne, ce qui ralentit consid\u00e9rablement la synth\u00e8se de la nouvelle mati\u00e8re capillaire. Des carences nutritionnelles s\u00e9v\u00e8res privent \u00e9galement la k\u00e9ratine de ses composants essentiels comme le fer ou les acides amin\u00e9s.<\/p>\n<p>Le corps privil\u00e9gie les organes vitaux et d\u00e9laisse malheureusement la sant\u00e9 des cheveux en cas de stress m\u00e9tabolique. Sans ces \u00e9l\u00e9ments constructeurs, la tige capillaire devient poreuse, cassante et perd toute sa vigueur d\u2019origine tr\u00e8s rapidement. Vous devez donc surveiller votre alimentation pour garantir une production de k\u00e9ratine solide et prot\u00e9ger votre capital beaut\u00e9. Une stimulation r\u00e9guli\u00e8re du cuir chevelu favorise \u00e9galement un flux sanguin constant vers chaque bulbe pileux en activit\u00e9.<\/p>\n<h2>Les principaux facteurs environnementaux et biologiques<\/h2>\n<p>Plusieurs \u00e9l\u00e9ments cruciaux expliquent l\u2019affaiblissement de votre chevelure et n\u00e9cessitent une attention particuli\u00e8re pour prot\u00e9ger vos follicules pileux.<\/p>\n<ul>\n<li><b>Le stress oxydatif<\/b> : La pollution urbaine et les rayons UV endommagent gravement la structure externe de chaque tige capillaire.<\/li>\n<li><b>Les carences nutritionnelles<\/b> : Un manque important de vitamine B12 ou de zinc fragilise la racine et ralentit la pousse naturelle.<\/li>\n<li><b>Les agressions thermiques<\/b> : L\u2019usage excessif du s\u00e8che-cheveux ou des lisseurs br\u00fble la k\u00e9ratine protectrice de vos cheveux au quotidien.<\/li>\n<li><b>Les d\u00e9s\u00e9quilibres hormonaux<\/b> : Les variations durant la m\u00e9nopause ou l\u2019andropause modifient directement la densit\u00e9 de votre masse capillaire globale.<\/li>\n<li><b>Les facteurs g\u00e9n\u00e9tiques<\/b> : La miniaturisation progressive des follicules pileux r\u00e9duit la taille des nouveaux cheveux lors de chaque cycle.<\/li>\n<\/ul>\n<p><img loading=\"lazy\" decoding=\"async\" class=\"aligncenter size-full wp-image-7264\" src=\"https:\/\/www.capilclinic.com\/wp-content\/uploads\/2026\/09\/saffaiblissent-3_2026.webp\" alt=\"\" width=\"600\" height=\"400\" title=\"\" srcset=\"https:\/\/www.capilclinic.com\/wp-content\/uploads\/2026\/09\/saffaiblissent-3_2026.webp 600w, https:\/\/www.capilclinic.com\/wp-content\/uploads\/2026\/09\/saffaiblissent-3_2026-300x200.webp 300w, https:\/\/www.capilclinic.com\/wp-content\/uploads\/2026\/09\/saffaiblissent-3_2026-150x100.webp 150w\" sizes=\"auto, (max-width: 600px) 100vw, 600px\" \/><\/p>\n<p>Vous devez <a href=\"https:\/\/www.inserm.fr\/\" target=\"_blank\" rel=\"nofollow noopener\">identify ces causes sp\u00e9cifiques pour choisir un traitement<\/a> adapt\u00e9 capable de restaurer durablement votre vitalit\u00e9 capillaire. Une protection solaire efficace et une alimentation \u00e9quilibr\u00e9e constituent les premi\u00e8res barri\u00e8res contre ces agressions biologiques et environnementales.<\/p>\n<h2>Synth\u00e8se des causes de la perte de vitalit\u00e9<\/h2>\n<p><strong>Analyser les causes de l\u2019affaiblissement capillaire permet de choisir les traitements les plus adapt\u00e9s \u00e0 votre situation personnelle.<\/strong> Les carences nutritionnelles provoquent un affinement de la tige car votre corps manque de min\u00e9raux essentiels \u00e0 la croissance. Vous devez consommer des compl\u00e9ments alimentaires riches en biotine et en zinc pour nourrir efficacement vos racines en profondeur. Un d\u00e9s\u00e9quilibre hormonal entra\u00eene souvent une <strong>chute de cheveux<\/strong> diffuse qui n\u00e9cessite imp\u00e9rativement une consultation endocrinienne tr\u00e8s sp\u00e9cialis\u00e9e aujourd\u2019hui. Le stress oxydatif acc\u00e9l\u00e8re le vieillissement pr\u00e9matur\u00e9 des follicules pileux en d\u00e9gradant la qualit\u00e9 de la structure cellulaire interne.<\/p>\n<table>\n<thead>\n<tr>\n<td><strong>Cause<\/strong><\/td>\n<td><strong>Impact sur le cheveu<\/strong><\/td>\n<td><strong>Solution recommand\u00e9e<\/strong><\/td>\n<\/tr>\n<\/thead>\n<tbody>\n<tr>\n<td>Carences nutritionnelles<\/td>\n<td>Affinement de la tige<\/td>\n<td>Compl\u00e9ments alimentaires (Biotine, Zinc)<\/td>\n<\/tr>\n<tr>\n<td>D\u00e9s\u00e9quilibre hormonal<\/td>\n<td>Chute de cheveux diffuse<\/td>\n<td>Consultation endocrinienne<\/td>\n<\/tr>\n<tr>\n<td>Stress oxydatif<\/td>\n<td>Vieillissement pr\u00e9matur\u00e9<\/td>\n<td>Soins antioxydants et massages<\/td>\n<\/tr>\n<tr>\n<td>Traitements chimiques<\/td>\n<td>Porosit\u00e9 accrue<\/td>\n<td>Soins prot\u00e9in\u00e9s et repos capillaire<\/td>\n<\/tr>\n<\/tbody>\n<\/table>\n<p>Les traitements chimiques r\u00e9p\u00e9t\u00e9s augmentent la porosit\u00e9 de la fibre et fragilisent consid\u00e9rablement l\u2019\u00e9caille protectrice de chaque cheveu individuel. Appliquez des soins prot\u00e9in\u00e9s et accordez un repos capillaire total pour restaurer la force de votre chevelure ab\u00eem\u00e9e actuellement. L\u2019adoption de ces solutions cibl\u00e9es prot\u00e8ge durablement votre capital beaut\u00e9 contre les agressions quotidiennes de notre environnement moderne.<\/p>\n<h2>Les causes m\u00e9dicales et pathologies sp\u00e9cifiques<\/h2>\n<p><img loading=\"lazy\" decoding=\"async\" class=\"aligncenter size-full wp-image-7265\" src=\"https:\/\/www.capilclinic.com\/wp-content\/uploads\/2026\/09\/Effets-secondaires-de-la-greffe-de-cheveux-768x512_2026.webp\" alt=\"\" width=\"768\" height=\"512\" title=\"\" srcset=\"https:\/\/www.capilclinic.com\/wp-content\/uploads\/2026\/09\/Effets-secondaires-de-la-greffe-de-cheveux-768x512_2026.webp 768w, https:\/\/www.capilclinic.com\/wp-content\/uploads\/2026\/09\/Effets-secondaires-de-la-greffe-de-cheveux-768x512_2026-300x200.webp 300w, https:\/\/www.capilclinic.com\/wp-content\/uploads\/2026\/09\/Effets-secondaires-de-la-greffe-de-cheveux-768x512_2026-600x400.webp 600w, https:\/\/www.capilclinic.com\/wp-content\/uploads\/2026\/09\/Effets-secondaires-de-la-greffe-de-cheveux-768x512_2026-150x100.webp 150w\" sizes=\"auto, (max-width: 768px) 100vw, 768px\" \/><\/p>\n<p>Certains troupes cutan\u00e9s ou capillaires expliquent directement pourquoi la fibre perd sa solidit\u00e9 et sa brillance naturelle aujourd\u2019hui. Une approche clinique rigoureuse devient alors totalement n\u00e9cessaire pour traiter efficacement la source r\u00e9elle de votre probl\u00e8me capillaire.<strong> Des pathologies comme le lichen plan ou le lupus provoquent parfois des inflammations s\u00e9v\u00e8res qui d\u00e9truisent les follicules pileux.<\/strong><\/p>\n<p>Vous devez consulter un dermatologue sp\u00e9cialis\u00e9 pour identifier pr\u00e9cis\u00e9ment ces maladies auto-immunes affectant votre cuir chevelu tr\u00e8s fragile. Un traitement m\u00e9dical adapt\u00e9 permet de stopper la progression de la chute avant que les dommages ne deviennent irr\u00e9versibles.<\/p>\n<h3>L\u2019impact des maladies du cuir chevelu<\/h3>\n<p>Certaines conditions inflammatoires graves peuvent expliquer la fragilit\u00e9 capillaire ainsi que la perte de densit\u00e9 de vos cheveux<strong>. Par exemple, la <a href=\"https:\/\/www.capilclinic.fr\/blog\/dermatite-seborrheique\/\" target=\"_blank\" rel=\"noopener\">dermatite s\u00e9borrh\u00e9ique provoque des irritations cutan\u00e9es<\/a> qui \u00e9touffent la racine et freinent la croissance naturelle<\/strong>. Ces maladies perturbent l\u2019\u00e9quilibre microbiologique indispensable pour maintenir des follicules pileux en parfaite sant\u00e9 sur le long terme.<\/p>\n<p>Vous devez traiter ces pathologies rapidement pour \u00e9viter un affaiblissement d\u00e9finitif de votre chevelure face aux agressions ext\u00e9rieures. Un cuir chevelu sain garantit une meilleure circulation sanguine pour nourrir efficacement chaque fibre depuis sa base profonde.<\/p>\n<h3>Les anomalies de la tige capillaire<\/h3>\n<p>Les anomalies de la tige capillaire modifient radicalement la structure interne et l\u2019aspect visuel de votre chevelure enti\u00e8re. <strong>Des pathologies <a href=\"https:\/\/www.capilclinic.fr\/blog\/le-trichorrhexis-nodosa-quest-ce-que-cest\/\" target=\"_blank\" rel=\"noopener\">comme le trichorrhexis nodosa<\/a> cr\u00e9ent des points de rupture sur le cheveu, le rendant extr\u00eamement cassant.<\/strong> Cette fragilit\u00e9 excessive emp\u00eache la fibre de pousser normalement et lui donne un aspect terne et tr\u00e8s fatigu\u00e9. Vous devez utiliser des soins reconstructeurs sp\u00e9cifiques pour prot\u00e9ger ces zones sensibles contre les agressions physiques quotidiennes r\u00e9p\u00e9t\u00e9es.<\/p>\n<p>Les brossages violents ou la chaleur thermique aggravent ces l\u00e9sions microscopiques situ\u00e9es le long de la tige capillaire. Un diagnostic professionnel permet d\u2019identifier pr\u00e9cis\u00e9ment l\u2019origine de cette d\u00e9gradation pour restaurer la force de vos cheveux.<\/p>\n<h3>L\u2019alop\u00e9cie androg\u00e9n\u00e9tique<\/h3>\n<p>L\u2019<strong>alop\u00e9cie androg\u00e9n\u00e9tique<\/strong> constitue la cause la plus fr\u00e9quente de l\u2019affaiblissement progressif du diam\u00e8tre de chaque cheveu sur votre t\u00eate. Cette condition m\u00e9dicale sp\u00e9cifique provient directement d\u2019une sensibilit\u00e9 g\u00e9n\u00e9tique accrue aux hormones m\u00e2les pr\u00e9sentes dans votre organisme complexe. La dihydrotestost\u00e9rone raccourcit le cycle de croissance naturelle en provoquant une miniaturisation irr\u00e9versible de vos follicules pileux trop fragiles. Vous observez alors une perte de densit\u00e9 graduelle qui touche principalement le sommet du cr\u00e2ne et les tempes d\u00e9gag\u00e9es. Un traitement m\u00e9dical pr\u00e9coce permet de ralentir ce processus hormonal pour pr\u00e9server durablement votre capital capillaire d\u00e9j\u00e0 menac\u00e9.<\/p>\n<h3>Effets des m\u00e9dicaments et traitements lourds<\/h3>\n<p><img loading=\"lazy\" decoding=\"async\" class=\"aligncenter size-full wp-image-7266\" src=\"https:\/\/www.capilclinic.com\/wp-content\/uploads\/2026\/09\/saffaiblissent-2_2026.webp\" alt=\"\" width=\"600\" height=\"400\" title=\"\" srcset=\"https:\/\/www.capilclinic.com\/wp-content\/uploads\/2026\/09\/saffaiblissent-2_2026.webp 600w, https:\/\/www.capilclinic.com\/wp-content\/uploads\/2026\/09\/saffaiblissent-2_2026-300x200.webp 300w, https:\/\/www.capilclinic.com\/wp-content\/uploads\/2026\/09\/saffaiblissent-2_2026-150x100.webp 150w\" sizes=\"auto, (max-width: 600px) 100vw, 600px\" \/><\/p>\n<p>Certains traitements m\u00e9dicaux peuvent alt\u00e9rer gravement la phase de croissance anag\u00e8ne de vos follicules pileux en plein d\u00e9veloppement. Cette perturbation biologique provoque souvent un affaiblissement soudain et visible de la masse capillaire sur l\u2019ensemble du cr\u00e2ne. Les mol\u00e9cules chimiques puissantes ciblent parfois les cellules saines qui assurent la division rapide au sein du bulbe pileux.<\/p>\n<p>Vous devez discuter avec votre m\u00e9decin traitant pour comprendre <a href=\"https:\/\/www.has-sante.fr\/\" target=\"_blank\" rel=\"nofollow noopener\">l\u2019impact r\u00e9el de ces soins sur votre <strong>sant\u00e9 capillaire<\/strong><\/a>. Heureusement, la chevelure retrouve g\u00e9n\u00e9ralement sa densit\u00e9 naturelle quelques mois apr\u00e8s l\u2019arr\u00eat d\u00e9finitif des protocoles m\u00e9dicaux les plus lourds.<\/p>\n<h2>Questions Fr\u00e9quentes<\/h2>\n<h3>Le manque de fer peut-il affaiblir les cheveux ?<\/h3>\n<p>L\u2019an\u00e9mie constitue une cause majeure de la perte de densit\u00e9 capillaire chez de nombreux patients hommes et femmes. Le fer transporte l\u2019oxyg\u00e8ne n\u00e9cessaire vers les racines pour assurer une division cellulaire efficace au sein du bulbe. Une carence s\u00e9v\u00e8re interrompt brusquement le <strong>cycle de croissance et provoque un affinement visible de votre masse capillaire.<\/strong><\/p>\n<p>Votre corps privil\u00e9gie les organes vitaux et d\u00e9laisse malheureusement la nutrition des follicules pileux en cas de manque. Vous devez r\u00e9aliser un bilan sanguin complet pour <a href=\"https:\/\/www.vidal.fr\/\" target=\"_blank\" rel=\"nofollow noopener\">v\u00e9rifier votre taux de ferritine avant de commencer tout traitement.<\/a><\/p>\n<h3>Comment savoir si mon cheveu est affaibli ou s\u2019il tombe normalement ?<\/h3>\n<p><strong>Une perte sup\u00e9rieure \u00e0 cent cheveux par jour ou un changement de texture visible doit alerter votre attention imm\u00e9diatement.<\/strong> Vous devez observer attentivement la densit\u00e9 de votre chevelure lors du brossage matinal ou apr\u00e8s votre shampooing habituel. Un cheveu affaibli perd son \u00e9lasticit\u00e9 naturelle et semble beaucoup plus fin au toucher sur toute sa longueur. La racine ne produit plus assez de k\u00e9ratine pour maintenir une structure solide face aux manipulations quotidiennes des soins. Les experts conseillent de surveiller le cuir chevelu pour d\u00e9tecter des zones de clairsemance inhabituelles et tr\u00e8s localis\u00e9es.<\/p>\n<h3>L\u2019eau calcaire est-elle responsable ?<\/h3>\n<p>Le calcaire pr\u00e9sent dans l\u2019eau peut rendre le cheveu sec et tr\u00e8s r\u00eache apr\u00e8s chaque lavage sous la douche. Cependant, ces d\u00e9p\u00f4ts min\u00e9raux ne constituent absolument pas la cause profonde de l\u2019affaiblissement biologique de votre <strong>bulbe pileux<\/strong>.<\/p>\n<p><img loading=\"lazy\" decoding=\"async\" class=\"aligncenter size-full wp-image-7267\" src=\"https:\/\/www.capilclinic.com\/wp-content\/uploads\/2026\/09\/saffaiblissent-4_2026.webp\" alt=\"\" width=\"600\" height=\"400\" title=\"\" srcset=\"https:\/\/www.capilclinic.com\/wp-content\/uploads\/2026\/09\/saffaiblissent-4_2026.webp 600w, https:\/\/www.capilclinic.com\/wp-content\/uploads\/2026\/09\/saffaiblissent-4_2026-300x200.webp 300w, https:\/\/www.capilclinic.com\/wp-content\/uploads\/2026\/09\/saffaiblissent-4_2026-150x100.webp 150w\" sizes=\"auto, (max-width: 600px) 100vw, 600px\" \/><\/p>\n<p>Les r\u00e9sidus calcaires \u00e9touffent simplement la cuticule externe sans alt\u00e9rer la programmation g\u00e9n\u00e9tique de la croissance de vos cheveux. Vous devez utiliser un filtre ou un soin acide pour neutraliser efficacement les effets n\u00e9fastes de l\u2019eau dure. Une hydratation r\u00e9guli\u00e8re compense la s\u00e9cheresse superficielle tout en redonnant une souplesse imm\u00e9diate \u00e0 votre chevelure souvent ternie.<\/p>\n<h3>Existe-t-il des solutions permanentes ?<\/h3>\n<p>Pour les cas les plus avanc\u00e9s, la <strong>greffe de cheveux<\/strong> offre des r\u00e9sultats d\u00e9finitifs et naturels vraiment tr\u00e8s impressionnants. Cette intervention chirurgicale sophistiqu\u00e9e d\u00e9place des follicules r\u00e9sistants vers les zones d\u00e9garnies de votre cuir chevelu assez fatigu\u00e9. La m\u00e9soth\u00e9rapie capillaire constitue \u00e9galement une excellente alternative pour nourrir intens\u00e9ment les racines et stopper l\u2019affinement des fibres.<\/p>\n<p>Vous recevez des injections directes de nutriments essentiels qui stimulent activement la r\u00e9g\u00e9n\u00e9ration cellulaire de vos tissus cutan\u00e9s profonds. <strong>Ces solutions m\u00e9dicales de pointe garantissent une chevelure dense ainsi qu\u2019une confiance en soi totalement retrouv\u00e9e pour longtemps.<\/strong><\/p>\n<h2>Conclusion<\/h2>\n<p>En conclusion,<strong> identifier pourquoi nos cheveux saffaiblissent est crucial pour adopter enfin les bons gestes de soin quotidien<\/strong>. Qu\u2019il s\u2019agisse de modifier ses habitudes de vie ou de traiter une pathologie comme la dermatite, intervenez tr\u00e8s rapidement. Une action pr\u00e9coce permet souvent de restaurer la densit\u00e9 et de prot\u00e9ger votre capital capillaire sur le long terme. Vous devez privil\u00e9gier des solutions m\u00e9dicales valid\u00e9es pour garantir la sant\u00e9 de vos follicules pileux les plus fragiles. Une routine \u00e9quilibr\u00e9e et une alimentation riche en vitamines soutiennent activement la production naturelle de k\u00e9ratine tr\u00e8s r\u00e9sistante.<\/p>\n<p>Comprendre les causes r\u00e9elles de cet affinement aide \u00e0 choisir les traitements les plus performants pour votre cas personnel. Les technologies modernes offrent aujourd\u2019hui des r\u00e9sultats exceptionnels pour redonner de la force \u00e0 votre chevelure fatigu\u00e9e ou clairsem\u00e9e. <strong>Vous constatez un affinement persistant ?<\/strong> <a href=\"http:\/\/capilclinic.fr\/\" target=\"_blank\" rel=\"noopener\">Nos experts chez <strong>CapilClinic<\/strong> vous proposent un diagnostic capillaire gratuit<\/a> pour identifier la solution adapt\u00e9e \u00e0 votre situation. Prenez rendez-vous d\u00e8s maintenant pour b\u00e9n\u00e9ficier d\u2019un accompagnement professionnel et retrouver une masse capillaire visiblement plus dense.<\/p>\n","protected":false},"excerpt":{"rendered":"<p>La perte de densit\u00e9 et de vigueur capillaire est une pr\u00e9occupation majeure qui touche les hommes et les femmes. Pour comprendre pourquoi nos cheveux saffaiblissent, il faut analyser le cycle de vie complexe de chaque follicule pileux. Les agressions ext\u00e9rieures comme la pollution ou la chaleur excessive d\u00e9gradent quotidiennement la structure protectrice de votre fibre [&hellip;]<\/p>\n","protected":false},"author":4,"featured_media":7262,"comment_status":"open","ping_status":"open","sticky":false,"template":"","format":"standard","meta":{"footnotes":""},"categories":[29],"tags":[],"class_list":["post-7261","post","type-post","status-publish","format-standard","has-post-thumbnail","hentry","category-blog"],"_links":{"self":[{"href":"https:\/\/www.capilclinic.com\/fr\/wp-json\/wp\/v2\/posts\/7261","targetHints":{"allow":["GET"]}}],"collection":[{"href":"https:\/\/www.capilclinic.com\/fr\/wp-json\/wp\/v2\/posts"}],"about":[{"href":"https:\/\/www.capilclinic.com\/fr\/wp-json\/wp\/v2\/types\/post"}],"author":[{"embeddable":true,"href":"https:\/\/www.capilclinic.com\/fr\/wp-json\/wp\/v2\/users\/4"}],"replies":[{"embeddable":true,"href":"https:\/\/www.capilclinic.com\/fr\/wp-json\/wp\/v2\/comments?post=7261"}],"version-history":[{"count":2,"href":"https:\/\/www.capilclinic.com\/fr\/wp-json\/wp\/v2\/posts\/7261\/revisions"}],"predecessor-version":[{"id":7269,"href":"https:\/\/www.capilclinic.com\/fr\/wp-json\/wp\/v2\/posts\/7261\/revisions\/7269"}],"wp:featuredmedia":[{"embeddable":true,"href":"https:\/\/www.capilclinic.com\/fr\/wp-json\/wp\/v2\/media\/7262"}],"wp:attachment":[{"href":"https:\/\/www.capilclinic.com\/fr\/wp-json\/wp\/v2\/media?parent=7261"}],"wp:term":[{"taxonomy":"category","embeddable":true,"href":"https:\/\/www.capilclinic.com\/fr\/wp-json\/wp\/v2\/categories?post=7261"},{"taxonomy":"post_tag","embeddable":true,"href":"https:\/\/www.capilclinic.com\/fr\/wp-json\/wp\/v2\/tags?post=7261"}],"curies":[{"name":"wp","href":"https:\/\/api.w.org\/{rel}","templated":true}]}}