{"id":7176,"date":"2026-09-01T16:22:02","date_gmt":"2026-09-01T13:22:02","guid":{"rendered":"https:\/\/www.capilclinic.com\/?p=7176"},"modified":"2026-09-01T16:23:37","modified_gmt":"2026-09-01T13:23:37","slug":"chute-cheveux-racines-blanches-ce-normal","status":"publish","type":"post","link":"https:\/\/www.capilclinic.com\/fr\/chute-cheveux-racines-blanches-ce-normal\/","title":{"rendered":"Chute de cheveux avec racines blanches : normal ou inqui\u00e9tant ?"},"content":{"rendered":"<p><b>Constater la pr\u00e9sence d\u2019une petite boule blanche \u00e0 l\u2019extr\u00e9mit\u00e9 du cheveu qui vient de tomber peut g\u00e9n\u00e9rer imm\u00e9diatement une inqui\u00e9tude compr\u00e9hensible chez beaucoup de personnes.<\/b> Cette structure blanch\u00e2tre correspond g\u00e9n\u00e9ralement \u00e0 la <b>racine bulbaire<\/b>, ou bulbe pilaire, et sa pr\u00e9sence est absolument normale lorsqu\u2019un cheveu termine son cycle de vie naturel. Cependant, il est fondamental de savoir distinguer cette chute physiologique courante d\u2019une<a href=\"https:\/\/www.capilclinic.fr\/blog\/testosterone-perte-cheveux\/\" target=\"_blank\" rel=\"noopener\"> <b>perte pathologique<\/b><\/a> qui n\u00e9cessiterait une investigation m\u00e9dicale approfondie. La couleur blanche n\u2019indique pas forc\u00e9ment un probl\u00e8me, mais la quantit\u00e9 et la fr\u00e9quence de cette chute m\u00e9ritent d\u2019\u00eatre analys\u00e9es avec rigueur. <b>Nous vous proposons une analyse compl\u00e8te de ce ph\u00e9nom\u00e8ne pr\u00e9cis pour clarifier sa signification r\u00e9elle et d\u00e9terminer quand s\u2019inqui\u00e9ter.<\/b><\/p>\n<h2>Que signifie la racine blanche d\u2019un cheveu ?<\/h2>\n<p><img loading=\"lazy\" decoding=\"async\" class=\"aligncenter size-full wp-image-7180\" src=\"https:\/\/www.capilclinic.com\/wp-content\/uploads\/2026\/09\/Quelles-sont-les-causes-de-la-chute-des-cheveux-avec-des-racines-blanches-768x511_2026.webp\" alt=\"\" width=\"768\" height=\"511\" title=\"\" srcset=\"https:\/\/www.capilclinic.com\/wp-content\/uploads\/2026\/09\/Quelles-sont-les-causes-de-la-chute-des-cheveux-avec-des-racines-blanches-768x511_2026.webp 768w, https:\/\/www.capilclinic.com\/wp-content\/uploads\/2026\/09\/Quelles-sont-les-causes-de-la-chute-des-cheveux-avec-des-racines-blanches-768x511_2026-300x200.webp 300w, https:\/\/www.capilclinic.com\/wp-content\/uploads\/2026\/09\/Quelles-sont-les-causes-de-la-chute-des-cheveux-avec-des-racines-blanches-768x511_2026-600x400.webp 600w, https:\/\/www.capilclinic.com\/wp-content\/uploads\/2026\/09\/Quelles-sont-les-causes-de-la-chute-des-cheveux-avec-des-racines-blanches-768x511_2026-150x100.webp 150w\" sizes=\"auto, (max-width: 768px) 100vw, 768px\" \/><\/p>\n<p><b>La petite boule blanche que vous observez \u00e0 l\u2019extr\u00e9mit\u00e9 d\u2019un cheveu tomb\u00e9 correspond en r\u00e9alit\u00e9 au bulbe capillaire, soit la partie inf\u00e9rieure vivante du follicule pileux.<\/b> Le <b>follicule<\/b> repr\u00e9sente l\u2019organe cutan\u00e9 complexe qui fabrique et ancre fermement le cheveu dans le derme profond de la peau. Le <b>bulbe<\/b> est l\u2019endroit pr\u00e9cis o\u00f9 se produit la division cellulaire intense n\u00e9cessaire \u00e0 la production de la k\u00e9ratine, la prot\u00e9ine constitutive du cheveu, et o\u00f9 il est nourri par les vaisseaux sanguins.<\/p>\n<p>La pr\u00e9sence de cette petite structure blanch\u00e2tre signifie simplement que le cheveu est tomb\u00e9 naturellement \u00e0 la fin de sa <b>phase t\u00e9log\u00e8ne<\/b>, le cycle de repos, ou qu\u2019il a \u00e9t\u00e9 arrach\u00e9. Par cons\u00e9quent, il est essentiel de noter que la pr\u00e9sence du bulbe pilaire n\u2019indique absolument pas en soi une <b>perte pathologique<\/b> ou une maladie grave. <b>Un cheveu sain et ayant termin\u00e9 son cycle doit naturellement tomber avec son bulbe pour laisser la place \u00e0 un nouveau cheveu qui poussera imm\u00e9diatement apr\u00e8s.<\/b> Par cons\u00e9quent, seule la quantit\u00e9 et la dur\u00e9e de la chute doivent v\u00e9ritablement vous alerter sur un probl\u00e8me potentiel. <a href=\"https:\/\/www.passeportsante.net\/\" target=\"_blank\" rel=\"noopener\">https:\/\/www.passeportsante.net\/<\/a> \u2014 Explications sur le cycle capillaire.<\/p>\n<h3>Racine blanche = cheveu arriv\u00e9 en fin de cycle<\/h3>\n<p>La pr\u00e9sence d\u2019une racine blanche, ou bulbe pilaire, sur le cheveu qui vient de tomber signifie tr\u00e8s souvent que celui-ci est arriv\u00e9 naturellement en toute fin de son cycle de vie. Ce ph\u00e9nom\u00e8ne marque pr\u00e9cis\u00e9ment l\u2019entr\u00e9e du cheveu dans la <b>phase t\u00e9log\u00e8ne<\/b>, qui est la phase de repos terminale pr\u00e9c\u00e9dant in\u00e9luctablement sa chute physiologique normale. Pendant cette phase, l\u2019activit\u00e9 du follicule s\u2019arr\u00eate progressivement et la racine se d\u00e9tache alors l\u00e9g\u00e8rement de sa papille nourrici\u00e8re.<\/p>\n<p><img loading=\"lazy\" decoding=\"async\" class=\"aligncenter size-full wp-image-7181\" src=\"https:\/\/www.capilclinic.com\/wp-content\/uploads\/2026\/09\/Quest-ce-que-la-partie-blanche-qui-apparait-lorsque-le-cheveu-tombe-768x512_2026.webp\" alt=\"\" width=\"768\" height=\"512\" title=\"\" srcset=\"https:\/\/www.capilclinic.com\/wp-content\/uploads\/2026\/09\/Quest-ce-que-la-partie-blanche-qui-apparait-lorsque-le-cheveu-tombe-768x512_2026.webp 768w, https:\/\/www.capilclinic.com\/wp-content\/uploads\/2026\/09\/Quest-ce-que-la-partie-blanche-qui-apparait-lorsque-le-cheveu-tombe-768x512_2026-300x200.webp 300w, https:\/\/www.capilclinic.com\/wp-content\/uploads\/2026\/09\/Quest-ce-que-la-partie-blanche-qui-apparait-lorsque-le-cheveu-tombe-768x512_2026-600x400.webp 600w, https:\/\/www.capilclinic.com\/wp-content\/uploads\/2026\/09\/Quest-ce-que-la-partie-blanche-qui-apparait-lorsque-le-cheveu-tombe-768x512_2026-150x100.webp 150w\" sizes=\"auto, (max-width: 768px) 100vw, 768px\" \/><\/p>\n<p>La petite boule blanche visible repr\u00e9sente le bulbe dess\u00e9ch\u00e9, indiquant qu\u2019un nouveau cheveu est d\u00e9j\u00e0 en train de se former et de pr\u00e9parer sa repousse. <b>Il est donc important de ne pas paniquer face \u00e0 ce signe, car cela fait partie int\u00e9grante d\u2019un renouvellement capillaire sain et constant.<\/b><\/p>\n<h2>Chute normale ou pathologique ?<\/h2>\n<p><b>Il est essentiel de pouvoir distinguer clairement une chute naturelle des cheveux d\u2019une perte beaucoup plus pr\u00e9occupante qui n\u00e9cessite une intervention m\u00e9dicale.<\/b><\/p>\n<ul>\n<li>La <b>chute naturelle<\/b> (physiologique) est tr\u00e8s courante et se limite g\u00e9n\u00e9ralement \u00e0 la perte quotidienne d\u2019environ <b>50 \u00e0 100 cheveux par jour<\/b>, renouvel\u00e9s sans aucune perte de densit\u00e9 visible. Ces cheveux tombent avec leur bulbe blanc, signe qu\u2019ils ont termin\u00e9 leur cycle.<\/li>\n<li>La <b>chute diffuse<\/b> (effluvium t\u00e9log\u00e8ne) se caract\u00e9rise par une perte soudaine et massive, souvent d\u00e9clench\u00e9e par un choc intense (stress, fi\u00e8vre) ou par des d\u00e9s\u00e9quilibres internes (hormones, carences nutritionnelles). Ce type de perte concerne tout le cuir chevelu, mais reste le plus souvent r\u00e9versible.<\/li>\n<li>La <b>chute localis\u00e9e<\/b> est typique de l\u2019alop\u00e9cie, souvent d\u2019origine <b>androg\u00e9n\u00e9tique<\/b>, et se concentre sur des zones pr\u00e9cises comme le sommet du cr\u00e2ne ou les tempes, n\u00e9cessitant alors un traitement cibl\u00e9.<\/li>\n<li>Enfin, la <b>casse m\u00e9canique<\/b> ne concerne pas la racine et n\u2019est pas une chute \u00e0 proprement parler, mais plut\u00f4t une rupture du cheveu due \u00e0 des traitements chimiques agressifs. <b>L\u2019observation du bulbe pilaire et de la localisation de la perte aide grandement au diagnostic diff\u00e9rentiel pr\u00e9cis.<\/b><\/li>\n<\/ul>\n<h2>Comparatif : racines blanches vs racines sombres<\/h2>\n<p><img loading=\"lazy\" decoding=\"async\" class=\"aligncenter size-full wp-image-7183\" src=\"https:\/\/www.capilclinic.com\/wp-content\/uploads\/2026\/09\/Quest-ce-que-la-phase-telogene-qui-provoque-la-chute-des-cheveux-de-la-racine-blanche-768x512_2026.webp\" alt=\"\" width=\"768\" height=\"512\" title=\"\" srcset=\"https:\/\/www.capilclinic.com\/wp-content\/uploads\/2026\/09\/Quest-ce-que-la-phase-telogene-qui-provoque-la-chute-des-cheveux-de-la-racine-blanche-768x512_2026.webp 768w, https:\/\/www.capilclinic.com\/wp-content\/uploads\/2026\/09\/Quest-ce-que-la-phase-telogene-qui-provoque-la-chute-des-cheveux-de-la-racine-blanche-768x512_2026-300x200.webp 300w, https:\/\/www.capilclinic.com\/wp-content\/uploads\/2026\/09\/Quest-ce-que-la-phase-telogene-qui-provoque-la-chute-des-cheveux-de-la-racine-blanche-768x512_2026-600x400.webp 600w, https:\/\/www.capilclinic.com\/wp-content\/uploads\/2026\/09\/Quest-ce-que-la-phase-telogene-qui-provoque-la-chute-des-cheveux-de-la-racine-blanche-768x512_2026-150x100.webp 150w\" sizes=\"auto, (max-width: 768px) 100vw, 768px\" \/><\/p>\n<p><b>L\u2019aspect de la racine du cheveu tomb\u00e9 fournit des indications cruciales concernant la nature et la cause sous-jacente de la chute observ\u00e9e.<\/b><\/p>\n<table>\n<thead>\n<tr>\n<td><strong>Type de Racine<\/strong><\/td>\n<td><strong>Signification<\/strong><\/td>\n<td><strong>Gravit\u00e9<\/strong><\/td>\n<\/tr>\n<\/thead>\n<tbody>\n<tr>\n<td><b>Blanche<\/b><\/td>\n<td>Fin du cycle capillaire<\/td>\n<td>Normale<\/td>\n<\/tr>\n<tr>\n<td><b>Transparente<\/b><\/td>\n<td>Cheveu fragilis\u00e9<\/td>\n<td>Mod\u00e9r\u00e9e<\/td>\n<\/tr>\n<tr>\n<td><b>Noire<\/b><\/td>\n<td>Chute pr\u00e9matur\u00e9e<\/td>\n<td>\u00c0 surveiller<\/td>\n<\/tr>\n<\/tbody>\n<\/table>\n<p><b>La pr\u00e9sence d\u2019une racine blanche, ou bulbe pilaire, indique tr\u00e8s majoritairement que le cheveu a naturellement atteint la fin de son cycle de vie (phase t\u00e9log\u00e8ne).<\/b> Par cons\u00e9quent, cette chute est consid\u00e9r\u00e9e comme physiologique et <b>normale<\/b>, ne constituant pas une raison de s\u2019alarmer ou de s\u2019inqui\u00e9ter imm\u00e9diatement. Si la racine appara\u00eet <b>transparente<\/b> et fine, cela signale g\u00e9n\u00e9ralement un cheveu tr\u00e8s fragilis\u00e9 par des agressions externes ou des carences nutritionnelles l\u00e9g\u00e8res. <a href=\"https:\/\/www.futura-sciences.com\/sante\/\" target=\"_blank\" rel=\"noopener\">https:\/\/www.futura-sciences.com\/sante\/<\/a> \u2014 Articles scientifiques sur la pousse des cheveux.<\/p>\n<p>Cette condition requiert des soins capillaires adapt\u00e9s pour renforcer la fibre, impliquant une vigilance <b>mod\u00e9r\u00e9e<\/b> dans votre routine. En revanche, si la racine est <b>noire<\/b> ou tr\u00e8s pigment\u00e9e, cela sugg\u00e8re une <b>chute pr\u00e9matur\u00e9e<\/b> violente du cheveu, arrach\u00e9 avant la fin de sa phase de croissance (anag\u00e8ne). Cette situation doit \u00eatre <b>surveill\u00e9e<\/b> attentivement et n\u00e9cessite souvent un avis m\u00e9dical pour \u00e9carter toute pathologie.<\/p>\n<h2>Comment r\u00e9duire la chute capillaire<\/h2>\n<p><img loading=\"lazy\" decoding=\"async\" class=\"aligncenter size-full wp-image-7184\" src=\"https:\/\/www.capilclinic.com\/wp-content\/uploads\/2026\/09\/Chute-de-cheveux-avec-racines-blanches-Autres-traitements-768x512_2026.webp\" alt=\"\" width=\"768\" height=\"512\" title=\"\" srcset=\"https:\/\/www.capilclinic.com\/wp-content\/uploads\/2026\/09\/Chute-de-cheveux-avec-racines-blanches-Autres-traitements-768x512_2026.webp 768w, https:\/\/www.capilclinic.com\/wp-content\/uploads\/2026\/09\/Chute-de-cheveux-avec-racines-blanches-Autres-traitements-768x512_2026-300x200.webp 300w, https:\/\/www.capilclinic.com\/wp-content\/uploads\/2026\/09\/Chute-de-cheveux-avec-racines-blanches-Autres-traitements-768x512_2026-600x400.webp 600w, https:\/\/www.capilclinic.com\/wp-content\/uploads\/2026\/09\/Chute-de-cheveux-avec-racines-blanches-Autres-traitements-768x512_2026-150x100.webp 150w\" sizes=\"auto, (max-width: 768px) 100vw, 768px\" \/><\/p>\n<h3>Habitudes \u00e0 adopter<\/h3>\n<p><b>Pour minimiser la chute et soutenir efficacement la sant\u00e9 du cuir chevelu, il est indispensable d\u2019adopter des habitudes tr\u00e8s douces et r\u00e9guli\u00e8res dans votre quotidien.<\/b> Privil\u00e9giez des <b>soins doux<\/b> pour vos cheveux, utilisant des shampoings sans sulfates agressifs et en \u00e9vitant le brossage excessif lorsque les cheveux sont mouill\u00e9s. Adoptez une <b>alimentation riche<\/b> et parfaitement \u00e9quilibr\u00e9e en prot\u00e9ines, en fer et en zinc pour nourrir le follicule pilaire de l\u2019int\u00e9rieur de mani\u00e8re optimale. L\u2019int\u00e9gration de <b>massages du cuir chevelu<\/b> quotidiens stimule activement la circulation sanguine locale, am\u00e9liorant ainsi l\u2019apport crucial d\u2019oxyg\u00e8ne et de nutriments. Ces pratiques simples et cibl\u00e9es contribuent grandement \u00e0 renforcer la phase de croissance de vos cheveux.<\/p>\n<h3>Traitements compl\u00e9mentaires<\/h3>\n<p>En compl\u00e9ment des soins dermatologiques de base, certains traitements peuvent aider \u00e0 fortifier les cheveux et \u00e0 stimuler une repousse plus saine. Par cons\u00e9quent, l\u2019application quotidienne de <b>s\u00e9rums fortifiants<\/b> riches en ingr\u00e9dients actifs, comme la caf\u00e9ine ou l\u2019Aminexil, prolonge efficacement la phase de <a href=\"https:\/\/www.capilclinic.fr\/blog\/comment-la-pollution-influence-t-elle-la-chute-des-cheveux\/\" target=\"_blank\" rel=\"noopener\">croissance des cheveux<\/a>. La th\u00e9rapie par <b>PRP<\/b> (Plasma Riche en Plaquettes) est une option m\u00e9dicale de pointe qui consiste \u00e0 injecter des facteurs de croissance directement dans le cuir chevelu. Par cons\u00e9quent, une <b>suppl\u00e9mentation vitaminique<\/b> orale cibl\u00e9e, contenant du fer, du zinc et de la biotine, corrige les carences alimentaires qui peuvent aggraver la chute. <b>Il est absolument n\u00e9cessaire d\u2019associer ces traitements pour obtenir les meilleurs r\u00e9sultats possibles et durables.<\/b><\/p>\n<h2>Foire aux questions<\/h2>\n<h3>Les racines blanches sont-elles normales ?<\/h3>\n<p><img loading=\"lazy\" decoding=\"async\" class=\"aligncenter size-full wp-image-7185\" src=\"https:\/\/www.capilclinic.com\/wp-content\/uploads\/2026\/09\/La-perte-de-cheveux-sans-racine-blanche-est-elle-preoccupante-768x512_2026.webp\" alt=\"\" width=\"768\" height=\"512\" title=\"\" srcset=\"https:\/\/www.capilclinic.com\/wp-content\/uploads\/2026\/09\/La-perte-de-cheveux-sans-racine-blanche-est-elle-preoccupante-768x512_2026.webp 768w, https:\/\/www.capilclinic.com\/wp-content\/uploads\/2026\/09\/La-perte-de-cheveux-sans-racine-blanche-est-elle-preoccupante-768x512_2026-300x200.webp 300w, https:\/\/www.capilclinic.com\/wp-content\/uploads\/2026\/09\/La-perte-de-cheveux-sans-racine-blanche-est-elle-preoccupante-768x512_2026-600x400.webp 600w, https:\/\/www.capilclinic.com\/wp-content\/uploads\/2026\/09\/La-perte-de-cheveux-sans-racine-blanche-est-elle-preoccupante-768x512_2026-150x100.webp 150w\" sizes=\"auto, (max-width: 768px) 100vw, 768px\" \/><\/p>\n<p><b>Oui, la pr\u00e9sence d\u2019une racine blanche, repr\u00e9sentant le bulbe pilaire, \u00e0 l\u2019extr\u00e9mit\u00e9 d\u2019un cheveu tomb\u00e9 est g\u00e9n\u00e9ralement un signe parfaitement normal et non inqui\u00e9tant.<\/b> Cela indique de mani\u00e8re claire que le cheveu a naturellement termin\u00e9 sa phase de vie, entrant ainsi dans la phase t\u00e9log\u00e8ne, c\u2019est-\u00e0-dire la phase de repos et d\u2019expulsion. La chute de ces cheveux en fin de cycle laisse imm\u00e9diatement la place \u00e0 un nouveau cheveu qui commence d\u00e9j\u00e0 sa croissance active \u00e0 l\u2019int\u00e9rieur du follicule. Vous ne devriez vous inqui\u00e9ter que si cette chute normale d\u00e9passe largement les cent cheveux par jour ou si des zones se d\u00e9garnissent rapidement. <a href=\"https:\/\/www.inserm.fr\/\" target=\"_blank\" rel=\"noopener\">https:\/\/www.inserm.fr\/<\/a> \u2014 \u00c9tudes biologiques sur le follicule pileux.<\/p>\n<h3>Quand faut-il s\u2019inqui\u00e9ter ?<\/h3>\n<p>Il est normal de perdre entre 50 et 100 cheveux quotidiennement, car cela fait partie du renouvellement physiologique naturel du cycle pilaire en continu. Vous devriez commencer \u00e0 vous inqui\u00e9ter si votre chute quotidienne <b>d\u00e9passe clairement les 100 cheveux par jour<\/b>, surtout si cela est tr\u00e8s soudain et massif. Une autre raison majeure de s\u2019inqui\u00e9ter survient si la perte de cheveux avec bulbe <b>dure sans interruption plus de trois mois<\/b> cons\u00e9cutifs, sans montrer de signe de ralentissement visible. <b>Cette chronicit\u00e9 peut indiquer un effluvium t\u00e9log\u00e8ne persistant ou une alop\u00e9cie sous-jacente n\u00e9cessitant une consultation dermatologique imm\u00e9diate.<\/b><\/p>\n<h3>Les cheveux repoussent-ils apr\u00e8s chute blanche ?<\/h3>\n<p><b>Oui, dans l\u2019immense majorit\u00e9 des cas d\u2019une chute dite \u00ab blanche \u00bb, les cheveux repoussent normalement, car la pr\u00e9sence du bulbe entier n\u2019indique pas un dommage permanent du follicule.<\/b> Le follicule pileux reste parfaitement actif sous la peau apr\u00e8s l\u2019expulsion du cheveu et il se pr\u00e9pare imm\u00e9diatement \u00e0 produire une nouvelle tige pilaire. Le cheveu tomb\u00e9 \u00e9tait simplement arriv\u00e9 \u00e0 la fin de sa phase de repos (t\u00e9log\u00e8ne), son cycle de vie \u00e9tant donc termin\u00e9. Cependant, si la chute est pathologique et non cyclique, la repousse pourrait \u00eatre plus faible ou retard\u00e9e, n\u00e9cessitant alors une consultation sp\u00e9cialis\u00e9e pour un diagnostic pr\u00e9cis.<\/p>\n<h3>Les carences peuvent-elles influencer la couleur du bulbe ?<\/h3>\n<p>Oui, certaines carences nutritionnelles critiques peuvent indirectement influencer l\u2019aspect et la pigmentation visible du bulbe pilaire<b>.<\/b> Un manque s\u00e9v\u00e8re et prolong\u00e9 en <b>fer<\/b> peut affecter la sant\u00e9 g\u00e9n\u00e9rale du follicule, bien que cela ne blanchisse pas directement la racine du cheveu. De m\u00eame, une insuffisance marqu\u00e9e en <b>prot\u00e9ines<\/b> et en acides amin\u00e9s essentiels peut nuire \u00e0 la qualit\u00e9 structurelle et \u00e0 la pigmentation de la fibre capillaire en croissance. Les nutriments sont absolument n\u00e9cessaires au bon fonctionnement des m\u00e9lanocytes, les cellules responsables de la couleur. Corriger ces carences est crucial pour restaurer une chevelure saine et un cycle pilaire normal.<\/p>\n<h3>Faut-il consulter un dermatologue ?<\/h3>\n<p><img loading=\"lazy\" decoding=\"async\" class=\"aligncenter size-full wp-image-7186\" src=\"https:\/\/www.capilclinic.com\/wp-content\/uploads\/2026\/09\/Decouvrez-si-vous-etes-eligible-pour-une-greffe-de-cheveux_2026-2.webp\" alt=\"\" width=\"714\" height=\"475\" title=\"\" srcset=\"https:\/\/www.capilclinic.com\/wp-content\/uploads\/2026\/09\/Decouvrez-si-vous-etes-eligible-pour-une-greffe-de-cheveux_2026-2.webp 714w, https:\/\/www.capilclinic.com\/wp-content\/uploads\/2026\/09\/Decouvrez-si-vous-etes-eligible-pour-une-greffe-de-cheveux_2026-2-300x200.webp 300w, https:\/\/www.capilclinic.com\/wp-content\/uploads\/2026\/09\/Decouvrez-si-vous-etes-eligible-pour-une-greffe-de-cheveux_2026-2-600x400.webp 600w, https:\/\/www.capilclinic.com\/wp-content\/uploads\/2026\/09\/Decouvrez-si-vous-etes-eligible-pour-une-greffe-de-cheveux_2026-2-150x100.webp 150w\" sizes=\"auto, (max-width: 714px) 100vw, 714px\" \/><\/p>\n<p><b>Il est fortement conseill\u00e9 de consulter un dermatologue sp\u00e9cialis\u00e9 si la chute des cheveux avec le bulbe blanc persiste anormalement sur une longue p\u00e9riode de temps.<\/b> Une consultation s\u2019impose d\u2019autant plus si la perte massive et continue s\u2019accompagne de <b>d\u00e9mangeaisons<\/b> intenses, de rougeurs, ou de douleurs au niveau du cuir chevelu. Le m\u00e9decin doit \u00e9valuer toute inflammation ou infection qui pourrait \u00eatre la <a href=\"https:\/\/www.capilclinic.fr\/blog\/raisons-pour-lesquelles-nos-cheveux-cessent-de-pousser\/\" target=\"_blank\" rel=\"noopener\">cause de cette chute anormale et rapide<\/a>. La diminution visible de la <b>densit\u00e9 capillaire<\/b> globale doit vous alerter sur le risque de d\u00e9veloppement d\u2019une alop\u00e9cie plus complexe. Par cons\u00e9quent, ce professionnel \u00e9tablira le diagnostic pr\u00e9cis et proposera un traitement efficace et ad\u00e9quat \u00e0 votre situation personnelle.<\/p>\n<h2>Conclusion<\/h2>\n<p>En r\u00e9sum\u00e9, il est important de noter que la racine blanche visible \u00e0 l\u2019extr\u00e9mit\u00e9 du cheveu qui tombe est souvent un signe tout \u00e0 fait normal du renouvellement physiologique du cycle pilaire<b>.<\/b> Ce bulbe repr\u00e9sente le cheveu arriv\u00e9 naturellement en fin de son cycle de vie, pr\u00eat \u00e0 laisser place \u00e0 un nouveau cheveu sain. Nous vous encourageons cependant \u00e0 maintenir une <b>surveillance attentive<\/b> de l\u2019intensit\u00e9 quotidienne de cette chute pour d\u00e9tecter tout changement significatif ou persistant.<\/p>\n<p>Si vous constatez une augmentation soudaine ou une perte qui s\u2019\u00e9ternise au-del\u00e0 de trois mois, cela justifie une action. Par cons\u00e9quent, adopter une <b>approche pr\u00e9ventive<\/b> cibl\u00e9e est la meilleure strat\u00e9gie pour maintenir la densit\u00e9 de votre chevelure. Cela implique une <b>nutrition<\/b> riche en vitamines et min\u00e9raux, une <b>hygi\u00e8ne capillaire<\/b> tr\u00e8s douce et un <b>suivi dermatologique<\/b> si besoin. N\u2019oubliez jamais que la vigueur de la repousse et la sant\u00e9 de la fibre d\u00e9pendent surtout d\u2019un cuir chevelu parfaitement sain et bien irrigu\u00e9. Par cons\u00e9quent, <strong>p<\/strong><b>rendre soin de la base est la garantie d\u2019une chevelure forte et en pleine sant\u00e9 sur le long terme.<\/b><\/p>\n","protected":false},"excerpt":{"rendered":"<p>Constater la pr\u00e9sence d\u2019une petite boule blanche \u00e0 l\u2019extr\u00e9mit\u00e9 du cheveu qui vient de tomber peut g\u00e9n\u00e9rer imm\u00e9diatement une inqui\u00e9tude compr\u00e9hensible chez beaucoup de personnes. Cette structure blanch\u00e2tre correspond g\u00e9n\u00e9ralement \u00e0 la racine bulbaire, ou bulbe pilaire, et sa pr\u00e9sence est absolument normale lorsqu\u2019un cheveu termine son cycle de vie naturel. Cependant, il est fondamental [&hellip;]<\/p>\n","protected":false},"author":4,"featured_media":7177,"comment_status":"open","ping_status":"open","sticky":false,"template":"","format":"standard","meta":{"footnotes":""},"categories":[29],"tags":[],"class_list":["post-7176","post","type-post","status-publish","format-standard","has-post-thumbnail","hentry","category-blog"],"_links":{"self":[{"href":"https:\/\/www.capilclinic.com\/fr\/wp-json\/wp\/v2\/posts\/7176","targetHints":{"allow":["GET"]}}],"collection":[{"href":"https:\/\/www.capilclinic.com\/fr\/wp-json\/wp\/v2\/posts"}],"about":[{"href":"https:\/\/www.capilclinic.com\/fr\/wp-json\/wp\/v2\/types\/post"}],"author":[{"embeddable":true,"href":"https:\/\/www.capilclinic.com\/fr\/wp-json\/wp\/v2\/users\/4"}],"replies":[{"embeddable":true,"href":"https:\/\/www.capilclinic.com\/fr\/wp-json\/wp\/v2\/comments?post=7176"}],"version-history":[{"count":4,"href":"https:\/\/www.capilclinic.com\/fr\/wp-json\/wp\/v2\/posts\/7176\/revisions"}],"predecessor-version":[{"id":7187,"href":"https:\/\/www.capilclinic.com\/fr\/wp-json\/wp\/v2\/posts\/7176\/revisions\/7187"}],"wp:featuredmedia":[{"embeddable":true,"href":"https:\/\/www.capilclinic.com\/fr\/wp-json\/wp\/v2\/media\/7177"}],"wp:attachment":[{"href":"https:\/\/www.capilclinic.com\/fr\/wp-json\/wp\/v2\/media?parent=7176"}],"wp:term":[{"taxonomy":"category","embeddable":true,"href":"https:\/\/www.capilclinic.com\/fr\/wp-json\/wp\/v2\/categories?post=7176"},{"taxonomy":"post_tag","embeddable":true,"href":"https:\/\/www.capilclinic.com\/fr\/wp-json\/wp\/v2\/tags?post=7176"}],"curies":[{"name":"wp","href":"https:\/\/api.w.org\/{rel}","templated":true}]}}