{"id":7159,"date":"2026-09-01T15:52:17","date_gmt":"2026-09-01T12:52:17","guid":{"rendered":"https:\/\/www.capilclinic.com\/?p=7159"},"modified":"2026-09-01T15:52:17","modified_gmt":"2026-09-01T12:52:17","slug":"combattre-chute-cheveux-causee-par-le-covid","status":"publish","type":"post","link":"https:\/\/www.capilclinic.com\/fr\/combattre-chute-cheveux-causee-par-le-covid\/","title":{"rendered":"Chute de cheveux apr\u00e8s Covid-19 : causes &#038; solutions"},"content":{"rendered":"<p><b>La chute de cheveux repr\u00e9sente malheureusement une cons\u00e9quence fr\u00e9quente et tr\u00e8s perturbante qui survient souvent apr\u00e8s une infection au virus Covid-19, m\u00eame l\u00e9g\u00e8re ou asymptomatique.<\/b> Cette perte massive et soudaine est m\u00e9dicalement reconnue comme un <b>effluvium t\u00e9log\u00e8ne<\/b> aigu, caract\u00e9ris\u00e9 par l\u2019entr\u00e9e pr\u00e9matur\u00e9e d\u2019un grand nombre de cheveux en phase de chute. Ce m\u00e9canisme est directement d\u00e9clench\u00e9 par la forte <b>fi\u00e8vre<\/b>, l\u2019intense <b>inflammation<\/b> syst\u00e9mique et le <b>stress physiologique<\/b> majeur que l\u2019infection inflige au corps entier.<\/p>\n<p>Il est essentiel de comprendre cette r\u00e9action pour ne pas s\u2019inqui\u00e9ter outre mesure de cette <a href=\"https:\/\/www.capilclinic.fr\/blog\/perte-cheveux-obesite\/\" target=\"_blank\" rel=\"noopener\">chute temporaire des cheveux<\/a>. Nous nous engageons \u00e0 vous expliquer pourquoi cela se produit, combien de temps ce ph\u00e9nom\u00e8ne dure g\u00e9n\u00e9ralement, et surtout, comment agir concr\u00e8tement pour stimuler une repousse saine et rapide.<\/p>\n<h2>Pourquoi le Covid-19 provoque-t-il une chute de cheveux ?<\/h2>\n<p><img loading=\"lazy\" decoding=\"async\" class=\"aligncenter size-full wp-image-7161\" src=\"https:\/\/www.capilclinic.com\/wp-content\/uploads\/2026\/09\/Quelles-sont-les-causes-de-la-chute-des-cheveux-768x529_2026.webp\" alt=\"\" width=\"768\" height=\"529\" title=\"\" srcset=\"https:\/\/www.capilclinic.com\/wp-content\/uploads\/2026\/09\/Quelles-sont-les-causes-de-la-chute-des-cheveux-768x529_2026.webp 768w, https:\/\/www.capilclinic.com\/wp-content\/uploads\/2026\/09\/Quelles-sont-les-causes-de-la-chute-des-cheveux-768x529_2026-300x207.webp 300w, https:\/\/www.capilclinic.com\/wp-content\/uploads\/2026\/09\/Quelles-sont-les-causes-de-la-chute-des-cheveux-768x529_2026-150x103.webp 150w, https:\/\/www.capilclinic.com\/wp-content\/uploads\/2026\/09\/Quelles-sont-les-causes-de-la-chute-des-cheveux-768x529_2026-262x181.webp 262w\" sizes=\"auto, (max-width: 768px) 100vw, 768px\" \/><\/p>\n<p><b>L\u2019infection au Covid-19 d\u00e9clenche une r\u00e9action inflammatoire aigu\u00eb qui stresse consid\u00e9rablement le syst\u00e8me entier, provoquant ainsi la chute des cheveux.<\/b> Cette perte est principalement un <b>effluvium t\u00e9log\u00e8ne<\/b>, un ph\u00e9nom\u00e8ne caract\u00e9ris\u00e9 par l\u2019arr\u00eat brutal et massif de la croissance de nombreux follicules pileux. La <b>fi\u00e8vre \u00e9lev\u00e9e<\/b> et l\u2019infection elle-m\u00eame envoient un signal de d\u00e9tresse physiologique au corps, for\u00e7ant pr\u00e9matur\u00e9ment les cheveux en phase de repos (t\u00e9log\u00e8ne).<\/p>\n<p>La lib\u00e9ration excessive de <b>cytokines<\/b> pro-inflammatoires, g\u00e9n\u00e9r\u00e9e par la r\u00e9ponse immunitaire, perturbe directement le cycle pilaire normal de mani\u00e8re significative. De plus, les probl\u00e8mes respiratoires peuvent entra\u00eener une <b>hypoxie<\/b> (manque d\u2019oxyg\u00e8ne) temporaire, affectant indirectement l\u2019apport crucial de nutriments essentiels aux follicules pileux. <b>Ces m\u00e9canismes combin\u00e9s expliquent parfaitement pourquoi la perte de cheveux survient g\u00e9n\u00e9ralement deux \u00e0 trois mois apr\u00e8s l\u2019\u00e9pisode infectieux initial.<\/b><\/p>\n<h3>Le r\u00f4le de l\u2019inflammation et du stress physiologique<\/h3>\n<p><b>L\u2019infection par le Covid-19 g\u00e9n\u00e8re une puissante r\u00e9ponse inflammatoire syst\u00e9mique et un stress physiologique intense qui affectent directement le cycle pilaire.<\/b> L\u2019organisme per\u00e7oit cette agression comme une urgence vitale, redirigeant alors son \u00e9nergie disponible vers les fonctions organiques absolument essentielles \u00e0 la survie. En cons\u00e9quence directe, le corps envoie un signal fort aux follicules pileux pour les mettre au <b>repos pr\u00e9matur\u00e9ment<\/b>, interrompant ainsi leur phase anag\u00e8ne (croissance).<\/p>\n<p>Ce ph\u00e9nom\u00e8ne d\u00e9place massivement les cheveux de la phase de croissance active vers la phase t\u00e9log\u00e8ne, qui est la phase de chute et de repos. Le pic de fi\u00e8vre et la production excessive de cytokines inflammatoires agissent comme des d\u00e9clencheurs puissants de cette transition acc\u00e9l\u00e9r\u00e9e. C\u2019est cette synchronisation forc\u00e9e des follicules qui provoque ensuite la chute abondante et diffuse typique, observ\u00e9e g\u00e9n\u00e9ralement deux \u00e0 trois mois apr\u00e8s l\u2019infection initiale.<\/p>\n<p><img loading=\"lazy\" decoding=\"async\" class=\"aligncenter size-full wp-image-7162\" src=\"https:\/\/www.capilclinic.com\/wp-content\/uploads\/2026\/09\/Comment-COVID-19-peut-il-provoquer-la-perte-de-cheveux-700x466_2026.webp\" alt=\"\" width=\"700\" height=\"466\" title=\"\" srcset=\"https:\/\/www.capilclinic.com\/wp-content\/uploads\/2026\/09\/Comment-COVID-19-peut-il-provoquer-la-perte-de-cheveux-700x466_2026.webp 700w, https:\/\/www.capilclinic.com\/wp-content\/uploads\/2026\/09\/Comment-COVID-19-peut-il-provoquer-la-perte-de-cheveux-700x466_2026-300x200.webp 300w, https:\/\/www.capilclinic.com\/wp-content\/uploads\/2026\/09\/Comment-COVID-19-peut-il-provoquer-la-perte-de-cheveux-700x466_2026-600x400.webp 600w, https:\/\/www.capilclinic.com\/wp-content\/uploads\/2026\/09\/Comment-COVID-19-peut-il-provoquer-la-perte-de-cheveux-700x466_2026-150x100.webp 150w\" sizes=\"auto, (max-width: 700px) 100vw, 700px\" \/><\/p>\n<h2>Dur\u00e9e, sympt\u00f4mes et comparaison avec autres chutes<\/h2>\n<p><b>La chute de cheveux post-Covid-19 se caract\u00e9rise par un effluvium t\u00e9log\u00e8ne aigu et diffus qui d\u00e9bute g\u00e9n\u00e9ralement deux \u00e0 trois mois apr\u00e8s l\u2019infection initiale.<\/b> Ce ph\u00e9nom\u00e8ne est g\u00e9n\u00e9ralement <b>transitoire<\/b>, affectant uniform\u00e9ment l\u2019ensemble du cuir chevelu sans cr\u00e9er de zones chauves sp\u00e9cifiques. <a href=\"https:\/\/www.vichy.fr\/conseils-d-experts\/anti-chute\/covid-et-perte-de-cheveux?utm_source=chatgpt.com\" target=\"_blank\" rel=\"noopener\">https:\/\/www.vichy.fr\/conseils-d-experts\/anti-chute\/covid-et-perte-de-cheveux<\/a> \u2014 vulgarisation fiable.<\/p>\n<ul>\n<li><b>Chute soudaine +++<\/b> : La perte quotidienne de cheveux est massive et tr\u00e8s impressionnante, souvent remarqu\u00e9e lors du brossage ou du lavage.<\/li>\n<li><b>Zones non typiques<\/b> : La chute n\u2019affecte pas sp\u00e9cifiquement les zones hormono-sensibles comme la tonsure, distinguant la cause de l\u2019alop\u00e9cie androg\u00e9n\u00e9tique.<\/li>\n<li><b>Repousse lente<\/b> : La repousse des cheveux prend souvent du temps, exigeant patience et constance, car le cycle pilaire se relance progressivement.<\/li>\n<\/ul>\n<table>\n<thead>\n<tr>\n<td><strong>Type de chute<\/strong><\/td>\n<td><strong>D\u00e9clencheur<\/strong><\/td>\n<td><strong>Dur\u00e9e typique<\/strong><\/td>\n<td><strong>Pronostic<\/strong><\/td>\n<\/tr>\n<\/thead>\n<tbody>\n<tr>\n<td>Post-Covid (Effluvium)<\/td>\n<td>Infection, fi\u00e8vre, stress<\/td>\n<td><b>3 \u00e0 6 mois<\/b><\/td>\n<td><b>Excellente repousse<\/b><\/td>\n<\/tr>\n<tr>\n<td>Alop\u00e9cie androg\u00e9n\u00e9tique<\/td>\n<td>Hormones, facteurs g\u00e9n\u00e9tiques<\/td>\n<td>Permanente, progressive<\/td>\n<td>N\u00e9cessite un traitement tr\u00e8s long<\/td>\n<\/tr>\n<tr>\n<td>Carence nutritionnelle<\/td>\n<td>Fer, zinc, prot\u00e9ines<\/td>\n<td>Variable selon la carence<\/td>\n<td><b>Bonne repousse si corrig\u00e9e<\/b><\/td>\n<\/tr>\n<\/tbody>\n<\/table>\n<p>Cette comparaison d\u00e9montre clairement le caract\u00e8re auto-r\u00e9solutif de la chute post-Covid, qui se distingue des m\u00e9canismes des autres alop\u00e9cies.<\/p>\n<h2>Que faire pour soutenir la repousse apr\u00e8s Covid-19 ?<\/h2>\n<p><img loading=\"lazy\" decoding=\"async\" class=\"aligncenter size-full wp-image-7163\" src=\"https:\/\/www.capilclinic.com\/wp-content\/uploads\/2026\/09\/Comment-choisir-la-meilleure-clinique-de-greffe-de-cheveux-et-le-meilleur-chirurgien-capillaire_2026-2.webp\" alt=\"\" width=\"661\" height=\"481\" title=\"\" srcset=\"https:\/\/www.capilclinic.com\/wp-content\/uploads\/2026\/09\/Comment-choisir-la-meilleure-clinique-de-greffe-de-cheveux-et-le-meilleur-chirurgien-capillaire_2026-2.webp 661w, https:\/\/www.capilclinic.com\/wp-content\/uploads\/2026\/09\/Comment-choisir-la-meilleure-clinique-de-greffe-de-cheveux-et-le-meilleur-chirurgien-capillaire_2026-2-300x218.webp 300w, https:\/\/www.capilclinic.com\/wp-content\/uploads\/2026\/09\/Comment-choisir-la-meilleure-clinique-de-greffe-de-cheveux-et-le-meilleur-chirurgien-capillaire_2026-2-150x109.webp 150w\" sizes=\"auto, (max-width: 661px) 100vw, 661px\" \/><\/p>\n<p><b>Pour soutenir activement la repousse des cheveux apr\u00e8s un effluvium t\u00e9log\u00e8ne post-COVID-19, il est fondamental d\u2019adopter une approche tr\u00e8s holistique et proactive.<\/b> Le r\u00e9tablissement d\u2019une <b>hygi\u00e8ne de vie<\/b> optimale s\u2019av\u00e8re absolument essentiel pour permettre \u00e0 votre corps de se remettre du choc de l\u2019infection virale. Assurez-vous d\u2019accorder une importance cruciale \u00e0 un <b>repos<\/b> suffisant et de qualit\u00e9 pour favoriser la r\u00e9cup\u00e9ration de l\u2019organisme tout entier. Adoptez une <b>alimentation riche<\/b> en nutriments essentiels, notamment le zinc, le fer, et les prot\u00e9ines, qui sont les briques fondamentales du cheveu.<\/p>\n<p>Il est \u00e9galement primordial de pratiquer une excellente <b>gestion du stress<\/b>, car l\u2019anxi\u00e9t\u00e9 chronique prolonge malheureusement la <a href=\"https:\/\/www.capilclinic.fr\/blog\/comment-la-pollution-influence-t-elle-la-chute-des-cheveux\/\" target=\"_blank\" rel=\"noopener\">phase de chute<\/a> et ralentit la repousse. Des techniques de relaxation, de m\u00e9ditation ou de respiration consciente peuvent aider \u00e0 diminuer l\u2019impact du stress. L\u2019utilisation de suppl\u00e9ments cibl\u00e9s, sous avis m\u00e9dical, comme la biotine ou la vitamine D, peut \u00e9galement optimiser ce processus de r\u00e9cup\u00e9ration et de fortification.<\/p>\n<h3>Quand consulter un professionnel ?<\/h3>\n<p><b>Il est important de ne pas paniquer face \u00e0 un effluvium t\u00e9log\u00e8ne post-infectieux, car cette chute des cheveux est g\u00e9n\u00e9ralement temporaire et r\u00e9versible, mais la vigilance reste de mise.<\/b> Vous devez imp\u00e9rativement consulter un dermatologue ou un endocrinologue si la chute massive <b>d\u00e9passe une p\u00e9riode de six mois<\/b> complets sans montrer de signes \u00e9vidents de ralentissement ou de repousse. Une consultation sp\u00e9cialis\u00e9e s\u2019impose \u00e9galement si la perte de cheveux n\u2019est pas diffuse sur l\u2019ensemble du cuir chevelu, mais se <b>localise<\/b> tr\u00e8s pr\u00e9cis\u00e9ment.<\/p>\n<p>Une chute cibl\u00e9e, comme un d\u00e9gagement au niveau des golfes ou du sommet du cr\u00e2ne, peut indiquer le d\u00e9veloppement d\u2019une alop\u00e9cie androg\u00e9n\u00e9tique sous-jacente qui a \u00e9t\u00e9 r\u00e9veill\u00e9e par le choc du virus. L\u2019avis d\u2019un professionnel permet de diff\u00e9rencier ces conditions et d\u2019\u00e9tablir un protocole de traitement adapt\u00e9 et plus efficace. <a href=\"https:\/\/www.hairlossrecoveryseminars.com\/\" target=\"_blank\" rel=\"noopener\">https:\/\/www.hairlossrecoveryseminars.com\/<\/a> \u2014 article expert sur TE post-Covid.<\/p>\n<h2>Foire aux questions<\/h2>\n<h3>Le Covid-19 cause-t-il toujours une chute de cheveux ?<\/h3>\n<p><img loading=\"lazy\" decoding=\"async\" class=\"aligncenter size-full wp-image-7164\" src=\"https:\/\/www.capilclinic.com\/wp-content\/uploads\/2026\/09\/A-quoi-ressemble-la-perte-de-cheveux-due-a-COVID-19_2026.webp\" alt=\"\" width=\"688\" height=\"553\" title=\"\" srcset=\"https:\/\/www.capilclinic.com\/wp-content\/uploads\/2026\/09\/A-quoi-ressemble-la-perte-de-cheveux-due-a-COVID-19_2026.webp 688w, https:\/\/www.capilclinic.com\/wp-content\/uploads\/2026\/09\/A-quoi-ressemble-la-perte-de-cheveux-due-a-COVID-19_2026-300x241.webp 300w, https:\/\/www.capilclinic.com\/wp-content\/uploads\/2026\/09\/A-quoi-ressemble-la-perte-de-cheveux-due-a-COVID-19_2026-150x121.webp 150w\" sizes=\"auto, (max-width: 688px) 100vw, 688px\" \/><\/p>\n<p><b>Non, l\u2019infection par le virus Covid-19 ne cause absolument pas une chute de cheveux syst\u00e9matique chez toutes les personnes touch\u00e9es par la maladie.<\/b> Cette perte de cheveux, m\u00e9dicalement nomm\u00e9e effluvium t\u00e9log\u00e8ne, d\u00e9pend fortement de l\u2019intensit\u00e9 de la r\u00e9action inflammatoire et du stress physiologique subi par l\u2019organisme. Les cas impliquant une forte fi\u00e8vre ou une hospitalisation sont souvent plus susceptibles de d\u00e9clencher cette chute massive et temporaire des cheveux. Par cons\u00e9quent, beaucoup d\u2019individus contamin\u00e9s traversent l\u2019infection sans jamais observer de perte de cheveux significative \u00e0 aucun moment de leur convalescence.<\/p>\n<h3>Combien de temps dure cette chute ?<\/h3>\n<p>La chute de cheveux r\u00e9active (effluvium t\u00e9log\u00e8ne) apr\u00e8s une infection au Covid-19 d\u00e9marre g\u00e9n\u00e9ralement deux \u00e0 trois mois apr\u00e8s la gu\u00e9rison de la phase aigu\u00eb<b>.<\/b> Cette p\u00e9riode correspond au d\u00e9lai n\u00e9cessaire pour que les follicules en phase de repos passent en phase de chute, selon le cycle pilaire normal. La perte active dure typiquement de <b>trois \u00e0 six mois<\/b> cons\u00e9cutifs avant de se stabiliser progressivement d\u2019elle-m\u00eame. <b>La repousse des cheveux sains se r\u00e9enclenche ensuite, demandant souvent plusieurs mois de patience et de soutien nutritionnel pour retrouver la densit\u00e9 initiale.<\/b><\/p>\n<h3>Les cheveux repoussent-ils compl\u00e8tement ?<\/h3>\n<p>La bonne nouvelle est que, dans la grande majorit\u00e9 des cas d\u2019effluvium t\u00e9log\u00e8ne post-Covid, les cheveux repoussent compl\u00e8tement, retrouvant leur densit\u00e9 initiale sans s\u00e9quelle. <strong>Le follicule pileux<\/strong> n\u2019est en r\u00e9alit\u00e9 que mis au repos forc\u00e9 par le stress physiologique de l\u2019infection, sans \u00eatre d\u00e9finitivement d\u00e9truit. La repousse devient notable environ trois \u00e0 six mois apr\u00e8s l\u2019arr\u00eat de la chute intense, exigeant beaucoup de patience de la part des patients concern\u00e9s. Il est <a href=\"https:\/\/www.capilclinic.fr\/blog\/raisons-pour-lesquelles-nos-cheveux-cessent-de-pousser\/\" target=\"_blank\" rel=\"noopener\">fondamental de maintenir une bonne nutrition<\/a> et d\u2019\u00e9viter tout stress suppl\u00e9mentaire pour garantir une repousse saine et totale.<\/p>\n<h3>Quels soins privil\u00e9gier apr\u00e8s le Covid ?<\/h3>\n<p><img loading=\"lazy\" decoding=\"async\" class=\"aligncenter size-full wp-image-7165\" src=\"https:\/\/www.capilclinic.com\/wp-content\/uploads\/2026\/09\/Comment-lutter-contre-la-chute-de-cheveux-Covid-700x466_2026.webp\" alt=\"\" width=\"700\" height=\"466\" title=\"\" srcset=\"https:\/\/www.capilclinic.com\/wp-content\/uploads\/2026\/09\/Comment-lutter-contre-la-chute-de-cheveux-Covid-700x466_2026.webp 700w, https:\/\/www.capilclinic.com\/wp-content\/uploads\/2026\/09\/Comment-lutter-contre-la-chute-de-cheveux-Covid-700x466_2026-300x200.webp 300w, https:\/\/www.capilclinic.com\/wp-content\/uploads\/2026\/09\/Comment-lutter-contre-la-chute-de-cheveux-Covid-700x466_2026-600x400.webp 600w, https:\/\/www.capilclinic.com\/wp-content\/uploads\/2026\/09\/Comment-lutter-contre-la-chute-de-cheveux-Covid-700x466_2026-150x100.webp 150w\" sizes=\"auto, (max-width: 700px) 100vw, 700px\" \/><\/p>\n<p><b>Apr\u00e8s une infection au Covid-19, il est fondamental de se concentrer sur la stimulation douce et le renforcement global du cuir chevelu pour acc\u00e9l\u00e9rer la repousse saine.<\/b> Par cons\u00e9quent, utilisez des shampoings et des lotions sp\u00e9cifiques enrichis en vitamines B, en zinc et en acides amin\u00e9s pour nourrir intens\u00e9ment la racine du cheveu. Pratiquez r\u00e9guli\u00e8rement des massages doux du cuir chevelu afin d\u2019am\u00e9liorer consid\u00e9rablement la microcirculation sanguine locale et l\u2019oxyg\u00e9nation des follicules. La patience demeure votre meilleur alli\u00e9 durant cette p\u00e9riode de convalescence, car le cycle pilaire demande naturellement du temps pour se r\u00e9initialiser compl\u00e8tement. <a href=\"https:\/\/www.santepubliquefrance.fr\/\" target=\"_blank\" rel=\"noopener\">https:\/\/www.santepubliquefrance.fr\/<\/a> \u2014 donn\u00e9es officielles Covid &amp; sant\u00e9 capillaire.<\/p>\n<h3>Faut-il un traitement sp\u00e9cifique pour cette chute ?<\/h3>\n<p>La plupart des cas d\u2019effluvium t\u00e9log\u00e8ne <strong>post-Covid<\/strong> ne requi\u00e8rent g\u00e9n\u00e9ralement pas de traitement m\u00e9dical sp\u00e9cifique, car la repousse d\u00e9marre naturellement apr\u00e8s la p\u00e9riode de choc. Cependant, l\u2019utilisation de traitements topiques doux, contenant par exemple du minoxidil \u00e0 faible concentration, peut aider \u00e0 acc\u00e9l\u00e9rer et \u00e0 stimuler la phase de <strong>croissance des cheveux<\/strong>. La correction rapide de toute carence nutritionnelle identifi\u00e9e par bilan sanguin, notamment en fer, en zinc ou en vitamine D, s\u2019av\u00e8re absolument essentielle. Un dermatologue pourra \u00e9valuer la s\u00e9v\u00e9rit\u00e9 de la chute et prescrire le traitement le plus appropri\u00e9 en fonction de votre situation personnelle.<\/p>\n<h2>Conclusion<\/h2>\n<p><b>En r\u00e9sum\u00e9, la chute de cheveux qui survient apr\u00e8s une infection par le virus Covid-19 est tr\u00e8s souvent un ph\u00e9nom\u00e8ne temporaire et enti\u00e8rement r\u00e9versible, appel\u00e9 effluvium t\u00e9log\u00e8ne.<\/b> Cependant, cette perte massive et soudaine reste une exp\u00e9rience tr\u00e8s provoquante et \u00e9prouvante pour le moral et l\u2019estime de soi de la personne concern\u00e9e. Il est crucial de se rappeler que le corps a subi un stress physiologique majeur, n\u00e9cessitant d\u00e9sormais du temps pour r\u00e9cup\u00e9rer compl\u00e8tement ses forces vitales. Nous vous encourageons vivement \u00e0 prendre le plus grand soin de vous-m\u00eame, \u00e0 privil\u00e9gier la r\u00e9duction du stress et \u00e0 faire preuve d\u2019une patience exemplaire pendant cette p\u00e9riode de convalescence.<\/p>\n<p>Le cycle pilaire reprendra son cours normal d\u00e8s que votre organisme aura retrouv\u00e9 son \u00e9quilibre interne ant\u00e9rieur. Il est fondamental de souligner que la repousse saine et rapide d\u00e9pend directement d\u2019un cuir chevelu parfaitement sain. Celui-ci doit \u00eatre soutenu activement par une <b>alimentation<\/b> riche en nutriments essentiels et des <b>soins adapt\u00e9s<\/b> et tr\u00e8s doux. Par cons\u00e9quent, n\u2019h\u00e9sitez jamais \u00e0 consulter un sp\u00e9cialiste si la chute vous inqui\u00e8te vraiment ou si elle persiste anormalement au-del\u00e0 de six mois cons\u00e9cutifs.<\/p>\n","protected":false},"excerpt":{"rendered":"<p>La chute de cheveux repr\u00e9sente malheureusement une cons\u00e9quence fr\u00e9quente et tr\u00e8s perturbante qui survient souvent apr\u00e8s une infection au virus Covid-19, m\u00eame l\u00e9g\u00e8re ou asymptomatique. Cette perte massive et soudaine est m\u00e9dicalement reconnue comme un effluvium t\u00e9log\u00e8ne aigu, caract\u00e9ris\u00e9 par l\u2019entr\u00e9e pr\u00e9matur\u00e9e d\u2019un grand nombre de cheveux en phase de chute. Ce m\u00e9canisme est directement [&hellip;]<\/p>\n","protected":false},"author":4,"featured_media":7160,"comment_status":"open","ping_status":"open","sticky":false,"template":"","format":"standard","meta":{"footnotes":""},"categories":[29],"tags":[],"class_list":["post-7159","post","type-post","status-publish","format-standard","has-post-thumbnail","hentry","category-blog"],"_links":{"self":[{"href":"https:\/\/www.capilclinic.com\/fr\/wp-json\/wp\/v2\/posts\/7159","targetHints":{"allow":["GET"]}}],"collection":[{"href":"https:\/\/www.capilclinic.com\/fr\/wp-json\/wp\/v2\/posts"}],"about":[{"href":"https:\/\/www.capilclinic.com\/fr\/wp-json\/wp\/v2\/types\/post"}],"author":[{"embeddable":true,"href":"https:\/\/www.capilclinic.com\/fr\/wp-json\/wp\/v2\/users\/4"}],"replies":[{"embeddable":true,"href":"https:\/\/www.capilclinic.com\/fr\/wp-json\/wp\/v2\/comments?post=7159"}],"version-history":[{"count":1,"href":"https:\/\/www.capilclinic.com\/fr\/wp-json\/wp\/v2\/posts\/7159\/revisions"}],"predecessor-version":[{"id":7166,"href":"https:\/\/www.capilclinic.com\/fr\/wp-json\/wp\/v2\/posts\/7159\/revisions\/7166"}],"wp:featuredmedia":[{"embeddable":true,"href":"https:\/\/www.capilclinic.com\/fr\/wp-json\/wp\/v2\/media\/7160"}],"wp:attachment":[{"href":"https:\/\/www.capilclinic.com\/fr\/wp-json\/wp\/v2\/media?parent=7159"}],"wp:term":[{"taxonomy":"category","embeddable":true,"href":"https:\/\/www.capilclinic.com\/fr\/wp-json\/wp\/v2\/categories?post=7159"},{"taxonomy":"post_tag","embeddable":true,"href":"https:\/\/www.capilclinic.com\/fr\/wp-json\/wp\/v2\/tags?post=7159"}],"curies":[{"name":"wp","href":"https:\/\/api.w.org\/{rel}","templated":true}]}}