{"id":7150,"date":"2026-09-01T15:47:29","date_gmt":"2026-09-01T12:47:29","guid":{"rendered":"https:\/\/www.capilclinic.com\/?p=7150"},"modified":"2026-09-01T15:47:29","modified_gmt":"2026-09-01T12:47:29","slug":"raisons-pour-lesquelles-nos-cheveux-cessent-de-pousser","status":"publish","type":"post","link":"https:\/\/www.capilclinic.com\/fr\/raisons-pour-lesquelles-nos-cheveux-cessent-de-pousser\/","title":{"rendered":"Pourquoi les cheveux cessent de pousser ?"},"content":{"rendered":"<p><b>Il est tr\u00e8s fr\u00e9quent et extr\u00eamement frustrant de constater que vos cheveux semblent stagner, ou qu\u2019ils cessent simplement de pousser au-del\u00e0 d\u2019une certaine longueur habituelle.<\/b> Cet arr\u00eat de la croissance peut repr\u00e9senter un signal d\u2019alarme important indiquant un d\u00e9s\u00e9quilibre sous-jacent au niveau de l\u2019organisme. La cause peut r\u00e9sider dans un probl\u00e8me <b>interne<\/b>, impliquant notamment des <a href=\"https:\/\/www.capilclinic.fr\/blog\/testosterone-perte-cheveux\/\" target=\"_blank\" rel=\"noopener\">fluctuations hormonales ou des carences nutritionnelles critiques<\/a>. Elle peut aussi provenir d\u2019une agression <b>externe<\/b>, souvent li\u00e9e \u00e0 un environnement capillaire trop agressif ou une mauvaise routine de soins inappropri\u00e9e. Comprendre pr\u00e9cis\u00e9ment pourquoi vos cheveux ne poussent plus est la premi\u00e8re \u00e9tape absolument essentielle pour r\u00e9tablir leur vitalit\u00e9 maximale. Nous nous engageons \u00e0 identifier clairement les causes principales de ce ph\u00e9nom\u00e8ne et \u00e0 vous offrir des solutions concr\u00e8tes.<\/p>\n<h2>Le cycle de croissance capillaire et ses phases<\/h2>\n<p><img loading=\"lazy\" decoding=\"async\" class=\"aligncenter size-full wp-image-7152\" src=\"https:\/\/www.capilclinic.com\/wp-content\/uploads\/2026\/09\/Raisons-pour-lesquelles-nos-cheveux-cessent-de-pousser-768x512_2026.webp\" alt=\"\" width=\"768\" height=\"512\" title=\"\" srcset=\"https:\/\/www.capilclinic.com\/wp-content\/uploads\/2026\/09\/Raisons-pour-lesquelles-nos-cheveux-cessent-de-pousser-768x512_2026.webp 768w, https:\/\/www.capilclinic.com\/wp-content\/uploads\/2026\/09\/Raisons-pour-lesquelles-nos-cheveux-cessent-de-pousser-768x512_2026-300x200.webp 300w, https:\/\/www.capilclinic.com\/wp-content\/uploads\/2026\/09\/Raisons-pour-lesquelles-nos-cheveux-cessent-de-pousser-768x512_2026-600x400.webp 600w, https:\/\/www.capilclinic.com\/wp-content\/uploads\/2026\/09\/Raisons-pour-lesquelles-nos-cheveux-cessent-de-pousser-768x512_2026-150x100.webp 150w\" sizes=\"auto, (max-width: 768px) 100vw, 768px\" \/><\/p>\n<p><b>La croissance du cheveu suit un cycle biologique tr\u00e8s pr\u00e9cis, essentiel \u00e0 comprendre pour identifier les arr\u00eats de pousse, compos\u00e9 de quatre phases distinctes et cons\u00e9cutives. <\/b><a href=\"https:\/\/www.futura-sciences.com\/sante\/questions-reponses\/cycle-cheveux-pousse\/\" target=\"_blank\" rel=\"noopener\">https:\/\/www.futura-sciences.com\/sante\/questions-reponses\/cycle-cheveux-pousse\/<\/a> \u2014 explication du cycle capillaire.<\/p>\n<ul>\n<li>La <b>phase anag\u00e8ne<\/b> repr\u00e9sente la p\u00e9riode de croissance active du cheveu, pouvant durer de deux \u00e0 sept ans, d\u00e9terminant ainsi la longueur maximale que le cheveu peut atteindre.<\/li>\n<li>Vient ensuite la <b>phase catag\u00e8ne<\/b>, une courte p\u00e9riode de transition de quelques semaines seulement durant laquelle le follicule pileux se contracte progressivement et s\u2019arr\u00eate de produire de la fibre.<\/li>\n<li>Puis, la <b>phase t\u00e9log\u00e8ne<\/b> est le moment de repos absolu pour le follicule, le cheveu reste en place pendant environ trois mois avant d\u2019\u00eatre naturellement expuls\u00e9 par le cuir chevelu.<\/li>\n<li>Enfin, la <b>phase exog\u00e8ne<\/b> correspond au moment pr\u00e9cis de la chute du cheveu \u00e0 la fin de son cycle, laissant ensuite la place \u00e0 un nouveau cheveu en phase anag\u00e8ne.<\/li>\n<\/ul>\n<p>Un cheveu qui semble ne plus pousser voit souvent sa phase anag\u00e8ne raccourcie par un d\u00e9s\u00e9quilibre interne, l\u2019emp\u00eachant d\u2019atteindre sa longueur potentielle.<\/p>\n<h3>Que se produit-il quand la phase anag\u00e8ne se raccourcit ?<\/h3>\n<p><b>Lorsque la phase anag\u00e8ne, p\u00e9riode de croissance active, se raccourcit de mani\u00e8re anormale, les cons\u00e9quences sur la chevelure deviennent rapidement visibles et notables.<\/b> Un follicule pileux disposant de moins de temps pour se d\u00e9velopper produit in\u00e9vitablement des <b>cheveux plus courts<\/b> que leur potentiel g\u00e9n\u00e9tique maximal. De plus, les cheveux qui r\u00e9ussissent \u00e0 pousser sont souvent plus fins et plus fragiles, ne parvenant pas \u00e0 atteindre leur \u00e9paisseur optimale avant de tomber.<\/p>\n<p>Ce raccourcissement du cycle entra\u00eene in\u00e9luctablement une diminution progressive de la densit\u00e9 capillaire globale, donnant une impression de stagnation. La dur\u00e9e r\u00e9duite de cette phase essentielle est donc la raison principale pour laquelle les cheveux ne parviennent plus \u00e0 d\u00e9passer une certaine longueur habituelle.<\/p>\n<h2>Causes internes principales<\/h2>\n<p><img loading=\"lazy\" decoding=\"async\" class=\"aligncenter size-full wp-image-7153\" src=\"https:\/\/www.capilclinic.com\/wp-content\/uploads\/2026\/09\/Raisons-pour-lesquelles-nos-cheveux-cessent-de-pousser-2-768x512_2026.webp\" alt=\"\" width=\"768\" height=\"512\" title=\"\" srcset=\"https:\/\/www.capilclinic.com\/wp-content\/uploads\/2026\/09\/Raisons-pour-lesquelles-nos-cheveux-cessent-de-pousser-2-768x512_2026.webp 768w, https:\/\/www.capilclinic.com\/wp-content\/uploads\/2026\/09\/Raisons-pour-lesquelles-nos-cheveux-cessent-de-pousser-2-768x512_2026-300x200.webp 300w, https:\/\/www.capilclinic.com\/wp-content\/uploads\/2026\/09\/Raisons-pour-lesquelles-nos-cheveux-cessent-de-pousser-2-768x512_2026-600x400.webp 600w, https:\/\/www.capilclinic.com\/wp-content\/uploads\/2026\/09\/Raisons-pour-lesquelles-nos-cheveux-cessent-de-pousser-2-768x512_2026-150x100.webp 150w\" sizes=\"auto, (max-width: 768px) 100vw, 768px\" \/><\/p>\n<p>Plusieurs facteurs internes complexes peuvent malheureusement expliquer pourquoi la pousse de vos cheveux subit un ralentissement, voire un arr\u00eat complet et visible<b>.<\/b> Des d\u00e9s\u00e9quilibres hormonaux profonds repr\u00e9sentent une cause tr\u00e8s fr\u00e9quente, impliquant souvent la <b>thyro\u00efde<\/b>, un organe r\u00e9gulateur essentiel du m\u00e9tabolisme corporel et pilaire. Les fluctuations des <b>androg\u00e8nes<\/b> ou des <b>\u0153strog\u00e8nes<\/b> peuvent \u00e9galement perturber gravement le cycle de croissance normal du follicule pileux.<\/p>\n<p>La nutrition joue un r\u00f4le absolument critique dans le processus de fabrication et de renouvellement de la fibre capillaire :<\/p>\n<ul>\n<li><b>Une carence en fer<\/b> fr\u00e9quente provoque une <b>chute diffuse<\/b> des cheveux, emp\u00eachant alors les follicules de passer en phase anag\u00e8ne.<\/li>\n<li><b>Un manque chronique de prot\u00e9ines<\/b> ralentit significativement la production de <b>k\u00e9ratine<\/b>, le composant structurel principal du cheveu.<\/li>\n<li><b>Un d\u00e9s\u00e9quilibre hormonal<\/b> marqu\u00e9 peut provoquer un <b>blocage de la repousse<\/b> en allongeant la phase t\u00e9log\u00e8ne (repos) de mani\u00e8re anormale.<\/li>\n<\/ul>\n<p><b>L\u2019identification pr\u00e9cise de ces causes internes s\u2019av\u00e8re essentielle pour r\u00e9tablir une croissance saine et dynamique.<\/b><\/p>\n<h2>Causes externes &amp; environnementales<\/h2>\n<p><img loading=\"lazy\" decoding=\"async\" class=\"aligncenter size-full wp-image-7154\" src=\"https:\/\/www.capilclinic.com\/wp-content\/uploads\/2026\/09\/Facteurs-aggravants_2026.webp\" alt=\"\" width=\"624\" height=\"489\" title=\"\" srcset=\"https:\/\/www.capilclinic.com\/wp-content\/uploads\/2026\/09\/Facteurs-aggravants_2026.webp 624w, https:\/\/www.capilclinic.com\/wp-content\/uploads\/2026\/09\/Facteurs-aggravants_2026-300x235.webp 300w, https:\/\/www.capilclinic.com\/wp-content\/uploads\/2026\/09\/Facteurs-aggravants_2026-150x118.webp 150w\" sizes=\"auto, (max-width: 624px) 100vw, 624px\" \/><\/p>\n<p>Plusieurs facteurs externes et environnementaux peuvent s\u00e9v\u00e8rement compromettre le cycle de croissance naturel et sain de vos cheveux, entra\u00eenant un arr\u00eat visible.<\/p>\n<table>\n<thead>\n<tr>\n<td><strong>Cause<\/strong><\/td>\n<td><strong>M\u00e9canisme<\/strong><\/td>\n<td><strong>Effet sur la Pousse<\/strong><\/td>\n<\/tr>\n<\/thead>\n<tbody>\n<tr>\n<td><b>Pollution<\/b><\/td>\n<td>Oxydation du cuir chevelu<\/td>\n<td>Pousse ralentie<\/td>\n<\/tr>\n<tr>\n<td><b>Coiffure Serr\u00e9e<\/b><\/td>\n<td>Traction r\u00e9p\u00e9t\u00e9e sur la racine<\/td>\n<td>Cassure\/Arr\u00eat<\/td>\n<\/tr>\n<tr>\n<td><b>Stress Chronique<\/b><\/td>\n<td>Cortisol \u00e9lev\u00e9 dans l\u2019organisme<\/td>\n<td>Cycle raccourci<\/td>\n<\/tr>\n<\/tbody>\n<\/table>\n<p><b>L\u2019exposition quotidienne \u00e0 la pollution atmosph\u00e9rique provoque l\u2019oxydation du cuir chevelu, cr\u00e9ant un environnement peu propice \u00e0 la croissance saine et r\u00e9guli\u00e8re des cheveux.<\/b> Les particules fines g\u00e9n\u00e8rent des radicaux libres qui endommagent directement le follicule, entra\u00eenant ainsi une <b>pousse nettement ralentie<\/b> et moins vigoureuse. De plus, les <b>coiffures traumatiques<\/b> impliquant une traction r\u00e9p\u00e9t\u00e9e et excessive sur les racines peuvent g\u00e9n\u00e9rer une alop\u00e9cie de traction.<\/p>\n<p>Cette tension m\u00e9canique permanente affaiblit la fibre, causant une <b>cassure<\/b> pr\u00e9matur\u00e9e et un arr\u00eat complet de la pousse. Enfin, le <b>stress chronique<\/b> \u00e9l\u00e8ve dangereusement le niveau de cortisol, une hormone qui <b>raccourcit le cycle<\/b> de vie du cheveu.<\/p>\n<h2>Que faire quand la pousse stagne ?<\/h2>\n<p><b>Lorsque la pousse de vos cheveux semble stagner, l\u2019adoption imm\u00e9diate d\u2019une approche globale et cibl\u00e9e devient absolument n\u00e9cessaire pour r\u00e9activer les follicules.<\/b> Premi\u00e8rement, il est primordial d\u2019assurer une <b>alimentation vari\u00e9e et extr\u00eamement riche<\/b> en prot\u00e9ines de haute qualit\u00e9, en vitamines essentielles et en min\u00e9raux vitaux. Les nutriments comme le fer, le zinc et les vitamines B sont indispensables pour soutenir activement la phase anag\u00e8ne (croissance) du cheveu. Deuxi\u00e8mement, il est crucial de mettre en place une <b>routine capillaire douce<\/b> et protectrice, minimisant ainsi la casse et la fragilisation de la fibre.<\/p>\n<p>R\u00e9duisez l\u2019utilisation des appareils chauffants, \u00e9vitez les coiffures tr\u00e8s serr\u00e9es et utilisez des shampoings sans sulfates agressifs. Troisi\u00e8mement, la pratique r\u00e9guli\u00e8re de <a href=\"https:\/\/www.capilclinic.fr\/blog\/perte-cheveux-obesite\/\" target=\"_blank\" rel=\"noopener\"><b>massages du cuir chevelu<\/b> <\/a>est fortement recommand\u00e9e pour stimuler efficacement la microcirculation sanguine locale. Ce geste simple augmente l\u2019apport d\u2019oxyg\u00e8ne et de nutriments essentiels directement aux racines. Ces actions combin\u00e9es permettent de cr\u00e9er un environnement optimal pour relancer le cycle de croissance et atteindre la longueur d\u00e9sir\u00e9e.<\/p>\n<h3>Routine pratique pour relancer la pousse<\/h3>\n<p><img loading=\"lazy\" decoding=\"async\" class=\"aligncenter size-full wp-image-7155\" src=\"https:\/\/www.capilclinic.com\/wp-content\/uploads\/2026\/09\/Raisons-pour-lesquelles-nos-cheveux-cessent-de-pousser-1-768x512_2026.webp\" alt=\"\" width=\"768\" height=\"512\" title=\"\" srcset=\"https:\/\/www.capilclinic.com\/wp-content\/uploads\/2026\/09\/Raisons-pour-lesquelles-nos-cheveux-cessent-de-pousser-1-768x512_2026.webp 768w, https:\/\/www.capilclinic.com\/wp-content\/uploads\/2026\/09\/Raisons-pour-lesquelles-nos-cheveux-cessent-de-pousser-1-768x512_2026-300x200.webp 300w, https:\/\/www.capilclinic.com\/wp-content\/uploads\/2026\/09\/Raisons-pour-lesquelles-nos-cheveux-cessent-de-pousser-1-768x512_2026-600x400.webp 600w, https:\/\/www.capilclinic.com\/wp-content\/uploads\/2026\/09\/Raisons-pour-lesquelles-nos-cheveux-cessent-de-pousser-1-768x512_2026-150x100.webp 150w\" sizes=\"auto, (max-width: 768px) 100vw, 768px\" \/><\/p>\n<p>Pour stimuler efficacement la repousse, l\u2019\u00e9tablissement d\u2019une routine capillaire et de vie tr\u00e8s rigoureuse est absolument n\u00e9cessaire et cruciale<b>.<\/b> Int\u00e9grez un soin cibl\u00e9 stimulant le cuir chevelu au moins <b>trois fois par semaine<\/b>, en utilisant par exemple des s\u00e9rums riches en caf\u00e9ine ou en huiles essentielles. L\u2019adoption d\u2019une <b>alimentation cibl\u00e9e<\/b>, apportant suffisamment de prot\u00e9ines, de fer et de zinc, nourrira vos follicules de l\u2019int\u00e9rieur de mani\u00e8re optimale.<\/p>\n<p>Il est fortement recommand\u00e9 d\u2019effectuer un <b>bilan sanguin<\/b> complet pour identifier et corriger imm\u00e9diatement toute carence nutritionnelle cach\u00e9e ou un d\u00e9s\u00e9quilibre hormonal. <b>Ces trois piliers (soins r\u00e9guliers, nutrition ad\u00e9quate et bilan m\u00e9dical) travaillent en synergie pour garantir le retour \u00e0 une croissance saine et rapide. <\/b><a href=\"https:\/\/www.passeportsante.net\/\" target=\"_blank\" rel=\"noopener\">https:\/\/www.passeportsante.net\/<\/a> \u2014 dossier sur la pousse capillaire.<\/p>\n<h2>Foire aux questions<\/h2>\n<h3>Pourquoi mes cheveux ne poussent-ils plus ?<\/h3>\n<p><img loading=\"lazy\" decoding=\"async\" class=\"aligncenter size-full wp-image-7156\" src=\"https:\/\/www.capilclinic.com\/wp-content\/uploads\/2026\/09\/Raisons-pour-lesquelles-nos-cheveux-cessent-de-pousser-4-768x512_2026.webp\" alt=\"\" width=\"768\" height=\"512\" title=\"\" srcset=\"https:\/\/www.capilclinic.com\/wp-content\/uploads\/2026\/09\/Raisons-pour-lesquelles-nos-cheveux-cessent-de-pousser-4-768x512_2026.webp 768w, https:\/\/www.capilclinic.com\/wp-content\/uploads\/2026\/09\/Raisons-pour-lesquelles-nos-cheveux-cessent-de-pousser-4-768x512_2026-300x200.webp 300w, https:\/\/www.capilclinic.com\/wp-content\/uploads\/2026\/09\/Raisons-pour-lesquelles-nos-cheveux-cessent-de-pousser-4-768x512_2026-600x400.webp 600w, https:\/\/www.capilclinic.com\/wp-content\/uploads\/2026\/09\/Raisons-pour-lesquelles-nos-cheveux-cessent-de-pousser-4-768x512_2026-150x100.webp 150w\" sizes=\"auto, (max-width: 768px) 100vw, 768px\" \/><\/p>\n<p><b>Vos cheveux peuvent cesser de pousser en raison d\u2019un raccourcissement pr\u00e9matur\u00e9 de la phase anag\u00e8ne, qui est la p\u00e9riode de croissance active normale.<\/b> Ce ph\u00e9nom\u00e8ne peut \u00eatre caus\u00e9 par des <b>carences nutritionnelles<\/b> s\u00e9v\u00e8res en vitamines essentielles, en fer ou en zinc, qui affaiblissent consid\u00e9rablement la matrice du cheveu. Des <b>d\u00e9s\u00e9quilibres hormonaux<\/b>, tels que des probl\u00e8mes de thyro\u00efde ou un exc\u00e8s d\u2019androg\u00e8nes, envoient \u00e9galement un signal d\u2019arr\u00eat aux follicules.<\/p>\n<p>Enfin, une <b>casse fr\u00e9quente<\/b> des pointes, due \u00e0 des traitements chimiques agressifs ou \u00e0 un brossage trop vigoureux, peut donner l\u2019illusion d\u2019un arr\u00eat de croissance. <b>Identifier la cause exacte n\u00e9cessite souvent une analyse approfondie de votre hygi\u00e8ne de vie et un bilan m\u00e9dical complet.<\/b><\/p>\n<h3>Une carence peut-elle bloquer la pousse ?<\/h3>\n<p><b>Oui, absolument, une carence s\u00e9v\u00e8re en nutriments essentiels peut tr\u00e8s facilement bloquer le cycle normal de croissance des cheveux, le faisant entrer pr\u00e9matur\u00e9ment en phase de repos.<\/b> Les insuffisances en fer, en zinc ou en certaines vitamines B stoppent directement la division cellulaire rapide n\u00e9cessaire \u00e0 la production de k\u00e9ratine. Lorsque le corps manque cruellement de ces \u00e9l\u00e9ments vitaux, il priorise alors les fonctions biologiques jug\u00e9es plus essentielles pour la survie de l\u2019organisme.<\/p>\n<p>Le follicule pileux, n\u2019\u00e9tant pas prioritaire, est mis au repos forc\u00e9, causant l\u2019arr\u00eat visible de la croissance et une chute diffuse temporaire. <a href=\"https:\/\/www.cnrs.fr\/\" target=\"_blank\" rel=\"noopener\">https:\/\/www.cnrs.fr\/<\/a> \u2014 recherches biom\u00e9dicales sur le follicule capillaire.<\/p>\n<h3>Est-ce normal apr\u00e8s 40 ans ?<\/h3>\n<p><img loading=\"lazy\" decoding=\"async\" class=\"aligncenter size-full wp-image-7157\" src=\"https:\/\/www.capilclinic.com\/wp-content\/uploads\/2026\/09\/Raisons-pour-lesquelles-nos-cheveux-cessent-de-pousser-3-768x512_2026.webp\" alt=\"\" width=\"768\" height=\"512\" title=\"\" srcset=\"https:\/\/www.capilclinic.com\/wp-content\/uploads\/2026\/09\/Raisons-pour-lesquelles-nos-cheveux-cessent-de-pousser-3-768x512_2026.webp 768w, https:\/\/www.capilclinic.com\/wp-content\/uploads\/2026\/09\/Raisons-pour-lesquelles-nos-cheveux-cessent-de-pousser-3-768x512_2026-300x200.webp 300w, https:\/\/www.capilclinic.com\/wp-content\/uploads\/2026\/09\/Raisons-pour-lesquelles-nos-cheveux-cessent-de-pousser-3-768x512_2026-600x400.webp 600w, https:\/\/www.capilclinic.com\/wp-content\/uploads\/2026\/09\/Raisons-pour-lesquelles-nos-cheveux-cessent-de-pousser-3-768x512_2026-150x100.webp 150w\" sizes=\"auto, (max-width: 768px) 100vw, 768px\" \/><\/p>\n<p>Il est tout \u00e0 fait normal de constater un certain ralentissement de la pousse des cheveux apr\u00e8s l\u2019\u00e2ge de 40 ans chez la femme comme chez l\u2019homme. Ce ph\u00e9nom\u00e8ne est directement li\u00e9 \u00e0 des changements hormonaux naturels et \u00e0 un vieillissement progressif des follicules pileux, r\u00e9duisant leur activit\u00e9. La m\u00e9nopause ou l\u2019andropause peuvent notamment perturber le cycle pilaire, raccourcissant ainsi la dur\u00e9e de la phase de croissance active (anag\u00e8ne). <b>Bien que ce ralentissement soit normal, il ne signifie absolument pas l\u2019arr\u00eat total, car une bonne nutrition peut encore faire une grande diff\u00e9rence.<\/b><\/p>\n<h3>Quels soins capillaires privil\u00e9gier ?<\/h3>\n<p><b>Pour maximiser la croissance, il est pr\u00e9f\u00e9rable de privil\u00e9gier des soins qui stimulent la circulation et qui renforcent le cuir chevelu en profondeur.<\/b> Utilisez des shampoings fortifiants enrichis en k\u00e9ratine ou en vitamines du groupe B, aidant \u00e0 consolider la fibre capillaire. Les <b>s\u00e9rums antichute<\/b> contenant de l\u2019aminexil ou du minoxidil peuvent agir directement sur le cycle pilaire pour prolonger la phase anag\u00e8ne.<\/p>\n<p>Par cons\u00e9quent, int\u00e9grez r\u00e9guli\u00e8rement des <b>massages du cuir chevelu<\/b> avec des huiles v\u00e9g\u00e9tales pures comme l\u2019huile de ricin ou l\u2019huile de moutarde pour une stimulation m\u00e9canique. <b>Ces gestes quotidiens et cibl\u00e9s sont essentiels pour cr\u00e9er un environnement optimal \u00e0 la repousse.<\/b><\/p>\n<h3>Quand s\u2019inqui\u00e9ter d\u2019une chute prolong\u00e9e ?<\/h3>\n<p><b>Vous devez vous inqui\u00e9ter de la chute des cheveux lorsque celle-ci perdure sans am\u00e9lioration visible au-del\u00e0 d\u2019une p\u00e9riode de trois mois cons\u00e9cutifs.<\/b> Une perte exc\u00e9dant cent cinquante cheveux par jour, associ\u00e9e \u00e0 un amincissement notable de la densit\u00e9 globale, constitue un signal d\u2019alarme important. L\u2019apparition de zones clairsem\u00e9es, surtout sur le sommet du cr\u00e2ne ou au niveau des tempes, n\u00e9cessite une \u00e9valuation dermatologique imm\u00e9diate. Consulter un <a href=\"https:\/\/www.capilclinic.fr\/blog\/comment-la-pollution-influence-t-elle-la-chute-des-cheveux\/\" target=\"_blank\" rel=\"noopener\">sp\u00e9cialiste devient indispensable pour \u00e9carter une alop\u00e9cie<\/a> plus complexe ou un d\u00e9s\u00e9quilibre hormonal s\u00e9v\u00e8re n\u00e9cessitant un traitement m\u00e9dical pr\u00e9cis.<\/p>\n<h2>Conclusion<\/h2>\n<p><b>En conclusion, il est essentiel de retenir que la pousse capillaire active et soutenue repr\u00e9sente un indicateur tr\u00e8s fiable de votre \u00e9tat de sant\u00e9 global et de votre \u00e9quilibre interne.<\/b> L\u2019arr\u00eat de la croissance des cheveux n\u2019est jamais une fatalit\u00e9, mais plut\u00f4t une invitation urgente \u00e0 r\u00e9\u00e9valuer vos habitudes de vie quotidiennes et vos routines. Pour relancer efficacement ce processus naturel, il est fondamental d\u2019adopter une <b>approche holistique<\/b> et int\u00e9gr\u00e9e qui couvre tous les aspects.<\/p>\n<p>Une <b>nutrition<\/b> irr\u00e9prochable et parfaitement cibl\u00e9e doit nourrir les follicules de l\u2019int\u00e9rieur, tandis qu\u2019une bonne <b>hygi\u00e8ne capillaire<\/b> douce \u00e9vite la casse externe. Parall\u00e8lement, un <b>bilan m\u00e9dical<\/b> approfondi permet d\u2019\u00e9carter ou de corriger tout d\u00e9s\u00e9quilibre hormonal ou toute carence sous-jacente. Finalement, nous vous encourageons vivement \u00e0 faire preuve de beaucoup de <b>patience<\/b>, car la repousse des cheveux est un processus biologique qui prend in\u00e9vitablement du temps. La constance dans vos efforts quotidiens sera la cl\u00e9 de votre succ\u00e8s pour retrouver une chevelure longue, forte et \u00e9clatante de vitalit\u00e9.<\/p>\n","protected":false},"excerpt":{"rendered":"<p>Il est tr\u00e8s fr\u00e9quent et extr\u00eamement frustrant de constater que vos cheveux semblent stagner, ou qu\u2019ils cessent simplement de pousser au-del\u00e0 d\u2019une certaine longueur habituelle. Cet arr\u00eat de la croissance peut repr\u00e9senter un signal d\u2019alarme important indiquant un d\u00e9s\u00e9quilibre sous-jacent au niveau de l\u2019organisme. La cause peut r\u00e9sider dans un probl\u00e8me interne, impliquant notamment des [&hellip;]<\/p>\n","protected":false},"author":4,"featured_media":7151,"comment_status":"open","ping_status":"open","sticky":false,"template":"","format":"standard","meta":{"footnotes":""},"categories":[29],"tags":[],"class_list":["post-7150","post","type-post","status-publish","format-standard","has-post-thumbnail","hentry","category-blog"],"_links":{"self":[{"href":"https:\/\/www.capilclinic.com\/fr\/wp-json\/wp\/v2\/posts\/7150","targetHints":{"allow":["GET"]}}],"collection":[{"href":"https:\/\/www.capilclinic.com\/fr\/wp-json\/wp\/v2\/posts"}],"about":[{"href":"https:\/\/www.capilclinic.com\/fr\/wp-json\/wp\/v2\/types\/post"}],"author":[{"embeddable":true,"href":"https:\/\/www.capilclinic.com\/fr\/wp-json\/wp\/v2\/users\/4"}],"replies":[{"embeddable":true,"href":"https:\/\/www.capilclinic.com\/fr\/wp-json\/wp\/v2\/comments?post=7150"}],"version-history":[{"count":1,"href":"https:\/\/www.capilclinic.com\/fr\/wp-json\/wp\/v2\/posts\/7150\/revisions"}],"predecessor-version":[{"id":7158,"href":"https:\/\/www.capilclinic.com\/fr\/wp-json\/wp\/v2\/posts\/7150\/revisions\/7158"}],"wp:featuredmedia":[{"embeddable":true,"href":"https:\/\/www.capilclinic.com\/fr\/wp-json\/wp\/v2\/media\/7151"}],"wp:attachment":[{"href":"https:\/\/www.capilclinic.com\/fr\/wp-json\/wp\/v2\/media?parent=7150"}],"wp:term":[{"taxonomy":"category","embeddable":true,"href":"https:\/\/www.capilclinic.com\/fr\/wp-json\/wp\/v2\/categories?post=7150"},{"taxonomy":"post_tag","embeddable":true,"href":"https:\/\/www.capilclinic.com\/fr\/wp-json\/wp\/v2\/tags?post=7150"}],"curies":[{"name":"wp","href":"https:\/\/api.w.org\/{rel}","templated":true}]}}