{"id":7093,"date":"2026-09-01T14:25:25","date_gmt":"2026-09-01T11:25:25","guid":{"rendered":"https:\/\/www.capilclinic.com\/?p=7093"},"modified":"2026-09-01T14:25:25","modified_gmt":"2026-09-01T11:25:25","slug":"folliculite-decalvante","status":"publish","type":"post","link":"https:\/\/www.capilclinic.com\/fr\/folliculite-decalvante\/","title":{"rendered":"Folliculite d\u00e9calvante : guide complet et prise en charge"},"content":{"rendered":"<p>La <b>folliculite d\u00e9calvante<\/b> est une forme rare et sp\u00e9cialis\u00e9e d\u2019<b>alop\u00e9cie cicatricielle<\/b> qui d\u00e9truit malheureusement d\u00e9finitivement les follicules pileux. Cette maladie inflammatoire chronique se caract\u00e9rise par des pustules, des cro\u00fbtes, et des plaques rouges sur le cuir chevelu du patient. Elle progresse souvent lentement, mais elle laisse des zones de cicatrices lisses et irr\u00e9versibles o\u00f9 aucun cheveu ne repoussera jamais.<\/p>\n<p>Reconna\u00eetre ses sympt\u00f4mes pr\u00e9coces et obtenir un <b>diagnostic correct<\/b> sont absolument essentiels pour mettre en place un traitement rapide. La prise en charge a pour but principal d\u2019arr\u00eater la progression de l\u2019inflammation afin de pr\u00e9server les cheveux restants. Pour une vue d\u2019ensemble des diff\u00e9rentes formes de perte de cheveux, consultez notre guide sur les [<a href=\"https:\/\/www.capilclinic.fr\/blog\/les-types-dalopecie-et-leur-traitement\/\" target=\"_blank\" rel=\"noopener\">Types d\u2019alop\u00e9cie]<\/a>.<\/p>\n<h2>D\u00e9finition et sympt\u00f4mes<\/h2>\n<p><img loading=\"lazy\" decoding=\"async\" class=\"aligncenter size-full wp-image-7095\" src=\"https:\/\/www.capilclinic.com\/wp-content\/uploads\/2026\/09\/Folliculite-decalvante_2026.webp\" alt=\"\" width=\"600\" height=\"400\" title=\"\" srcset=\"https:\/\/www.capilclinic.com\/wp-content\/uploads\/2026\/09\/Folliculite-decalvante_2026.webp 600w, https:\/\/www.capilclinic.com\/wp-content\/uploads\/2026\/09\/Folliculite-decalvante_2026-300x200.webp 300w, https:\/\/www.capilclinic.com\/wp-content\/uploads\/2026\/09\/Folliculite-decalvante_2026-150x100.webp 150w\" sizes=\"auto, (max-width: 600px) 100vw, 600px\" \/><\/p>\n<p>La <b>folliculite d\u00e9calvante<\/b> est une dermatose inflammatoire chronique qui cible et d\u00e9truit progressivement le follicule pileux, causant une perte de cheveux permanente. Cette maladie est class\u00e9e parmi les alop\u00e9cies cicatricielles primaires, signifiant que la destruction folliculaire provient de l\u2019inflammation elle-m\u00eame. Son \u00e9tiologie exacte demeure inconnue, mais les m\u00e9decins suspectent fortement une r\u00e9ponse immunitaire anormale associ\u00e9e parfois \u00e0 une infection bact\u00e9rienne sous-jacente. L\u2019identification pr\u00e9coce des <b>sympt\u00f4mes<\/b> cliniques est cruciale pour instaurer un traitement efficace avant l\u2019\u00e9tablissement de la cicatrice irr\u00e9versible. Les signes cliniques observ\u00e9s sont typiquement localis\u00e9s, souvent au sommet ou \u00e0 l\u2019arri\u00e8re de la t\u00eate du patient.<\/p>\n<p>Les principaux signes cliniques \u00e0 observer comprennent :<\/p>\n<ul>\n<li><b>Rougeur du cuir chevelu :<\/b> Elle se manifeste par une inflammation chronique et persistante autour des follicules pileux affect\u00e9s.<\/li>\n<li><b>Cro\u00fbtes et pustules :<\/b> Des l\u00e9sions purulentes ou des cro\u00fbtes adh\u00e9rentes se forment fr\u00e9quemment autour des tiges capillaires.<\/li>\n<li><b>Perte localis\u00e9e des cheveux :<\/b> La chute progressive des cheveux laisse des plaques alop\u00e9ciques cicatricielles et d\u00e9finitives.<\/li>\n<\/ul>\n<h2>Diagnostic diff\u00e9rentiel<\/h2>\n<p><img loading=\"lazy\" decoding=\"async\" class=\"aligncenter size-full wp-image-7096\" src=\"https:\/\/www.capilclinic.com\/wp-content\/uploads\/2026\/09\/dermatite-seborrheique1_2026.webp\" alt=\"\" width=\"600\" height=\"400\" title=\"\" srcset=\"https:\/\/www.capilclinic.com\/wp-content\/uploads\/2026\/09\/dermatite-seborrheique1_2026.webp 600w, https:\/\/www.capilclinic.com\/wp-content\/uploads\/2026\/09\/dermatite-seborrheique1_2026-300x200.webp 300w, https:\/\/www.capilclinic.com\/wp-content\/uploads\/2026\/09\/dermatite-seborrheique1_2026-150x100.webp 150w\" sizes=\"auto, (max-width: 600px) 100vw, 600px\" \/><\/p>\n<p>Le <b>diagnostic diff\u00e9rentiel<\/b> <strong>s\u2019impose pour distinguer la folliculite d\u00e9calvante d\u2019autres formes d\u2019alop\u00e9cies cicatricielles, souvent d\u2019apparence similaire.<\/strong> La principale distinction r\u00e9side dans les caract\u00e9ristiques cliniques sp\u00e9cifiques observ\u00e9es lors de l\u2019examen minutieux du cuir chevelu par la sp\u00e9cialiste. Cette \u00e9tape est cruciale car le pronostic et les traitements varient \u00e9norm\u00e9ment entre les diff\u00e9rentes formes de calvitie cicatricielle inflammatoire. Une biopsie cutan\u00e9e du cuir chevelu s\u2019av\u00e8re fr\u00e9quemment n\u00e9cessaire pour confirmer l\u2019inflammation et analyser le type de cellules impliqu\u00e9es dans le processus. Cette analyse microscopique permet de diff\u00e9rencier clairement les mod\u00e8les d\u2019inflammation folliculaire observ\u00e9s chez le patient.<\/p>\n<p><b>Diagnostic des alop\u00e9cies cicatricielles<\/b> <b>Auteur\/Source :<\/b> <b>Dr. Pierre Bouhanna<\/b> (Dermatologue, expert en cheveux, souvent cit\u00e9 dans les publications acad\u00e9miques fran\u00e7aises) <b>Lien :<\/b> <a href=\"https:\/\/bouhanna.com\/wp-content\/uploads\/diagnostic-des-alopecies-cicatricielles-compressed.pdf\" target=\"_blank\" rel=\"noopener\">Diagnostic des alop\u00e9cies cicatricielles. <\/a>Voici un aper\u00e7u comparatif des alop\u00e9cies cicatricielles courantes :<\/p>\n<table>\n<thead>\n<tr>\n<td><strong>Type d\u2019Alop\u00e9cie<\/strong><\/td>\n<td><strong>Caract\u00e9ristiques Cliniques Principales<\/strong><\/td>\n<td><strong>Distribution de l\u2019Atteinte<\/strong><\/td>\n<\/tr>\n<\/thead>\n<tbody>\n<tr>\n<td><b>Folliculite D\u00e9calvante<\/b><\/td>\n<td>Pustules, cro\u00fbtes, inflammation, touffes de cheveux.<\/td>\n<td>Plaques irr\u00e9guli\u00e8res, souvent au vertex.<\/td>\n<\/tr>\n<tr>\n<td><b>Lupus \u00c9ryth\u00e9mateux<\/b><\/td>\n<td>\u00c9ryth\u00e8me (rougeur), squames, atrophie cutan\u00e9e centrale.<\/td>\n<td>Zones expos\u00e9es au soleil, parfois diffuses.<\/td>\n<\/tr>\n<tr>\n<td><b>Lichen Planopilaire<\/b><\/td>\n<td>Rougeur autour des follicules, desquamation et plaques.<\/td>\n<td>Souvent sur le dessus et l\u2019arri\u00e8re du cr\u00e2ne.<\/td>\n<\/tr>\n<\/tbody>\n<\/table>\n<h2>Causes &amp; facteurs favorisants<\/h2>\n<p><img loading=\"lazy\" decoding=\"async\" class=\"aligncenter size-full wp-image-7097\" src=\"https:\/\/www.capilclinic.com\/wp-content\/uploads\/2026\/09\/Folliculite-decalvante-1_2026.webp\" alt=\"\" width=\"600\" height=\"400\" title=\"\" srcset=\"https:\/\/www.capilclinic.com\/wp-content\/uploads\/2026\/09\/Folliculite-decalvante-1_2026.webp 600w, https:\/\/www.capilclinic.com\/wp-content\/uploads\/2026\/09\/Folliculite-decalvante-1_2026-300x200.webp 300w, https:\/\/www.capilclinic.com\/wp-content\/uploads\/2026\/09\/Folliculite-decalvante-1_2026-150x100.webp 150w\" sizes=\"auto, (max-width: 600px) 100vw, 600px\" \/><\/p>\n<p>Les <b>causes exactes<\/b> de la folliculite d\u00e9calvante demeurent complexes et ne sont pas compl\u00e8tement \u00e9lucid\u00e9es par la science m\u00e9dicale actuelle. Cependant, la pr\u00e9sence de certaines <b>bact\u00e9ries<\/b> sp\u00e9cifiques, notamment le <i>Staphylococcus aureus<\/i>, joue un r\u00f4le majeur dans l\u2019activation de l\u2019inflammation chronique. Un d\u00e9s\u00e9quilibre du <b>microbiome<\/b> du cuir chevelu pourrait aussi favoriser l\u2019\u00e9mergence et la persistance de cette maladie dermatologique. La recherche sugg\u00e8re fortement que des <b>facteurs g\u00e9n\u00e9tiques<\/b> individuels pr\u00e9disposent certains patients \u00e0 d\u00e9velopper cette forme rare d\u2019alop\u00e9cie cicatricielle.<\/p>\n<p>Ces facteurs peuvent moduler la r\u00e9ponse immunitaire du patient face aux agents pathog\u00e8nes ou aux d\u00e9s\u00e9quilibres microbiens locaux. Des traumatismes mineurs ou l\u2019irritation chronique du cuir chevelu peuvent \u00e9galement d\u00e9clencher ou aggraver le processus inflammatoire d\u00e9j\u00e0 existant. Une approche th\u00e9rapeutique efficace n\u00e9cessite donc de cibler \u00e0 la fois l\u2019inflammation et l\u2019\u00e9ventuelle composante bact\u00e9rienne associ\u00e9e. La compr\u00e9hension approfondie de ces m\u00e9canismes permet de personnaliser au mieux la prise en charge m\u00e9dicale des patients concern\u00e9s.<\/p>\n<h2>Traitements &amp; gestion<\/h2>\n<p><img loading=\"lazy\" decoding=\"async\" class=\"aligncenter size-full wp-image-7098\" src=\"https:\/\/www.capilclinic.com\/wp-content\/uploads\/2026\/09\/Folliculite-decalvante-3_2026.webp\" alt=\"\" width=\"600\" height=\"400\" title=\"\" srcset=\"https:\/\/www.capilclinic.com\/wp-content\/uploads\/2026\/09\/Folliculite-decalvante-3_2026.webp 600w, https:\/\/www.capilclinic.com\/wp-content\/uploads\/2026\/09\/Folliculite-decalvante-3_2026-300x200.webp 300w, https:\/\/www.capilclinic.com\/wp-content\/uploads\/2026\/09\/Folliculite-decalvante-3_2026-150x100.webp 150w\" sizes=\"auto, (max-width: 600px) 100vw, 600px\" \/><\/p>\n<p>La <b>gestion<\/b> de la folliculite d\u00e9calvante repose principalement sur une strat\u00e9gie th\u00e9rapeutique visant \u00e0 contr\u00f4ler l\u2019inflammation et l\u2019infection bact\u00e9rienne persistante. Les <b>antibiotiques<\/b> sont souvent prescrits sur une longue dur\u00e9e pour r\u00e9duire significativement la charge bact\u00e9rienne et calmer l\u2019inflammation du cuir chevelu. Ces m\u00e9dicaments incluent couramment la doxycycline ou l\u2019isotr\u00e9tino\u00efne, selon la s\u00e9v\u00e9rit\u00e9 et la r\u00e9ponse individuelle du patient au traitement initial.<\/p>\n<p>Des <b>anti-inflammatoires<\/b> puissants, souvent sous forme de corticost\u00e9ro\u00efdes topiques ou oraux, s\u2019utilisent \u00e9galement pour stopper la progression de la destruction folliculaire. L\u2019objectif principal demeure toujours de pr\u00e9venir l\u2019extension des <b>plaques cicatricielles<\/b> et de stabiliser la maladie de fa\u00e7on durable. Une fois la maladie mise en r\u00e9mission, les <a href=\"https:\/\/www.capilclinic.fr\/blog\/trichoscopie-diagnostic-lalopecie\/\" target=\"_blank\" rel=\"noopener\"><b>alternatives esth\u00e9tiques<\/b><\/a> peuvent \u00eatre consid\u00e9r\u00e9es pour masquer les zones sans cheveux. La micro-pigmentation capillaire offre une solution cosm\u00e9tique non invasive tr\u00e8s efficace pour simuler la pr\u00e9sence de follicules sur les zones cicatricielles.<\/p>\n<h2>Foire aux questions<\/h2>\n<p><img loading=\"lazy\" decoding=\"async\" class=\"aligncenter size-full wp-image-7099\" src=\"https:\/\/www.capilclinic.com\/wp-content\/uploads\/2026\/09\/Folliculite-decalvante-2_2026.webp\" alt=\"\" width=\"600\" height=\"400\" title=\"\" srcset=\"https:\/\/www.capilclinic.com\/wp-content\/uploads\/2026\/09\/Folliculite-decalvante-2_2026.webp 600w, https:\/\/www.capilclinic.com\/wp-content\/uploads\/2026\/09\/Folliculite-decalvante-2_2026-300x200.webp 300w, https:\/\/www.capilclinic.com\/wp-content\/uploads\/2026\/09\/Folliculite-decalvante-2_2026-150x100.webp 150w\" sizes=\"auto, (max-width: 600px) 100vw, 600px\" \/><\/p>\n<h3>La folliculite est-elle r\u00e9versible ?<\/h3>\n<p>La r\u00e9versibilit\u00e9 de la folliculite d\u00e9pend <b>\u00e9troitement du type<\/b> et de la profondeur de l\u2019inflammation du follicule pileux concern\u00e9. Les formes de folliculite superficielles et l\u00e9g\u00e8res, souvent caus\u00e9es par des bact\u00e9ries comme le staphylocoque dor\u00e9, sont <b>g\u00e9n\u00e9ralement enti\u00e8rement r\u00e9versibles<\/b> avec un traitement adapt\u00e9. L\u2019application d\u2019antibiotiques locaux ou d\u2019antifongiques permet de r\u00e9soudre l\u2019infection sans laisser de s\u00e9quelles visibles sur le cuir chevelu. N\u00e9anmoins, les folliculites profondes, comme la <b>folliculite d\u00e9calvante<\/b> ou la cellulite diss\u00e9quante, sont consid\u00e9r\u00e9es comme des <b>alop\u00e9cies cicatricielles<\/b> qui d\u00e9truisent le follicule de mani\u00e8re permanente.<\/p>\n<p>Dans ces cas pr\u00e9cis, la perte de cheveux sur la zone affect\u00e9e est <b>irr\u00e9versible<\/b> car le tissu pileux est remplac\u00e9 par du tissu cicatriciel fibreux. Un diagnostic et un traitement <b>pr\u00e9coces sont absolument essentiels<\/b> pour pr\u00e9venir la destruction irr\u00e9vocable des follicules pileux non encore atteints. La prise en charge rapide vise toujours \u00e0 <b>stopper l\u2019inflammation agressive<\/b> et \u00e0 sauver les cheveux encore pr\u00e9sents dans la zone adjacente.<\/p>\n<h3>Quand consulter un sp\u00e9cialiste ?<\/h3>\n<p>Vous devriez consulter un sp\u00e9cialiste sans tarder d\u00e8s l\u2019apparition des <b>premiers signes visibles<\/b> d\u2019une perte de densit\u00e9 anormale de votre chevelure. N\u2019attendez jamais que la chute devienne massive ou que les zones d\u00e9garnies soient trop \u00e9tendues pour agir. Un signal d\u2019alarme important est la <b>perte quotidienne persistante<\/b> de plus de cent cheveux s\u2019\u00e9talant sur plus de trois mois cons\u00e9cutifs. Il est \u00e9galement urgent de prendre rendez-vous si vous constatez un <b>recul marqu\u00e9 de la ligne frontale<\/b> ou un \u00e9largissement progressif de votre raie centrale habituelle.<\/p>\n<p>La pr\u00e9sence de <b>cheveux de plus en plus fins et miniaturis\u00e9s<\/b> dans vos zones frontales ou au sommet du cr\u00e2ne indique une alop\u00e9cie androg\u00e9n\u00e9tique d\u00e9butante. Une consultation rapide est <b>cruciale<\/b> pour \u00e9tablir un diagnostic pr\u00e9cis et cibl\u00e9 de la cause exacte de votre probl\u00e8me. Le diagnostic pr\u00e9coce offre toujours les meilleures chances de succ\u00e8s car il permet de <b>freiner la progression<\/b> avant la destruction d\u00e9finitive des follicules. Prenez l\u2019initiative de ce rendez-vous crucial pour sauver votre chevelure et retrouver rapidement votre densit\u00e9 initiale.<\/p>\n<h2>Conclusion<\/h2>\n<p>La folliculite d\u00e9calvante est une <b>maladie inflammatoire rare<\/b> mais grave qui exige une intervention th\u00e9rapeutique rapide et d\u00e9cisive. Il est <b>imp\u00e9ratif<\/b> de souligner l\u2019urgence d\u2019un diagnostic pr\u00e9coce pour pr\u00e9venir la destruction irr\u00e9versible des follicules pileux. Cette affection se caract\u00e9rise par une inflammation s\u00e9v\u00e8re qui m\u00e8ne \u00e0 une <b>alop\u00e9cie cicatricielle permanente<\/b> si elle n\u2019est pas trait\u00e9e imm\u00e9diatement. Reconna\u00eetre les pustules, les cro\u00fbtes et les plaques rouges et douloureuses est <b>fondamental<\/b> pour \u00e9viter l\u2019aggravation de cette pathologie.<\/p>\n<p>Seul un diagnostic dermatologique pr\u00e9coce permet d\u2019instaurer un traitement anti-inflammatoire et antibiotique <b>tr\u00e8s puissant<\/b> pour contr\u00f4ler l\u2019\u00e9volution de la maladie. Chaque semaine de retard peut entra\u00eener une perte de cheveux d\u00e9finitive et irr\u00e9m\u00e9diable dans les zones affect\u00e9es du cuir chevelu. Ne n\u00e9gligez jamais ces sympt\u00f4mes ; une prise en charge rapide est votre seule garantie de <b>minimiser les dommages<\/b> et de stabiliser l\u2019inflammation active. <b>Si vous pr\u00e9sentez des signes de folliculite d\u00e9calvante, contactez imm\u00e9diatement un dermatologue sp\u00e9cialis\u00e9 pour un examen urgent.<\/b><\/p>\n","protected":false},"excerpt":{"rendered":"<p>La folliculite d\u00e9calvante est une forme rare et sp\u00e9cialis\u00e9e d\u2019alop\u00e9cie cicatricielle qui d\u00e9truit malheureusement d\u00e9finitivement les follicules pileux. Cette maladie inflammatoire chronique se caract\u00e9rise par des pustules, des cro\u00fbtes, et des plaques rouges sur le cuir chevelu du patient. Elle progresse souvent lentement, mais elle laisse des zones de cicatrices lisses et irr\u00e9versibles o\u00f9 aucun [&hellip;]<\/p>\n","protected":false},"author":4,"featured_media":7094,"comment_status":"open","ping_status":"open","sticky":false,"template":"","format":"standard","meta":{"footnotes":""},"categories":[29],"tags":[],"class_list":["post-7093","post","type-post","status-publish","format-standard","has-post-thumbnail","hentry","category-blog"],"_links":{"self":[{"href":"https:\/\/www.capilclinic.com\/fr\/wp-json\/wp\/v2\/posts\/7093","targetHints":{"allow":["GET"]}}],"collection":[{"href":"https:\/\/www.capilclinic.com\/fr\/wp-json\/wp\/v2\/posts"}],"about":[{"href":"https:\/\/www.capilclinic.com\/fr\/wp-json\/wp\/v2\/types\/post"}],"author":[{"embeddable":true,"href":"https:\/\/www.capilclinic.com\/fr\/wp-json\/wp\/v2\/users\/4"}],"replies":[{"embeddable":true,"href":"https:\/\/www.capilclinic.com\/fr\/wp-json\/wp\/v2\/comments?post=7093"}],"version-history":[{"count":1,"href":"https:\/\/www.capilclinic.com\/fr\/wp-json\/wp\/v2\/posts\/7093\/revisions"}],"predecessor-version":[{"id":7100,"href":"https:\/\/www.capilclinic.com\/fr\/wp-json\/wp\/v2\/posts\/7093\/revisions\/7100"}],"wp:featuredmedia":[{"embeddable":true,"href":"https:\/\/www.capilclinic.com\/fr\/wp-json\/wp\/v2\/media\/7094"}],"wp:attachment":[{"href":"https:\/\/www.capilclinic.com\/fr\/wp-json\/wp\/v2\/media?parent=7093"}],"wp:term":[{"taxonomy":"category","embeddable":true,"href":"https:\/\/www.capilclinic.com\/fr\/wp-json\/wp\/v2\/categories?post=7093"},{"taxonomy":"post_tag","embeddable":true,"href":"https:\/\/www.capilclinic.com\/fr\/wp-json\/wp\/v2\/tags?post=7093"}],"curies":[{"name":"wp","href":"https:\/\/api.w.org\/{rel}","templated":true}]}}