{"id":7076,"date":"2026-09-01T12:51:24","date_gmt":"2026-09-01T09:51:24","guid":{"rendered":"https:\/\/www.capilclinic.com\/?p=7076"},"modified":"2026-09-01T12:51:24","modified_gmt":"2026-09-01T09:51:24","slug":"a-quel-age-les-cheveux-commencent-a-tomber","status":"publish","type":"post","link":"https:\/\/www.capilclinic.com\/fr\/a-quel-age-les-cheveux-commencent-a-tomber\/","title":{"rendered":"\u00c0 quel \u00e2ge commence la chute de cheveux ?"},"content":{"rendered":"<p>Le moment o\u00f9 la chute d\u00e9bute varie selon les individus, d\u00e9pendant de facteurs g\u00e9n\u00e9tiques et environnementaux sp\u00e9cifiques \u00e0 chacun. L\u2019<b>alop\u00e9cie androg\u00e9n\u00e9tique<\/b> peut commencer subtilement d\u00e8s la fin de l\u2019adolescence, progressant parfois lentement ou rapidement chez les sujets concern\u00e9s. Les hommes remarquent souvent les premiers signes de d\u00e9garnissement au niveau des golfes temporaux ou du sommet du cr\u00e2ne avant l\u2019\u00e2ge de trente ans. Chez les femmes, la perte de densit\u00e9 commence g\u00e9n\u00e9ralement plus tardivement, s\u2019acc\u00e9l\u00e9rant fr\u00e9quemment apr\u00e8s la m\u00e9nopause. Identifier pr\u00e9cis\u00e9ment le <b>d\u00e9but de la chute<\/b> permet d\u2019intervenir pr\u00e9cocement, souvent avec un traitement m\u00e9dical tr\u00e8s efficace. Une action rapide optimise grandement les chances de stabiliser la situation capillaire. Pour toutes les informations sur les causes, consultez notre page <a href=\"https:\/\/www.capilclinic.fr\/blog\/cheveux-tombent\/\" target=\"_blank\" rel=\"noopener\">[Chute de cheveux].<\/a><\/p>\n<h2>Facteurs g\u00e9n\u00e9tiques et hormonaux li\u00e9s \u00e0 l\u2019\u00e2ge<\/h2>\n<p><img loading=\"lazy\" decoding=\"async\" class=\"aligncenter size-full wp-image-7078\" src=\"https:\/\/www.capilclinic.com\/wp-content\/uploads\/2026\/09\/cheveux-tomber-2_2026.webp\" alt=\"\" width=\"600\" height=\"400\" title=\"\" srcset=\"https:\/\/www.capilclinic.com\/wp-content\/uploads\/2026\/09\/cheveux-tomber-2_2026.webp 600w, https:\/\/www.capilclinic.com\/wp-content\/uploads\/2026\/09\/cheveux-tomber-2_2026-300x200.webp 300w, https:\/\/www.capilclinic.com\/wp-content\/uploads\/2026\/09\/cheveux-tomber-2_2026-150x100.webp 150w\" sizes=\"auto, (max-width: 600px) 100vw, 600px\" \/><\/p>\n<p>L\u2019\u00e2ge auquel la perte de cheveux commence est intimement li\u00e9 \u00e0 la combinaison complexe des <b>facteurs g\u00e9n\u00e9tiques<\/b> et des fluctuations <b>hormonales<\/b> observ\u00e9es chez l\u2019individu. La pr\u00e9disposition familiale influence fortement la sensibilit\u00e9 des follicules pileux \u00e0 la dihydrotestost\u00e9rone (DHT), l\u2019hormone androg\u00e8ne responsable. L\u2019expression de ces g\u00e8nes commence souvent \u00e0 se manifester apr\u00e8s la pubert\u00e9, lorsque les taux d\u2019hormones sexuelles atteignent leur pleine maturit\u00e9 physiologique.<\/p>\n<p>Chez les hommes, l\u2019augmentation de la DHT provoque la miniaturisation progressive des follicules, entra\u00eenant une calvitie de type Norwood typique. Chez les femmes, les d\u00e9s\u00e9quilibres hormonaux, notamment la baisse d\u2019\u0153strog\u00e8nes pendant et apr\u00e8s la <b>m\u00e9nopause<\/b>, peuvent exacerber la chute. Comprendre cette interaction est fondamental pour mettre en place des strat\u00e9gies de pr\u00e9vention personnalis\u00e9es et des traitements cibl\u00e9s tr\u00e8s efficaces.<\/p>\n<p>Les facteurs qui influencent la chute selon l\u2019\u00e2ge comprennent :<\/p>\n<ul>\n<li><b>H\u00e9r\u00e9dit\u00e9 :<\/b> La pr\u00e9sence de g\u00e8nes sp\u00e9cifiques transmise par les parents d\u00e9termine grandement la vitesse et la gravit\u00e9 de l\u2019alop\u00e9cie.<\/li>\n<li><b>Androg\u00e8nes (DHT) :<\/b> L\u2019augmentation de cette hormone puissante apr\u00e8s la pubert\u00e9 est la cause principale de l\u2019alop\u00e9cie androg\u00e9n\u00e9tique.<\/li>\n<li><b>M\u00e9nopause :<\/b> La diminution des \u0153strog\u00e8nes chez la femme modifie l\u2019\u00e9quilibre hormonal, favorisant souvent l\u2019amincissement des cheveux.<\/li>\n<\/ul>\n<h2>Statistiques par \u00e2ge \/ d\u00e9cades<\/h2>\n<p><img loading=\"lazy\" decoding=\"async\" class=\"aligncenter size-full wp-image-7079\" src=\"https:\/\/www.capilclinic.com\/wp-content\/uploads\/2026\/09\/cheveux-tomber-6_2026.webp\" alt=\"\" width=\"600\" height=\"400\" title=\"\" srcset=\"https:\/\/www.capilclinic.com\/wp-content\/uploads\/2026\/09\/cheveux-tomber-6_2026.webp 600w, https:\/\/www.capilclinic.com\/wp-content\/uploads\/2026\/09\/cheveux-tomber-6_2026-300x200.webp 300w, https:\/\/www.capilclinic.com\/wp-content\/uploads\/2026\/09\/cheveux-tomber-6_2026-150x100.webp 150w\" sizes=\"auto, (max-width: 600px) 100vw, 600px\" \/><\/p>\n<p>L\u2019incidence de l\u2019alop\u00e9cie androg\u00e9n\u00e9tique augmente significativement avec l\u2019\u00e2ge, selon des <b>donn\u00e9es v\u00e9rifi\u00e9es<\/b> par la recherche dermatologique. Ce ph\u00e9nom\u00e8ne universel, bien que principalement masculin, suit une progression bien document\u00e9e que les sp\u00e9cialistes doivent conna\u00eetre. On estime qu\u2019un pourcentage d\u2019hommes \u00e9gal \u00e0 leur d\u00e9cennie d\u2019\u00e2ge pr\u00e9sente une forme de calvitie plus ou moins avanc\u00e9e, constituant un rep\u00e8re clinique simple.<\/p>\n<p>Environ 15% des hommes dans la vingtaine sont concern\u00e9s, un chiffre qui double pour les trentenaires, et augmente ensuite. Il est int\u00e9ressant de noter que 85% des hommes seront confront\u00e9s \u00e0 une <b>perte de cheveux<\/b> notable avant d\u2019atteindre l\u2019\u00e2ge de cinquante ans. Ces statistiques soulignent l\u2019importance du d\u00e9pistage pr\u00e9coce pour \u00e9tablir rapidement une strat\u00e9gie de traitement efficace.<\/p>\n<table>\n<thead>\n<tr>\n<td><strong>D\u00e9cennie d\u2019\u00c2ge<\/strong><\/td>\n<td><strong>Pourcentage Estim\u00e9 d\u2019Hommes Concern\u00e9s<\/strong><\/td>\n<\/tr>\n<\/thead>\n<tbody>\n<tr>\n<td><b>20-29 ans<\/b><\/td>\n<td>Environ 15% \u2013 20%<\/td>\n<\/tr>\n<tr>\n<td><b>30-39 ans<\/b><\/td>\n<td>Environ 30%<\/td>\n<\/tr>\n<tr>\n<td><b>40-49 ans<\/b><\/td>\n<td>Environ 40%<\/td>\n<\/tr>\n<tr>\n<td><b>50-59 ans<\/b><\/td>\n<td>Environ 50%<\/td>\n<\/tr>\n<\/tbody>\n<\/table>\n<h2>Signes d\u2019alarme pr\u00e9coces<\/h2>\n<p><img loading=\"lazy\" decoding=\"async\" class=\"aligncenter size-full wp-image-7080\" src=\"https:\/\/www.capilclinic.com\/wp-content\/uploads\/2026\/09\/cheveux-tomber-5_2026.webp\" alt=\"\" width=\"600\" height=\"400\" title=\"\" srcset=\"https:\/\/www.capilclinic.com\/wp-content\/uploads\/2026\/09\/cheveux-tomber-5_2026.webp 600w, https:\/\/www.capilclinic.com\/wp-content\/uploads\/2026\/09\/cheveux-tomber-5_2026-300x200.webp 300w, https:\/\/www.capilclinic.com\/wp-content\/uploads\/2026\/09\/cheveux-tomber-5_2026-150x100.webp 150w\" sizes=\"auto, (max-width: 600px) 100vw, 600px\" \/><\/p>\n<p>Observer attentivement les <b>signes d\u2019alarme pr\u00e9coces<\/b> devient <a href=\"https:\/\/www.capilclinic.fr\/blog\/cheveux-tombent\/\" target=\"_blank\" rel=\"noopener\">essentiel lorsque la chute de cheveux<\/a> appara\u00eet chez des individus jeunes, notamment avant vingt-cinq ans. Les jeunes hommes devraient surveiller le recul progressif et sym\u00e9trique de la ligne frontale au niveau des tempes, formant les fameux \u00ab golfes \u00bb capillaires. Une attention particuli\u00e8re doit \u00eatre port\u00e9e \u00e0 l\u2019amincissement visible des cheveux sur le sommet du cr\u00e2ne ou le vertex. Les jeunes femmes remarqueront souvent une diminution globale de la densit\u00e9, avec une raie centrale qui s\u2019\u00e9largit graduellement.<\/p>\n<p>Il faut \u00e9galement inspecter la qualit\u00e9 des cheveux qui tombent; si les cheveux sont courts, fins, et n\u2019atteignent pas leur longueur normale, cela indique une <b>miniaturisation folliculaire<\/b> active. Ces changements subtils t\u00e9moignent d\u2019une alop\u00e9cie androg\u00e9n\u00e9tique potentiellement agressive, n\u00e9cessitant une intervention th\u00e9rapeutique rapide et cibl\u00e9e. Ne pas ignorer ces indicateurs permet de maximiser l\u2019efficacit\u00e9 des traitements m\u00e9dicaux, comme le minoxidil, et de pr\u00e9server le capital capillaire existant.<\/p>\n<h3>Pourquoi est-il important d\u2019identifier les sympt\u00f4mes de l\u2019alop\u00e9cie commune ?<\/h3>\n<p>Maintenant que nous connaissons les diff\u00e9rents degr\u00e9s de <strong>l\u2019alop\u00e9cie androg\u00e9nique<\/strong>, nous pouvons identifier le stade de la maladie. Plus t\u00f4t le diagnostic est pos\u00e9, plus t\u00f4t le traitement le plus appropri\u00e9 peut \u00eatre trouv\u00e9. Au grade IV, il est encore possible d\u2019arr\u00eater la chute des cheveux avec un traitement au plasma riche en plaquettes. Il est \u00e9galement possible d\u2019utiliser le dutast\u00e9ride, la m\u00e9soth\u00e9rapie et les vitamines.<\/p>\n<p>Apr\u00e8s ce stade, la transplantation de cheveux est la seule option. <b>Pelade de l\u2019enfant<\/b> (Alopecia Areata Infantil) <b>Fuente:<\/b> <b>Soci\u00e9t\u00e9 Fran\u00e7aise de Dermatologie (SFD) :<\/b> Ce document de formation m\u00e9dicale continue (FMC) fournit des informations sur la pr\u00e9valence, le <a href=\"https:\/\/www.sfdermato.org\/media\/pdf\/fmc\/pelade-f913223e3700a0d189728096223ae669.pdf\" target=\"_blank\" rel=\"noopener\">diagnostic et le traitement de cette affection chez les enfants, qui repr\u00e9sentent environ 20 % des cas d\u2019alop\u00e9cie areata<\/a>.<\/p>\n<p><img loading=\"lazy\" decoding=\"async\" class=\"aligncenter size-full wp-image-7079\" src=\"https:\/\/www.capilclinic.com\/wp-content\/uploads\/2026\/09\/cheveux-tomber-6_2026.webp\" alt=\"\" width=\"600\" height=\"400\" title=\"\" srcset=\"https:\/\/www.capilclinic.com\/wp-content\/uploads\/2026\/09\/cheveux-tomber-6_2026.webp 600w, https:\/\/www.capilclinic.com\/wp-content\/uploads\/2026\/09\/cheveux-tomber-6_2026-300x200.webp 300w, https:\/\/www.capilclinic.com\/wp-content\/uploads\/2026\/09\/cheveux-tomber-6_2026-150x100.webp 150w\" sizes=\"auto, (max-width: 600px) 100vw, 600px\" \/><\/p>\n<h2>Foire aux questions<\/h2>\n<p><img loading=\"lazy\" decoding=\"async\" class=\"aligncenter size-full wp-image-7081\" src=\"https:\/\/www.capilclinic.com\/wp-content\/uploads\/2026\/09\/cheveux-tomber-3_2026.webp\" alt=\"\" width=\"600\" height=\"400\" title=\"\" srcset=\"https:\/\/www.capilclinic.com\/wp-content\/uploads\/2026\/09\/cheveux-tomber-3_2026.webp 600w, https:\/\/www.capilclinic.com\/wp-content\/uploads\/2026\/09\/cheveux-tomber-3_2026-300x200.webp 300w, https:\/\/www.capilclinic.com\/wp-content\/uploads\/2026\/09\/cheveux-tomber-3_2026-150x100.webp 150w\" sizes=\"auto, (max-width: 600px) 100vw, 600px\" \/><\/p>\n<h3>Est-ce normal de perdre des cheveux \u00e0 20 ans ?<\/h3>\n<p>Il n\u2019est <b>g\u00e9n\u00e9ralement pas normal<\/b> d\u2019<a href=\"https:\/\/www.capilclinic.fr\/blog\/lalopecie-prematuree\/\" target=\"_blank\" rel=\"noopener\">observer une perte de cheveux<\/a> significative ou un amincissement notable d\u00e8s l\u2019\u00e2ge de vingt ans, bien que cela puisse arriver. Perdre environ <b>50 \u00e0 100 cheveux par jour<\/b> reste parfaitement normal pour tout individu, ce qui correspond au cycle naturel de renouvellement pilaire constant. Cependant, une chute de cheveux qui entra\u00eene une <b>diminution visible<\/b> de la densit\u00e9, particuli\u00e8rement au niveau des golfes temporaux ou du sommet du cr\u00e2ne, doit vous amener \u00e0 consulter un sp\u00e9cialiste.<\/p>\n<p>Chez les hommes jeunes, ce type de perte est souvent le premier signe d\u2019une <b>alop\u00e9cie androg\u00e9n\u00e9tique<\/b> pr\u00e9coce, une condition g\u00e9n\u00e9tique et hormonale. Les facteurs d\u00e9clenchants peuvent aussi inclure un <b>stress intense<\/b>, une carence nutritionnelle s\u00e9v\u00e8re ou un d\u00e9s\u00e9quilibre thyro\u00efdien que vous devez v\u00e9rifier s\u00e9rieusement. Il est crucial d\u2019obtenir un <b>diagnostic pr\u00e9cis<\/b> aupr\u00e8s d\u2019un dermatologue pour identifier la cause exacte et pour d\u00e9buter un traitement efficace rapidement. Une prise en charge pr\u00e9coce augmente grandement les <b>chances de stabiliser<\/b> la chute et de conserver votre capital capillaire actuel.<\/p>\n<h3>Quand s\u2019inqui\u00e9ter avant 30 ans ?<\/h3>\n<p>Il est <b>primordial<\/b> de ne pas ignorer certains signes de perte de cheveux qui apparaissent pr\u00e9cocement, notamment avant l\u2019\u00e2ge de trente ans. La principale source d\u2019inqui\u00e9tude concerne l\u2019<b>alop\u00e9cie androg\u00e9n\u00e9tique juv\u00e9nile<\/b>, qui se manifeste par un \u00e9claircissement notable et constant de la chevelure. Chez l\u2019homme jeune, vous remarquerez un <b>recul visible des golfes temporaux<\/b> ou l\u2019apparition d\u2019une tonsure au niveau du sommet du cr\u00e2ne. Chez la femme, le signal d\u2019alarme le plus \u00e9vident est l\u2019<b>\u00e9largissement progressif de la raie m\u00e9diane<\/b>, laissant transpara\u00eetre davantage le cuir chevelu.<\/p>\n<p><img loading=\"lazy\" decoding=\"async\" class=\"aligncenter size-full wp-image-7082\" src=\"https:\/\/www.capilclinic.com\/wp-content\/uploads\/2026\/09\/cheveux-tomber-1_2026.webp\" alt=\"\" width=\"600\" height=\"400\" title=\"\" srcset=\"https:\/\/www.capilclinic.com\/wp-content\/uploads\/2026\/09\/cheveux-tomber-1_2026.webp 600w, https:\/\/www.capilclinic.com\/wp-content\/uploads\/2026\/09\/cheveux-tomber-1_2026-300x200.webp 300w, https:\/\/www.capilclinic.com\/wp-content\/uploads\/2026\/09\/cheveux-tomber-1_2026-150x100.webp 150w\" sizes=\"auto, (max-width: 600px) 100vw, 600px\" \/><\/p>\n<p>Il faut aussi s\u2019alarmer face \u00e0 une <b>perte de cheveux rapide et localis\u00e9e<\/b> se pr\u00e9sentant sous forme de plaques, car cela pourrait indiquer une pelade active. Une autre source d\u2019alerte concerne la <b>chute diffuse et importante<\/b> qui persiste au-del\u00e0 de trois mois sans cause apparente, sugg\u00e9rant un effluvium t\u00e9log\u00e8ne chronique. Consultez un sp\u00e9cialiste rapidement si ces sympt\u00f4mes persistent pour \u00e9tablir un diagnostic pr\u00e9cis et <b>d\u00e9marrer un traitement efficace<\/b> sans tarder.<\/p>\n<h2><strong>Conclusion<\/strong><\/h2>\n<p>La chute de cheveux peut commencer <b>beaucoup plus t\u00f4t<\/b> que vous ne le pensez, parfois m\u00eame d\u00e8s l\u2019adolescence ou la vingtaine. L\u2019alop\u00e9cie androg\u00e9n\u00e9tique est la cause la plus fr\u00e9quente de perte pr\u00e9coce et progressive chez les jeunes adultes. Elle peut aussi \u00eatre le r\u00e9sultat d\u2019un effluvium t\u00e9log\u00e8ne ou de carences nutritionnelles importantes souvent n\u00e9glig\u00e9es. Il est <b>crucial<\/b> de comprendre que l\u2019\u00e2ge du d\u00e9but varie grandement selon l\u2019origine pr\u00e9cise de l\u2019alop\u00e9cie diagnostiqu\u00e9e.<\/p>\n<p>L\u2019<b>importance d\u2019un diagnostic pr\u00e9coce<\/b> ne peut \u00eatre assez soulign\u00e9e pour garantir l\u2019efficacit\u00e9 maximale du traitement. Intervenir rapidement permet de <b>stopper la progression<\/b> de la chute et de <b>sauver les follicules<\/b> encore actifs et non d\u00e9truits. Vous devez consulter un expert capillaire d\u00e8s l\u2019apparition des premiers signes d\u2019amincissement visible de votre chevelure. Ne laissez pas l\u2019alop\u00e9cie \u00e9voluer sans une prise en charge professionnelle et personnalis\u00e9e imm\u00e9diate pour optimiser votre capital. <b>Agissez maintenant : <a href=\"http:\/\/capilclinic.fr\/\" target=\"_blank\" rel=\"noopener\">consultez un expert Capilclinic<\/a> pour un diagnostic imm\u00e9diat et pr\u00e9cis et pr\u00e9servez votre chevelure.<\/b><\/p>\n","protected":false},"excerpt":{"rendered":"<p>Le moment o\u00f9 la chute d\u00e9bute varie selon les individus, d\u00e9pendant de facteurs g\u00e9n\u00e9tiques et environnementaux sp\u00e9cifiques \u00e0 chacun. L\u2019alop\u00e9cie androg\u00e9n\u00e9tique peut commencer subtilement d\u00e8s la fin de l\u2019adolescence, progressant parfois lentement ou rapidement chez les sujets concern\u00e9s. Les hommes remarquent souvent les premiers signes de d\u00e9garnissement au niveau des golfes temporaux ou du sommet [&hellip;]<\/p>\n","protected":false},"author":4,"featured_media":7077,"comment_status":"open","ping_status":"open","sticky":false,"template":"","format":"standard","meta":{"footnotes":""},"categories":[29],"tags":[],"class_list":["post-7076","post","type-post","status-publish","format-standard","has-post-thumbnail","hentry","category-blog"],"_links":{"self":[{"href":"https:\/\/www.capilclinic.com\/fr\/wp-json\/wp\/v2\/posts\/7076","targetHints":{"allow":["GET"]}}],"collection":[{"href":"https:\/\/www.capilclinic.com\/fr\/wp-json\/wp\/v2\/posts"}],"about":[{"href":"https:\/\/www.capilclinic.com\/fr\/wp-json\/wp\/v2\/types\/post"}],"author":[{"embeddable":true,"href":"https:\/\/www.capilclinic.com\/fr\/wp-json\/wp\/v2\/users\/4"}],"replies":[{"embeddable":true,"href":"https:\/\/www.capilclinic.com\/fr\/wp-json\/wp\/v2\/comments?post=7076"}],"version-history":[{"count":1,"href":"https:\/\/www.capilclinic.com\/fr\/wp-json\/wp\/v2\/posts\/7076\/revisions"}],"predecessor-version":[{"id":7083,"href":"https:\/\/www.capilclinic.com\/fr\/wp-json\/wp\/v2\/posts\/7076\/revisions\/7083"}],"wp:featuredmedia":[{"embeddable":true,"href":"https:\/\/www.capilclinic.com\/fr\/wp-json\/wp\/v2\/media\/7077"}],"wp:attachment":[{"href":"https:\/\/www.capilclinic.com\/fr\/wp-json\/wp\/v2\/media?parent=7076"}],"wp:term":[{"taxonomy":"category","embeddable":true,"href":"https:\/\/www.capilclinic.com\/fr\/wp-json\/wp\/v2\/categories?post=7076"},{"taxonomy":"post_tag","embeddable":true,"href":"https:\/\/www.capilclinic.com\/fr\/wp-json\/wp\/v2\/tags?post=7076"}],"curies":[{"name":"wp","href":"https:\/\/api.w.org\/{rel}","templated":true}]}}