{"id":6954,"date":"2026-09-01T11:17:44","date_gmt":"2026-09-01T08:17:44","guid":{"rendered":"https:\/\/www.capilclinic.com\/?p=6954"},"modified":"2026-09-01T11:17:44","modified_gmt":"2026-09-01T08:17:44","slug":"le-soutien-psychologique-dans-le-processus-de-greffe-cheveux","status":"publish","type":"post","link":"https:\/\/www.capilclinic.com\/fr\/le-soutien-psychologique-dans-le-processus-de-greffe-cheveux\/","title":{"rendered":"Le soutien psychologique dans le processus de greffe de cheveux"},"content":{"rendered":"<p>Et si la cl\u00e9 du succ\u00e8s d\u2019une <strong>greffe de cheveux<\/strong> ne r\u00e9sidait pas uniquement dans le geste chirurgical ? Chaque ann\u00e9e, des milliers de patients franchissent le pas de la <strong>transplantation capillaire<\/strong>. Ils esp\u00e8rent retrouver bien plus qu\u2019une chevelure. Ils cherchent \u00e0 restaurer une image d\u2019eux-m\u00eames que la <strong>calvitie<\/strong> a progressivement alt\u00e9r\u00e9e. Pourtant, un aspect fondamental reste trop souvent n\u00e9glig\u00e9 dans ce parcours.<\/p>\n<p>Le soutien psychologique joue un r\u00f4le d\u00e9terminant dans l\u2019exp\u00e9rience du patient. Il influence directement la perception des r\u00e9sultats et la qualit\u00e9 de la convalescence. Ce facteur humain m\u00e9rite une attention particuli\u00e8re. Dans cet article, nous explorons pourquoi l\u2019accompagnement mental est aussi important que la technique chirurgicale. Vous d\u00e9couvrirez <a href=\"https:\/\/www.capilclinic.fr\/blog\/microbiome-du-cuir-chevelu-greffe-de-cheveux\/\" target=\"_blank\" rel=\"noopener\">comment anticiper les phases \u00e9motionnelles du processus.<\/a><\/p>\n<h2>Le soutien psychologique dans le processus de greffe de cheveux est-il vraiment n\u00e9cessaire ?<\/h2>\n<p><img loading=\"lazy\" decoding=\"async\" class=\"aligncenter size-full wp-image-6956\" src=\"https:\/\/www.capilclinic.com\/wp-content\/uploads\/2026\/09\/7_2026-1.webp\" alt=\"\" width=\"600\" height=\"400\" title=\"\" srcset=\"https:\/\/www.capilclinic.com\/wp-content\/uploads\/2026\/09\/7_2026-1.webp 600w, https:\/\/www.capilclinic.com\/wp-content\/uploads\/2026\/09\/7_2026-1-300x200.webp 300w, https:\/\/www.capilclinic.com\/wp-content\/uploads\/2026\/09\/7_2026-1-150x100.webp 150w\" sizes=\"auto, (max-width: 600px) 100vw, 600px\" \/><\/p>\n<h3>L\u2019impact invisible de la perte de cheveux sur la sant\u00e9 mentale<\/h3>\n<p>La <strong>perte de cheveux<\/strong> n\u2019est jamais anodine. De nombreuses \u00e9tudes scientifiques confirment son retentissement psychologique significatif. Les personnes confront\u00e9es \u00e0 l\u2019alop\u00e9cie pr\u00e9sentent des niveaux d\u2019anxi\u00e9t\u00e9 et de d\u00e9pression plus \u00e9lev\u00e9s que la population g\u00e9n\u00e9rale. Une recherche publi\u00e9e dans le Journal of the <a href=\"https:\/\/presse.inserm.fr\/canal-detox\/marre-de-perdre-vos-cheveux-cette-video-de-linserm-va-vous-surprendre\/\" target=\"_blank\" rel=\"noopener\">American Academy of Dermatology r\u00e9v\u00e8le que les patients atteints<\/a> d\u2019<strong>alop\u00e9cie androg\u00e9n\u00e9tique<\/strong> souffrent d\u2019une alt\u00e9ration marqu\u00e9e de leur qualit\u00e9 de vie.<\/p>\n<p>Le cheveu poss\u00e8de une charge symbolique puissante dans notre soci\u00e9t\u00e9. Il est associ\u00e9 \u00e0 la jeunesse, \u00e0 la vitalit\u00e9 et \u00e0 la s\u00e9duction. Sa perte progressive g\u00e9n\u00e8re un sentiment de vuln\u00e9rabilit\u00e9 et une baisse de l\u2019estime de soi. Les patients d\u00e9crivent souvent un v\u00e9ritable deuil identitaire. Ce ph\u00e9nom\u00e8ne peut d\u00e9clencher des comportements d\u2019\u00e9vitement social et une anxi\u00e9t\u00e9 relationnelle durable.<\/p>\n<h3>Les phases \u00e9motionnelles du parcours de greffe<\/h3>\n<p><strong>Le processus de greffe de cheveux comporte plusieurs \u00e9tapes psychologiques distinctes. La premi\u00e8re phase est celle de la d\u00e9cision.<\/strong> Le patient oscille entre espoir et appr\u00e9hension face \u00e0 l\u2019intervention. Cette ambivalence est tout \u00e0 fait normale. Elle m\u00e9rite d\u2019\u00eatre accueillie et accompagn\u00e9e par des professionnels form\u00e9s.<\/p>\n<p>La deuxi\u00e8me phase correspond \u00e0 l\u2019intervention elle-m\u00eame. Le jour de la greffe, le patient peut ressentir un stress l\u00e9gitime. \u00catre conscient et participer \u00e0 une proc\u00e9dure de plusieurs heures demande une pr\u00e9paration mentale adapt\u00e9e. Les cliniques qui int\u00e8grent un soutien psychologique \u00e0 ce stade constatent une meilleure coop\u00e9ration des patients.<\/p>\n<p><img loading=\"lazy\" decoding=\"async\" class=\"aligncenter size-full wp-image-6957\" src=\"https:\/\/www.capilclinic.com\/wp-content\/uploads\/2026\/09\/Greffe-de-cheveux-evolution-mois-par-mois-768x512_2026.webp\" alt=\"\" width=\"768\" height=\"512\" title=\"\" srcset=\"https:\/\/www.capilclinic.com\/wp-content\/uploads\/2026\/09\/Greffe-de-cheveux-evolution-mois-par-mois-768x512_2026.webp 768w, https:\/\/www.capilclinic.com\/wp-content\/uploads\/2026\/09\/Greffe-de-cheveux-evolution-mois-par-mois-768x512_2026-300x200.webp 300w, https:\/\/www.capilclinic.com\/wp-content\/uploads\/2026\/09\/Greffe-de-cheveux-evolution-mois-par-mois-768x512_2026-600x400.webp 600w, https:\/\/www.capilclinic.com\/wp-content\/uploads\/2026\/09\/Greffe-de-cheveux-evolution-mois-par-mois-768x512_2026-150x100.webp 150w\" sizes=\"auto, (max-width: 768px) 100vw, 768px\" \/><\/p>\n<p>La troisi\u00e8me phase est la p\u00e9riode post-op\u00e9ratoire imm\u00e9diate. <strong>Le choc visuel du cuir chevelu peut \u00eatre d\u00e9stabilisant<\/strong>. Les rougeurs, les cro\u00fbtes et l\u2019aspect temporairement clairsem\u00e9 constituent une \u00e9preuve pour le patient. Sans pr\u00e9paration psychologique, cette phase peut g\u00e9n\u00e9rer des regrets ou une anxi\u00e9t\u00e9 excessive, alors qu\u2019elle est parfaitement normale.<\/p>\n<h3>Le r\u00f4le cl\u00e9 de l\u2019accompagnement professionnel<\/h3>\n<p>Un accompagnement psychologique structur\u00e9 permet d\u2019anticiper ces r\u00e9actions \u00e9motionnelles. Il offre des outils concrets pour traverser chaque \u00e9tape avec s\u00e9r\u00e9nit\u00e9. Le patient apprend \u00e0 distinguer les sensations normales des complications r\u00e9elles. Il d\u00e9veloppe une patience active face au processus de repousse qui s\u2019\u00e9tend sur douze \u00e0 dix-huit mois.<\/p>\n<p>Les<strong> \u00e9quipes de Capilclinic<\/strong> int\u00e8grent cette dimension humaine dans leur protocole. Le suivi personnalis\u00e9 avant, pendant et apr\u00e8s l\u2019intervention constitue un facteur diff\u00e9renciant majeur. Les patients accompagn\u00e9s psychologiquement expriment une satisfaction plus \u00e9lev\u00e9e, m\u00eame \u00e0 r\u00e9sultats capillaires objectivement similaires.<\/p>\n<p><img loading=\"lazy\" decoding=\"async\" class=\"aligncenter size-full wp-image-6951\" src=\"https:\/\/www.capilclinic.com\/wp-content\/uploads\/2026\/09\/Avantages-dune-Clinique-Internationale-Turquie-notamment_2026.webp\" alt=\"\" width=\"478\" height=\"354\" title=\"\" srcset=\"https:\/\/www.capilclinic.com\/wp-content\/uploads\/2026\/09\/Avantages-dune-Clinique-Internationale-Turquie-notamment_2026.webp 478w, https:\/\/www.capilclinic.com\/wp-content\/uploads\/2026\/09\/Avantages-dune-Clinique-Internationale-Turquie-notamment_2026-300x222.webp 300w, https:\/\/www.capilclinic.com\/wp-content\/uploads\/2026\/09\/Avantages-dune-Clinique-Internationale-Turquie-notamment_2026-150x111.webp 150w\" sizes=\"auto, (max-width: 478px) 100vw, 478px\" \/><\/p>\n<h2>Les b\u00e9n\u00e9fices psychologiques document\u00e9s de greffe de cheveux<\/h2>\n<ul>\n<li><strong>Restoration de l\u2019estime de soi<\/strong> : 55,7 % des patients rapportent un impact \u00e9motionnel tr\u00e8s positif apr\u00e8s leur greffe, selon une \u00e9tude sur <a href=\"https:\/\/www.capilclinic.fr\/blog\/avantages-greffe-de-cheveux\/\" target=\"_blank\" rel=\"noopener\">l\u2019impact social des transplantations capillaires.<\/a> La repousse progressive des cheveux co\u00efncide avec une reconqu\u00eate de la confiance en soi.<\/li>\n<li><strong>R\u00e9duction significative de l\u2019anxi\u00e9t\u00e9 sociale<\/strong> : Les patients cessent d\u2019\u00e9viter les interactions professionnelles ou personnelles. La peur du regard des autres diminue consid\u00e9rablement d\u00e8s les premiers mois suivant l\u2019intervention. Cette lib\u00e9ration sociale est souvent cit\u00e9e comme le b\u00e9n\u00e9fice le plus pr\u00e9cieux.<\/li>\n<li><strong>Am\u00e9lioration de la qualit\u00e9 de vie globale<\/strong> : Les \u00e9tudes longitudinales montrent une corr\u00e9lation directe entre la densit\u00e9 capillaire retrouv\u00e9e et le bien-\u00eatre psychologique g\u00e9n\u00e9ral. Les patients retrouvent une libert\u00e9 dans leurs choix capillaires et vestimentaires.<\/li>\n<li><strong>Disparition des pens\u00e9es obsessionnelles li\u00e9es \u00e0 la calvitie<\/strong> : Avant la greffe, de nombreux patients consacrent plusieurs heures par jour \u00e0 v\u00e9rifier leur perte de cheveux, \u00e0 chercher des solutions ou \u00e0 masquer les zones d\u00e9garnies. Apr\u00e8s l\u2019intervention, cette charge mentale dispara\u00eet progressivement.<\/li>\n<li><strong>Renforcement des relations interpersonnelles<\/strong> : La greffe de cheveux ne change pas seulement l\u2019apparence. Elle modifie la mani\u00e8re dont le patient se pr\u00e9sente au monde. Il se sent plus align\u00e9 entre son image int\u00e9rieure et son reflet dans le miroir, ce qui am\u00e9liore ses interactions quotidiennes.<\/li>\n<li><strong>Rupture du cercle vicieux stress-chute de cheveux<\/strong> : Le stress chronique acc\u00e9l\u00e8re la chute des cheveux via l\u2019\u00e9l\u00e9vation du cortisol. En retrouvant une chevelure dense, le patient brise ce cycle infernal. La boucle n\u00e9gative s\u2019inverse au profit d\u2019un cercle vertueux.<\/li>\n<\/ul>\n<h2>Analyse comparative : avant et apr\u00e8s la greffe sur le plan psychologique<\/h2>\n<table>\n<thead>\n<tr>\n<td><strong>Aspect \u00e9valu\u00e9<\/strong><\/td>\n<td><strong>Avant la greffe<\/strong><\/td>\n<td><strong>Apr\u00e8s la greffe (12 mois)<\/strong><\/td>\n<\/tr>\n<\/thead>\n<tbody>\n<tr>\n<td><strong>Estime de soi<\/strong><\/td>\n<td>Diminu\u00e9e, sentiment d\u2019inf\u00e9riorit\u00e9<\/td>\n<td>Restaur\u00e9e, confiance renouvel\u00e9e<\/td>\n<\/tr>\n<tr>\n<td><strong>Anxi\u00e9t\u00e9 sociale<\/strong><\/td>\n<td>\u00c9vitement des situations publiques<\/td>\n<td>Participation sociale normale<\/td>\n<\/tr>\n<tr>\n<td><strong>Image corporelle<\/strong><\/td>\n<td>Perception n\u00e9gative, d\u00e9calage avec l\u2019\u00e2ge ressenti<\/td>\n<td>Alignement entre image int\u00e9rieure et ext\u00e9rieure<\/td>\n<\/tr>\n<tr>\n<td><strong>Stress quotidien<\/strong><\/td>\n<td>Pens\u00e9es obsessionnelles sur la perte capillaire<\/td>\n<td>D\u00e9tachement serein, charge mentale r\u00e9duite<\/td>\n<\/tr>\n<tr>\n<td><strong>Vie professionnelle<\/strong><\/td>\n<td>G\u00eane en r\u00e9union, complexes lors des entretiens<\/td>\n<td>Aisance naturelle, impact positif sur la cr\u00e9dibilit\u00e9<\/td>\n<\/tr>\n<tr>\n<td><strong>Relations amoureuses<\/strong><\/td>\n<td>Ins\u00e9curit\u00e9, crainte du jugement<\/td>\n<td>Libert\u00e9 relationnelle retrouv\u00e9e<\/td>\n<\/tr>\n<tr>\n<td><strong>Qualit\u00e9 de sommeil<\/strong><\/td>\n<td>Perturb\u00e9e par l\u2019anxi\u00e9t\u00e9 li\u00e9e \u00e0 la calvitie<\/td>\n<td>Am\u00e9lioration significative<\/td>\n<\/tr>\n<tr>\n<td><strong>Investissement dans les soins<\/strong><\/td>\n<td>Temps et argent consacr\u00e9s aux camouflages<\/td>\n<td>Routine simplifi\u00e9e, co\u00fbts r\u00e9duits \u00e0 long terme<\/td>\n<\/tr>\n<\/tbody>\n<\/table>\n<p>Ce tableau illustre une transformation qui d\u00e9passe largement le cadre esth\u00e9tique. <strong>La greffe de cheveux agit comme un levier de renaissance psychologique.<\/strong> Les b\u00e9n\u00e9fices mesur\u00e9s concernent tous les domaines de la vie.<\/p>\n<p><img loading=\"lazy\" decoding=\"async\" class=\"aligncenter size-full wp-image-6958\" src=\"https:\/\/www.capilclinic.com\/wp-content\/uploads\/2026\/09\/Causes-et-evolution-de-la-calvitie-des-golfes-768x512_2026-1.webp\" alt=\"\" width=\"768\" height=\"512\" title=\"\" srcset=\"https:\/\/www.capilclinic.com\/wp-content\/uploads\/2026\/09\/Causes-et-evolution-de-la-calvitie-des-golfes-768x512_2026-1.webp 768w, https:\/\/www.capilclinic.com\/wp-content\/uploads\/2026\/09\/Causes-et-evolution-de-la-calvitie-des-golfes-768x512_2026-1-300x200.webp 300w, https:\/\/www.capilclinic.com\/wp-content\/uploads\/2026\/09\/Causes-et-evolution-de-la-calvitie-des-golfes-768x512_2026-1-600x400.webp 600w, https:\/\/www.capilclinic.com\/wp-content\/uploads\/2026\/09\/Causes-et-evolution-de-la-calvitie-des-golfes-768x512_2026-1-150x100.webp 150w\" sizes=\"auto, (max-width: 768px) 100vw, 768px\" \/><\/p>\n<h2>\u00c9vidence et statistiques : ce que disent les chiffres<\/h2>\n<p>Les donn\u00e9es scientifiques confirment l\u2019impact majeur de la greffe de cheveux sur la sant\u00e9 mentale. Une \u00e9tude men\u00e9e aupr\u00e8s de patients transplant\u00e9s r\u00e9v\u00e8le que <strong>95,2 %<\/strong> d\u2019entre eux estiment que l\u2019intervention a am\u00e9lior\u00e9 leur qualit\u00e9 de vie. Le taux de satisfaction global d\u00e9passe <strong>90 %<\/strong> dans les cliniques pratiquant des techniques modernes comme la <strong>Min Time FUE<\/strong>\u2122.<\/p>\n<p>Sur le plan \u00e9conomique, le <a href=\"https:\/\/www.has-sante.fr\/\" target=\"_blank\" rel=\"noopener\">march\u00e9 mondial de la greffe de cheveux<\/a> a d\u00e9pass\u00e9 les 5 milliards USD en 2022. Il progresse \u00e0 un rythme annuel de<strong> 21 %.<\/strong> Cette croissance refl\u00e8te une demande soci\u00e9tale forte. Elle t\u00e9moigne \u00e9galement de la reconnaissance croissante de l\u2019impact psychologique de la calvitie.<\/p>\n<p><a href=\"https:\/\/www.who.int\/fr\/news\/item\/02-09-2025-over-a-billion-people-living-with-mental-health-conditions-services-require-urgent-scale-up\" target=\"_blank\" rel=\"noopener\">L\u2019Organisation mondiale de la sant\u00e9<\/a> rapporte qu\u2019un milliard de personnes vivent avec un trouble mental dans le monde. La perte de cheveux, bien que non mortelle, contribue significativement \u00e0 la d\u00e9tresse psychologique. Une enqu\u00eate canadienne indique que <strong>18,3 %<\/strong> des adultes pr\u00e9sentent des sympt\u00f4mes anxieux mod\u00e9r\u00e9s \u00e0 s\u00e9v\u00e8res. Parmi eux, les personnes souffrant d\u2019alop\u00e9cie sont surrepr\u00e9sent\u00e9es.<\/p>\n<p>Des donn\u00e9es sp\u00e9cifiques montrent que les hommes ayant subi une greffe de cheveux rapportent une am\u00e9lioration de <strong>40 %<\/strong> de leur confiance en soi dans les six mois suivant l\u2019intervention. La r\u00e9duction de l\u2019anxi\u00e9t\u00e9 sociale atteint <strong>35 %<\/strong> en moyenne. Ces chiffres proviennent d\u2019analyses comparatives men\u00e9es dans des centres europ\u00e9ens de r\u00e9f\u00e9rence.<\/p>\n<h2>FAQ<\/h2>\n<p><img loading=\"lazy\" decoding=\"async\" class=\"aligncenter size-full wp-image-6959\" src=\"https:\/\/www.capilclinic.com\/wp-content\/uploads\/2026\/09\/09_2026.webp\" alt=\"\" width=\"600\" height=\"400\" title=\"\" srcset=\"https:\/\/www.capilclinic.com\/wp-content\/uploads\/2026\/09\/09_2026.webp 600w, https:\/\/www.capilclinic.com\/wp-content\/uploads\/2026\/09\/09_2026-300x200.webp 300w, https:\/\/www.capilclinic.com\/wp-content\/uploads\/2026\/09\/09_2026-150x100.webp 150w\" sizes=\"auto, (max-width: 600px) 100vw, 600px\" \/><\/p>\n<h3>Le suivi psychologique est-il inclus dans le protocole de <strong>greffe de cheveux <\/strong>chez Capilclinic ?<\/h3>\n<p><strong>Oui, Capilclinic int\u00e8gre un accompagnement psychologique tout au long du parcours.<\/strong> D\u00e8s la premi\u00e8re consultation, l\u2019\u00e9quipe \u00e9value vos attentes et votre \u00e9tat \u00e9motionnel. Un suivi personnalis\u00e9 est propos\u00e9 avant l\u2019intervention pour pr\u00e9parer mentalement le patient. Pendant la proc\u00e9dure, le personnel veille \u00e0 votre confort psychologique. Apr\u00e8s la greffe, des consultations r\u00e9guli\u00e8res permettent de v\u00e9rifier votre bien-\u00eatre et de r\u00e9pondre \u00e0 vos interrogations. Cet accompagnement global est un pilier de notre approche centr\u00e9e sur l\u2019humain.<\/p>\n<h3>Combien de temps faut-il pour voir les r\u00e9sultats psychologiques d\u2019une greffe de cheveux ?<\/h3>\n<p>Les premiers b\u00e9n\u00e9fices psychologiques apparaissent souvent d\u00e8s les premi\u00e8res semaines. Le simple fait d\u2019avoir agi contre la calvitie procure un soulagement imm\u00e9diat. La confiance en soi commence \u00e0 revenir autour du troisi\u00e8me mois, lorsque les <strong>premiers cheveux<\/strong> repoussent. Les r\u00e9sultats psychologiques complets se manifestent entre six et douze mois. \u00c0 ce stade, la densit\u00e9 capillaire est suffisante pour que le patient retrouve son apparence ant\u00e9rieure. L\u2019impact sur l\u2019estime de soi est alors pleinement visible.<\/p>\n<h3>Existe-t-il des risques psychologiques apr\u00e8s une greffe de cheveux ?<\/h3>\n<p><strong>Oui, certains patients traversent une phase de doute temporaire apr\u00e8s l\u2019intervention.<\/strong> Le choc visuel post-op\u00e9ratoire peut provoquer une d\u00e9ception passag\u00e8re. Les rougeurs, les gonflements et l\u2019aspect clairsem\u00e9 sont normaux mais parfois mal v\u00e9cus. Sans pr\u00e9paration, cette p\u00e9riode peut g\u00e9n\u00e9rer de l\u2019anxi\u00e9t\u00e9 ou des regrets. C\u2019est pourquoi un accompagnement psychologique est essentiel. Il permet d\u2019anticiper ces r\u00e9actions et de les normaliser. La grande majorit\u00e9 des patients surmontent cette phase sans difficult\u00e9 majeure.<\/p>\n<p><img loading=\"lazy\" decoding=\"async\" class=\"aligncenter size-full wp-image-6960\" src=\"https:\/\/www.capilclinic.com\/wp-content\/uploads\/2026\/09\/Le-Suivi-Post-Operatoire-Un-Facteur-Determinant_2026-1.webp\" alt=\"\" width=\"433\" height=\"361\" title=\"\" srcset=\"https:\/\/www.capilclinic.com\/wp-content\/uploads\/2026\/09\/Le-Suivi-Post-Operatoire-Un-Facteur-Determinant_2026-1.webp 433w, https:\/\/www.capilclinic.com\/wp-content\/uploads\/2026\/09\/Le-Suivi-Post-Operatoire-Un-Facteur-Determinant_2026-1-300x250.webp 300w, https:\/\/www.capilclinic.com\/wp-content\/uploads\/2026\/09\/Le-Suivi-Post-Operatoire-Un-Facteur-Determinant_2026-1-150x125.webp 150w\" sizes=\"auto, (max-width: 433px) 100vw, 433px\" \/><\/p>\n<h3>La greffe de cheveux peut-elle soigner la d\u00e9pression li\u00e9e \u00e0 la calvitie ?<\/h3>\n<p>La <strong>greffe de cheveux<\/strong> n\u2019est pas un traitement m\u00e9dical de la d\u00e9pression. Elle ne remplace en aucun cas un suivi psychiatrique ou psychoth\u00e9rapeutique. Cependant, elle peut contribuer \u00e0 r\u00e9duire significativement les sympt\u00f4mes d\u00e9pressifs l\u00e9gers \u00e0 mod\u00e9r\u00e9s li\u00e9s \u00e0 l\u2019image corporelle. De nombreux patients constatent une am\u00e9lioration de leur humeur apr\u00e8s l\u2019intervention. Pour les personnes souffrant de d\u00e9pression clinique, une prise en charge globale combinant soutien psychologique et <a href=\"https:\/\/www.capilclinic.fr\/blog\/biotechnologie-capillaire\/\" target=\"_blank\" rel=\"noopener\">traitement m\u00e9dical est fortement recommand\u00e9e<\/a> avant toute intervention chirurgicale.<\/p>\n<h3>Quels sont les signes qui indiquent un besoin de soutien psychologique avant une greffe ?<\/h3>\n<p><strong>Plusieurs signaux doivent alerter. Une anxi\u00e9t\u00e9 excessive \u00e0 l\u2019id\u00e9e de l\u2019intervention peut indiquer un besoin d\u2019accompagnement<\/strong>. Des attentes irr\u00e9alistes concernant les r\u00e9sultats constituent \u00e9galement un signal important. Si vous \u00e9vitez compl\u00e8tement les situations sociales \u00e0 cause de votre calvitie, un travail psychologique pr\u00e9paratoire est b\u00e9n\u00e9fique. Les ant\u00e9c\u00e9dents de d\u00e9pression ou de troubles anxieux justifient une \u00e9valuation pr\u00e9alable approfondie. Enfin, une obsession quotidienne pour votre perte de cheveux m\u00e9rite une attention particuli\u00e8re avant d\u2019envisager la chirurgie.<\/p>\n<h2>Conclusion<\/h2>\n<p>La <strong>greffe de cheveux ne se limite pas \u00e0 une transformation esth\u00e9tique<\/strong>. C\u2019est un voyage psychologique qui m\u00e9rite un accompagnement \u00e0 la hauteur des enjeux \u00e9motionnels qu\u2019il soul\u00e8ve. Les donn\u00e9es scientifiques sont claires : le soutien psychologique am\u00e9liore l\u2019exp\u00e9rience du patient et la perception des r\u00e9sultats. Ignorer cette dimension, c\u2019est prendre le risque de compromettre un investissement personnel et financier important.<\/p>\n<p>Chez <strong>Capilclinic<\/strong>, nous croyons que la r\u00e9ussite d\u2019une greffe se mesure autant \u00e0 la densit\u00e9 capillaire qu\u2019\u00e0 la s\u00e9r\u00e9nit\u00e9 retrouv\u00e9e du patient. Notre approche holistique int\u00e8gre l\u2019humain au c\u0153ur de chaque \u00e9tape. Vous m\u00e9ritez bien plus qu\u2019une solution technique. Vous m\u00e9ritez un parcours o\u00f9 votre bien-\u00eatre mental est aussi prioritaire que votre sant\u00e9 capillaire.<\/p>\n<p><strong>Pr\u00eat \u00e0 franchir le pas ?<\/strong> Contactez notre \u00e9quipe pour une <a href=\"https:\/\/www.capilclinic.fr\/\" target=\"_blank\" rel=\"noopener\">consultation personnalis\u00e9e.<\/a> Ensemble, construisons un projet qui respecte \u00e0 la fois vos attentes esth\u00e9tiques et votre \u00e9quilibre psychologique.<\/p>\n","protected":false},"excerpt":{"rendered":"<p>Et si la cl\u00e9 du succ\u00e8s d\u2019une greffe de cheveux ne r\u00e9sidait pas uniquement dans le geste chirurgical ? Chaque ann\u00e9e, des milliers de patients franchissent le pas de la transplantation capillaire. Ils esp\u00e8rent retrouver bien plus qu\u2019une chevelure. Ils cherchent \u00e0 restaurer une image d\u2019eux-m\u00eames que la calvitie a progressivement alt\u00e9r\u00e9e. Pourtant, un aspect [&hellip;]<\/p>\n","protected":false},"author":4,"featured_media":6955,"comment_status":"open","ping_status":"open","sticky":false,"template":"","format":"standard","meta":{"footnotes":""},"categories":[29],"tags":[],"class_list":["post-6954","post","type-post","status-publish","format-standard","has-post-thumbnail","hentry","category-blog"],"_links":{"self":[{"href":"https:\/\/www.capilclinic.com\/fr\/wp-json\/wp\/v2\/posts\/6954","targetHints":{"allow":["GET"]}}],"collection":[{"href":"https:\/\/www.capilclinic.com\/fr\/wp-json\/wp\/v2\/posts"}],"about":[{"href":"https:\/\/www.capilclinic.com\/fr\/wp-json\/wp\/v2\/types\/post"}],"author":[{"embeddable":true,"href":"https:\/\/www.capilclinic.com\/fr\/wp-json\/wp\/v2\/users\/4"}],"replies":[{"embeddable":true,"href":"https:\/\/www.capilclinic.com\/fr\/wp-json\/wp\/v2\/comments?post=6954"}],"version-history":[{"count":1,"href":"https:\/\/www.capilclinic.com\/fr\/wp-json\/wp\/v2\/posts\/6954\/revisions"}],"predecessor-version":[{"id":6961,"href":"https:\/\/www.capilclinic.com\/fr\/wp-json\/wp\/v2\/posts\/6954\/revisions\/6961"}],"wp:featuredmedia":[{"embeddable":true,"href":"https:\/\/www.capilclinic.com\/fr\/wp-json\/wp\/v2\/media\/6955"}],"wp:attachment":[{"href":"https:\/\/www.capilclinic.com\/fr\/wp-json\/wp\/v2\/media?parent=6954"}],"wp:term":[{"taxonomy":"category","embeddable":true,"href":"https:\/\/www.capilclinic.com\/fr\/wp-json\/wp\/v2\/categories?post=6954"},{"taxonomy":"post_tag","embeddable":true,"href":"https:\/\/www.capilclinic.com\/fr\/wp-json\/wp\/v2\/tags?post=6954"}],"curies":[{"name":"wp","href":"https:\/\/api.w.org\/{rel}","templated":true}]}}