{"id":6893,"date":"2026-09-01T10:20:20","date_gmt":"2026-09-01T07:20:20","guid":{"rendered":"https:\/\/www.capilclinic.com\/?p=6893"},"modified":"2026-09-01T10:20:20","modified_gmt":"2026-09-01T07:20:20","slug":"nombre-de-cheveux-sur-la-tete-de-lhomme","status":"publish","type":"post","link":"https:\/\/www.capilclinic.com\/fr\/nombre-de-cheveux-sur-la-tete-de-lhomme\/","title":{"rendered":"Nombre de cheveux sur la t\u00eate de l\u2019Homme"},"content":{"rendered":"<p>Les cheveux jouent un r\u00f4le essentiel dans l\u2019apparence et l\u2019expression de l\u2019individu. Chez l\u2019homme, leur arrangement et leur nom pr\u00e9cis r\u00e9v\u00e8lent souvent son style et sa personnalit\u00e9. La compr\u00e9hension des diff\u00e9rentes parties capillaires permet de mieux appr\u00e9cier la diversit\u00e9 capillaire masculine. Conna\u00eetre le nom pr\u00e9cis de chaque section de cheveux est utile pour la coiffure, la sant\u00e9 capillaire, ou la description esth\u00e9tique. <a href=\"https:\/\/www.capilclinic.fr\/blog\/faits-amusants-sur-les-cheveux-des-hommes\/\" target=\"_blank\" rel=\"noopener\">Les cheveux<\/a> peuvent \u00eatre r\u00e9partis en plusieurs zones distinctes, chacune ayant un nom sp\u00e9cifique. Ces zones varient en fonction de la coupe, du style, ou de la croissance capillaire naturelle. Chez beaucoup d\u2019hommes, certaines zones comme le front ou le sommet attirent plus d\u2019attention. Dans cet article, nous allons apprendre le <strong>nombre de cheveux sur la t\u00eate de l\u2019Homme. <\/strong><\/p>\n<p>La <strong>calvitie<\/strong> ou la densit\u00e9 capillaire affectent \u00e9galement la perception de chaque zone. Dans cet article, nous explorerons les noms pr\u00e9cis des diff\u00e9rentes parties de la t\u00eate de l\u2019homme. Vous apprendrez aussi leurs caract\u00e9ristiques principales et leur importance dans l\u2019entretien capillaire. Comprendre ces termes facilite la communication avec des professionnels de la coiffure ou de la sant\u00e9 capillaire. Ce savoir permet aussi de mieux respecter votre style personnel ou celui d\u2019autrui.<\/p>\n<h2>Nombre de cheveux sur la t\u00eate de l\u2019Homme<\/h2>\n<p><img loading=\"lazy\" decoding=\"async\" class=\"aligncenter size-full wp-image-6895\" src=\"https:\/\/www.capilclinic.com\/wp-content\/uploads\/2026\/09\/La-ligne-de-front-et-la-zone-du-front-768x548_2026.webp\" alt=\"\" width=\"768\" height=\"548\" title=\"\" srcset=\"https:\/\/www.capilclinic.com\/wp-content\/uploads\/2026\/09\/La-ligne-de-front-et-la-zone-du-front-768x548_2026.webp 768w, https:\/\/www.capilclinic.com\/wp-content\/uploads\/2026\/09\/La-ligne-de-front-et-la-zone-du-front-768x548_2026-300x214.webp 300w, https:\/\/www.capilclinic.com\/wp-content\/uploads\/2026\/09\/La-ligne-de-front-et-la-zone-du-front-768x548_2026-420x300.webp 420w, https:\/\/www.capilclinic.com\/wp-content\/uploads\/2026\/09\/La-ligne-de-front-et-la-zone-du-front-768x548_2026-150x107.webp 150w\" sizes=\"auto, (max-width: 768px) 100vw, 768px\" \/><\/p>\n<p><strong>C\u2019est le<\/strong> <strong>nombre de cheveux sur la t\u00eate de l\u2019Homme <\/strong>:<\/p>\n<h3>La ligne de front et la zone du front<\/h3>\n<p><strong>La ligne de front marque la transition entre le visage et la chevelure<\/strong>. Elle est souvent la zone la plus visible et changeant chez chaque homme. La ligne peut reculer avec l\u2019\u00e2ge ou la perte de cheveux, ou rester stable selon la g\u00e9n\u00e9tique. La zone du front s\u2019\u00e9tend du sommet du regard jusqu\u2019\u00e0 la racine des cheveux. La densit\u00e9 capillaire sur cette zone varie \u00e9norm\u00e9ment selon les styles. Certains hommes pr\u00e9f\u00e8rent un front d\u00e9gag\u00e9 ou recouvert de cheveux courts pour un style moderne. La ligne de front peut aussi \u00eatre stylis\u00e9e par la coiffure ou la coupe.<\/p>\n<p>La pr\u00e9sence de cheveux sur cette zone influence l\u2019apparence g\u00e9n\u00e9rale et l\u2019expression faciale. Quand la calvitie commence, la ligne de front recule souvent, cr\u00e9ant une perte de densit\u00e9 visible. La repousse ou la coiffure peuvent couvrir ou souligner cette zone selon le style choisi. La zone du front est importante dans la d\u00e9termination du visage et de l\u2019int\u00e9grit\u00e9 capillaire. Son entretien demande souvent des soins sp\u00e9cifiques pour pr\u00e9server sa sant\u00e9.<\/p>\n<h3>Le sommet ou le vertex<\/h3>\n<p><img loading=\"lazy\" decoding=\"async\" class=\"aligncenter size-full wp-image-6896\" src=\"https:\/\/www.capilclinic.com\/wp-content\/uploads\/2026\/09\/Conseils-pour-obtenir-le-meilleur-resultat-dune-greffe-de-cheveux-768x512_2026.webp\" alt=\"\" width=\"768\" height=\"512\" title=\"\" srcset=\"https:\/\/www.capilclinic.com\/wp-content\/uploads\/2026\/09\/Conseils-pour-obtenir-le-meilleur-resultat-dune-greffe-de-cheveux-768x512_2026.webp 768w, https:\/\/www.capilclinic.com\/wp-content\/uploads\/2026\/09\/Conseils-pour-obtenir-le-meilleur-resultat-dune-greffe-de-cheveux-768x512_2026-300x200.webp 300w, https:\/\/www.capilclinic.com\/wp-content\/uploads\/2026\/09\/Conseils-pour-obtenir-le-meilleur-resultat-dune-greffe-de-cheveux-768x512_2026-600x400.webp 600w, https:\/\/www.capilclinic.com\/wp-content\/uploads\/2026\/09\/Conseils-pour-obtenir-le-meilleur-resultat-dune-greffe-de-cheveux-768x512_2026-150x100.webp 150w\" sizes=\"auto, (max-width: 768px) 100vw, 768px\" \/><\/p>\n<p>Le sommet de la t\u00eate, appel\u00e9 aussi vertex, est la zone situ\u00e9e au centre du cr\u00e2ne. C\u2019est souvent l\u00e0 que la calvitie commence chez beaucoup d\u2019hommes. La densit\u00e9 capillaire sur cette zone est cruciale pour l\u2019aspect global de la chevelure. Certains styles de coiffure mettent en valeur cette partie, comme la coupe en d\u00e9grad\u00e9 ou la coiffure en arri\u00e8re. La croissance des cheveux sur cette zone diff\u00e8re souvent, certains ayant des cheveux plus fins ou clairsem\u00e9s.<\/p>\n<p>La sant\u00e9 de la zone du vertex d\u00e9termine souvent la <strong>perte de cheveux ou la calvitie masculine<\/strong>. La chute de cheveux commence g\u00e9n\u00e9ralement ici, chez plus de 50 % des hommes. Les m\u00e9dicaments ou traitements capillaires ciblent souvent cette zone sp\u00e9cifique. La densit\u00e9 capillaire sur le sommet influence l\u2019apparence g\u00e9n\u00e9rale du visage et du cr\u00e2ne. La prise de conscience de cette zone permet d\u2019adopter une coupe ou une coiffure adapt\u00e9e. La pr\u00e9vention de la chute capillaire sur le vertex est essentielle pour conserver une chevelure dense.<\/p>\n<h3>Les c\u00f4t\u00e9s ou les tempes<\/h3>\n<p><strong>Les c\u00f4t\u00e9s, aussi appel\u00e9s tempes, encadrent la face et donnent souvent un style particulier \u00e0 la coiffure masculine.<\/strong> La zone des tempes est sensible \u00e0 la perte de cheveux, surtout chez les hommes vieillissants. La d\u00e9gradation de cette zone peut cr\u00e9er une forme en M ou un recul du front, typique de la calvitie masculine. Certains styles de coiffure cherchent \u00e0 dissimuler ou \u00e0 mettre en valeur cette zone. La densit\u00e9 capillaire aux tempes est essentielle dans la sym\u00e9trie du visage. La perte sur cette zone entra\u00eene la formation de points de recul visibles.<\/p>\n<p>La coiffure peut couvrir ou accentuer cette zone selon les pr\u00e9f\u00e9rences. Les traitements capillaires ciblent souvent cette r\u00e9gion pour stimuler la repousse. La sant\u00e9 des cheveux aux tempes influence l\u2019\u00e9quilibre esth\u00e9tique global. La gestion de cette zone demande souvent des soins sp\u00e9cifiques, comme des lotions ou des traitements. La bonne hygi\u00e8ne et une alimentation saine contribuent \u00e9galement \u00e0 maintenir la densit\u00e9 capillaire au niveau des tempes.<\/p>\n<h2>La peau du cuir chevelu doit-elle \u00eatre pr\u00e9par\u00e9e avant la greffe ?<\/h2>\n<p><img loading=\"lazy\" decoding=\"async\" class=\"aligncenter size-full wp-image-6897\" src=\"https:\/\/www.capilclinic.com\/wp-content\/uploads\/2026\/09\/10_2026.webp\" alt=\"\" width=\"600\" height=\"400\" title=\"\" srcset=\"https:\/\/www.capilclinic.com\/wp-content\/uploads\/2026\/09\/10_2026.webp 600w, https:\/\/www.capilclinic.com\/wp-content\/uploads\/2026\/09\/10_2026-300x200.webp 300w, https:\/\/www.capilclinic.com\/wp-content\/uploads\/2026\/09\/10_2026-150x100.webp 150w\" sizes=\"auto, (max-width: 600px) 100vw, 600px\" \/><\/p>\n<p>La pr\u00e9paration du <a href=\"https:\/\/www.capilclinic.fr\/blog\/conseils-fortifier-cuir-chevelu\/\" target=\"_blank\" rel=\"noopener\">cuir chevelu<\/a> est essentielle pour garantir un r\u00e9sultat efficace et naturel. Avant la <strong>greffe de cheveux<\/strong>, le m\u00e9decin recommande g\u00e9n\u00e9ralement de nettoyer la zone donneuse afin d\u2019\u00e9liminer les impuret\u00e9s et les s\u00e9cr\u00e9tions. Certains praticiens sugg\u00e8rent \u00e9galement de suivre un traitement antiparasitaire ou antibact\u00e9rien pour r\u00e9duire le risque d\u2019infection. La stimulation sanguine par des massages ou des soins locaux favorise une meilleure vascularisation, essentielle \u00e0 la croissance des follicules.<\/p>\n<p>La zone receveuse doit \u00eatre \u00e9galement pr\u00e9par\u00e9e pour accueillir pr\u00e9cis\u00e9ment les follicules, en \u00e9vitant tout traumatisme suppl\u00e9mentaire. La consultation m\u00e9dicale permet d\u2019identifier tout probl\u00e8me cutan\u00e9 ou pathologie \u00e0 traiter avant la greffe. Pour optimiser le r\u00e9sultat, il est conseill\u00e9 d\u2019\u00e9viter le soleil excessif ou les produits irritants avant l\u2019intervention. La pr\u00e9paration du cuir chevelu, bien suivie, augmente la vivacit\u00e9, la croissance et la durabilit\u00e9 de la greffe.<\/p>\n<h2>La greffe de cheveux est-elle adapt\u00e9e \u00e0 tout le monde ?<\/h2>\n<p><img loading=\"lazy\" decoding=\"async\" class=\"aligncenter size-full wp-image-6898\" src=\"https:\/\/www.capilclinic.com\/wp-content\/uploads\/2026\/09\/6_2026.webp\" alt=\"\" width=\"600\" height=\"400\" title=\"\" srcset=\"https:\/\/www.capilclinic.com\/wp-content\/uploads\/2026\/09\/6_2026.webp 600w, https:\/\/www.capilclinic.com\/wp-content\/uploads\/2026\/09\/6_2026-300x200.webp 300w, https:\/\/www.capilclinic.com\/wp-content\/uploads\/2026\/09\/6_2026-150x100.webp 150w\" sizes=\"auto, (max-width: 600px) 100vw, 600px\" \/><\/p>\n<p><strong>La greffe de cheveux convient principalement aux personnes souffrant de calvitie ou de perte de cheveux localis\u00e9e.<\/strong> Les patients doivent avoir une zone donneuse suffisante avec des follicules sains pour un r\u00e9sultat optimal. La majorit\u00e9 des hommes ayant une perte de cheveux mod\u00e9r\u00e9e ou avanc\u00e9e peuvent b\u00e9n\u00e9ficier de cette intervention. Chez les femmes, la greffe est aussi possible, mais n\u00e9cessite une \u00e9valuation pr\u00e9cise de la chute capillaire.<\/p>\n<p>Les patients doivent \u00eatre en bonne sant\u00e9 g\u00e9n\u00e9rale et ne pas pr\u00e9senter de troubles sanguins ou autres pathologies. La consultation pr\u00e9op\u00e9ratoire permet d\u2019\u00e9valuer la compatibilit\u00e9 et de d\u00e9finir les attentes r\u00e9alistes. Certains cas, comme la perte diffuse ou d\u2019origine hormonale, n\u00e9cessitent une approche compl\u00e9mentaire ou alternative. La greffe de cheveux ne convient pas toujours aux personnes avec une zone donneuse insuffisante ou une perte trop avanc\u00e9e. Un sp\u00e9cialiste pourra conseiller sur la meilleure solution adapt\u00e9e \u00e0 chaque situation individuelle.<\/p>\n<h2>Questions fr\u00e9quemment pos\u00e9es<\/h2>\n<h3>Qu\u2019est-ce qu\u2019un r\u00e9sultat d\u2019une greffe de cheveux ?<\/h3>\n<p><img loading=\"lazy\" decoding=\"async\" class=\"aligncenter size-full wp-image-6899\" src=\"https:\/\/www.capilclinic.com\/wp-content\/uploads\/2026\/09\/Greffe-de-Cheveux11_2026-1.webp\" alt=\"\" width=\"600\" height=\"400\" title=\"\" srcset=\"https:\/\/www.capilclinic.com\/wp-content\/uploads\/2026\/09\/Greffe-de-Cheveux11_2026-1.webp 600w, https:\/\/www.capilclinic.com\/wp-content\/uploads\/2026\/09\/Greffe-de-Cheveux11_2026-1-300x200.webp 300w, https:\/\/www.capilclinic.com\/wp-content\/uploads\/2026\/09\/Greffe-de-Cheveux11_2026-1-150x100.webp 150w\" sizes=\"auto, (max-width: 600px) 100vw, 600px\" \/><\/p>\n<p>Le <strong>r\u00e9sultat greffe de cheveux<\/strong> montre la densit\u00e9 capillaire am\u00e9lior\u00e9e apr\u00e8s l\u2019intervention. La croissance des nouveaux cheveux s\u2019acc\u00e9l\u00e8re g\u00e9n\u00e9ralement apr\u00e8s quelques mois. Les patients voient une repousse naturelle avec le temps, ce qui cr\u00e9e une apparence plus volumineuse. La zone trait\u00e9e devient plus dense, et la ligne de cheveux retrouve son aspect original. L\u2019effet final d\u00e9pend de la technique utilis\u00e9e, de la sant\u00e9 des follicules, et de soins post-op\u00e9ratoires.<\/p>\n<p>Certains peuvent voir des r\u00e9sultats initialement, mais une croissance compl\u00e8te demande 9 \u00e0 12 mois environ. La satisfaction du patient est renforc\u00e9e par une bonne pr\u00e9paration et un suivi m\u00e9dical. La greffe de cheveux offre une solution durable pour la <strong>calvitie et la perte de cheveux<\/strong>. Les r\u00e9sultats sont visibles, naturels, et durables, am\u00e9liorant l\u2019estime personnelle et la confiance. Cerner les attentes r\u00e9alistes est essentiel pour \u00e9valuer si la greffe r\u00e9pond \u00e0 vos besoins sp\u00e9cifiques.<\/p>\n<h3>Combien co\u00fbte une greffe de cheveux ?<\/h3>\n<p>Le <b>combien<\/b> <b>coute une<\/b><strong> greffe de cheveux<\/strong> d\u00e9pend de plusieurs facteurs, notamment la technique utilis\u00e9e, la zone \u00e0 traiter et la clinique choisie. Le prix des greffes de cheveux peut varier consid\u00e9rablement selon le pays, la r\u00e9putation du praticien, ou la complexit\u00e9 de la chirurgie. En g\u00e9n\u00e9ral, le prix des greffes de cheveux se situe entre 2000 et 10 000 euros. Une consultation pr\u00e9alable permet d\u2019obtenir un devis pr\u00e9cis et personnalis\u00e9.<\/p>\n<p>Le r\u00e9sultat de la greffe influence \u00e9galement le co\u00fbt, car une densit\u00e9 plus \u00e9lev\u00e9e n\u00e9cessite plus de follicules. Certains centres proposent des forfaits pour couvrir l\u2019ensemble du traitement et des soins post-op\u00e9ratoires. Il est conseill\u00e9 de comparer plusieurs devis et d\u2019\u00e9valuer la qualit\u00e9 des services propos\u00e9s. Le <strong>prix des greffes de cheveux<\/strong> rester abordable si on consid\u00e8re les r\u00e9sultats \u00e0 long terme et la confiance retrouv\u00e9e. Investir dans une clinique reconnue garantit un r\u00e9sultat naturel et durable, valeur essentielle pour un investissement r\u00e9ussi.<\/p>\n<h3>Quel est le prix des greffes de cheveux ?<\/h3>\n<p><img loading=\"lazy\" decoding=\"async\" class=\"aligncenter size-full wp-image-6900\" src=\"https:\/\/www.capilclinic.com\/wp-content\/uploads\/2026\/09\/Le-prix-des-greffes-de-cheveux-peut-il-influer-sur-le-resultat-1_2026.webp\" alt=\"\" width=\"600\" height=\"400\" title=\"\" srcset=\"https:\/\/www.capilclinic.com\/wp-content\/uploads\/2026\/09\/Le-prix-des-greffes-de-cheveux-peut-il-influer-sur-le-resultat-1_2026.webp 600w, https:\/\/www.capilclinic.com\/wp-content\/uploads\/2026\/09\/Le-prix-des-greffes-de-cheveux-peut-il-influer-sur-le-resultat-1_2026-300x200.webp 300w, https:\/\/www.capilclinic.com\/wp-content\/uploads\/2026\/09\/Le-prix-des-greffes-de-cheveux-peut-il-influer-sur-le-resultat-1_2026-150x100.webp 150w\" sizes=\"auto, (max-width: 600px) 100vw, 600px\" \/><\/p>\n<p>Le prix des greffes de cheveux varie selon de nombreux param\u00e8tres, notamment la technique employ\u00e9e, la quantit\u00e9 de follicules \u00e0 implanter, et la r\u00e9putation de la clinique. <strong>Le prix des greffes de cheveux peut commencer autour de 3000 euros<\/strong> dans certains endroits, mais pourrait atteindre 10 000 euros ou plus dans d\u2019autres, selon la complexit\u00e9 du cas. La m\u00e9thode FUE ou FUT influence fortement le prix, car elle exige diff\u00e9rentes techniques et dur\u00e9es op\u00e9ratoires. La localisation g\u00e9ographique de la clinique joue \u00e9galement un r\u00f4le, avec des tarifs plus \u00e9lev\u00e9s dans les grandes villes ou pays europ\u00e9ens.<\/p>\n<p>Pour obtenir un prix pr\u00e9cis, il est essentiel de consulter un sp\u00e9cialiste apr\u00e8s une premi\u00e8re \u00e9valuation. Certains praticiens proposent des forfaits incluant toutes les \u00e9tapes, pour plus de transparence. En d\u00e9finitive, le prix des greffes de cheveux doit \u00eatre consid\u00e9r\u00e9 comme un investissement dans la qualit\u00e9, la fiabilit\u00e9 et le r\u00e9sultat final. La recherche d\u2019un bon rapport qualit\u00e9-prix garantit la satisfaction et un r\u00e9sultat naturel.<\/p>\n<h3>La greffe de cheveux est-elle une solution permanente ?<\/h3>\n<p><img loading=\"lazy\" decoding=\"async\" class=\"aligncenter size-full wp-image-6901\" src=\"https:\/\/www.capilclinic.com\/wp-content\/uploads\/2026\/09\/Greffe-de-Cheveux17_2026.webp\" alt=\"\" width=\"600\" height=\"400\" title=\"\" srcset=\"https:\/\/www.capilclinic.com\/wp-content\/uploads\/2026\/09\/Greffe-de-Cheveux17_2026.webp 600w, https:\/\/www.capilclinic.com\/wp-content\/uploads\/2026\/09\/Greffe-de-Cheveux17_2026-300x200.webp 300w, https:\/\/www.capilclinic.com\/wp-content\/uploads\/2026\/09\/Greffe-de-Cheveux17_2026-150x100.webp 150w\" sizes=\"auto, (max-width: 600px) 100vw, 600px\" \/><\/p>\n<p><strong>La greffe de cheveux offre une solution durable pour la calvitie ou la perte de cheveux.<\/strong> Lors de l\u2019intervention, les follicules sont pr\u00e9lev\u00e9s du cuir chevelu et transplant\u00e9s \u00e0 la zone d\u00e9garnie. La plupart des follicules implant\u00e9s restent stables \u00e0 vie, garantissant un r\u00e9sultat permanent. La croissance des nouveaux cheveux devient naturelle et durable apr\u00e8s quelques mois. La technique utilis\u00e9e, comme la<a href=\"https:\/\/www.capilclinic.fr\/blog\/greffe-de-cheveux-fue-turquie\/\" target=\"_blank\" rel=\"noopener\"> FUE<\/a> ou FUT, influence la p\u00e9rennit\u00e9 des r\u00e9sultats.<\/p>\n<p>La densit\u00e9 capillaire reste stable si le patient maintient une bonne hygi\u00e8ne capillaire et \u00e9vite certains facteurs de chute. La immunit\u00e9 du follicule implant\u00e9 garantit que la greffe ne tombe pas avec le temps. Bien qu\u2019un entretien r\u00e9gulier soit conseill\u00e9, la majorit\u00e9 des patients jouent leur r\u00f4le dans la long\u00e9vit\u00e9 du r\u00e9sultat. La majorit\u00e9 des r\u00e9sultats de la greffe de cheveux sont assimil\u00e9s \u00e0 une solution permanente pour la perte capillaire. La consultation avec un sp\u00e9cialiste permet de mieux comprendre la durabilit\u00e9 de votre greffe.<\/p>\n<h2>Conclusion<\/h2>\n<p>La connaissance des diff\u00e9rents noms et zones des <strong>cheveux sur la t\u00eate de l\u2019homme<\/strong> enrichit la compr\u00e9hension de l\u2019esth\u00e9tique capillaire. La ligne de front, le sommet et les tempes jouent tous un r\u00f4le cl\u00e9 dans l\u2019aspect g\u00e9n\u00e9ral et le style masculin. Chaque zone a ses caract\u00e9ristiques propres, influenc\u00e9es par la g\u00e9n\u00e9tique, l\u2019\u00e2ge, et l\u2019entretien. La sant\u00e9 des cheveux dans ces diff\u00e9rentes r\u00e9gions d\u00e9terminent la densit\u00e9, la forme, ou la pr\u00e9sence de calvitie. Conna\u00eetre ces d\u00e9tails facilite la communication avec les professionnels, et permet d\u2019adopter la coupe ou les traitements adapt\u00e9s.<\/p>\n<p>La pr\u00e9vention et l\u2019entretien jouent un r\u00f4le essentiel pour pr\u00e9server la vitalit\u00e9 des zones capillaires sp\u00e9cifiques. Une gestion attentive de ces zones aide \u00e0 pr\u00e9server la confiance en soi et le style personnel. En somme, ma\u00eetriser la connaissance des noms et des caract\u00e9ristiques des zones capillaires contribue \u00e0 une meilleure appr\u00e9ciation de votre apparence ou celle d\u2019autrui. Cela permet aussi d\u2019orienter efficacement vos soins capillaires ou vos d\u00e9marches de traitement. La chevelure masculine est un v\u00e9ritable reflet de l\u2019identit\u00e9, qu\u2019il convient d\u2019entretenir avec soin et connaissance.<\/p>\n","protected":false},"excerpt":{"rendered":"<p>Les cheveux jouent un r\u00f4le essentiel dans l\u2019apparence et l\u2019expression de l\u2019individu. Chez l\u2019homme, leur arrangement et leur nom pr\u00e9cis r\u00e9v\u00e8lent souvent son style et sa personnalit\u00e9. La compr\u00e9hension des diff\u00e9rentes parties capillaires permet de mieux appr\u00e9cier la diversit\u00e9 capillaire masculine. Conna\u00eetre le nom pr\u00e9cis de chaque section de cheveux est utile pour la coiffure, [&hellip;]<\/p>\n","protected":false},"author":4,"featured_media":6894,"comment_status":"open","ping_status":"open","sticky":false,"template":"","format":"standard","meta":{"footnotes":""},"categories":[29],"tags":[],"class_list":["post-6893","post","type-post","status-publish","format-standard","has-post-thumbnail","hentry","category-blog"],"_links":{"self":[{"href":"https:\/\/www.capilclinic.com\/fr\/wp-json\/wp\/v2\/posts\/6893","targetHints":{"allow":["GET"]}}],"collection":[{"href":"https:\/\/www.capilclinic.com\/fr\/wp-json\/wp\/v2\/posts"}],"about":[{"href":"https:\/\/www.capilclinic.com\/fr\/wp-json\/wp\/v2\/types\/post"}],"author":[{"embeddable":true,"href":"https:\/\/www.capilclinic.com\/fr\/wp-json\/wp\/v2\/users\/4"}],"replies":[{"embeddable":true,"href":"https:\/\/www.capilclinic.com\/fr\/wp-json\/wp\/v2\/comments?post=6893"}],"version-history":[{"count":2,"href":"https:\/\/www.capilclinic.com\/fr\/wp-json\/wp\/v2\/posts\/6893\/revisions"}],"predecessor-version":[{"id":6903,"href":"https:\/\/www.capilclinic.com\/fr\/wp-json\/wp\/v2\/posts\/6893\/revisions\/6903"}],"wp:featuredmedia":[{"embeddable":true,"href":"https:\/\/www.capilclinic.com\/fr\/wp-json\/wp\/v2\/media\/6894"}],"wp:attachment":[{"href":"https:\/\/www.capilclinic.com\/fr\/wp-json\/wp\/v2\/media?parent=6893"}],"wp:term":[{"taxonomy":"category","embeddable":true,"href":"https:\/\/www.capilclinic.com\/fr\/wp-json\/wp\/v2\/categories?post=6893"},{"taxonomy":"post_tag","embeddable":true,"href":"https:\/\/www.capilclinic.com\/fr\/wp-json\/wp\/v2\/tags?post=6893"}],"curies":[{"name":"wp","href":"https:\/\/api.w.org\/{rel}","templated":true}]}}