{"id":6875,"date":"2026-09-01T10:03:59","date_gmt":"2026-09-01T07:03:59","guid":{"rendered":"https:\/\/www.capilclinic.com\/?p=6875"},"modified":"2026-09-01T10:03:59","modified_gmt":"2026-09-01T07:03:59","slug":"prothese-capillaire-fas-comment-est-ce-utilise","status":"publish","type":"post","link":"https:\/\/www.capilclinic.com\/fr\/prothese-capillaire-fas-comment-est-ce-utilise\/","title":{"rendered":"Proth\u00e8se Capillaire FAS : Comment est-ce Utilis\u00e9 ?"},"content":{"rendered":"<p><strong><a href=\"https:\/\/capilclinic.fr\/les-produits-fixants-capillaires-provoquent-ils-lalopecie\/\" target=\"_blank\" rel=\"noopener\">La Alop\u00e9cie <\/a><\/strong>Au fil du temps, de nombreuses maladies capillaires se sont d\u00e9velopp\u00e9es, entra\u00eenant la cr\u00e9ation ou l\u2019am\u00e9lioration de traitements. Tout cela est d\u00fb aux progr\u00e8s de la technologie et de la m\u00e9decine, ainsi qu\u2019\u00e0 l\u2019augmentation des maladies capillaires et de la perte de cheveux. Normalement, lorsque nous parlons d\u2019alop\u00e9cie, une alternative tr\u00e8s courante est la pose d\u2019une<strong> proth\u00e8se capillaire<\/strong> ; cependant, cette proc\u00e9dure est un peu invasive, selon le cas. Bien qu\u2019il existe de nombreuses options en <a href=\"https:\/\/www.capilclinic.fr\/blog\/prothese-capillaire\/\" target=\"_blank\" rel=\"noopener\">mati\u00e8re de proth\u00e8ses capillaires<\/a>, le syst\u00e8me FAS se distingue par son approche dermatologique unique.<\/p>\n<p>La <strong>technique de proth\u00e8se capillaire FAS<\/strong> est un traitement destin\u00e9 \u00e0 lutter contre la calvitie ou l\u2019alop\u00e9cie et donne des r\u00e9sultats tr\u00e8s positifs. Le plus important dans cette proc\u00e9dure est qu\u2019elle est non invasive pour le cuir chevelu, car ni les follicules ni les cheveux ne sont endommag\u00e9s pendant la proc\u00e9dure. Dans cet article, nous allons d\u00e9tailler les points positifs de la proth\u00e8se antichute FAS.<\/p>\n<h2><strong>Qu\u2019est-ce que la proth\u00e8se capillaire FAS ?<\/strong><\/h2>\n<p><img loading=\"lazy\" decoding=\"async\" class=\"aligncenter size-full wp-image-6877\" src=\"https:\/\/www.capilclinic.com\/wp-content\/uploads\/2026\/09\/prothese-capillaire-FAS_2026.webp\" alt=\"\" width=\"740\" height=\"493\" title=\"\" srcset=\"https:\/\/www.capilclinic.com\/wp-content\/uploads\/2026\/09\/prothese-capillaire-FAS_2026.webp 740w, https:\/\/www.capilclinic.com\/wp-content\/uploads\/2026\/09\/prothese-capillaire-FAS_2026-300x200.webp 300w, https:\/\/www.capilclinic.com\/wp-content\/uploads\/2026\/09\/prothese-capillaire-FAS_2026-600x400.webp 600w, https:\/\/www.capilclinic.com\/wp-content\/uploads\/2026\/09\/prothese-capillaire-FAS_2026-150x100.webp 150w\" sizes=\"auto, (max-width: 740px) 100vw, 740px\" \/><\/p>\n<p><b>La proth\u00e8se capillaire FAS est compos\u00e9e d\u2019une base, d\u2019un socle et de cheveux naturels ou synth\u00e9tiques<\/b>. La maille est fix\u00e9e au bo\u00eetier et est plac\u00e9e dans le derme du cuir chevelu. Le tout dans le but de couvrir les zones d\u00e9peupl\u00e9es de la t\u00eate. Bien que beaucoup aient tendance \u00e0 la confondre avec une sorte de film, il s\u2019agit d\u2019une proth\u00e8se capillaire plus fine et de meilleure qualit\u00e9, car elle donne un r\u00e9sultat plus naturel.<\/p>\n<p>L\u2019objectif de la proth\u00e8se capillaire FAS est de permettre au patient de retrouver ses cheveux, sans avoir \u00e0 subir une intervention chirurgicale telle qu\u2019une greffe de cheveux. L\u2019objectif principal de la proth\u00e8se est qu\u2019elle soit solidement fix\u00e9e aux cheveux et qu\u2019elle ait l\u2019air r\u00e9elle. Gr\u00e2ce \u00e0 la technique FAS, cela est possible, car la proth\u00e8se est fix\u00e9e \u00e0 l\u2019aide de cheveux r\u00e9sistants qui ont \u00e9t\u00e9 con\u00e7us uniquement pour un patient sp\u00e9cifique.<\/p>\n<p>La technique FAS hair utilise normalement des cheveux FAS enti\u00e8rement naturels. Ils sont plac\u00e9s sur une base de biopolym\u00e8re, qui n\u2019a pas d\u2019effets n\u00e9gatifs sur notre corps ou notre organisme. Certains aspects du patient doivent \u00eatre pris en compte, tels que la taille, le poids, l\u2019\u00e2ge, la couleur de la peau et des cheveux, ainsi que la coupe, la longueur des m\u00e8ches de cheveux et la zone chauve.<\/p>\n<h2><strong>Comment la proth\u00e8se capillaire FAS est-elle con\u00e7ue ?<\/strong><\/h2>\n<p><img loading=\"lazy\" decoding=\"async\" class=\"aligncenter size-full wp-image-6878\" src=\"https:\/\/www.capilclinic.com\/wp-content\/uploads\/2026\/09\/prothese-capillaire-FAS-1_2026.webp\" alt=\"\" width=\"740\" height=\"493\" title=\"\" srcset=\"https:\/\/www.capilclinic.com\/wp-content\/uploads\/2026\/09\/prothese-capillaire-FAS-1_2026.webp 740w, https:\/\/www.capilclinic.com\/wp-content\/uploads\/2026\/09\/prothese-capillaire-FAS-1_2026-300x200.webp 300w, https:\/\/www.capilclinic.com\/wp-content\/uploads\/2026\/09\/prothese-capillaire-FAS-1_2026-600x400.webp 600w, https:\/\/www.capilclinic.com\/wp-content\/uploads\/2026\/09\/prothese-capillaire-FAS-1_2026-150x100.webp 150w\" sizes=\"auto, (max-width: 740px) 100vw, 740px\" \/><\/p>\n<p>Un certain nombre de facteurs doivent \u00eatre pris en compte avant de r\u00e9aliser une proth\u00e8se capillaire, quelle qu\u2019elle soit. Dans ce cas, trois \u00e9tapes tr\u00e8s simples doivent \u00eatre suivies<\/p>\n<ul>\n<li><b>Diagnostic m\u00e9dical.<\/b> Il faut d\u2019abord consulter un sp\u00e9cialiste pour conna\u00eetre les causes et les cons\u00e9quences de l\u2019alop\u00e9cie. Il faut \u00e9galement se demander si ce traitement est r\u00e9ellement b\u00e9n\u00e9fique pour le patient. Une fois l\u2019intervention d\u00e9cid\u00e9e, la forme et les caract\u00e9ristiques du cr\u00e2ne et des cheveux sont \u00e9tudi\u00e9es.<\/li>\n<li><b>R\u00e9alisation du mod\u00e8le. <\/b> Un mod\u00e8le de la t\u00eate et des zones affect\u00e9es par la perte de cheveux est r\u00e9alis\u00e9. Il est ensuite envoy\u00e9 au laboratoire et la proth\u00e8se est fabriqu\u00e9e. Le temps de fabrication de la pi\u00e8ce est d\u2019environ trois \u00e0 quatre mois. Il faut tenir compte du fait qu\u2019il s\u2019agit d\u2019une pi\u00e8ce faite \u00e0 la main et personnalis\u00e9e \u00e0 100 %.<\/li>\n<li><b>L\u2019adaptation. <\/b>Une fois la proth\u00e8se pr\u00eate, elle est plac\u00e9e sur la t\u00eate du patient. Contrairement aux greffes de cheveux, il n\u2019est pas n\u00e9cessaire de raser ou d\u2019inciser le cuir chevelu. Le cuir chevelu n\u2019est donc pas endommag\u00e9. De plus, la pi\u00e8ce est plac\u00e9e sur la t\u00eate du patient en une seule s\u00e9ance.<\/li>\n<\/ul>\n<h2><strong>A qui s\u2019adresse cette proth\u00e8se capillaire FAS ?<\/strong><\/h2>\n<p>Il s\u2019agit d\u2019une proc\u00e9dure qui convient \u00e0 presque toutes les personnes souffrant d\u2019alop\u00e9cie, en particulier \u00e0 celles qui pr\u00e9sentent une calvitie marqu\u00e9e, s\u00e9v\u00e8re et irr\u00e9cup\u00e9rable. La proth\u00e8se capillaire FAS est id\u00e9ale pour les patients souffrant de :<\/p>\n<ul>\n<li><b>La calvitie due \u00e0 des causes externes.<\/b> Comme l\u2019alop\u00e9cie due \u00e0 la radioth\u00e9rapie, au cancer, \u00e0 un traumatisme ou \u00e0 une intervention chirurgicale.<\/li>\n<li><b>L\u2019alop\u00e9cie primaire cicatricielle<\/b>, c\u2019est-\u00e0-dire celle pour laquelle une greffe de cheveux n\u2019est pas possible.<\/li>\n<li><b>L\u2019alop\u00e9cie areata, qu\u2019elle soit partielle ou totale<\/b>. Dans ce cas, elle est recommand\u00e9e lorsque l\u2019alop\u00e9cie n\u2019a pas disparu avec d\u2019autres traitements m\u00e9dicaux.<\/li>\n<li><b>Souffrant d\u2019alop\u00e9cie androg\u00e9nique, dans ce cas<\/b>, c\u2019est lorsque le niveau est tr\u00e8s s\u00e9v\u00e8re et s\u2019\u00e9tend sur la quasi-totalit\u00e9 de la chevelure.<\/li>\n<\/ul>\n<h2><strong>Avantages <\/strong><\/h2>\n<p><img loading=\"lazy\" decoding=\"async\" class=\"aligncenter size-full wp-image-6879\" src=\"https:\/\/www.capilclinic.com\/wp-content\/uploads\/2026\/09\/prothese-capillaire-FAS-2-700x466_2026.webp\" alt=\"\" width=\"700\" height=\"466\" title=\"\" srcset=\"https:\/\/www.capilclinic.com\/wp-content\/uploads\/2026\/09\/prothese-capillaire-FAS-2-700x466_2026.webp 700w, https:\/\/www.capilclinic.com\/wp-content\/uploads\/2026\/09\/prothese-capillaire-FAS-2-700x466_2026-300x200.webp 300w, https:\/\/www.capilclinic.com\/wp-content\/uploads\/2026\/09\/prothese-capillaire-FAS-2-700x466_2026-600x400.webp 600w, https:\/\/www.capilclinic.com\/wp-content\/uploads\/2026\/09\/prothese-capillaire-FAS-2-700x466_2026-150x100.webp 150w\" sizes=\"auto, (max-width: 700px) 100vw, 700px\" \/><\/p>\n<p>L\u2019efficacit\u00e9 de la proth\u00e8se capillaire FAS fait de ce traitement l\u2019un des plus b\u00e9n\u00e9fiques pour les patients, car ils retrouvent une chevelure \u00e9paisse et volumineuse et n\u2019ont plus \u00e0 se soucier des probl\u00e8mes esth\u00e9tiques caus\u00e9s par la perte de cheveux. Il apporte espoir, motivation et joie, augmentant l\u2019estime de soi et la stabilit\u00e9 \u00e9motionnelle. Outre l\u2019aspect mental, le traitement pr\u00e9sente d\u2019autres avantages:<\/p>\n<ul>\n<li><b>Naturel. <\/b>Gr\u00e2ce \u00e0 sa taille sp\u00e9cifique, la proth\u00e8se s\u2019adapte au patient comme si elle faisait partie de ses cheveux. De plus, elle est fabriqu\u00e9e avec de vrais cheveux dont le type, l\u2019\u00e9paisseur et la couleur sont similaires \u00e0 ceux du patient. Les r\u00e9sultats sont donc encore plus naturels.<\/li>\n<li><b>Fixation. <\/b> Comme elle est fabriqu\u00e9e avec des biopolym\u00e8res, la base de la pi\u00e8ce s\u2019adapte parfaitement au derme du cr\u00e2ne. Elle reste fix\u00e9e et ne risque pas de tomber.<\/li>\n<li><b>Esth\u00e9tique.<\/b> La pi\u00e8ce est totalement personnalis\u00e9e, afin de s\u2019adapter \u00e0 la densit\u00e9, \u00e0 la couleur, \u00e0 la taille et au type de cheveux du patient. Elle est donc esth\u00e9tiquement agr\u00e9able.<\/li>\n<li><b>Confortable. <\/b>La proth\u00e8se n\u2019est pas seulement confortable parce qu\u2019elle s\u2019adapte parfaitement \u00e0 la t\u00eate. Il est \u00e9galement confortable parce qu\u2019il n\u2019est pas n\u00e9cessaire de l\u2019enlever constamment. Avec des soins appropri\u00e9s, vous pouvez retirer la proth\u00e8se toutes les 4 \u00e0 6 semaines.<\/li>\n<li><b>Durable. <\/b>Vous pouvez reprendre vos activit\u00e9s<\/li>\n<\/ul>\n<h2><strong>Dur\u00e9e de la proth\u00e8se capillaire FAS<\/strong><\/h2>\n<p><b>Normalement, ce type de proth\u00e8se dure environ 5 ans.<\/b> Toutefois, cette dur\u00e9e peut varier en fonction des soins apport\u00e9s par le patient \u00e0 la proth\u00e8se capillaire. En fonction du traitement, les ann\u00e9es de vitalit\u00e9 peuvent \u00eatre plus ou moins longues.<\/p>\n<h2><strong>Comment entretenir la proth\u00e8se capillaire ?<\/strong><\/h2>\n<p>Il est important de bien entretenir la proth\u00e8se capillaire FAS afin de pr\u00e9server sa durabilit\u00e9. Voici quelques conseils pour l\u2019entretien de votre proth\u00e8se capillaire.<\/p>\n<ul>\n<li><b>Lavez r\u00e9guli\u00e8rement les cheveux,<\/b> c\u2019est-\u00e0-dire la proth\u00e8se, comme vous l\u2019avez toujours fait avec vos cheveux naturels.<\/li>\n<li><b>Appliquer, une fois tous les 2 mois,<\/b> un masque pour hydrater les cheveux.<\/li>\n<li><b>Remplacer le syst\u00e8me FAS dans vos cheveux toutes les 6 \u00e0 4 semaines<\/b> pendant les premiers mois suivant sa mise en place. Le remplacement consiste \u00e0 retirer compl\u00e8tement la proth\u00e8se et \u00e0 effectuer un processus de conservation. Elle est ensuite replac\u00e9e dans le cr\u00e2ne.<\/li>\n<\/ul>\n<h2><strong>Comparaison entre la technique FAS et d\u2019autres alternatives<\/strong><\/h2>\n<p>Gr\u00e2ce aux r\u00e9sultats de cette technique, des comparaisons avec d\u2019autres proc\u00e9d\u00e9s de lutte contre l\u2019alop\u00e9cie ont \u00e9t\u00e9 entam\u00e9es. Par rapport \u00e0 la greffe de cheveux, la technique FAS pr\u00e9sente des diff\u00e9rences tr\u00e8s importantes. <b>Dans le cas de la greffe de cheveux, des follicules pileux sont pr\u00e9lev\u00e9s dans la zone donneuse et implant\u00e9s dans une zone receveuse. Dans le cas de la technique FAS, on utilise une proth\u00e8se capillaire sur mesure.<\/b><\/p>\n<p>Normalement, les greffes de cheveux peuvent \u00eatre un peu invasives et n\u00e9cessiter un temps de r\u00e9cup\u00e9ration plus long. En effet, il s\u2019agit d\u2019une proc\u00e9dure chirurgicale et d\u2019un pr\u00e9l\u00e8vement des cheveux du patient.<\/p>\n<p>La greffe de cheveux est g\u00e9n\u00e9ralement une option un peu plus invasive et n\u00e9cessite un temps de r\u00e9cup\u00e9ration plus long. En revanche, les proth\u00e8ses capillaires FAS donnent des r\u00e9sultats imm\u00e9diats et ne constituent pas une proc\u00e9dure invasive, puisqu\u2019elles ne n\u00e9cessitent pas d\u2019intervention chirurgicale.<\/p>\n<p>En outre, la technique FAS pr\u00e9sente un degr\u00e9 plus \u00e9lev\u00e9 de personnalisation et d\u2019adaptabilit\u00e9 pour chaque patient. La greffe de cheveux est limit\u00e9e par la zone donneuse du patient, ce qui n\u2019est pas un probl\u00e8me pour la proth\u00e8se capillaire FAS, qui est con\u00e7ue et adapt\u00e9e aux besoins de chaque personne. Cette proth\u00e8se est con\u00e7ue en fonction des exigences esth\u00e9tiques de chaque patient en g\u00e9n\u00e9ral.<\/p>\n<h2><strong>Quel est le mat\u00e9riau de la proth\u00e8se ?<\/strong><\/h2>\n<p><img loading=\"lazy\" decoding=\"async\" class=\"aligncenter size-full wp-image-6880\" src=\"https:\/\/www.capilclinic.com\/wp-content\/uploads\/2026\/09\/prothese-capillaire-FAS-700x466_2026.webp\" alt=\"\" width=\"700\" height=\"466\" title=\"\" srcset=\"https:\/\/www.capilclinic.com\/wp-content\/uploads\/2026\/09\/prothese-capillaire-FAS-700x466_2026.webp 700w, https:\/\/www.capilclinic.com\/wp-content\/uploads\/2026\/09\/prothese-capillaire-FAS-700x466_2026-300x200.webp 300w, https:\/\/www.capilclinic.com\/wp-content\/uploads\/2026\/09\/prothese-capillaire-FAS-700x466_2026-600x400.webp 600w, https:\/\/www.capilclinic.com\/wp-content\/uploads\/2026\/09\/prothese-capillaire-FAS-700x466_2026-150x100.webp 150w\" sizes=\"auto, (max-width: 700px) 100vw, 700px\" \/><\/p>\n<p><b>Les proth\u00e8ses capillaires FAS utilisent des cheveux naturels \u00e0 base de polym\u00e8res biocompatibles tr\u00e8s fins qui s\u2019adaptent et se fixent au cuir chevelu<\/b>, donnant un r\u00e9sultat plus naturel et pratiquement imperceptible. Cette base recr\u00e9e la peau et le cuir chevelu du patient, ce qui donne des r\u00e9sultats tr\u00e8s naturels et imperceptibles. A l\u2019aide d\u2019adh\u00e9sifs sp\u00e9cifiques et hypoallerg\u00e9niques, elle est coll\u00e9e au cuir chevelu.<\/p>\n<h2><strong>Quel est le d\u00e9lai d\u2019attente avant l\u2019application ?<\/strong><\/h2>\n<p><img loading=\"lazy\" decoding=\"async\" class=\"aligncenter size-full wp-image-6881\" src=\"https:\/\/www.capilclinic.com\/wp-content\/uploads\/2026\/09\/prothese-capillaire-FAS-3-700x466_2026.webp\" alt=\"\" width=\"700\" height=\"466\" title=\"\" srcset=\"https:\/\/www.capilclinic.com\/wp-content\/uploads\/2026\/09\/prothese-capillaire-FAS-3-700x466_2026.webp 700w, https:\/\/www.capilclinic.com\/wp-content\/uploads\/2026\/09\/prothese-capillaire-FAS-3-700x466_2026-300x200.webp 300w, https:\/\/www.capilclinic.com\/wp-content\/uploads\/2026\/09\/prothese-capillaire-FAS-3-700x466_2026-600x400.webp 600w, https:\/\/www.capilclinic.com\/wp-content\/uploads\/2026\/09\/prothese-capillaire-FAS-3-700x466_2026-150x100.webp 150w\" sizes=\"auto, (max-width: 700px) 100vw, 700px\" \/><\/p>\n<p><b>Pour appliquer une prot\u00e9ine capillaire FAS, il faut normalement attendre 4 mois<\/b> apr\u00e8s avoir pris les mesures. Il s\u2019agit du temps de fabrication minimum, car le produit est fabriqu\u00e9 \u00e0 la main afin de garantir un r\u00e9sultat naturel. Il existe certaines exceptions, par exemple les patients atteints de cancer ou les enfants, pour lesquels le temps d\u2019attente est r\u00e9duit.<\/p>\n<p>La premi\u00e8re application doit se faire dans un centre m\u00e9dical sp\u00e9cialis\u00e9, o\u00f9 des professionnels qualifi\u00e9s et exp\u00e9riment\u00e9s sont disponibles pour effectuer la proc\u00e9dure.<\/p>\n<p>On peut conclure que la proth\u00e8se capillaire FAS est une technique qui consiste \u00e0 fabriquer une proth\u00e8se capillaire naturelle pour un patient. Elle est ensuite fix\u00e9e au cuir chevelu, ce qui donne un r\u00e9sultat plus naturel et imperceptible. En outre, il ne s\u2019agit pas d\u2019une m\u00e9thode invasive, puisqu\u2019elle ne n\u00e9cessite pas d\u2019intervention chirurgicale et qu\u2019il n\u2019y a pas de temps d\u2019arr\u00eat, mais il est important de suivre les recommandations du sp\u00e9cialiste.<\/p>\n<h2>Conclusion<\/h2>\n<p>En r\u00e9sum\u00e9, la <strong>proth\u00e8se capillaire FAS offre une solution haut de gamme pour masquer efficacement une perte de cheveux.<\/strong> Cette technologie avanc\u00e9e assure une fixation invisible et un confort total durant toutes vos activit\u00e9s physiques et sociales quotidiennes. L\u2019utilisation de mat\u00e9riaux biocompatibles garantit \u00e9galement une protection optimale de votre cuir chevelu contre les irritations cutan\u00e9es fr\u00e9quentes. Cette m\u00e9thode moderne transforme radicalement votre apparence physique tout en offrant un r\u00e9sultat esth\u00e9tique d\u2019un naturel vraiment exceptionnel.<\/p>\n<p>Vous souhaitez retrouver une ligne frontale d\u00e9finie gr\u00e2ce \u00e0 une technique fiable, durable et parfaitement adapt\u00e9e \u00e0 vos besoins ? <a href=\"http:\/\/capilclinic.fr\/\" target=\"_blank\" rel=\"noopener\">Contactez les experts de CapilClinic<\/a> pour une consultation personnalis\u00e9e et d\u00e9couvrez si la proth\u00e8se capillaire FAS est faite pour vous.<\/p>\n","protected":false},"excerpt":{"rendered":"<p>La Alop\u00e9cie Au fil du temps, de nombreuses maladies capillaires se sont d\u00e9velopp\u00e9es, entra\u00eenant la cr\u00e9ation ou l\u2019am\u00e9lioration de traitements. Tout cela est d\u00fb aux progr\u00e8s de la technologie et de la m\u00e9decine, ainsi qu\u2019\u00e0 l\u2019augmentation des maladies capillaires et de la perte de cheveux. Normalement, lorsque nous parlons d\u2019alop\u00e9cie, une alternative tr\u00e8s courante est [&hellip;]<\/p>\n","protected":false},"author":4,"featured_media":6876,"comment_status":"open","ping_status":"open","sticky":false,"template":"","format":"standard","meta":{"footnotes":""},"categories":[29],"tags":[],"class_list":["post-6875","post","type-post","status-publish","format-standard","has-post-thumbnail","hentry","category-blog"],"_links":{"self":[{"href":"https:\/\/www.capilclinic.com\/fr\/wp-json\/wp\/v2\/posts\/6875","targetHints":{"allow":["GET"]}}],"collection":[{"href":"https:\/\/www.capilclinic.com\/fr\/wp-json\/wp\/v2\/posts"}],"about":[{"href":"https:\/\/www.capilclinic.com\/fr\/wp-json\/wp\/v2\/types\/post"}],"author":[{"embeddable":true,"href":"https:\/\/www.capilclinic.com\/fr\/wp-json\/wp\/v2\/users\/4"}],"replies":[{"embeddable":true,"href":"https:\/\/www.capilclinic.com\/fr\/wp-json\/wp\/v2\/comments?post=6875"}],"version-history":[{"count":2,"href":"https:\/\/www.capilclinic.com\/fr\/wp-json\/wp\/v2\/posts\/6875\/revisions"}],"predecessor-version":[{"id":6883,"href":"https:\/\/www.capilclinic.com\/fr\/wp-json\/wp\/v2\/posts\/6875\/revisions\/6883"}],"wp:featuredmedia":[{"embeddable":true,"href":"https:\/\/www.capilclinic.com\/fr\/wp-json\/wp\/v2\/media\/6876"}],"wp:attachment":[{"href":"https:\/\/www.capilclinic.com\/fr\/wp-json\/wp\/v2\/media?parent=6875"}],"wp:term":[{"taxonomy":"category","embeddable":true,"href":"https:\/\/www.capilclinic.com\/fr\/wp-json\/wp\/v2\/categories?post=6875"},{"taxonomy":"post_tag","embeddable":true,"href":"https:\/\/www.capilclinic.com\/fr\/wp-json\/wp\/v2\/tags?post=6875"}],"curies":[{"name":"wp","href":"https:\/\/api.w.org\/{rel}","templated":true}]}}