{"id":6799,"date":"2026-08-31T17:40:23","date_gmt":"2026-08-31T14:40:23","guid":{"rendered":"https:\/\/www.capilclinic.com\/?p=6799"},"modified":"2026-08-31T17:40:51","modified_gmt":"2026-08-31T14:40:51","slug":"linsomnie-affecte-t-elle-nos-cheveux","status":"publish","type":"post","link":"https:\/\/www.capilclinic.com\/fr\/linsomnie-affecte-t-elle-nos-cheveux\/","title":{"rendered":"Comment l\u2019insomnie affecte-t-elle nos cheveux ?"},"content":{"rendered":"<p>La <a href=\"[https:\/\/capilclinic.fr\/causes-chute-des-cheveux-chez-les-hommes\/](https:\/\/capilclinic.fr\/causes-chute-des-cheveux-chez-les-hommes\/)\">chute des cheveux<\/a> peut avoir diverses origines. Aussi incroyable que cela puisse para\u00eetre, le stress et le manque de sommeil peuvent \u00eatre \u00e9troitement li\u00e9s \u00e0 cette pathologie. Tout ce qui pr\u00e9occupe notre esprit et nos \u00e9motions se refl\u00e8te dans le cycle de croissance des cheveux. Si vous \u00eates aux prises avec une perte de cheveux inexpliqu\u00e9e, voici <strong>comment l\u2019insomnie affecte-t-elle nos cheveux.<\/strong> Cela vous aidera \u00e0 d\u00e9terminer si ce probl\u00e8me est la cause de votre insomnie.<\/p>\n<p>En moyenne, vous pouvez perdre environ 100 cheveux par jour dans le cadre de votre comportement normal. Cela est d\u00fb au fait que le cycle du cheveu pr\u00e9voit une reconstitution p\u00e9riodique des m\u00e8ches. Toutefois, lorsque cette <strong>perte de cheveux<\/strong> devient plus importante, vous pouvez commencer \u00e0 ressentir une diminution de la densit\u00e9 et du volume. Cela peut entra\u00eener une affection capillaire appel\u00e9e alop\u00e9cie. Pour trouver une solution \u00e0 ce probl\u00e8me, il est essentiel d\u2019en d\u00e9couvrir l\u2019origine. C\u2019est ainsi que l\u2019on pourra d\u00e9terminer le traitement le plus appropri\u00e9 pour y rem\u00e9dier.<\/p>\n<h2>Comment l\u2019insomnie affecte-t-elle nos cheveux ?<\/h2>\n<p><img loading=\"lazy\" decoding=\"async\" class=\"aligncenter size-full wp-image-6801\" src=\"https:\/\/www.capilclinic.com\/wp-content\/uploads\/2026\/08\/Comment-linsomnie-affecte-t-elle-nos-cheveux_2026.webp\" alt=\"\" width=\"754\" height=\"547\" title=\"\" srcset=\"https:\/\/www.capilclinic.com\/wp-content\/uploads\/2026\/08\/Comment-linsomnie-affecte-t-elle-nos-cheveux_2026.webp 754w, https:\/\/www.capilclinic.com\/wp-content\/uploads\/2026\/08\/Comment-linsomnie-affecte-t-elle-nos-cheveux_2026-300x218.webp 300w, https:\/\/www.capilclinic.com\/wp-content\/uploads\/2026\/08\/Comment-linsomnie-affecte-t-elle-nos-cheveux_2026-150x109.webp 150w\" sizes=\"auto, (max-width: 754px) 100vw, 754px\" \/><\/p>\n<p><strong>Comment l\u2019insomnie affecte-t-elle nos cheveux ? Le stress entra\u00eene des niveaux \u00e9lev\u00e9s de l\u2019hormone cortisol<\/strong>. Le repos aide \u00e0 r\u00e9duire les niveaux de cette hormone, ce qui entra\u00eene une augmentation des niveaux de m\u00e9latonine. Cette hormone est tr\u00e8s utile pour la r\u00e9paration des cellules. Lorsque l\u2019insomnie survient et que le sommeil devient de plus en plus difficile, le taux de cortisol augmente fortement.<\/p>\n<p>Le manque de sommeil entra\u00eene \u00e9galement une diminution importante de l\u2019hormone m\u00e9latonine. Si nous ne nous reposons pas suffisamment, nous sommes dans un \u00e9tat de stress permanent, ce qui est l\u2019une des choses les plus n\u00e9fastes pour la sant\u00e9 des cheveux. Le stress augmente la probabilit\u00e9 de d\u00e9velopper une chute de cheveux t\u00e9log\u00e8ne. Il s\u2019agit de l\u2019\u00e9tat qui provoque une perte de cheveux intense.<\/p>\n<p>Des niveaux \u00e9lev\u00e9s de cortisol dans l\u2019organisme entra\u00eenent \u00e9galement des probl\u00e8mes de croissance des cheveux. Les follicules pileux passent brusquement de la phase anag\u00e8ne de d\u00e9veloppement \u00e0 la phase t\u00e9log\u00e8ne de perte de cheveux. Les cheveux tombent alors en peu de temps.<\/p>\n<p>La perte de cheveux soudaine et imm\u00e9diate est appel\u00e9e chute de cheveux t\u00e9log\u00e8ne aigu\u00eb. Si ce probl\u00e8me est trait\u00e9, il n\u2019entra\u00eene pas de complications au niveau du cuir chevelu. Mais s\u2019il est ignor\u00e9, il peut se transformer en effluvium t\u00e9log\u00e8ne chronique, puis en alop\u00e9cie. Le probl\u00e8me est que la calvitie peut \u00eatre temporaire et facilement r\u00e9solue. Mais elle peut aussi \u00eatre permanente et entra\u00eener une perte de cheveux \u00e0 plusieurs endroits qui ne peut pas \u00eatre r\u00e9par\u00e9e naturellement.<\/p>\n<h2>Qu\u2019est-ce que l\u2019insomnie ?<\/h2>\n<p><img loading=\"lazy\" decoding=\"async\" class=\"aligncenter size-full wp-image-6802\" src=\"https:\/\/www.capilclinic.com\/wp-content\/uploads\/2026\/08\/Quest-ce-que-linsomnie-700x466_2026.webp\" alt=\"\" width=\"700\" height=\"466\" title=\"\" srcset=\"https:\/\/www.capilclinic.com\/wp-content\/uploads\/2026\/08\/Quest-ce-que-linsomnie-700x466_2026.webp 700w, https:\/\/www.capilclinic.com\/wp-content\/uploads\/2026\/08\/Quest-ce-que-linsomnie-700x466_2026-300x200.webp 300w, https:\/\/www.capilclinic.com\/wp-content\/uploads\/2026\/08\/Quest-ce-que-linsomnie-700x466_2026-600x400.webp 600w, https:\/\/www.capilclinic.com\/wp-content\/uploads\/2026\/08\/Quest-ce-que-linsomnie-700x466_2026-150x100.webp 150w\" sizes=\"auto, (max-width: 700px) 100vw, 700px\" \/><\/p>\n<p><strong>L\u2019insomnie<\/strong> est un trouble du sommeil qui se caract\u00e9rise par une difficult\u00e9 \u00e0 s\u2019endormir ou \u00e0 rester endormi. Il s\u2019agit d\u2019un probl\u00e8me courant qui emp\u00eache le patient de se reposer correctement ou le fait se r\u00e9veiller trop t\u00f4t pour continuer \u00e0 dormir. La personne se r\u00e9veille alors extr\u00eamement fatigu\u00e9e. Il peut r\u00e9duire l\u2019humeur, l\u2019\u00e9nergie et affecter les interactions sociales, les performances professionnelles ainsi que la sant\u00e9.<\/p>\n<p>Chaque personne a besoin d\u2019une quantit\u00e9 de sommeil diff\u00e9rente pour se reposer. Toutefois, la plupart des gens ont besoin de 7 \u00e0 8 heures de sommeil par nuit. Le manque de sommeil peut se manifester de deux mani\u00e8res diff\u00e9rentes : La premi\u00e8re est l\u2019insomnie aigu\u00eb, un sympt\u00f4me \u00e0 court terme pouvant durer des jours ou des semaines. Elle est caus\u00e9e par le stress ou d\u2019autres \u00e9v\u00e9nements traumatisants. Il y a aussi l\u2019insomnie chronique, qui peut durer plusieurs mois.<\/p>\n<p>Elle peut \u00eatre caus\u00e9e par un trouble du sommeil pur, mais aussi par d\u2019autres maladies ou la prise de m\u00e9dicaments. Bien que<strong> la perte de cheveux<\/strong> soit un probl\u00e8me de plus en plus courant, tant chez les hommes que chez les femmes, elle n\u2019est pas toujours facile \u00e0 traiter. Il peut \u00eatre difficile d\u2019en trouver la cause, surtout si elle a une origine complexe, comme c\u2019est souvent le cas pour l\u2019insomnie.<\/p>\n<p>Le manque de sommeil, l\u2019absence de repos n\u00e9cessaire \u00e0 l\u2019organisme et l\u2019exposition \u00e0 des journ\u00e9es intenses de privation de sommeil peuvent avoir des effets n\u00e9fastes sur les cheveux. Cela entra\u00eene une modification du comportement des follicules pileux et a des cons\u00e9quences n\u00e9fastes sur la personne qui en souffre. Vous trouverez plus d\u2019informations sur ce sujet ici.<\/p>\n<h3>Le stress<\/h3>\n<p><strong>L\u2019insomnie peut avoir un impact significatif sur le niveau de stress<\/strong>. En effet, un sommeil insuffisant ou de mauvaise qualit\u00e9 peut avoir des r\u00e9percussions sur la sant\u00e9 \u00e9motionnelle et mentale. Le stress peut avoir de nombreux effets n\u00e9gatifs sur le corps, y compris sur les cheveux. Le stress peut entra\u00eener une augmentation de la production de cortisol, l\u2019hormone du stress. Des niveaux \u00e9lev\u00e9s de cortisol sont en effet associ\u00e9s \u00e0 une perte de cheveux plus importante et \u00e0 des cheveux plus fins et plus cassants.<\/p>\n<h3>D\u00e9s\u00e9quilibre hormonal<\/h3>\n<p><img loading=\"lazy\" decoding=\"async\" class=\"aligncenter size-full wp-image-6803\" src=\"https:\/\/www.capilclinic.com\/wp-content\/uploads\/2026\/08\/Desequilibre-hormonal_2026.webp\" alt=\"\" width=\"754\" height=\"552\" title=\"\" srcset=\"https:\/\/www.capilclinic.com\/wp-content\/uploads\/2026\/08\/Desequilibre-hormonal_2026.webp 754w, https:\/\/www.capilclinic.com\/wp-content\/uploads\/2026\/08\/Desequilibre-hormonal_2026-300x220.webp 300w, https:\/\/www.capilclinic.com\/wp-content\/uploads\/2026\/08\/Desequilibre-hormonal_2026-150x110.webp 150w\" sizes=\"auto, (max-width: 754px) 100vw, 754px\" \/><\/p>\n<p>L\u2019insomnie peut perturber l\u2019\u00e9quilibre hormonal du corps, ce qui peut affecter la croissance et la sant\u00e9 des cheveux. Les hormones de croissance, thyro\u00efdiennes et sexuelles jouent en effet un r\u00f4le important dans la croissance, la densit\u00e9 et l\u2019apparence des cheveux.<\/p>\n<p><strong>L\u2019insomnie peut perturber la production normale d\u2019hormones<\/strong>. L\u2019hormone de croissance, qui est principalement produite pendant le sommeil profond, est particuli\u00e8rement concern\u00e9e. Par cons\u00e9quent, le manque de sommeil peut r\u00e9duire la production de cette hormone. Cela peut donc affecter la croissance et la qualit\u00e9 des cheveux.<\/p>\n<p>En outre, l\u2019insomnie peut \u00e9galement affecter la production d\u2019hormones thyro\u00efdiennes qui r\u00e9gulent le m\u00e9tabolisme et la croissance des cheveux. Un d\u00e9s\u00e9quilibre de ces hormones peut entra\u00eener la chute, l\u2019amincissement et la fragilit\u00e9 des cheveux.<\/p>\n<p>Enfin, il peut affecter les hormones sexuelles, telles que les androg\u00e8nes, qui sont associ\u00e9es \u00e0 la chute des cheveux chez les hommes comme chez les femmes. Des niveaux \u00e9lev\u00e9s d\u2019androg\u00e8nes peuvent accro\u00eetre <strong>la perte de cheveux et la calvitie.<\/strong><\/p>\n<h3>Irritation et inflammation<\/h3>\n<p>L\u2019insomnie peut affecter la peau et le <a href=\"[https:\/\/www.capilclinic.fr\/blog\/conseils-fortifier-cuir-chevelu\/](https:\/\/www.capilclinic.fr\/blog\/conseils-fortifier-cuir-chevelu\/)\" target=\"_blank\" rel=\"noopener\">cuir chevelu<\/a>. Elle peut m\u00eame provoquer des irritations et des inflammations qui, \u00e0 leur tour, peuvent affecter la sant\u00e9 des cheveux. Les troubles du sommeil peuvent perturber le renouvellement cellulaire et l\u2019\u00e9quilibre hormonal. Cela entra\u00eene une production accrue de radicaux libres, de cytokines inflammatoires et d\u2019autres marqueurs associ\u00e9s \u00e0 l\u2019inflammation.<\/p>\n<p><strong>L\u2019inflammation peut affaiblir les cheveux, provoquer leur chute pr\u00e9matur\u00e9e<\/strong>, r\u00e9duire leur croissance et leur \u00e9paisseur, et entra\u00eener l\u2019apparition de pellicules. Elle peut \u00e9galement provoquer des d\u00e9mangeaisons et des rougeurs du cuir chevelu. L\u2019insomnie peut perturber le syst\u00e8me immunitaire et entra\u00eener une colonisation bact\u00e9rienne. Les mycoses du cuir chevelu et les infections peuvent \u00e9galement affecter la qualit\u00e9 des cheveux.<\/p>\n<h2>Peut-on lutter contre l\u2019insomnie ?<\/h2>\n<p><img loading=\"lazy\" decoding=\"async\" class=\"aligncenter size-full wp-image-6804\" src=\"https:\/\/www.capilclinic.com\/wp-content\/uploads\/2026\/08\/Peut-on-lutter-contre-linsomnie-768x519_2026.webp\" alt=\"\" width=\"768\" height=\"519\" title=\"\" srcset=\"https:\/\/www.capilclinic.com\/wp-content\/uploads\/2026\/08\/Peut-on-lutter-contre-linsomnie-768x519_2026.webp 768w, https:\/\/www.capilclinic.com\/wp-content\/uploads\/2026\/08\/Peut-on-lutter-contre-linsomnie-768x519_2026-300x203.webp 300w, https:\/\/www.capilclinic.com\/wp-content\/uploads\/2026\/08\/Peut-on-lutter-contre-linsomnie-768x519_2026-150x101.webp 150w, https:\/\/www.capilclinic.com\/wp-content\/uploads\/2026\/08\/Peut-on-lutter-contre-linsomnie-768x519_2026-640x433.webp 640w\" sizes=\"auto, (max-width: 768px) 100vw, 768px\" \/><\/p>\n<p>Si vous souffrez d\u2019insomnie, ce qui peut affecter vos cheveux, voici quelques conseils qui peuvent vous aider.<\/p>\n<h3>\u00c9vitez les \u00e9crans avant le coucher<\/h3>\n<p>Il est pr\u00e9f\u00e9rable d\u2019\u00e9viter toute exposition \u00e0 la lumi\u00e8re bleue des \u00e9crans au moins une heure avant le coucher. Il est donc conseill\u00e9 d\u2019\u00e9viter d\u2019utiliser votre t\u00e9l\u00e9phone, votre ordinateur ou votre tablette au moins une heure ou deux avant d\u2019aller vous coucher.<strong> Les \u00e9crans sont les grands ennemis du sommeil, car ils perturbent le rythme de la journ\u00e9e.<\/strong> Optez plut\u00f4t pour un livre, qui vous aidera \u00e9galement \u00e0 trouver le sommeil plus rapidement.<\/p>\n<h3>Faites une routine anti-stress avant de vous coucher<\/h3>\n<p><strong>Le cortisol peut perturber le sommeil.<\/strong> Lorsque ses niveaux sont tr\u00e8s \u00e9lev\u00e9s, il devient plus difficile de s\u2019endormir et de se d\u00e9tendre. Il est donc tr\u00e8s utile de pratiquer des activit\u00e9s relaxantes avant d\u2019aller se coucher. Cela permettra de r\u00e9duire les niveaux de cortisol et d\u2019am\u00e9liorer l\u2019humeur. La m\u00e9ditation, la pleine conscience, les exercices de respiration et le yoga sont quelques-unes des activit\u00e9s recommand\u00e9es.<\/p>\n<h3>Augmenter le nombre d\u2019heures de sommeil<\/h3>\n<p><strong>Un autre bon conseil est d\u2019augmenter progressivement le nombre d\u2019heures de sommeil.<\/strong> N\u2019essayez pas de dormir plus de deux ou trois heures \u00e0 la fois, car cela ne fonctionnera pas. Cela peut \u00eatre d\u00e9primant et accablant. Il est pr\u00e9f\u00e9rable d\u2019augmenter votre temps de sommeil de 20 \u00e0 30 minutes par jour jusqu\u2019\u00e0 ce que vous atteigniez la dur\u00e9e souhait\u00e9e.<\/p>\n<h2>Comment traiter la perte de cheveux due \u00e0 l\u2019insomnie ?<\/h2>\n<p><img loading=\"lazy\" decoding=\"async\" class=\"aligncenter size-full wp-image-6805\" src=\"https:\/\/www.capilclinic.com\/wp-content\/uploads\/2026\/08\/Comment-traiter-la-perte-de-cheveux-due-a-linsomnie_2026.webp\" alt=\"\" width=\"754\" height=\"546\" title=\"\" srcset=\"https:\/\/www.capilclinic.com\/wp-content\/uploads\/2026\/08\/Comment-traiter-la-perte-de-cheveux-due-a-linsomnie_2026.webp 754w, https:\/\/www.capilclinic.com\/wp-content\/uploads\/2026\/08\/Comment-traiter-la-perte-de-cheveux-due-a-linsomnie_2026-300x217.webp 300w, https:\/\/www.capilclinic.com\/wp-content\/uploads\/2026\/08\/Comment-traiter-la-perte-de-cheveux-due-a-linsomnie_2026-150x109.webp 150w\" sizes=\"auto, (max-width: 754px) 100vw, 754px\" \/><\/p>\n<p>Le sommeil est essentiel pour la sant\u00e9 de nos cheveux. <strong>Le repos joue un r\u00f4le tr\u00e8s positif dans le maintien d\u2019un bon \u00e9tat capillaire.<\/strong> Si nous voulons pr\u00e9venir la chute des cheveux due \u00e0 l\u2019insomnie, nous devons tenir compte de ses effets sur le cycle capillaire.<\/p>\n<p>Si vous rencontrez des difficult\u00e9s pour dormir, nous vous recommandons de consulter un sp\u00e9cialiste. Il pourra ainsi r\u00e9soudre le probl\u00e8me \u00e0 la racine. Si vous avez \u00e9galement constat\u00e9 une <a href=\"[https:\/\/www.capilclinic.fr\/blog\/lautomne-et-la-perte-de-cheveux\/](https:\/\/www.capilclinic.fr\/blog\/lautomne-et-la-perte-de-cheveux\/)\" target=\"_blank\" rel=\"noopener\">perte de cheveux<\/a> et que vous pensez que ces deux probl\u00e8mes peuvent \u00eatre li\u00e9s, n\u2019h\u00e9sitez pas \u00e0 essayer d\u2019excellents traitements capillaires. Par exemple, la biostimulation, le PRP capillaire ou le laser \u00e0 basse fr\u00e9quence.<\/p>\n<h2>Conclusion<\/h2>\n<p>L\u2019insomnie affecte-t-elle nos cheveux : le manque de repos nous maintient dans un \u00e9tat de stress permanent, et cette \u00e9motion est l\u2019une des plus n\u00e9fastes pour la sant\u00e9 des cheveux. Le stress augmente la possibilit\u00e9 de d\u00e9velopper un effluvium t\u00e9log\u00e8ne, une condition qui conduit \u00e0 une perte massive de cheveux.<\/p>\n<p>L\u2019insomnie ou le manque de repos est l\u2019un des principaux facteurs de stress. Ce trouble mental est \u00e9galement \u00e9troitement li\u00e9 \u00e0 certains types de perte de cheveux, tels que l\u2019effluvium t\u00e9log\u00e8ne (\u00e9galement connu sous le nom de perte de cheveux due au stress). Ce ph\u00e9nom\u00e8ne est \u00e9galement connu sous le nom de chute de cheveux due au stress.<\/p>\n","protected":false},"excerpt":{"rendered":"<p>La chute des cheveux peut avoir diverses origines. Aussi incroyable que cela puisse para\u00eetre, le stress et le manque de sommeil peuvent \u00eatre \u00e9troitement li\u00e9s \u00e0 cette pathologie. Tout ce qui pr\u00e9occupe notre esprit et nos \u00e9motions se refl\u00e8te dans le cycle de croissance des cheveux. Si vous \u00eates aux prises avec une perte de [&hellip;]<\/p>\n","protected":false},"author":4,"featured_media":6800,"comment_status":"open","ping_status":"open","sticky":false,"template":"","format":"standard","meta":{"footnotes":""},"categories":[29],"tags":[],"class_list":["post-6799","post","type-post","status-publish","format-standard","has-post-thumbnail","hentry","category-blog"],"_links":{"self":[{"href":"https:\/\/www.capilclinic.com\/fr\/wp-json\/wp\/v2\/posts\/6799","targetHints":{"allow":["GET"]}}],"collection":[{"href":"https:\/\/www.capilclinic.com\/fr\/wp-json\/wp\/v2\/posts"}],"about":[{"href":"https:\/\/www.capilclinic.com\/fr\/wp-json\/wp\/v2\/types\/post"}],"author":[{"embeddable":true,"href":"https:\/\/www.capilclinic.com\/fr\/wp-json\/wp\/v2\/users\/4"}],"replies":[{"embeddable":true,"href":"https:\/\/www.capilclinic.com\/fr\/wp-json\/wp\/v2\/comments?post=6799"}],"version-history":[{"count":1,"href":"https:\/\/www.capilclinic.com\/fr\/wp-json\/wp\/v2\/posts\/6799\/revisions"}],"predecessor-version":[{"id":6806,"href":"https:\/\/www.capilclinic.com\/fr\/wp-json\/wp\/v2\/posts\/6799\/revisions\/6806"}],"wp:featuredmedia":[{"embeddable":true,"href":"https:\/\/www.capilclinic.com\/fr\/wp-json\/wp\/v2\/media\/6800"}],"wp:attachment":[{"href":"https:\/\/www.capilclinic.com\/fr\/wp-json\/wp\/v2\/media?parent=6799"}],"wp:term":[{"taxonomy":"category","embeddable":true,"href":"https:\/\/www.capilclinic.com\/fr\/wp-json\/wp\/v2\/categories?post=6799"},{"taxonomy":"post_tag","embeddable":true,"href":"https:\/\/www.capilclinic.com\/fr\/wp-json\/wp\/v2\/tags?post=6799"}],"curies":[{"name":"wp","href":"https:\/\/api.w.org\/{rel}","templated":true}]}}