{"id":6791,"date":"2026-08-31T17:16:44","date_gmt":"2026-08-31T14:16:44","guid":{"rendered":"https:\/\/www.capilclinic.com\/?p=6791"},"modified":"2026-08-31T17:16:44","modified_gmt":"2026-08-31T14:16:44","slug":"poliose-meche-blanche-cheveux","status":"publish","type":"post","link":"https:\/\/www.capilclinic.com\/fr\/poliose-meche-blanche-cheveux\/","title":{"rendered":"La poliose ou m\u00e8che blanche dans les cheveux"},"content":{"rendered":"<p><strong>La poliose ou m\u00e8che blanche dans les cheveux<\/strong>, parfois appel\u00e9e poliosis circumscripta, est le manque ou l\u2019absence de m\u00e9lanine dans les cheveux, le <a href=\"[https:\/\/www.capilclinic.fr\/blog\/conseils-fortifier-cuir-chevelu\/](https:\/\/www.capilclinic.fr\/blog\/conseils-fortifier-cuir-chevelu\/)\" target=\"_blank\" rel=\"noopener\">cuir chevelu<\/a>, mais peut \u00e9galement toucher les sourcils, les cils ou d\u2019autres r\u00e9gions pileuses du corps et peut affecter les enfants et les adultes. Bien que la poliose ne soit pas une affection nocive en elle-m\u00eame, elle peut \u00eatre li\u00e9e \u00e0 d\u2019autres probl\u00e8mes cliniques. Certains de ces probl\u00e8mes pourraient \u00eatre nocifs, alors que d\u2019autres ne le sont pas.<\/p>\n<p>La poliose est une maladie rare et peu fr\u00e9quente dont l\u2019incidence est incertaine. Il n\u2019y a pas de diff\u00e9rence d\u2019incidence entre les hommes et les femmes ou entre les groupes ethniques, mais la maladie est plus visible et perceptible chez les personnes \u00e0 la peau plus fonc\u00e9e.<\/p>\n<h2><b>Qu\u2019est-ce que la poliose ou m\u00e8che blanche dans les cheveux ?<\/b><\/h2>\n<p><img loading=\"lazy\" decoding=\"async\" class=\"aligncenter size-full wp-image-6793\" src=\"https:\/\/www.capilclinic.com\/wp-content\/uploads\/2026\/08\/poliose-ou-stries-blanches-dans-les-cheveux_2026.webp\" alt=\"\" width=\"600\" height=\"400\" title=\"\" srcset=\"https:\/\/www.capilclinic.com\/wp-content\/uploads\/2026\/08\/poliose-ou-stries-blanches-dans-les-cheveux_2026.webp 600w, https:\/\/www.capilclinic.com\/wp-content\/uploads\/2026\/08\/poliose-ou-stries-blanches-dans-les-cheveux_2026-300x200.webp 300w, https:\/\/www.capilclinic.com\/wp-content\/uploads\/2026\/08\/poliose-ou-stries-blanches-dans-les-cheveux_2026-150x100.webp 150w\" sizes=\"auto, (max-width: 600px) 100vw, 600px\" \/><\/p>\n<p><strong>La poliose ou m\u00e8che blanche dans les cheveux : la polios\u00e9 est une zone localis\u00e9e de cheveux blancs.<\/strong> Elle est le r\u00e9sultat d\u2019une d\u00e9coloration caus\u00e9e par un manque de m\u00e9lanine. La polioses est une maladie capillaire inoffensive qui ne menace pas votre sant\u00e9. Cependant, elle peut \u00eatre le sympt\u00f4me d\u2019une affection grave sous-jacente, telle qu\u2019une inflammation chronique, une leucoplasie, un m\u00e9lanome, un cancer de la peau ou une maladie de la thyro\u00efde. Selon la cause sous-jacente de cette d\u00e9pigmentation, les cheveux gris peuvent appara\u00eetre \u00e0 court ou \u00e0 long terme. Elle peut \u00eatre observ\u00e9e chez les personnes de tous \u00e2ges, quel que soit leur sexe.<\/p>\n<p><strong>La polisse, ou ces m\u00e8ches blanches sur le cuir chevelu<\/strong>, peut \u00eatre divis\u00e9e en deux cat\u00e9gories. Penchons-nous sur le sujet dans la section suivante.<\/p>\n<h2>Les diff\u00e9rents types de polices<\/h2>\n<h3>Cong\u00e9nitale ou h\u00e9r\u00e9ditaire<\/h3>\n<p>Ces m\u00e8ches de <strong>cheveux blanches<\/strong> ou grises peuvent parfois \u00eatre h\u00e9r\u00e9ditaires. Elles peuvent \u00eatre pr\u00e9sentes \u00e0 la naissance en raison de mutations dans certains g\u00e8nes ou d\u2019autres probl\u00e8mes g\u00e9n\u00e9tiques.<\/p>\n<h3>Acquise<\/h3>\n<p><img loading=\"lazy\" decoding=\"async\" class=\"aligncenter size-full wp-image-6794\" src=\"https:\/\/www.capilclinic.com\/wp-content\/uploads\/2026\/08\/meche-blanche-1_2026.webp\" alt=\"\" width=\"600\" height=\"400\" title=\"\" srcset=\"https:\/\/www.capilclinic.com\/wp-content\/uploads\/2026\/08\/meche-blanche-1_2026.webp 600w, https:\/\/www.capilclinic.com\/wp-content\/uploads\/2026\/08\/meche-blanche-1_2026-300x200.webp 300w, https:\/\/www.capilclinic.com\/wp-content\/uploads\/2026\/08\/meche-blanche-1_2026-150x100.webp 150w\" sizes=\"auto, (max-width: 600px) 100vw, 600px\" \/><\/p>\n<p><strong>Les m\u00e8ches de cheveux blanches ou grises caus\u00e9es par la polio sont consid\u00e9r\u00e9es comme acquises<\/strong>, sauf s\u2019il s\u2019agit de cheveux gris cong\u00e9nitaux. Il peut s\u2019agir d\u2019un effet secondaire ou des s\u00e9quelles de certaines conditions m\u00e9dicales survenant \u00e0 un stade ult\u00e9rieur de la vie.<\/p>\n<h2>Quels sont les sympt\u00f4mes de la polio ?<\/h2>\n<p>La poliose est facilement identifiable. Elle se manifeste sous forme de plaques ou de taches blanches ou grises sur n\u2019importe quelle zone du corps couverte de poils. Elle est plus facilement identifi\u00e9e lorsqu\u2019elle affecte la t\u00eate et <strong>provoque des <a href=\"[https:\/\/www.capilclinic.fr\/blog\/prendre-soin-des-cheveux-gris\/](https:\/\/www.capilclinic.fr\/blog\/prendre-soin-des-cheveux-gris\/)\" target=\"_blank\" rel=\"noopener\">cheveux blancs.<\/a><\/strong><\/p>\n<p>La polio peut appara\u00eetre d\u00e8s la naissance ou survenir de mani\u00e8re inattendue \u00e0 d\u2019autres \u00e9tapes de la vie.<\/p>\n<h2>Comment diagnostique-t-on la polios ou la m\u00e8che blanche dans les cheveux ?<\/h2>\n<p>La pr\u00e9sence de <strong>m\u00e8ches de cheveux blancs ou gris<\/strong> dans les follicules pileux suffit \u00e0 analyser l\u2019\u00e9tat de la peau. En revanche, si la polioseparle \u00e0 un enfant, il est pr\u00e9f\u00e9rable de consulter un m\u00e9decin. Alors que la poliosepuede survenir \u00e0 n\u2019importe quelle \u00e9tape de la vie, les cheveux clairs ou blancs sont rares chez les enfants.<\/p>\n<p>La polios peut en effet \u00eatre le signe d\u2019une maladie plus grave. Dans ce cas, il est essentiel de consulter un m\u00e9decin afin qu\u2019il pose le bon diagnostic. Apr\u00e8s avoir examin\u00e9 vos ant\u00e9c\u00e9dents m\u00e9dicaux et familiaux, le m\u00e9decin proc\u00e9dera \u00e0 un examen physique complet, \u00e0 une enqu\u00eate nutritionnelle et endocrinienne, \u00e0 des analyses sanguines, \u00e0 une analyse de la peau, et cherchera \u00e9galement d\u2019\u00e9ventuelles <strong>causes neurologiques.<\/strong><\/p>\n<h2><b>Quelles sont les causes de la poliose ?<\/b><\/h2>\n<p><img loading=\"lazy\" decoding=\"async\" class=\"aligncenter size-full wp-image-6795\" src=\"https:\/\/www.capilclinic.com\/wp-content\/uploads\/2026\/08\/poliose-ou-stries-blanches-dans-les-cheveux-2_2026.webp\" alt=\"\" width=\"600\" height=\"400\" title=\"\" srcset=\"https:\/\/www.capilclinic.com\/wp-content\/uploads\/2026\/08\/poliose-ou-stries-blanches-dans-les-cheveux-2_2026.webp 600w, https:\/\/www.capilclinic.com\/wp-content\/uploads\/2026\/08\/poliose-ou-stries-blanches-dans-les-cheveux-2_2026-300x200.webp 300w, https:\/\/www.capilclinic.com\/wp-content\/uploads\/2026\/08\/poliose-ou-stries-blanches-dans-les-cheveux-2_2026-150x100.webp 150w\" sizes=\"auto, (max-width: 600px) 100vw, 600px\" \/><\/p>\n<p>Bien que <strong>les causes de la poliose<\/strong> ne soient pas compl\u00e8tement comprises, les chercheurs avancent les hypoth\u00e8ses suivantes :<\/p>\n<h3><b>Les conditions g\u00e9n\u00e9tiques<\/b><\/h3>\n<p><strong>Il faut savoir que la polisse peut-\u00eatre h\u00e9r\u00e9ditaire ou g\u00e9n\u00e9tique tels que<\/strong> :<\/p>\n<ul>\n<li>Le piebaldisme ;<\/li>\n<li>Le syndrome de Waardenburg ;<\/li>\n<li>Le syndrome de Marfan ;<\/li>\n<li>La scl\u00e9rose tub\u00e9reuse ;<\/li>\n<li>Le syndrome de Vogt-Koyanagi-Harada (VKH) ;<\/li>\n<li>Le naevus cong\u00e9nital g\u00e9ant ;<\/li>\n<li>Le syndrome d\u2019Alessandrini ;<\/li>\n<\/ul>\n<h3><b>Les maladies auto-immunes<\/b><\/h3>\n<p>Une perte de pigmentation peut \u00e9galement venir d\u2019une <strong>maladie<\/strong> auto-immune telle que :<\/p>\n<ul>\n<li>Le vitiligo ;<\/li>\n<li>L\u2019hypogonadisme ;<\/li>\n<li>L\u2019hypopituitarisme ;<\/li>\n<li><strong>Le cancer de la peau<\/strong> ;<\/li>\n<li>Les maladies de la thyro\u00efde.<\/li>\n<li>La sarco\u00efdose ;<\/li>\n<li>Le syndrome GAPO<\/li>\n<li>La neurofibromatose ;<\/li>\n<li>L\u2019uv\u00e9ite idiopathique ;<\/li>\n<li>Le naevus intradermique ;<\/li>\n<li>Les dermatoses post-inflammatoires ;<\/li>\n<li>Le naevus en halo ;<\/li>\n<li>Les post-traumatismes ;<\/li>\n<li>L\u2019an\u00e9mie pernicieuse ;<\/li>\n<\/ul>\n<h3><b>Autres causes <\/b><\/h3>\n<ul>\n<li>Entit\u00e9s n\u00e9oplasiques inflammatoires (b\u00e9nignes et malignes)<\/li>\n<li>La pelade ;<\/li>\n<li>Le m\u00e9lanome ;<\/li>\n<li>Le zona ;<\/li>\n<li>La radioth\u00e9rapie ;<\/li>\n<li>L\u2019hyperpigmentation ou l\u2019hypopigmentation des yeux ;<\/li>\n<li>Le syndrome de Rubinstein-Taybi ;<\/li>\n<li>La dermatite ;<\/li>\n<li>L\u2019albinos ;<\/li>\n<li>Certaines drogues<\/li>\n<li>Le vieillissement ;<\/li>\n<li>Les m\u00e9dicaments tels que les antibiotiques, le chloramph\u00e9nicol et le m\u00e9dicament anticanc\u00e9reux, le cetuximab, pourraient \u00e9galement provoquer cette pigmentation.<\/li>\n<\/ul>\n<h2>Pourquoi la poliose survient-elle ?<\/h2>\n<p><img loading=\"lazy\" decoding=\"async\" class=\"aligncenter size-full wp-image-6796\" src=\"https:\/\/www.capilclinic.com\/wp-content\/uploads\/2026\/08\/meche-blanche-2_2026.webp\" alt=\"\" width=\"600\" height=\"400\" title=\"\" srcset=\"https:\/\/www.capilclinic.com\/wp-content\/uploads\/2026\/08\/meche-blanche-2_2026.webp 600w, https:\/\/www.capilclinic.com\/wp-content\/uploads\/2026\/08\/meche-blanche-2_2026-300x200.webp 300w, https:\/\/www.capilclinic.com\/wp-content\/uploads\/2026\/08\/meche-blanche-2_2026-150x100.webp 150w\" sizes=\"auto, (max-width: 600px) 100vw, 600px\" \/><\/p>\n<p><strong>La r\u00e9duction des niveaux de m\u00e9lanine en est la principale cause<\/strong>. Cela contribue au blanchiment de nos cheveux, de nos yeux et de notre peau. Le corps le produit naturellement, mais il peut aussi y avoir plusieurs raisons \u00e0 son absence. Le processus de vieillissement en fait partie. L\u2019apparition de celui-ci peut provoquer la d\u00e9coloration de certaines zones des cheveux, c\u2019est \u00e0 ce moment-l\u00e0 que le processus de grisonnement bien connu se produit.<\/p>\n<p>Mais la polios\u00e9 est diff\u00e9rente. Une faible production de m\u00e9lanine peut \u00eatre observ\u00e9e dans certaines zones, quel que soit l\u2019\u00e2ge de la personne atteinte. Le r\u00e9sultat est la formation de touffes de poils blancs sur la crini\u00e8re, les sourcils, les cils, la barbe et la moustache.<\/p>\n<p>Cette condition peut \u00e9galement \u00eatre li\u00e9e \u00e0 d\u2019autres maux. Les troubles g\u00e9n\u00e9tiques peuvent entra\u00eener une r\u00e9duction ou une absence de production de m\u00e9lanine dans des zones sp\u00e9cifiques du follicule. Cela n\u2019a toutefois aucun effet sur l\u2019ensemble du corps. <strong>Les cheveux ou d\u2019autres zones de la peau peuvent pr\u00e9senter une ou plusieurs stries blanches.<\/strong> Voici les maladies qui peuvent en \u00eatre la cause :<\/p>\n<h3>Syndrome de Waardenburg<\/h3>\n<p>Le g\u00e8ne responsable de la poliomy\u00e9lite est transmis de g\u00e9n\u00e9ration en g\u00e9n\u00e9ration au sein d\u2019une m\u00eame famille. Il en existe diff\u00e9rents types, qui peuvent \u00eatre le r\u00e9sultat de mutations survenues sur les g\u00e8nes. Mais tous ces <strong>types de maladies<\/strong> sont les m\u00eames. Les personnes touch\u00e9es souffrent d\u2019une perte auditive et d\u2019une r\u00e9duction des niveaux de m\u00e9lanine dans les cheveux, la peau et m\u00eame les yeux.<\/p>\n<h3>Le pi\u00e9baldisme<\/h3>\n<p><strong>Une autre maladie g\u00e9n\u00e9tique provoque une d\u00e9pigmentation localis\u00e9e.<\/strong> Cette condition est \u00e9galement connue sous le nom d\u2019albinisme partiel. De plus, 80 % des patients pr\u00e9sentent une d\u00e9coloration blanche sur le front.<\/p>\n<h3>Autres types de poliomy\u00e9lite<\/h3>\n<p>Diverses conditions peuvent conduire \u00e0<strong> l\u2019apparition de cheveux blancs<\/strong>. On peut citer par exemple les infections, les inflammations ou les traitements invasifs tels que la radioth\u00e9rapie. L\u2019alop\u00e9cie areata ne dispara\u00eet pas, mais de nouveaux cheveux peuvent continuer \u00e0 pousser. La plupart des m\u00e8ches blanches devraient retrouver leur couleur d\u2019origine au fil du temps.<\/p>\n<h2>Comment traiter la m\u00e8che blanche dans les cheveux ?<\/h2>\n<p>Il est impossible de changer d\u00e9finitivement la teinte des cheveux touch\u00e9s par <strong>la maladie de Parkinson.<\/strong> Si une personne souhaite rendre la maladie moins \u00e9vidente, le choix le plus fondamental et \u00e9conomique est de <a href=\"[https:\/\/www.capilclinic.fr\/blog\/colorez-vos-cheveux-avec-du-nutella\/](https:\/\/www.capilclinic.fr\/blog\/colorez-vos-cheveux-avec-du-nutella\/)\" target=\"_blank\" rel=\"noopener\">colorer les cheveux<\/a> qui ont \u00e9t\u00e9 \u00e9claircis par la maladie.<\/p>\n<p>Cependant, certains traitements cliniques peuvent inverser la maladie. Un traitement de greffe de peau, suivi d\u2019une luminoth\u00e9rapie pendant 4 \u00e0 11 mois, a permis d\u2019inverser la poliose associ\u00e9e au vitiligo.<\/p>\n<p>Il existe \u00e9galement un traitement par laser, l\u2019application quotidienne de pommade et des traitements m\u00e9dicamenteux oraux. Ces th\u00e9rapies sont tr\u00e8s intenses, co\u00fbteuses et chronophages.<\/p>\n<p>Ainsi, la plupart des personnes atteintes de polioses peuvent d\u00e9cider de ne pas chercher de m\u00e9dicaments cliniques, mais plut\u00f4t de laisser les cheveux tels qu\u2019ils sont.<\/p>\n<h2>S\u2019agit-il de cheveux gris pr\u00e9matur\u00e9s ou de la poliose ?<\/h2>\n<p><img loading=\"lazy\" decoding=\"async\" class=\"aligncenter size-full wp-image-6797\" src=\"https:\/\/www.capilclinic.com\/wp-content\/uploads\/2026\/08\/poliose-ou-stries-blanches-dans-les-cheveux-1_2026.webp\" alt=\"\" width=\"600\" height=\"400\" title=\"\" srcset=\"https:\/\/www.capilclinic.com\/wp-content\/uploads\/2026\/08\/poliose-ou-stries-blanches-dans-les-cheveux-1_2026.webp 600w, https:\/\/www.capilclinic.com\/wp-content\/uploads\/2026\/08\/poliose-ou-stries-blanches-dans-les-cheveux-1_2026-300x200.webp 300w, https:\/\/www.capilclinic.com\/wp-content\/uploads\/2026\/08\/poliose-ou-stries-blanches-dans-les-cheveux-1_2026-150x100.webp 150w\" sizes=\"auto, (max-width: 600px) 100vw, 600px\" \/><\/p>\n<p>Les cheveux gris ne sont pas courants, notamment chez les enfants. <strong>En cas de perte de la couleur des cheveux chez un nourrisson, il est important de consulter un m\u00e9decin. I<\/strong>l peut s\u2019agir d\u2019une polios\u00e9, d\u2019un trouble de la thyro\u00efde ou d\u2019une carence en vitamine B12. Les enfants n\u00e9s avec des m\u00e8ches blanches et ne pr\u00e9sentant pas de cheveux gris pr\u00e9matur\u00e9s ont h\u00e9rit\u00e9 de la maladie de leurs parents. Dans certains de ces cas, un examen complet de la peau, des yeux et du sang peut s\u2019av\u00e9rer n\u00e9cessaire. Cela permet d\u2019exclure des maladies plus graves.<\/p>\n<h2>La poliose peut-elle appara\u00eetre du jour au lendemain ?<\/h2>\n<p>Certaines personnes ont rapport\u00e9 qu\u2019elles avaient vu changer la couleur de leurs cheveux du jour au lendemain apr\u00e8s un \u00e9v\u00e9nement \u00e9motionnel traumatisant. Cette situation n\u2019a pas encore pu \u00eatre prouv\u00e9e scientifiquement.<strong> Les m\u00e9decins estiment que la polioses se manifeste apr\u00e8s plusieurs semaines ou mois.<\/strong> C\u2019est \u00e0 ce moment-l\u00e0 que la maladie g\u00e9n\u00e9tique ou l\u2019\u00e9tat de l\u2019organisme commence \u00e0 \u00e9liminer la m\u00e9lanine d\u2019une zone sp\u00e9cifique de la peau.<\/p>\n<h2><b>Conclusion<\/b><\/h2>\n<p><strong>La poliose ou m\u00e8che blanche dans les cheveux : vivre avec la poliose peut \u00eatre \u00e9motionnellement p\u00e9nible pour de nombreuses personnes<\/strong>, car elle n\u2019affecte pas tout le monde. Elle n\u2019est pas nocive en soi. Cependant, elle peut avoir des implications m\u00e9dicales potentielles. Par cons\u00e9quent, il est pr\u00e9f\u00e9rable d\u2019\u00eatre toujours conscient de votre \u00e9tat, qu\u2019il se manifeste de mani\u00e8re nocive ou non.<\/p>\n<p>La polios\u00e9 est essentiellement un manque de pigment dans les follicules pileux, ce qui explique que les cheveux deviennent blancs ou gris. La maladie peut \u00eatre pr\u00e9sente d\u00e8s la naissance ou se d\u00e9velopper soudainement \u00e0 tout \u00e2ge. Bien que les cheveux gris ne constituent pas une menace pour la vie, ils peuvent affecter le cuir chevelu et les poils du visage. \u00c9tant donn\u00e9 que les cheveux gris ne constituent pas un probl\u00e8me de sant\u00e9 grave, la plupart des gens se teignent les cheveux pour masquer les zones blanches. Des preuves anecdotiques sugg\u00e8rent que prendre des mesures pour \u00e9viter le grisonnement pr\u00e9matur\u00e9, comme r\u00e9duire le stress et maintenir une alimentation \u00e9quilibr\u00e9e, peut \u00e9galement r\u00e9duire les cheveux gris in\u00e9gaux. Consultez votre m\u00e9decin pour \u00e9carter toute affection sous-jacente \u00e0 l\u2019origine de vos sympt\u00f4mes.<\/p>\n","protected":false},"excerpt":{"rendered":"<p>La poliose ou m\u00e8che blanche dans les cheveux, parfois appel\u00e9e poliosis circumscripta, est le manque ou l\u2019absence de m\u00e9lanine dans les cheveux, le cuir chevelu, mais peut \u00e9galement toucher les sourcils, les cils ou d\u2019autres r\u00e9gions pileuses du corps et peut affecter les enfants et les adultes. Bien que la poliose ne soit pas une [&hellip;]<\/p>\n","protected":false},"author":4,"featured_media":6792,"comment_status":"open","ping_status":"open","sticky":false,"template":"","format":"standard","meta":{"footnotes":""},"categories":[29],"tags":[],"class_list":["post-6791","post","type-post","status-publish","format-standard","has-post-thumbnail","hentry","category-blog"],"_links":{"self":[{"href":"https:\/\/www.capilclinic.com\/fr\/wp-json\/wp\/v2\/posts\/6791","targetHints":{"allow":["GET"]}}],"collection":[{"href":"https:\/\/www.capilclinic.com\/fr\/wp-json\/wp\/v2\/posts"}],"about":[{"href":"https:\/\/www.capilclinic.com\/fr\/wp-json\/wp\/v2\/types\/post"}],"author":[{"embeddable":true,"href":"https:\/\/www.capilclinic.com\/fr\/wp-json\/wp\/v2\/users\/4"}],"replies":[{"embeddable":true,"href":"https:\/\/www.capilclinic.com\/fr\/wp-json\/wp\/v2\/comments?post=6791"}],"version-history":[{"count":1,"href":"https:\/\/www.capilclinic.com\/fr\/wp-json\/wp\/v2\/posts\/6791\/revisions"}],"predecessor-version":[{"id":6798,"href":"https:\/\/www.capilclinic.com\/fr\/wp-json\/wp\/v2\/posts\/6791\/revisions\/6798"}],"wp:featuredmedia":[{"embeddable":true,"href":"https:\/\/www.capilclinic.com\/fr\/wp-json\/wp\/v2\/media\/6792"}],"wp:attachment":[{"href":"https:\/\/www.capilclinic.com\/fr\/wp-json\/wp\/v2\/media?parent=6791"}],"wp:term":[{"taxonomy":"category","embeddable":true,"href":"https:\/\/www.capilclinic.com\/fr\/wp-json\/wp\/v2\/categories?post=6791"},{"taxonomy":"post_tag","embeddable":true,"href":"https:\/\/www.capilclinic.com\/fr\/wp-json\/wp\/v2\/tags?post=6791"}],"curies":[{"name":"wp","href":"https:\/\/api.w.org\/{rel}","templated":true}]}}