{"id":6766,"date":"2026-08-31T17:07:12","date_gmt":"2026-08-31T14:07:12","guid":{"rendered":"https:\/\/www.capilclinic.com\/?p=6766"},"modified":"2026-08-31T17:07:12","modified_gmt":"2026-08-31T14:07:12","slug":"effet-shedding","status":"publish","type":"post","link":"https:\/\/www.capilclinic.com\/fr\/effet-shedding\/","title":{"rendered":"Effet \u00ab Shedding \u00bb"},"content":{"rendered":"<p>La transition pr\u00e9matur\u00e9e des follicules pileux du stade de croissance au stade de repos provoque <strong>la<a href=\"[https:\/\/www.capilclinic.fr\/blog\/chute-de-cheveux-mythes-et-realites\/](https:\/\/www.capilclinic.fr\/blog\/chute-de-cheveux-mythes-et-realites\/)\" target=\"_blank\" rel=\"noopener\"> chute des cheveux<\/a>,<\/strong> \u00e9galement connue sous le nom d\u2019effluvium t\u00e9log\u00e8ne. Il s\u2019agit d\u2019une condition passag\u00e8re provoqu\u00e9e par un stress soudain. Elle peut \u00eatre provoqu\u00e9e par une maladie, une intervention chirurgicale, des m\u00e9dicaments, un d\u00e9s\u00e9quilibre hormonal, une carence alimentaire ou un stress \u00e9motionnel. Vous apprendrez tout sur<strong> l\u2019Effet \u00ab Shedding \u00bb<\/strong>.<\/p>\n<p>Il est naturel de perdre entre 50 et 100 cheveux par jour. N\u00e9anmoins, si vous perdez une quantit\u00e9 importante de cheveux et que vous remarquez des variations dans votre rythme de perte de cheveux, il est possible que vous souffriez d\u2019un effluvium t\u00e9log\u00e8ne. Dans ce cas, le fait de voir constamment des cheveux dans le drain de la baignoire peut engendrer un stress inutile important.<\/p>\n<p>La bonne nouvelle est que<strong> la perte de cheveux<\/strong> n\u2019est pas la m\u00eame chose que la calvitie f\u00e9minine ou masculine. Dans la plupart des cas, il s\u2019agit d\u2019une condition temporaire qui finira par dispara\u00eetre. Voici comment d\u00e9terminer si la quantit\u00e9 de cheveux qui tombent de votre cuir chevelu est excessive. Quels facteurs peuvent contribuer \u00e0 ce probl\u00e8me et que pouvez-vous faire pour y rem\u00e9dier ?<\/p>\n<h2>Qu\u2019est-ce que l\u2019\u00ab effet shedding \u00bb ?<\/h2>\n<p><img loading=\"lazy\" decoding=\"async\" class=\"aligncenter size-full wp-image-6768\" src=\"https:\/\/www.capilclinic.com\/wp-content\/uploads\/2026\/08\/Shedding5_2026.webp\" alt=\"\" width=\"600\" height=\"400\" title=\"\" srcset=\"https:\/\/www.capilclinic.com\/wp-content\/uploads\/2026\/08\/Shedding5_2026.webp 600w, https:\/\/www.capilclinic.com\/wp-content\/uploads\/2026\/08\/Shedding5_2026-300x200.webp 300w, https:\/\/www.capilclinic.com\/wp-content\/uploads\/2026\/08\/Shedding5_2026-150x100.webp 150w\" sizes=\"auto, (max-width: 600px) 100vw, 600px\" \/><\/p>\n<p><strong>L\u2019\u00ab effet shedding \u00bb, \u00e9galement connu sous les noms de \u00ab choc perte \u00bb ou simplement de chute<\/strong>, affecte certaines personnes pendant qu\u2019elles suivent des traitements visant \u00e0 arr\u00eater la chute des cheveux.<\/p>\n<p>Il s\u2019agit d\u2019une cons\u00e9quence naturelle de ces traitements, mais comme la perte de cheveux survient de mani\u00e8re soudaine, elle est souvent tr\u00e8s inqui\u00e9tante pour les patients. C\u2019est normal, car il survient g\u00e9n\u00e9ralement quelques mois apr\u00e8s une <strong>greffe de cheveux<\/strong> ou lors d\u2019un traitement pour arr\u00eater la chute des cheveux. Le patient pense imm\u00e9diatement que quelque chose s\u2019est mal pass\u00e9 lors de la proc\u00e9dure.<\/p>\n<p>Cependant, nous tenons \u00e0 r\u00e9p\u00e9ter qu\u2019il n\u2019y a pas lieu de s\u2019inqui\u00e9ter. L\u2019effet de chute est normal et constitue une r\u00e9ponse naturelle de l\u2019organisme \u00e0 ce type d\u2019intervention et de traitement.<\/p>\n<h2><b>Qu\u2019est-ce que la perte de cheveux ?<\/b><\/h2>\n<p>La chute se produit lorsque les follicules pileux de votre cuir chevelu sortent pr\u00e9matur\u00e9ment de la phase de d\u00e9veloppement pour entrer pr\u00e9matur\u00e9ment dans la phase de repos. <strong>Le cycle de croissance des cheveux se compose de trois \u00e9tapes.<\/strong><\/p>\n<h3>Phase anag\u00e8ne<\/h3>\n<p><strong>La phase anag\u00e8ne, \u00e9galement appel\u00e9e phase de croissance active, correspond \u00e0 cette p\u00e9riode.<\/strong> Est la p\u00e9riode durant laquelle les cheveux se forment et poussent. Durant cette phase, les cellules du follicule pileux se divisent rapidement, ce qui permet aux cheveux de pousser. La dur\u00e9e de la phase anag\u00e8ne varie d\u2019une personne \u00e0 l\u2019autre et peut aller de deux \u00e0 six ans. En g\u00e9n\u00e9ral, on estime qu\u2019environ 85 \u00e0 90 % des cheveux du cuir chevelu se trouvent dans cette phase \u00e0 un moment donn\u00e9.<\/p>\n<h3>Phase catag\u00e8ne<\/h3>\n<p><img loading=\"lazy\" decoding=\"async\" class=\"aligncenter size-full wp-image-6769\" src=\"https:\/\/www.capilclinic.com\/wp-content\/uploads\/2026\/08\/Shedding4_2026.webp\" alt=\"\" width=\"600\" height=\"400\" title=\"\" srcset=\"https:\/\/www.capilclinic.com\/wp-content\/uploads\/2026\/08\/Shedding4_2026.webp 600w, https:\/\/www.capilclinic.com\/wp-content\/uploads\/2026\/08\/Shedding4_2026-300x200.webp 300w, https:\/\/www.capilclinic.com\/wp-content\/uploads\/2026\/08\/Shedding4_2026-150x100.webp 150w\" sizes=\"auto, (max-width: 600px) 100vw, 600px\" \/><\/p>\n<p>Apr\u00e8s la phase anag\u00e8ne, le cheveu entre dans la phase catag\u00e8ne, une courte phase de transition d\u2019une dur\u00e9e de deux \u00e0 trois semaines. Pendant cette phase, la croissance du cheveu s\u2019arr\u00eate et le follicule pileux r\u00e9tr\u00e9cit.<strong> Il repr\u00e9sente environ 1 % des cheveux du cuir chevelu<\/strong>. \u00c0 ce stade, le cheveu cesse de recevoir des nutriments et le follicule se pr\u00e9pare \u00e0 entrer dans la phase t\u00e9log\u00e8ne.<\/p>\n<h3>Phase t\u00e9log\u00e8ne<\/h3>\n<p>La phase t\u00e9log\u00e8ne, qui dure environ deux \u00e0 trois mois, correspond au repos du cycle pilaire. Pendant cette phase, le cheveu ne pousse pas et reste en sommeil dans le follicule pileux. \u00c0 un moment donn\u00e9, environ 10 \u00e0 15 % des cheveux du <strong>cuir chevelu<\/strong> se trouvent dans cette phase. \u00c0 la fin de cette phase, le cheveu tombe et le cycle recommence avec la phase anag\u00e8ne. Un nouveau cheveu commence alors \u00e0 pousser dans le m\u00eame follicule.<\/p>\n<h2>Quels sont les facteurs qui contribuent \u00e0 la chute excessive des cheveux ?<\/h2>\n<p><img loading=\"lazy\" decoding=\"async\" class=\"aligncenter size-full wp-image-6770\" src=\"https:\/\/www.capilclinic.com\/wp-content\/uploads\/2026\/08\/Shedding2_2026.webp\" alt=\"\" width=\"600\" height=\"400\" title=\"\" srcset=\"https:\/\/www.capilclinic.com\/wp-content\/uploads\/2026\/08\/Shedding2_2026.webp 600w, https:\/\/www.capilclinic.com\/wp-content\/uploads\/2026\/08\/Shedding2_2026-300x200.webp 300w, https:\/\/www.capilclinic.com\/wp-content\/uploads\/2026\/08\/Shedding2_2026-150x100.webp 150w\" sizes=\"auto, (max-width: 600px) 100vw, 600px\" \/><\/p>\n<p>Dans la plupart des cas, la r\u00e9ponse aigu\u00eb au stress est la<strong> principale cause de la perte excessive de cheveux<\/strong>. Un \u00e9pisode dure g\u00e9n\u00e9ralement moins de six mois, parfois beaucoup moins.<\/p>\n<p>Vous avez peut-\u00eatre r\u00e9cup\u00e9r\u00e9 de ce qui a initialement provoqu\u00e9 la chute de vos cheveux. Mais la <a href=\"[https:\/\/www.capilclinic.fr\/blog\/lautomne-et-la-perte-de-cheveux\/](https:\/\/www.capilclinic.fr\/blog\/lautomne-et-la-perte-de-cheveux\/)\" target=\"_blank\" rel=\"noopener\">perte de cheveux<\/a> est simplement le signe d\u2019un impact prolong\u00e9. Pour cette raison, il n\u2019est pas toujours facile d\u2019identifier le lien entre votre perte de cheveux et la cause sous-jacente. Voici une liste de certains facteurs courants qui y contribuent.<\/p>\n<h3><b>Les coiffures serr\u00e9es<\/b><\/h3>\n<p><strong>L\u2019alop\u00e9cie de traction<\/strong> est une perte de cheveux qui peut survenir chez les personnes qui portent quotidiennement leurs coiffures de mani\u00e8re extr\u00eamement serr\u00e9e. M\u00eame si cette perte de cheveux est transitoire et peut donner lieu \u00e0 une repousse, si elle persiste, la situation peut devenir irr\u00e9versible.<\/p>\n<h3><b>Le stress<\/b><\/h3>\n<p><strong>L\u2019effluvium t\u00e9log\u00e8ne est un trouble caus\u00e9 par un stress extr\u00eame qui endommage les cheveux.<\/strong> Lorsque le corps subit un \u00e9v\u00e9nement traumatisant, tel qu\u2019un choc ou un stress extr\u00eame, ses d\u00e9fenses naturelles s\u2019emballent. Les follicules pileux entrent alors plus t\u00f4t que la normale dans une phase de repos du cycle de d\u00e9veloppement.<\/p>\n<p>Les gens d\u00e9couvrent souvent que leurs cheveux commencent \u00e0 repousser apr\u00e8s un \u00e9v\u00e9nement stressant. Les personnes qui observent une perte de cheveux anormalement importante doivent prendre rendez-vous avec leur m\u00e9decin traitant pour identifier l\u2019origine du probl\u00e8me.<\/p>\n<h3><b>Les maladies thyro\u00efdiennes<\/b><\/h3>\n<p><img loading=\"lazy\" decoding=\"async\" class=\"aligncenter size-full wp-image-6771\" src=\"https:\/\/www.capilclinic.com\/wp-content\/uploads\/2026\/08\/Shedding3_2026.webp\" alt=\"\" width=\"600\" height=\"400\" title=\"\" srcset=\"https:\/\/www.capilclinic.com\/wp-content\/uploads\/2026\/08\/Shedding3_2026.webp 600w, https:\/\/www.capilclinic.com\/wp-content\/uploads\/2026\/08\/Shedding3_2026-300x200.webp 300w, https:\/\/www.capilclinic.com\/wp-content\/uploads\/2026\/08\/Shedding3_2026-150x100.webp 150w\" sizes=\"auto, (max-width: 600px) 100vw, 600px\" \/><\/p>\n<p>La casse des cheveux est un sympt\u00f4me courant des probl\u00e8mes de thyro\u00efde. Les personnes atteintes de troubles thyro\u00efdiens peuvent pr\u00e9senter des cheveux extr\u00eamement cassants, secs et ternes. Les personnes atteintes de cette maladie peuvent \u00e9galement pr\u00e9senter une perte de cheveux importante, voire une <strong>calvitie<\/strong>. Elles peuvent \u00e9galement pr\u00e9senter une perte de cheveux s\u00e9v\u00e8re, voire des plaques de calvitie. Les alt\u00e9rations de la peau et des ongles font \u00e9galement partie des sympt\u00f4mes que certaines personnes atteintes de troubles thyro\u00efdiens peuvent ressentir. Ces modifications incluent des ongles cassants, une cicatrisation plus lente ou des d\u00e9mangeaisons de la peau.<\/p>\n<p>Les personnes pr\u00e9sentant l\u2019un de ces signes devraient consulter leur m\u00e9decin pour d\u00e9terminer si elles ont ou non un probl\u00e8me de thyro\u00efde.<\/p>\n<h3><b>Troubles de l\u2019alimentation<\/b><\/h3>\n<p><strong>Les troubles alimentaires sont li\u00e9s \u00e0 la perte de cheveux<\/strong>. La malnutrition et les autres probl\u00e8mes de sant\u00e9 qui d\u00e9coulent directement des troubles alimentaires peuvent potentiellement perturber le cycle normal de d\u00e9veloppement des cheveux. Cela se produit au cours de la phase de croissance des cheveux, connue sous le nom d\u2019anag\u00e8ne. Lorsque de nouveaux cheveux sont g\u00e9n\u00e9r\u00e9s, cette perturbation peut provoquer la chute des cheveux existants.<\/p>\n<h2><b>La pr\u00e9vention<\/b><\/h2>\n<p>Les gens peuvent pr\u00e9venir la future<a href=\"[https:\/\/www.capilclinic.fr\/blog\/la-calvitie-affecte-t-elle-le-niveau-psychologique\/](https:\/\/www.capilclinic.fr\/blog\/la-calvitie-affecte-t-elle-le-niveau-psychologique\/)\" target=\"_blank\" rel=\"noopener\"> calvitie<\/a> en prenant des mesures telles que les suivantes :<\/p>\n<ul>\n<li>Appliquer un apr\u00e8s-shampooing apr\u00e8s le shampoing.<\/li>\n<li>Au lieu de frotter le shampoing sur les cheveux et le cuir chevelu, essayez de l<a href=\"[https:\/\/www.csa-tmo.fr\/pourquoi-et-comment-realiser-une-detox-capillaire\/](https:\/\/www.csa-tmo.fr\/pourquoi-et-comment-realiser-une-detox-capillaire\/)\">e masser sur le cuir chevelu<\/a>, puis de le rincer dans les cheveux.<\/li>\n<li>Enfin, prot\u00e9gez vos cheveux des effets nocifs du chlore et d\u2019autres produits chimiques au bord de la piscine en utilisant un bonnet de bain. Apr\u00e8s la baignade, il est recommand\u00e9 de nettoyer ses cheveux avec un shampoing sp\u00e9cialement con\u00e7u pour les nageurs.<\/li>\n<li>Vous pouvez les s\u00e9cher en les enveloppant d\u2019une serviette ou en les laissant s\u00e9cher \u00e0 l\u2019air libre avant d\u2019utiliser un s\u00e8che-cheveux ou de les peigner.<\/li>\n<li>Limitez le temps pass\u00e9 \u00e0 utiliser des appareils chauffants sur vos cheveux. Des pinces \u00e0 friser et des fers \u00e0 lisser, par exemple.<\/li>\n<li>Enfin, r\u00e9duisez votre consommation de produits de teinture et de coiffage.<\/li>\n<li>Opter pour des changements fr\u00e9quents de coiffure.<\/li>\n<li>Utilisez des bandes de cheveux de haute qualit\u00e9 et arrangez vos cheveux de mani\u00e8re soign\u00e9e.<\/li>\n<li>Peigner les cheveux soigneusement mais suffisamment pour obtenir le style d\u00e9sir\u00e9.<\/li>\n<li>Les extensions et tissages de cheveux doivent \u00eatre conserv\u00e9s pendant au maximum deux \u00e0 trois mois.<\/li>\n<li>Maintenir un poids sant\u00e9 pour fournir \u00e0 ses cheveux tous les nutriments dont ils ont besoin.<\/li>\n<\/ul>\n<h2><b>Conclusion<\/b><\/h2>\n<p><img loading=\"lazy\" decoding=\"async\" class=\"aligncenter size-full wp-image-6772\" src=\"https:\/\/www.capilclinic.com\/wp-content\/uploads\/2026\/08\/Shedding1_2026.webp\" alt=\"\" width=\"600\" height=\"400\" title=\"\" srcset=\"https:\/\/www.capilclinic.com\/wp-content\/uploads\/2026\/08\/Shedding1_2026.webp 600w, https:\/\/www.capilclinic.com\/wp-content\/uploads\/2026\/08\/Shedding1_2026-300x200.webp 300w, https:\/\/www.capilclinic.com\/wp-content\/uploads\/2026\/08\/Shedding1_2026-150x100.webp 150w\" sizes=\"auto, (max-width: 600px) 100vw, 600px\" \/><\/p>\n<p><strong>L\u2019effet shedding est un ph\u00e9nom\u00e8ne assez courant et, loin d\u2019\u00eatre alarmant<\/strong>, c\u2019est un sympt\u00f4me de l\u2019efficacit\u00e9 du traitement ou de la r\u00e9ussite de la greffe. Cependant, tous les patients ne connaissent pas cet effet de chute et tous ne le vivent pas de la m\u00eame mani\u00e8re.<\/p>\n<p>L\u2019absence de chute apr\u00e8s une greffe de cheveux ou pendant l\u2019utilisation de traitements tels que le Minoxidil ne signifie pas que quelque chose s\u2019est mal pass\u00e9. En revanche, si l\u2019effet se prolonge, il est conseill\u00e9 de consulter un sp\u00e9cialiste, car la chute peut avoir d\u2019autres causes.<\/p>\n<p>N\u2019oubliez pas que chaque personne est unique. Certaines personnes retrouvent leurs cheveux en un mois seulement, tandis que d\u2019autres doivent attendre un peu plus longtemps. La perte de cheveux dure g\u00e9n\u00e9ralement entre un et trois mois.<\/p>\n<p>Si vous remarquez une augmentation soudaine de la quantit\u00e9 de cheveux que vous perdez sans cause apparente, vous devez consulter un professionnel de la sant\u00e9 d\u00e8s que possible. Il se peut que vous ayez un probl\u00e8me de sant\u00e9 cach\u00e9 qu\u2019un professionnel de sant\u00e9 devrait traiter. De plus, vous devriez consulter un professionnel de sant\u00e9 si vous remarquez une perte de cheveux sur des zones de votre corps autres que votre t\u00eate, ou si celle-ci semble plus concentr\u00e9e dans certaines zones. Ce ne sont pas des signes typiques de perte de cheveux et ils peuvent indiquer une autre condition.<\/p>\n<h3>Qu\u2019est-ce que la \u00ab desquamation \u00bb du cuir chevelu ?<\/h3>\n<p>Les pellicules sont des squames, c\u2019est-\u00e0-dire des peaux mortes, qui se d\u00e9tachent du cuir chevelu et laissent des flocons blancs sur la t\u00eate, le cou et les \u00e9paules. Il peut s\u2019agir d\u2019une affection cutan\u00e9e appel\u00e9e ecz\u00e9ma. Il peut s\u2019agir d\u2019un<strong> type d\u2019ecz\u00e9ma,<\/strong> c\u2019est-\u00e0-dire qu\u2019il provoque une perte accrue des cellules normales de la peau du cuir chevelu.<\/p>\n","protected":false},"excerpt":{"rendered":"<p>La transition pr\u00e9matur\u00e9e des follicules pileux du stade de croissance au stade de repos provoque la chute des cheveux, \u00e9galement connue sous le nom d\u2019effluvium t\u00e9log\u00e8ne. Il s\u2019agit d\u2019une condition passag\u00e8re provoqu\u00e9e par un stress soudain. Elle peut \u00eatre provoqu\u00e9e par une maladie, une intervention chirurgicale, des m\u00e9dicaments, un d\u00e9s\u00e9quilibre hormonal, une carence alimentaire ou [&hellip;]<\/p>\n","protected":false},"author":4,"featured_media":6767,"comment_status":"open","ping_status":"open","sticky":false,"template":"","format":"standard","meta":{"footnotes":""},"categories":[29],"tags":[],"class_list":["post-6766","post","type-post","status-publish","format-standard","has-post-thumbnail","hentry","category-blog"],"_links":{"self":[{"href":"https:\/\/www.capilclinic.com\/fr\/wp-json\/wp\/v2\/posts\/6766","targetHints":{"allow":["GET"]}}],"collection":[{"href":"https:\/\/www.capilclinic.com\/fr\/wp-json\/wp\/v2\/posts"}],"about":[{"href":"https:\/\/www.capilclinic.com\/fr\/wp-json\/wp\/v2\/types\/post"}],"author":[{"embeddable":true,"href":"https:\/\/www.capilclinic.com\/fr\/wp-json\/wp\/v2\/users\/4"}],"replies":[{"embeddable":true,"href":"https:\/\/www.capilclinic.com\/fr\/wp-json\/wp\/v2\/comments?post=6766"}],"version-history":[{"count":2,"href":"https:\/\/www.capilclinic.com\/fr\/wp-json\/wp\/v2\/posts\/6766\/revisions"}],"predecessor-version":[{"id":6774,"href":"https:\/\/www.capilclinic.com\/fr\/wp-json\/wp\/v2\/posts\/6766\/revisions\/6774"}],"wp:featuredmedia":[{"embeddable":true,"href":"https:\/\/www.capilclinic.com\/fr\/wp-json\/wp\/v2\/media\/6767"}],"wp:attachment":[{"href":"https:\/\/www.capilclinic.com\/fr\/wp-json\/wp\/v2\/media?parent=6766"}],"wp:term":[{"taxonomy":"category","embeddable":true,"href":"https:\/\/www.capilclinic.com\/fr\/wp-json\/wp\/v2\/categories?post=6766"},{"taxonomy":"post_tag","embeddable":true,"href":"https:\/\/www.capilclinic.com\/fr\/wp-json\/wp\/v2\/tags?post=6766"}],"curies":[{"name":"wp","href":"https:\/\/api.w.org\/{rel}","templated":true}]}}