{"id":6749,"date":"2026-08-31T16:36:12","date_gmt":"2026-08-31T13:36:12","guid":{"rendered":"https:\/\/www.capilclinic.com\/?p=6749"},"modified":"2026-08-31T16:36:12","modified_gmt":"2026-08-31T13:36:12","slug":"chute-de-cheveux-mythes-et-realites","status":"publish","type":"post","link":"https:\/\/www.capilclinic.com\/fr\/chute-de-cheveux-mythes-et-realites\/","title":{"rendered":"Chute de cheveux : mythes et r\u00e9alit\u00e9s"},"content":{"rendered":"<p><strong>La perte de cheveux<\/strong> ou<a href=\"https:\/\/www.capilclinic.fr\/blog\/lalopecie-infantile-est-elle-possible\/\" target=\"_blank\" rel=\"noopener\"> l\u2019alop\u00e9cie<\/a> est une forme de chute de cheveux qui peut survenir n\u2019importe o\u00f9 sur le corps, mais la forme la plus courante se produit sur la t\u00eate. Cette affection peut toucher les hommes comme les femmes. Il y a beaucoup de d\u00e9sinformation et de confusion concernant les causes de la chute des cheveux et ce qui ne le fait pas. Mais beaucoup d\u2019entre eux sont en fait des mythes qui doivent \u00eatre d\u00e9mystifi\u00e9s. Voici un article pour vous aider \u00e0 comprendre <strong>la chute de cheveux : mythes et r\u00e9alit\u00e9s.<\/strong><\/p>\n<h2>Chute de cheveux : mythes et r\u00e9alit\u00e9s<\/h2>\n<p><img loading=\"lazy\" decoding=\"async\" class=\"aligncenter size-full wp-image-6751\" src=\"https:\/\/www.capilclinic.com\/wp-content\/uploads\/2026\/08\/Chute-de-cheveux5_2026.webp\" alt=\"\" width=\"600\" height=\"400\" title=\"\" srcset=\"https:\/\/www.capilclinic.com\/wp-content\/uploads\/2026\/08\/Chute-de-cheveux5_2026.webp 600w, https:\/\/www.capilclinic.com\/wp-content\/uploads\/2026\/08\/Chute-de-cheveux5_2026-300x200.webp 300w, https:\/\/www.capilclinic.com\/wp-content\/uploads\/2026\/08\/Chute-de-cheveux5_2026-150x100.webp 150w\" sizes=\"auto, (max-width: 600px) 100vw, 600px\" \/><\/p>\n<p>Lorsqu\u2019il s\u2019agit du cuir chevelu, les sp\u00e9culations vont bon train. Il est important de savoir ce qui est vrai et ce qui peut \u00eatre faux, afin de ne pas s\u2019engager dans des pratiques capillaires qui ne sont pas b\u00e9n\u00e9fiques pour nos cheveux. La chute de cheveux: mythes et r\u00e9alit\u00e9s, en voici quelques-uns.<\/p>\n<h3>Qu\u2019est-ce que la perte de cheveux ?<\/h3>\n<p>Il s\u2019agit d\u2019une affection courante qui peut se manifester non seulement sur votre cuir chevelu, mais aussi ailleurs sur le corps. L\u2019alop\u00e9cie est principalement observ\u00e9e chez les adultes. Cependant, certains enfants peuvent aussi en \u00eatre affect\u00e9s. <strong>La perte de 50 \u00e0 100 cheveux par jour est normale.<\/strong> De nouveaux cheveux sont cens\u00e9s remplacer ceux qui sont tomb\u00e9s. Cependant, si cela ne se produit pas, vous souffrez d\u2019une perte de cheveux. Cette affection peut \u00eatre temporaire ou permanente.<\/p>\n<h2><strong>Types d\u2019alop\u00e9cie <\/strong><\/h2>\n<p>Si vous souffrez d\u2019alop\u00e9cie, sachez qu\u2019il en existe plusieurs types. Vous devez d\u00e9terminer celle dont vous souffrez, afin de pouvoir appliquer <strong>le traitement appropri\u00e9 pour chaque cas<\/strong>. En voici quelques-unes :<\/p>\n<h3><strong>L\u2019alop\u00e9cie non cicatricielle<\/strong><\/h3>\n<p>Ce <strong>type d\u2019alop\u00e9cie<\/strong> est tr\u00e8s courant et peut \u00eatre am\u00e9lior\u00e9 ou gu\u00e9ri par un traitement. Certaines se r\u00e9sorbent m\u00eame spontan\u00e9ment, sans n\u00e9cessiter de traitement. Dans ce type d\u2019alop\u00e9cie, le follicule pileux a un comportement pathologique. Toutefois, il reste en vie, sauf si l\u2019alop\u00e9cie s\u2019\u00e9tend sur de tr\u00e8s longues p\u00e9riodes.<\/p>\n<p><img loading=\"lazy\" decoding=\"async\" class=\"aligncenter size-full wp-image-6752\" src=\"https:\/\/www.capilclinic.com\/wp-content\/uploads\/2026\/08\/Chute-de-cheveux1_2026.webp\" alt=\"\" width=\"600\" height=\"400\" title=\"\" srcset=\"https:\/\/www.capilclinic.com\/wp-content\/uploads\/2026\/08\/Chute-de-cheveux1_2026.webp 600w, https:\/\/www.capilclinic.com\/wp-content\/uploads\/2026\/08\/Chute-de-cheveux1_2026-300x200.webp 300w, https:\/\/www.capilclinic.com\/wp-content\/uploads\/2026\/08\/Chute-de-cheveux1_2026-150x100.webp 150w\" sizes=\"auto, (max-width: 600px) 100vw, 600px\" \/><\/p>\n<h3><strong>Alop\u00e9cie androg\u00e9nique <\/strong><\/h3>\n<p><strong>On l\u2019appelle \u00e9galement <a href=\"https:\/\/www.capilclinic.fr\/blog\/le-meilleur-traitement-pour-lalopecie-androgenetique\/\" target=\"_blank\" rel=\"noopener\">alop\u00e9cie androg\u00e9nique<\/a> pr\u00e9coce ou calvitie commune<\/strong>. Elle touche beaucoup d\u2019hommes et rarement des femmes. Si vous souffrez d\u2019alop\u00e9cie androg\u00e9nique. Si vous en \u00eates \u00e0 un stade tr\u00e8s avanc\u00e9 (niveau 5, 6 ou 7), vous devrez envisager une intervention chirurgicale ou simplement accepter de perdre vos cheveux. Aucun traitement n\u2019a fait la preuve de son efficacit\u00e9 dans des cas aussi avanc\u00e9s.<\/p>\n<h3><strong>Alop\u00e9cie areata<\/strong><\/h3>\n<p><strong>La cause est inconnue, mais les sympt\u00f4mes sont clairs : des plaques rondes sur la t\u00eate, compl\u00e8tement d\u00e9pourvues de cheveux<\/strong>. L\u2019alop\u00e9cie totale (AT) correspond \u00e0 la perte totale des cheveux sur le cuir chevelu. Dans le cas d\u2019une alop\u00e9cie universelle (AU), les cheveux sont perdus sur l\u2019ensemble du corps.<\/p>\n<p>Il n\u2019existe pas encore de traitement totalement efficace pour ce type d\u2019alop\u00e9cie. Les th\u00e9rapies utilis\u00e9es avec des r\u00e9sultats moyens sont les suivantes : la lumi\u00e8re ultraviolette, les corticost\u00e9ro\u00efdes topiques, les injections de st\u00e9ro\u00efdes ou les agents irritants pour exciter les follicules et stimuler la croissance des cheveux.<\/p>\n<h3><strong>Alop\u00e9cie traumatique<\/strong><\/h3>\n<p>Elle peut \u00eatre caus\u00e9e par l\u2019utilisation d\u2019un s\u00e8che-cheveux, d\u2019un peigne en m\u00e9tal ou de tout autre \u00e9l\u00e9ment susceptible de blesser<strong> le cuir chevelu<\/strong>. Il s\u2019agit \u00e9galement de la perte aigu\u00eb de cheveux qui peut survenir apr\u00e8s des maladies syst\u00e9miques chroniques, un stress \u00e9motionnel, des maladies f\u00e9briles ou un accouchement. Dans ce dernier cas, l\u2019effluvium t\u00e9log\u00e8ne peut durer jusqu\u2019\u00e0 six mois avant de se r\u00e9tablir compl\u00e8tement.<\/p>\n<h3><strong>L\u2019alop\u00e9cie m\u00e9dicamenteuse<\/strong><\/h3>\n<p>La vitamine A \u00e0 fortes doses, les cytostatiques, les antithyro\u00efdiens, les anticoagulants, le mercure et l\u2019acide valpro\u00efque sont capables de provoquer une alop\u00e9cie. <strong>L\u2019arr\u00eat du traitement entra\u00eene la disparition de celle-ci.<\/strong><\/p>\n<h2>Causes de la perte de cheveux<\/h2>\n<p><img loading=\"lazy\" decoding=\"async\" class=\"aligncenter size-full wp-image-6753\" src=\"https:\/\/www.capilclinic.com\/wp-content\/uploads\/2026\/08\/Chute-de-cheveux4_2026.webp\" alt=\"\" width=\"600\" height=\"400\" title=\"\" srcset=\"https:\/\/www.capilclinic.com\/wp-content\/uploads\/2026\/08\/Chute-de-cheveux4_2026.webp 600w, https:\/\/www.capilclinic.com\/wp-content\/uploads\/2026\/08\/Chute-de-cheveux4_2026-300x200.webp 300w, https:\/\/www.capilclinic.com\/wp-content\/uploads\/2026\/08\/Chute-de-cheveux4_2026-150x100.webp 150w\" sizes=\"auto, (max-width: 600px) 100vw, 600px\" \/><\/p>\n<p>D\u00e9terminer la cause r\u00e9elle de votre<strong> probl\u00e8me de perte de cheveux<\/strong> permettra \u00e0 votre m\u00e9decin de vous sugg\u00e9rer le type de traitement le plus adapt\u00e9. Les causes les plus courantes de la perte de cheveux sont l\u2019h\u00e9r\u00e9dit\u00e9, les changements hormonaux, le stress, les changements physiques, comme une perte de poids extr\u00eame, certaines coiffures qui tirent bien sur les racines ou encore le manque de nutriments comme les prot\u00e9ines et le fer dans l\u2019alimentation.<\/p>\n<h2>Sympt\u00f4mes de la perte de cheveux<\/h2>\n<p><strong>La perte de cheveux peut affecter diff\u00e9remment les personnes selon ses causes.<\/strong> Les sympt\u00f4mes g\u00e9n\u00e9raux de la perte de cheveux sont les suivants : cheveux clairsem\u00e9s de fa\u00e7on progressive, desquamation du cuir chevelu, taches chauves en plaques, rel\u00e2chement soudain des tresses ou des cheveux cass\u00e9s.<\/p>\n<h2>Traitement pour la perte de cheveux<\/h2>\n<p>La perte de cheveux peut \u00eatre trait\u00e9e de diff\u00e9rentes mani\u00e8res. Elle d\u00e9pend g\u00e9n\u00e9ralement de la cause sous-jacente et des sympt\u00f4mes. <strong>Les m\u00e9decins prescrivent g\u00e9n\u00e9ralement des m\u00e9dicaments en premi\u00e8re intention.<\/strong> Les cr\u00e8mes et gels en vente libre courants contiennent un ingr\u00e9dient nomm\u00e9 Minoxidil. Les m\u00e9dicaments prescrits comprennent \u00e9galement des corticost\u00e9ro\u00efdes, comme la prednisone, et des m\u00e9dicaments oraux, comme le finast\u00e9ride. Si les m\u00e9dicaments ne fonctionnent pas pour traiter la maladie, votre m\u00e9decin peut proposer des proc\u00e9dures m\u00e9dicales. Les proc\u00e9dures chirurgicales telles que la greffe de cheveux sont g\u00e9n\u00e9ralement privil\u00e9gi\u00e9es pour traiter les cas extr\u00eames de perte de cheveux.<\/p>\n<h2>Mythes et v\u00e9rit\u00e9s sur la perte de cheveux<\/h2>\n<p><strong>La perte de cheveux est l\u2019une des affections dermatologiques les plus courantes qui peuvent toucher n\u2019importe qui.<\/strong> Il existe de nombreuses pens\u00e9es, opinions et id\u00e9es re\u00e7ues sur la perte de cheveux. Cependant, il est important de distinguer le vrai du faux. Vous devez comprendre quand, pourquoi et \u00e0 qui cela arrive.<\/p>\n<h3>Amincissement des cheveux<\/h3>\n<ul>\n<li><strong>Mythe<\/strong>. L\u2019amincissement des cheveux est exclusivement d\u00fb \u00e0 la m\u00e8re ou au c\u00f4t\u00e9 maternel de la famille.<\/li>\n<li><strong>V\u00e9rit\u00e9.<\/strong> Des \u00e9tudes et des recherches scientifiques ont prouv\u00e9 que la perte de cheveux pouvait \u00eatre un h\u00e9ritage g\u00e9n\u00e9tique transmis de l\u2019un ou des deux c\u00f4t\u00e9s de la famille, maternel ou paternel.<\/li>\n<\/ul>\n<h3>Favoriser la croissance des cheveux<\/h3>\n<p><img loading=\"lazy\" decoding=\"async\" class=\"aligncenter size-full wp-image-6754\" src=\"https:\/\/www.capilclinic.com\/wp-content\/uploads\/2026\/08\/Chute-de-cheveux3_2026.webp\" alt=\"\" width=\"600\" height=\"400\" title=\"\" srcset=\"https:\/\/www.capilclinic.com\/wp-content\/uploads\/2026\/08\/Chute-de-cheveux3_2026.webp 600w, https:\/\/www.capilclinic.com\/wp-content\/uploads\/2026\/08\/Chute-de-cheveux3_2026-300x200.webp 300w, https:\/\/www.capilclinic.com\/wp-content\/uploads\/2026\/08\/Chute-de-cheveux3_2026-150x100.webp 150w\" sizes=\"auto, (max-width: 600px) 100vw, 600px\" \/><\/p>\n<ul>\n<li><strong>Mythe.<\/strong> Couper vos cheveux favorise leur croissance.<\/li>\n<li><strong>V\u00e9rit\u00e9.<\/strong> Bien que couper les cheveux \u00e9limine les pointes fourchues et puisse les rendre plus volumineux, cela ne fait certainement pas plus. Les cheveux poussent \u00e0 un rythme r\u00e9gulier et il est impossible de les faire pousser ou ne pas les faire pousser en les coupant.<\/li>\n<\/ul>\n<h3><strong>Le stress<\/strong><\/h3>\n<ul>\n<li><strong>Mythe.<\/strong> Le stress provoque la chute des cheveux.<\/li>\n<li><strong>V\u00e9rit\u00e9.<\/strong> Dans l\u2019effluvium t\u00e9log\u00e8ne, un trouble du cuir chevelu caract\u00e9ris\u00e9 par l\u2019amincissement ou la chute des cheveux, un stress important pousse un grand nombre de follicules pileux dans une phase de repos. En quelques mois, les poils affect\u00e9s peuvent tomber soudainement en se peignant ou en se lavant simplement les cheveux. Cependant, il est faux de penser qu\u2019un stress mineur entra\u00eenera une chute de cheveux importante.<\/li>\n<\/ul>\n<h3>Laver vos cheveux \u00e0 l\u2019eau froide<\/h3>\n<ul>\n<li><strong>Mythe<\/strong>. Laver les cheveux \u00e0 l\u2019eau froide pr\u00e9vient la chute des cheveux.<\/li>\n<li><strong>V\u00e9rit\u00e9<\/strong>. L\u2019eau froide aide s\u00fbrement \u00e0 la circulation sanguine, \u00e0 la pr\u00e9vention des frisottis et m\u00eame au resserrement des cuticules. Cependant, cela ne peut certainement pas arr\u00eater la perte de cheveux.<\/li>\n<\/ul>\n<h3>L\u2019\u00e2ge<\/h3>\n<ul>\n<li><strong>Mythe.<\/strong> La perte de cheveux est le r\u00e9sultat du vieillissement.<\/li>\n<li><strong>V\u00e9rit\u00e9.<\/strong> La perte de cheveux n\u2019est pas caus\u00e9e uniquement par le vieillissement. On peut la voir chez les enfants d\u00e8s l\u2019\u00e2ge de 12 ans. Il existe diverses raisons \u00e0 la perte de cheveux, telles que les conditions hormonales, les habitudes de vie ou l\u2019h\u00e9r\u00e9dit\u00e9.<\/li>\n<\/ul>\n<h3>La perte de cheveux est plus fr\u00e9quente chez les hommes<\/h3>\n<p><img loading=\"lazy\" decoding=\"async\" class=\"aligncenter size-full wp-image-6755\" src=\"https:\/\/www.capilclinic.com\/wp-content\/uploads\/2026\/08\/Chute-de-cheveux2_2026.webp\" alt=\"\" width=\"600\" height=\"400\" title=\"\" srcset=\"https:\/\/www.capilclinic.com\/wp-content\/uploads\/2026\/08\/Chute-de-cheveux2_2026.webp 600w, https:\/\/www.capilclinic.com\/wp-content\/uploads\/2026\/08\/Chute-de-cheveux2_2026-300x200.webp 300w, https:\/\/www.capilclinic.com\/wp-content\/uploads\/2026\/08\/Chute-de-cheveux2_2026-150x100.webp 150w\" sizes=\"auto, (max-width: 600px) 100vw, 600px\" \/><\/p>\n<ul>\n<li><strong>V\u00e9rit\u00e9s.<\/strong> Les hommes sont plus sensibles \u00e0 la perte de cheveux que les femmes.<\/li>\n<li><strong>V\u00e9rit\u00e9.<\/strong> En r\u00e9alit\u00e9, la chute de cheveux est un probl\u00e8me aussi courant chez les hommes que chez les femmes. La seule diff\u00e9rence est que le sch\u00e9ma d\u2019amincissement des cheveux commence \u00e0 la racine des cheveux frontale et \u00e0 la couronne pour les hommes, tandis qu\u2019il diffuse sur tout le cuir chevelu pour les femmes. Chez les femmes, il diffuse sur l\u2019ensemble du cuir chevelu.<\/li>\n<\/ul>\n<h3>Le soleil<\/h3>\n<ul>\n<li><strong>Mythe<\/strong>. La lumi\u00e8re directe du soleil sur la t\u00eate entra\u00eene <a href=\"https:\/\/www.capilclinic.fr\/blog\/existe-t-il-un-remede-contre-la-calvitie\/\" target=\"_blank\" rel=\"noopener\"><strong>la calvitie.<\/strong><\/a><\/li>\n<li><strong>V\u00e9rit\u00e9<\/strong>. La lumi\u00e8re directe du soleil peut \u00eatre nocive pour votre peau, mais elle ne provoque certainement pas la chute des cheveux. Elle n\u2019affecte pas vos follicules pileux et les cheveux agissent comme un bouclier contre le cuir chevelu.<\/li>\n<\/ul>\n<h3>Pr\u00e9venir la chute des cheveux<\/h3>\n<ul>\n<li><strong>Mythe.<\/strong> Il est possible de pr\u00e9venir la chute de cheveux avec des produits capillaires.<\/li>\n<li><strong>V\u00e9rit\u00e9.<\/strong> Toutefois, on ne peut pas pr\u00e9venir la chute des cheveux en appliquant tous les produits capillaires du monde. La perte de cheveux peut avoir diverses causes. La meilleure solution pour une personne qui en souffre est de s\u2019attaquer aux causes physiques de ce probl\u00e8me.<\/li>\n<\/ul>\n<h2>Conclusion<\/h2>\n<p>La chute de cheveux est un sujet qui suscite souvent l\u2019inqui\u00e9tude. Il s\u2019\u00e9coule environ 6 ou 7 ans entre la naissance, la croissance et la mort d\u2019un cheveu. Bien que des facteurs externes tels que les changements hormonaux ou certains traitements pharmacologiques aient une influence croissante, la v\u00e9rit\u00e9 est que la g\u00e9n\u00e9tique est responsable de la chute normale des cheveux. La v\u00e9rit\u00e9 est que la g\u00e9n\u00e9tique est responsable de la chute normale des cheveux.<\/p>\n<p>Elle est donc importante pour identifier <strong>les causes de la chute des cheveux<\/strong>. Il peut s\u2019agir d\u2019une saison ou d\u2019une forme d\u2019alop\u00e9cie qu\u2019il faudra traiter. Il est \u00e9galement important d\u2019\u00e9valuer votre r\u00e9gime alimentaire, car celui-ci peut avoir une incidence sur votre cuir chevelu.<\/p>\n<p>Avant tout, il est important de consulter un sp\u00e9cialiste avant d\u2019entreprendre quoi que ce soit. Il sera charg\u00e9 de vous prescrire le traitement ad\u00e9quat pour votre cas particulier.<\/p>\n<p>N\u2019oubliez pas que la sant\u00e9 de vos cheveux est la chose la plus importante. Sur cette plateforme, nous vous invitons \u00e0 consulter les experts de <strong>Capilclinic<\/strong>, qui vous guideront sur la meilleure fa\u00e7on de faire pousser vos cheveux. Ils sont m\u00eame les meilleurs experts en mati\u00e8re de greffe de cheveux.<\/p>\n<p>N\u2019attendez plus pour d\u00e9couvrir les meilleurs conseils pour bien soigner vos cheveux. Allez !<\/p>\n","protected":false},"excerpt":{"rendered":"<p>La perte de cheveux ou l\u2019alop\u00e9cie est une forme de chute de cheveux qui peut survenir n\u2019importe o\u00f9 sur le corps, mais la forme la plus courante se produit sur la t\u00eate. Cette affection peut toucher les hommes comme les femmes. Il y a beaucoup de d\u00e9sinformation et de confusion concernant les causes de la [&hellip;]<\/p>\n","protected":false},"author":4,"featured_media":6750,"comment_status":"open","ping_status":"open","sticky":false,"template":"","format":"standard","meta":{"footnotes":""},"categories":[29],"tags":[],"class_list":["post-6749","post","type-post","status-publish","format-standard","has-post-thumbnail","hentry","category-blog"],"_links":{"self":[{"href":"https:\/\/www.capilclinic.com\/fr\/wp-json\/wp\/v2\/posts\/6749","targetHints":{"allow":["GET"]}}],"collection":[{"href":"https:\/\/www.capilclinic.com\/fr\/wp-json\/wp\/v2\/posts"}],"about":[{"href":"https:\/\/www.capilclinic.com\/fr\/wp-json\/wp\/v2\/types\/post"}],"author":[{"embeddable":true,"href":"https:\/\/www.capilclinic.com\/fr\/wp-json\/wp\/v2\/users\/4"}],"replies":[{"embeddable":true,"href":"https:\/\/www.capilclinic.com\/fr\/wp-json\/wp\/v2\/comments?post=6749"}],"version-history":[{"count":2,"href":"https:\/\/www.capilclinic.com\/fr\/wp-json\/wp\/v2\/posts\/6749\/revisions"}],"predecessor-version":[{"id":6757,"href":"https:\/\/www.capilclinic.com\/fr\/wp-json\/wp\/v2\/posts\/6749\/revisions\/6757"}],"wp:featuredmedia":[{"embeddable":true,"href":"https:\/\/www.capilclinic.com\/fr\/wp-json\/wp\/v2\/media\/6750"}],"wp:attachment":[{"href":"https:\/\/www.capilclinic.com\/fr\/wp-json\/wp\/v2\/media?parent=6749"}],"wp:term":[{"taxonomy":"category","embeddable":true,"href":"https:\/\/www.capilclinic.com\/fr\/wp-json\/wp\/v2\/categories?post=6749"},{"taxonomy":"post_tag","embeddable":true,"href":"https:\/\/www.capilclinic.com\/fr\/wp-json\/wp\/v2\/tags?post=6749"}],"curies":[{"name":"wp","href":"https:\/\/api.w.org\/{rel}","templated":true}]}}