{"id":6725,"date":"2026-08-31T16:22:56","date_gmt":"2026-08-31T13:22:56","guid":{"rendered":"https:\/\/www.capilclinic.com\/?p=6725"},"modified":"2026-08-31T16:22:56","modified_gmt":"2026-08-31T13:22:56","slug":"lalopecie-infantile-est-elle-possible","status":"publish","type":"post","link":"https:\/\/www.capilclinic.com\/fr\/lalopecie-infantile-est-elle-possible\/","title":{"rendered":"L\u2019alop\u00e9cie infantile est-elle possible ?"},"content":{"rendered":"<p>En effet, des personnes de tous \u00e2ges, de toutes races et des deux sexes peuvent d\u00e9velopper une alop\u00e9cie, mais celle-ci appara\u00eet g\u00e9n\u00e9ralement pour la premi\u00e8re fois au cours de l\u2019enfance. La r\u00e9ponse est donc oui, <strong>l\u2019alop\u00e9cie infantile<\/strong> est possible. Les enfants atteints d\u2019<a href=\"https:\/\/www.capilclinic.fr\/blog\/traitements-pour-lalopecie-areata\/\" target=\"_blank\" rel=\"noopener\">alop\u00e9cie areata<\/a> passent par diff\u00e9rents stades de prise de conscience et d\u2019acceptation de leur \u00e9tat au fur et \u00e0 mesure qu\u2019ils grandissent et changent.<\/p>\n<p>Les enfants de cinq ans et moins semblent avoir peu d\u2019impact \u00e9motionnel sur leur \u00e9tat. Cependant, en grandissant, ils peuvent avoir plus de mal \u00e0 accepter leur alop\u00e9cie et des probl\u00e8mes de confiance en soi peuvent commencer \u00e0 affecter leurs exp\u00e9riences \u00e0 l\u2019\u00e9cole et avec leurs amis. Pour en savoir plus sur <strong>l\u2019alop\u00e9cie chez l\u2019enfant<\/strong>, nous vous invitons \u00e0 poursuivre votre lecture.<\/p>\n<h2>Qu\u2019est-ce que l\u2019alop\u00e9cie infantile ?<\/h2>\n<p><img loading=\"lazy\" decoding=\"async\" class=\"aligncenter size-full wp-image-6727\" src=\"https:\/\/www.capilclinic.com\/wp-content\/uploads\/2026\/08\/Hemangiome-capillaire-4_2026-1.webp\" alt=\"\" width=\"600\" height=\"400\" title=\"\" srcset=\"https:\/\/www.capilclinic.com\/wp-content\/uploads\/2026\/08\/Hemangiome-capillaire-4_2026-1.webp 600w, https:\/\/www.capilclinic.com\/wp-content\/uploads\/2026\/08\/Hemangiome-capillaire-4_2026-1-300x200.webp 300w, https:\/\/www.capilclinic.com\/wp-content\/uploads\/2026\/08\/Hemangiome-capillaire-4_2026-1-150x100.webp 150w\" sizes=\"auto, (max-width: 600px) 100vw, 600px\" \/><\/p>\n<p><strong>L\u2019alop\u00e9cie infantile est \u00e9galement possible.<\/strong> Il s\u2019agit d\u2019une forme auto-immune de perte de cheveux non cicatricielle qui se produit dans l\u2019enfance si elle appara\u00eet avant l\u2019\u00e2ge de 5 ans, ou dans l\u2019adolescence jusqu\u2019\u00e0 l\u2019\u00e2ge de 12 ans.<\/p>\n<h3>Alop\u00e9cie chez les enfants de cinq ans et moins<\/h3>\n<p>Les enfants d\u2019\u00e2ge pr\u00e9scolaire sont tellement occup\u00e9s \u00e0 explorer le monde, \u00e0 acqu\u00e9rir de nouvelles comp\u00e9tences et \u00e0 devenir plus ind\u00e9pendants qu\u2019ils ne pr\u00eatent pas beaucoup d\u2019attention \u00e0 leur propre apparence physique ou aux diff\u00e9rences qu\u2019ils peuvent avoir avec les autres de leur \u00e2ge.<\/p>\n<p>Pour cette raison, les enfants de moins de cinq ans qui souffrent d\u2019<strong>alop\u00e9cie areata<\/strong> ne ressentent g\u00e9n\u00e9ralement pas autant d\u2019impact \u00e9motionnel de leur \u00e9tat. Ils peuvent voir leur propre <strong>perte de cheveux<\/strong> comme quelque chose d\u2019int\u00e9ressant, mais pas beaucoup plus. Et leurs amis \u00e0 cet \u00e2ge ne le remarqueront probablement pas non plus.<\/p>\n<h3>Alop\u00e9cie entre 6 et 12 ans<\/h3>\n<p><img loading=\"lazy\" decoding=\"async\" class=\"aligncenter size-full wp-image-6728\" src=\"https:\/\/www.capilclinic.com\/wp-content\/uploads\/2026\/08\/Lalopecie-chez-lenfant-1_2026.webp\" alt=\"\" width=\"600\" height=\"400\" title=\"\" srcset=\"https:\/\/www.capilclinic.com\/wp-content\/uploads\/2026\/08\/Lalopecie-chez-lenfant-1_2026.webp 600w, https:\/\/www.capilclinic.com\/wp-content\/uploads\/2026\/08\/Lalopecie-chez-lenfant-1_2026-300x200.webp 300w, https:\/\/www.capilclinic.com\/wp-content\/uploads\/2026\/08\/Lalopecie-chez-lenfant-1_2026-150x100.webp 150w\" sizes=\"auto, (max-width: 600px) 100vw, 600px\" \/><\/p>\n<p>Au moment o\u00f9 un enfant a six ans, il commence \u00e0 interagir avec des personnes de tous \u00e2ges et a acquis suffisamment d\u2019exp\u00e9rience dans le monde pour commencer \u00e0 remarquer les diff\u00e9rences entre lui et les autres. <strong>Entre 6 et 12 ans, les enfants deviennent beaucoup plus conscients de la fa\u00e7on dont les autres pensent et ressentent.<\/strong> Ils peuvent alors commencer \u00e0 se concentrer sur la fa\u00e7on dont les autres les voient ou sur la fa\u00e7on dont leur \u00e9tat peut les faire para\u00eetre diff\u00e9rents de leurs amis.<\/p>\n<p>Tout cela peut rendre difficile pour les enfants plus \u00e2g\u00e9s d\u2019accepter leur pelade. Les probl\u00e8mes de confiance en soi peuvent commencer \u00e0 affecter leurs exp\u00e9riences \u00e0 l\u2019\u00e9cole et avec leurs amis. M\u00eame les enfants qui souffrent d\u2019alop\u00e9cie depuis qu\u2019ils sont petits peuvent faire face \u00e0 de nouveaux sentiments et frustrations concernant leur \u00e9tat et avoir le d\u00e9sir de \u00ab s\u2019int\u00e9grer \u00bb avec d\u2019autres enfants qui n\u2019ont pas d\u2019alop\u00e9cie.<\/p>\n<p>En tant que parent, vous pouvez aider votre enfant \u00e0 \u00e9duquer ses camarades de classe et ses enseignants et \u00e0 aborder ces sentiments avec l\u2019aide d\u2019un groupe ou d\u2019un conseiller professionnel, afin qu\u2019il puisse continuer \u00e0 avoir confiance en lui, \u00e0 participer aux activit\u00e9s qu\u2019il aime et \u00e0 r\u00e9ussir \u00e0 l\u2019\u00e9cole.<\/p>\n<h2>Qu\u2019est-ce qui cause l\u2019alop\u00e9cie chez l\u2019enfant ?<\/h2>\n<p><img loading=\"lazy\" decoding=\"async\" class=\"aligncenter size-full wp-image-6729\" src=\"https:\/\/www.capilclinic.com\/wp-content\/uploads\/2026\/08\/Lalopecie-chez-lenfant-3_2026.webp\" alt=\"\" width=\"600\" height=\"400\" title=\"\" srcset=\"https:\/\/www.capilclinic.com\/wp-content\/uploads\/2026\/08\/Lalopecie-chez-lenfant-3_2026.webp 600w, https:\/\/www.capilclinic.com\/wp-content\/uploads\/2026\/08\/Lalopecie-chez-lenfant-3_2026-300x200.webp 300w, https:\/\/www.capilclinic.com\/wp-content\/uploads\/2026\/08\/Lalopecie-chez-lenfant-3_2026-150x100.webp 150w\" sizes=\"auto, (max-width: 600px) 100vw, 600px\" \/><\/p>\n<p>L\u2019alop\u00e9cie areata<strong> est consid\u00e9r\u00e9e comme une maladie auto-immune sp\u00e9cifique \u00e0 un organe du follicule pileux sur un fond g\u00e9n\u00e9tique.<\/strong><\/p>\n<p>La pelade est souvent h\u00e9r\u00e9ditaire et a \u00e9t\u00e9 signal\u00e9e chez des jumeaux monozygotes. Jusqu\u2019\u00e0 25 % des enfants auront au moins un membre de leur famille affect\u00e9, et beaucoup ont de multiples relations avec <strong>la pelade.<\/strong> Elle est courante dans le syndrome de Down et le syndrome de Turner. La maladie auto-immune est particuli\u00e8rement courante dans le syndrome de Turner. Cela sugg\u00e8re une pr\u00e9disposition g\u00e9n\u00e9tique au d\u00e9veloppement de la pelade. Cependant, les enqu\u00eates sugg\u00e8rent que l\u2019association est complexe et polyg\u00e9nique.<\/p>\n<p>De nombreuses hypoth\u00e8ses ont \u00e9t\u00e9 propos\u00e9es pour tenter d\u2019expliquer le d\u00e9veloppement de l\u2019alop\u00e9cie chez l\u2019enfant, mais \u00e0 l\u2019heure actuelle, la pathogen\u00e8se d\u00e9taill\u00e9e n\u2019est pas comprise.<\/p>\n<h2>Les diff\u00e9rentes pertes d\u2019alop\u00e9cie chez l\u2019enfant<\/h2>\n<p><strong>Les causes courantes de la perte de cheveux<\/strong> sont r\u00e9pertori\u00e9es ci-dessous. La plupart d\u2019entre elles ne n\u00e9cessitent g\u00e9n\u00e9ralement pas de traitement m\u00e9dical.<\/p>\n<h3>La teigne du cuir chevelu<\/h3>\n<p>C\u2019est la principale cause de <a href=\"https:\/\/www.capilclinic.fr\/blog\/perte-de-cheveux-signes-avant-coureurs\/\" target=\"_blank\" rel=\"noopener\">perte de cheveux<\/a> in\u00e9gale qui n\u00e9cessite un traitement m\u00e9dical. Le m\u00e9decin de votre enfant vous prescrira un m\u00e9dicament pour traiter la teigne du <strong>cuir chevelu.<\/strong><\/p>\n<h3>Perte de cheveux chez le nouveau-n\u00e9<\/h3>\n<p><strong>Les cheveux de nombreux nouveau-n\u00e9s tombent au cours des premiers mois de leur vie.<\/strong> Ces cheveux de b\u00e9b\u00e9 sont remplac\u00e9s par des cheveux permanents.<\/p>\n<h3>Frottement ou friction<\/h3>\n<p>Les b\u00e9b\u00e9s peuvent pr\u00e9senter un trou sans cheveux \u00e0 l\u2019arri\u00e8re de la t\u00eate. Cela survient le plus souvent chez les nourrissons de 3 \u00e0 6 mois. C\u2019est le r\u00e9sultat d\u2019un frottement lors de la rotation de la t\u00eate contre une surface ferme. On peut observer ce ph\u00e9nom\u00e8ne sur les matelas de berceau, les parcs et les si\u00e8ges pour b\u00e9b\u00e9. Les cheveux repoussent une fois que le b\u00e9b\u00e9 commence \u00e0 s\u2019asseoir. Cette affection est \u00e9galement connue sous les noms d\u2019<strong>\u00ab alop\u00e9cie de friction \u00bb ou d\u2019\u00ab alop\u00e9cie de pression \u00bb<\/strong>. Des frottements r\u00e9p\u00e9t\u00e9s ou s\u00e9v\u00e8res peuvent provoquer la chute des cheveux \u00e0 tout \u00e2ge.<\/p>\n<h3>Coiffure avec les cheveux serr\u00e9s<\/h3>\n<p><img loading=\"lazy\" decoding=\"async\" class=\"aligncenter size-full wp-image-6730\" src=\"https:\/\/www.capilclinic.com\/wp-content\/uploads\/2026\/08\/Hemangiome-capillaire-3_2026-1.webp\" alt=\"\" width=\"600\" height=\"400\" title=\"\" srcset=\"https:\/\/www.capilclinic.com\/wp-content\/uploads\/2026\/08\/Hemangiome-capillaire-3_2026-1.webp 600w, https:\/\/www.capilclinic.com\/wp-content\/uploads\/2026\/08\/Hemangiome-capillaire-3_2026-1-300x200.webp 300w, https:\/\/www.capilclinic.com\/wp-content\/uploads\/2026\/08\/Hemangiome-capillaire-3_2026-1-150x100.webp 150w\" sizes=\"auto, (max-width: 600px) 100vw, 600px\" \/><\/p>\n<p>Si les cheveux sont trop serr\u00e9s, ils finiront par se casser. Surtout avec des tresses serr\u00e9es, des queues de cheval ou des dreadlocks (en particulier les styles en rang\u00e9es de ma\u00efs). <strong>Les cheveux peuvent \u00e9galement \u00eatre perdus \u00e0 cause d\u2019un brossage vigoureux ou d\u2019un peignage du cuir chevelu.<\/strong> Les outils de coiffure chauds peuvent \u00e9galement endommager les cheveux. Cette affection est \u00e9galement connue sous les noms d\u2019\u00ab alop\u00e9cie de traction \u00bb, d\u2019\u00ab alop\u00e9cie m\u00e9canique \u00bb ou de \u00ab trouble capillaire \u00bb.<\/p>\n<h3>Torsion ou arrachement des cheveux<\/h3>\n<p><strong>Il s\u2019agit d\u2019une habitude nerveuse appel\u00e9e trichotillomanie.<\/strong> La torsion fr\u00e9quente des cheveux entra\u00eene des cassures de diff\u00e9rentes longueurs. Les cheveux manquants se pr\u00e9sentent en plaques de diff\u00e9rentes formes. Cela cr\u00e9e des taches chauves. Cela peut \u00e9galement impliquer l\u2019\u00e9pilation des sourcils ou des cils. Elle peut survenir en cas de morsure des ongles, des l\u00e8vres ou de succion, ou de mauvaises habitudes. Chez les enfants plus \u00e2g\u00e9s, elle peut \u00eatre associ\u00e9e \u00e0 un TOC.<\/p>\n<h3>Le stress<\/h3>\n<p>Les follicules pileux sont tr\u00e8s sensibles au stress physique ou \u00e9motionnel. <strong>Les cheveux commencent \u00e0 tomber environ trois \u00e0 quatre mois apr\u00e8s un stress s\u00e9v\u00e8re.<\/strong> En effet, les follicules pileux sont tr\u00e8s sensibles au stress physique ou \u00e9motionnel. Les exemples sont une forte fi\u00e8vre, une maladie grave ou une intervention chirurgicale. De plus, une crise \u00e9motionnelle ou un r\u00e9gime d\u2019urgence peuvent \u00e9galement \u00eatre des d\u00e9clencheurs. Chez les adolescentes enceintes, le stress peut entra\u00eener des complications pendant l\u2019accouchement. Une fois que les cheveux cessent de tomber, ils repoussent lentement. Cela peut prendre 6 \u00e0 8 mois pour que tous les cheveux repoussent. Le cycle complet dure environ 12 mois. Ce type de chute de cheveux est appel\u00e9 effluvium t\u00e9log\u00e8ne.<\/p>\n<h2>Comment traite-t-on l\u2019alop\u00e9cie infantile ?<\/h2>\n<p><img loading=\"lazy\" decoding=\"async\" class=\"aligncenter size-full wp-image-6731\" src=\"https:\/\/www.capilclinic.com\/wp-content\/uploads\/2026\/08\/Lalopecie-chez-lenfant-2_2026.webp\" alt=\"\" width=\"600\" height=\"400\" title=\"\" srcset=\"https:\/\/www.capilclinic.com\/wp-content\/uploads\/2026\/08\/Lalopecie-chez-lenfant-2_2026.webp 600w, https:\/\/www.capilclinic.com\/wp-content\/uploads\/2026\/08\/Lalopecie-chez-lenfant-2_2026-300x200.webp 300w, https:\/\/www.capilclinic.com\/wp-content\/uploads\/2026\/08\/Lalopecie-chez-lenfant-2_2026-150x100.webp 150w\" sizes=\"auto, (max-width: 600px) 100vw, 600px\" \/><\/p>\n<p>Il existe plusieurs <strong>traitements pour l\u2019alop\u00e9cie<\/strong>, en fonction du type d\u2019affection diagnostiqu\u00e9e chez votre enfant. Si le m\u00e9decin diagnostique une tinea capitis, il prescrira un m\u00e9dicament antifongique oral et un shampooing antifongique. Votre enfant ne doit pas partager son chapeau, sa taie d\u2019oreiller ou tout autre objet touchant sa t\u00eate. Cette infection est en effet contagieuse.<\/p>\n<p><a href=\"https:\/\/www.capilclinic.fr\/blog\/traitements-pour-lalopecie-areata\/\" target=\"_blank\" rel=\"noopener\">L\u2019alop\u00e9cie areata<\/a> ne se gu\u00e9rit pas. Cependant, le traitement permet souvent de contr\u00f4ler la maladie. Si votre enfant est jeune, votre m\u00e9decin peut vous prescrire des pommades \u00e0 base de corticost\u00e9ro\u00efdes puissants \u00e0 appliquer sur les zones d\u00e9garnies. D\u2019autres options incluent le traitement intral\u00e9sionnel, le traitement oral et l\u2019immunoth\u00e9rapie topique.<\/p>\n<p>Le m\u00e9decin de votre enfant peut vous orienter vers un professionnel comp\u00e9tent. L\u2019effluvium t\u00e9log\u00e8ne ne se soigne pas. Par cons\u00e9quent, le m\u00e9decin de votre enfant assurera un suivi pour veiller \u00e0 ce que la croissance des cheveux soit r\u00e9tablie. Si des carences nutritionnelles sont identifi\u00e9es, elles peuvent \u00eatre trait\u00e9es par des suppl\u00e9ments, mais parlez-en d\u2019abord au m\u00e9decin de votre enfant.<\/p>\n<p>Si l\u2019on a diagnostiqu\u00e9 une hypothyro\u00efdie chez votre enfant, il peut \u00eatre indiqu\u00e9 de l\u2019adresser \u00e0 un endocrinologue.<\/p>\n<h2>Conclusion<\/h2>\n<p>Pour diagnostiquer <strong>la cause de l\u2019alop\u00e9cie infantile<\/strong>, le m\u00e9decin de votre enfant examinera son cuir chevelu \u00e0 la recherche de sympt\u00f4mes visibles. L\u2019alop\u00e9cie areata est diagnostiqu\u00e9e par un examen physique et les ant\u00e9c\u00e9dents m\u00e9dicaux. Le p\u00e9diatre effectuera un suivi pour s\u2019assurer que les cheveux repoussent apr\u00e8s un \u00e9v\u00e9nement ext\u00e9rieur, comme le stress. , comme le stress. Les carences nutritionnelles et l\u2019hypothyro\u00efdie, si elles sont suspect\u00e9es, peuvent \u00eatre diagnostiqu\u00e9es par des analyses de sang.<\/p>\n<p>N\u2019oubliez pas que les causes les plus fr\u00e9quentes ne sont pas m\u00e9dicales. Il s\u2019agit notamment de l\u2019arrachage excessif des cheveux, du brossage ou de la perte de cheveux chez les nouveau-n\u00e9s. Les infections peuvent \u00e9galement en \u00eatre la cause. L\u2019alop\u00e9cie areata, la trichotillomanie (<strong>chute de cheveux souvent caus\u00e9e par l\u2019anxi\u00e9t\u00e9<\/strong>) ou l\u2019effluvium t\u00e9log\u00e8ne (d\u00e9clench\u00e9 par une maladie grave ou un autre \u00e9v\u00e9nement stressant) ne peuvent \u00eatre diagnostiqu\u00e9es que par un sp\u00e9cialiste.<\/p>\n<p>Il est tr\u00e8s important de ne pas perdre son sang-froid si les cheveux de votre enfant tombent. Comme nous l\u2019avons d\u00e9j\u00e0 expliqu\u00e9 dans cet article, il existe de nombreux traitements permettant de pr\u00e9venir ou d\u2019inverser la chute des cheveux. M\u00eame s\u2019il s\u2019agit d\u2019une alop\u00e9cie, vous pouvez chercher des moyens de rendre la calvitie plus facile \u00e0 g\u00e9rer. \u00c0 l\u2019\u00e2ge adulte, votre fils ou votre fille d\u00e9cidera s\u2019il ou elle souhaite accepter sa calvitie ou s\u2019il ou elle souhaite retrouver ses cheveux gr\u00e2ce \u00e0 une greffe.<\/p>\n<p>Outre la consultation d\u2019un p\u00e9diatre, il est conseill\u00e9 \u00e0 votre fils ou \u00e0 votre fille de b\u00e9n\u00e9ficier d\u2019une aide psychologique pour \u00e9viter les probl\u00e8mes d\u2019estime de soi \u00e0 mesure qu\u2019il ou elle grandit. C\u2019est pourquoi, mieux vaut pr\u00e9venir que gu\u00e9rir.<\/p>\n","protected":false},"excerpt":{"rendered":"<p>En effet, des personnes de tous \u00e2ges, de toutes races et des deux sexes peuvent d\u00e9velopper une alop\u00e9cie, mais celle-ci appara\u00eet g\u00e9n\u00e9ralement pour la premi\u00e8re fois au cours de l\u2019enfance. La r\u00e9ponse est donc oui, l\u2019alop\u00e9cie infantile est possible. Les enfants atteints d\u2019alop\u00e9cie areata passent par diff\u00e9rents stades de prise de conscience et d\u2019acceptation de [&hellip;]<\/p>\n","protected":false},"author":4,"featured_media":6726,"comment_status":"open","ping_status":"open","sticky":false,"template":"","format":"standard","meta":{"footnotes":""},"categories":[29],"tags":[],"class_list":["post-6725","post","type-post","status-publish","format-standard","has-post-thumbnail","hentry","category-blog"],"_links":{"self":[{"href":"https:\/\/www.capilclinic.com\/fr\/wp-json\/wp\/v2\/posts\/6725","targetHints":{"allow":["GET"]}}],"collection":[{"href":"https:\/\/www.capilclinic.com\/fr\/wp-json\/wp\/v2\/posts"}],"about":[{"href":"https:\/\/www.capilclinic.com\/fr\/wp-json\/wp\/v2\/types\/post"}],"author":[{"embeddable":true,"href":"https:\/\/www.capilclinic.com\/fr\/wp-json\/wp\/v2\/users\/4"}],"replies":[{"embeddable":true,"href":"https:\/\/www.capilclinic.com\/fr\/wp-json\/wp\/v2\/comments?post=6725"}],"version-history":[{"count":1,"href":"https:\/\/www.capilclinic.com\/fr\/wp-json\/wp\/v2\/posts\/6725\/revisions"}],"predecessor-version":[{"id":6732,"href":"https:\/\/www.capilclinic.com\/fr\/wp-json\/wp\/v2\/posts\/6725\/revisions\/6732"}],"wp:featuredmedia":[{"embeddable":true,"href":"https:\/\/www.capilclinic.com\/fr\/wp-json\/wp\/v2\/media\/6726"}],"wp:attachment":[{"href":"https:\/\/www.capilclinic.com\/fr\/wp-json\/wp\/v2\/media?parent=6725"}],"wp:term":[{"taxonomy":"category","embeddable":true,"href":"https:\/\/www.capilclinic.com\/fr\/wp-json\/wp\/v2\/categories?post=6725"},{"taxonomy":"post_tag","embeddable":true,"href":"https:\/\/www.capilclinic.com\/fr\/wp-json\/wp\/v2\/tags?post=6725"}],"curies":[{"name":"wp","href":"https:\/\/api.w.org\/{rel}","templated":true}]}}