{"id":6708,"date":"2026-08-31T15:52:58","date_gmt":"2026-08-31T12:52:58","guid":{"rendered":"https:\/\/www.capilclinic.com\/?p=6708"},"modified":"2026-08-31T15:52:58","modified_gmt":"2026-08-31T12:52:58","slug":"cheveux-degarnis","status":"publish","type":"post","link":"https:\/\/www.capilclinic.com\/fr\/cheveux-degarnis\/","title":{"rendered":"Les meilleures coupes de cheveux pour les hommes aux cheveux d\u00e9garnis"},"content":{"rendered":"<p>La <a href=\"https:\/\/www.capilclinic.fr\/blog\/perte-de-cheveux-signes-avant-coureurs\/\" target=\"_blank\" rel=\"noopener\">perte de cheveux<\/a> chez les hommes est de plus en plus fr\u00e9quente et peut \u00eatre difficile \u00e0 vivre pour certains d\u2019entre vous, surtout si elle se manifeste alors que vous \u00eates encore jeune. Elle peut s\u2019observer au niveau de la ligne frontale ou au-dessus du cr\u00e2ne. Elle peut \u00eatre li\u00e9e au stress, \u00e0 des carences en nutriments ou \u00e0 un d\u00e9r\u00e8glement hormonal. Toutefois, le d\u00e9clencheur principal vient souvent de la g\u00e9n\u00e9tique. Votre chevelure a toujours \u00e9t\u00e9 importante \u00e0 vous et le d\u00e9but de cette perte de cheveux vous donne l\u2019impression que vous n\u2019\u00eates plus tout \u00e0 fait vous-m\u00eame et que vous perdez votre identit\u00e9. Il existe diff\u00e9rentes <strong>coupes de cheveux pour les hommes aux cheveux d\u00e9garnis<\/strong>, qui r\u00e9alis\u00e9es avec soin et minutie, vous donneront un nouveau look.<\/p>\n<h2>Coupes de cheveux pour les hommes aux cheveux d\u00e9garnis<\/h2>\n<p><img loading=\"lazy\" decoding=\"async\" class=\"aligncenter size-full wp-image-6710\" src=\"https:\/\/www.capilclinic.com\/wp-content\/uploads\/2026\/08\/coupes-de-cheveux-pour-les-chauves_2026-1.webp\" alt=\"\" width=\"600\" height=\"400\" title=\"\" srcset=\"https:\/\/www.capilclinic.com\/wp-content\/uploads\/2026\/08\/coupes-de-cheveux-pour-les-chauves_2026-1.webp 600w, https:\/\/www.capilclinic.com\/wp-content\/uploads\/2026\/08\/coupes-de-cheveux-pour-les-chauves_2026-1-300x200.webp 300w, https:\/\/www.capilclinic.com\/wp-content\/uploads\/2026\/08\/coupes-de-cheveux-pour-les-chauves_2026-1-150x100.webp 150w\" sizes=\"auto, (max-width: 600px) 100vw, 600px\" \/><\/p>\n<p>Voici <strong>les<\/strong> <strong>coupes de cheveux pour les hommes aux cheveux d\u00e9garnis<\/strong> :<\/p>\n<ul>\n<li><strong>Ivy League<\/strong> : adoptez la coupe \u00e0 la Ryan Reynolds. Cette coupe permet de combattre la ligne de cheveux qui d\u00e9bute en gardant le volume de votre chevelure.<\/li>\n<li><strong>La coupe mulet et la barbe modernes<\/strong> : vous avez la barbe et vous souhaitez la mettre en valeur avec vos cheveux ?<\/li>\n<li><strong>Fauxhawk<\/strong> : cette coupe permet de mettre en valeur votre ligne frontale qui recule. Sur les c\u00f4t\u00e9s, les cheveux sont coup\u00e9s en fondu ou en d\u00e9grad\u00e9 et sur le dessus, ils sont un peu plus longs et coiff\u00e9s en arri\u00e8re sur un c\u00f4t\u00e9.<\/li>\n<li><strong>Coiffure courte et d\u00e9sordonn\u00e9e<\/strong> : cette coiffure \u00e9bouriff\u00e9e est parfaite pour dissimuler les cheveux qui s\u2019estompent. Le coiffage est simple. Il suffit d\u2019appliquer une noisette de gel sur les cheveux et de frotter une serviette sur votre t\u00eate comme si vous vous les \u00e9tiez frott\u00e9s.<\/li>\n<li><strong>D\u00e9grad\u00e9 pour cheveux courts<\/strong> : cette coupe d\u00e9grad\u00e9e permet de mieux dissimuler les racines qui s\u2019estompent. Il vous suffit de raser les c\u00f4t\u00e9s et de d\u00e9filer le dessus. Cette coupe est parfaite si vous en \u00eates au stade 1 de la perte de cheveux.<\/li>\n<li><strong>Long et d\u00e9grad\u00e9<\/strong> : si vos tempes sont bien d\u00e9garnies, cette coupe donnera du volume sur le dessus de votre t\u00eate et vous pourrez ainsi dissimuler les entr\u00e9es.<\/li>\n<\/ul>\n<h2>Pour un changement extr\u00eame, un rasage complet est recommand\u00e9<\/h2>\n<p><img loading=\"lazy\" decoding=\"async\" class=\"aligncenter size-full wp-image-6711\" src=\"https:\/\/www.capilclinic.com\/wp-content\/uploads\/2026\/08\/coupes-de-cheveux-3_2026.webp\" alt=\"\" width=\"600\" height=\"400\" title=\"\" srcset=\"https:\/\/www.capilclinic.com\/wp-content\/uploads\/2026\/08\/coupes-de-cheveux-3_2026.webp 600w, https:\/\/www.capilclinic.com\/wp-content\/uploads\/2026\/08\/coupes-de-cheveux-3_2026-300x200.webp 300w, https:\/\/www.capilclinic.com\/wp-content\/uploads\/2026\/08\/coupes-de-cheveux-3_2026-150x100.webp 150w\" sizes=\"auto, (max-width: 600px) 100vw, 600px\" \/><\/p>\n<p>Pour beaucoup, c\u2019est trop dramatique, mais pour d\u2019autres, ces coupes de cheveux pour masquer un manque de cheveux sont la solution parfaite \u00e0 la calvitie : un rasage complet. Ce <strong>type de coupe<\/strong> est id\u00e9al pour les personnes pr\u00e9sentant un recul moyen ou avanc\u00e9 de la ligne d\u2019implantation des cheveux. Il s\u2019agit d\u2019une coupe simple et rapide qui dissimule et \u00e9limine compl\u00e8tement le probl\u00e8me.<\/p>\n<p>Avec les cheveux ras\u00e9s, la combinaison avec une petite barbe, qu\u2019elle soit longue ou courte, est recommand\u00e9e. En effet, la barbe est le symbole d\u2019une forte personnalit\u00e9. Vous pouvez \u00e9galement rehausser votre look avec une casquette ou un accessoire.<\/p>\n<h3>Conseils pour faire face \u00e0 la perte de cheveux<\/h3>\n<p><img loading=\"lazy\" decoding=\"async\" class=\"aligncenter size-full wp-image-6712\" src=\"https:\/\/www.capilclinic.com\/wp-content\/uploads\/2026\/08\/coupes-de-cheveux-pour-les-chauves-1_2026-1.webp\" alt=\"\" width=\"600\" height=\"400\" title=\"\" srcset=\"https:\/\/www.capilclinic.com\/wp-content\/uploads\/2026\/08\/coupes-de-cheveux-pour-les-chauves-1_2026-1.webp 600w, https:\/\/www.capilclinic.com\/wp-content\/uploads\/2026\/08\/coupes-de-cheveux-pour-les-chauves-1_2026-1-300x200.webp 300w, https:\/\/www.capilclinic.com\/wp-content\/uploads\/2026\/08\/coupes-de-cheveux-pour-les-chauves-1_2026-1-150x100.webp 150w\" sizes=\"auto, (max-width: 600px) 100vw, 600px\" \/><\/p>\n<p>Votre ligne frontale commence \u00e0 reculer ? Pensez \u00e0 votre alimentation et \u00e0 votre sant\u00e9.<strong> Faites un test sanguin pour v\u00e9rifier si vous souffrez d\u2019une carence en fer, en zinc ou en acides gras<\/strong>. La chute de cheveux peut \u00eatre li\u00e9e \u00e0 un manque de min\u00e9raux essentiels qui fragilise la sant\u00e9 de vos cheveux. Une alimentation saine et vari\u00e9e, particuli\u00e8rement riche en fer et en prot\u00e9ines, vous aidera \u00e0 dompter cette <strong>chute de cheveux<\/strong>.<\/p>\n<p>\u00c9vitez d\u2019utiliser le s\u00e8che-cheveux. Celui-ci ass\u00e8che en effet les cheveux et les rend fragiles et cassants, tandis que la chaleur qu\u2019il produit ouvre les follicules pileux et en facilite l\u2019arrachage. Pr\u00e9f\u00e9rez utiliser une brosse une fois que vos cheveux sont compl\u00e8tement secs, afin d\u2019\u00e9viter qu\u2019ils ne s\u2019arrachent.<\/p>\n<p>\u00c9vitez les colorations et les d\u00e9colorations trop fr\u00e9quentes, car celles-ci peuvent entra\u00eener la chute de vos cheveux. En effet, les d\u00e9colorations contiennent du peroxyde d\u2019hydrog\u00e8ne qui p\u00e9n\u00e8tre le follicule pileux pour \u00e9liminer sa couleur naturelle, ce qui les rend cassantes et tombantes.<\/p>\n<p>Le tabagisme ! Nous savons tous que le tabagisme est dangereux pour la sant\u00e9. Mais saviez-vous qu\u2019elle pouvait aussi acc\u00e9l\u00e9rer la chute de vos cheveux ? En effet, la fum\u00e9e contient des toxines qui peuvent endommager les hormones ainsi que les <strong>follicules pileux.<\/strong><\/p>\n<h3>Masser r\u00e9guli\u00e8rement votre cuir chevelu stimule la circulation sanguine et permet de stimuler les cellules.<\/h3>\n<p>\u00c9vitez les situations de stress importantes, car le stress peut \u00eatre \u00e0 <strong>l\u2019origine de chutes de cheveux<\/strong> et perturber le cycle de croissance naturel des follicules pileux. Si vous vous sentez stress\u00e9 ou anxieux, essayez de faire quelque chose qui peut vous calmer, comme par exemple du yoga ou de la m\u00e9ditation.<\/p>\n<p>Enfin, si cette perte de cheveux est difficile \u00e0 vivre et que cette situation vous ronge, il existe une solution. Il existe une solution : la greffe capillaire. La greffe capillaire. C\u2019est une intervention qui devient de plus en plus fr\u00e9quente chez les hommes souffrant de <strong>calvitie<\/strong>. Si vous souhaitez plus de renseignements sur cette intervention et sur toutes les possibilit\u00e9s qu\u2019elle peut offrir, vous pouvez vous rendre sur capilclinic.fr et remplir un questionnaire sur le sujet.<\/p>\n<h2><b>Savoir d\u00e9terminer si votre ligne frontale recule ?<\/b><\/h2>\n<p><strong>Les premiers signes d\u2019une perte de cheveux se manifestent au niveau de la ligne frontale<\/strong>, qui commence \u00e0 former un M, et au niveau des tempes, qui deviennent de plus en plus clairsem\u00e9es.<\/p>\n<p>Vos cheveux commencent \u00e0 perdre en volume et une zone circulaire sur le dessus de votre cr\u00e2ne commence \u00e0 se d\u00e9garnir, et la repousse de vos cheveux se fait de plus en plus lente.<\/p>\n<h2>Qu\u2019est-ce qu\u2019une calvitie ?<\/h2>\n<p><img loading=\"lazy\" decoding=\"async\" class=\"aligncenter size-full wp-image-6713\" src=\"https:\/\/www.capilclinic.com\/wp-content\/uploads\/2026\/08\/coupes-de-cheveux-2_2026.webp\" alt=\"\" width=\"600\" height=\"400\" title=\"\" srcset=\"https:\/\/www.capilclinic.com\/wp-content\/uploads\/2026\/08\/coupes-de-cheveux-2_2026.webp 600w, https:\/\/www.capilclinic.com\/wp-content\/uploads\/2026\/08\/coupes-de-cheveux-2_2026-300x200.webp 300w, https:\/\/www.capilclinic.com\/wp-content\/uploads\/2026\/08\/coupes-de-cheveux-2_2026-150x100.webp 150w\" sizes=\"auto, (max-width: 600px) 100vw, 600px\" \/><\/p>\n<p><strong>La calvitie ou <a href=\"https:\/\/www.capilclinic.fr\/blog\/le-meilleur-traitement-pour-lalopecie-androgenetique\/\" target=\"_blank\" rel=\"noopener\">alop\u00e9cie androg\u00e9n\u00e9tique<\/a> se manifeste par la rar\u00e9faction des cheveux sur certaines zones de votre cr\u00e2ne<\/strong>. Plus vous avancez en \u00e2ge, plus le nombre de cheveux perdus est sup\u00e9rieur au nombre de cheveux naissants.<\/p>\n<p>On parle donc de diminution progressive du nombre de cheveux. Avec le temps, ils deviennent de plus en plus fins et ne poussent plus sur l\u2019int\u00e9gralit\u00e9 de votre cr\u00e2ne.<\/p>\n<h2><b>La calvitie et ses causes<\/b><\/h2>\n<p><img loading=\"lazy\" decoding=\"async\" class=\"aligncenter size-full wp-image-6714\" src=\"https:\/\/www.capilclinic.com\/wp-content\/uploads\/2026\/08\/Les-meilleures-coupes-de-cheveux-pour-les-hommes-aux-cheveux-degarnis_2026.webp\" alt=\"\" width=\"600\" height=\"400\" title=\"\" srcset=\"https:\/\/www.capilclinic.com\/wp-content\/uploads\/2026\/08\/Les-meilleures-coupes-de-cheveux-pour-les-hommes-aux-cheveux-degarnis_2026.webp 600w, https:\/\/www.capilclinic.com\/wp-content\/uploads\/2026\/08\/Les-meilleures-coupes-de-cheveux-pour-les-hommes-aux-cheveux-degarnis_2026-300x200.webp 300w, https:\/\/www.capilclinic.com\/wp-content\/uploads\/2026\/08\/Les-meilleures-coupes-de-cheveux-pour-les-hommes-aux-cheveux-degarnis_2026-150x100.webp 150w\" sizes=\"auto, (max-width: 600px) 100vw, 600px\" \/><\/p>\n<p>Diff\u00e9rents facteurs entrent en compte dans l\u2019apparition d\u2019une alop\u00e9cie et sont de diff\u00e9rentes natures.<\/p>\n<ul>\n<li><strong>Les facteurs g\u00e9n\u00e9tiques<\/strong> : dans l\u2019apparition d\u2019une perte de cheveux, l\u2019h\u00e9r\u00e9dit\u00e9 joue un r\u00f4le important.<\/li>\n<li><strong>Les d\u00e9r\u00e8glements hormonaux<\/strong> : chez l\u2019homme, les hormones m\u00e2les et leur diminution progressive jouent un r\u00f4le dans l\u2019apparition d\u2019une alop\u00e9cie. Pour la femme, les cycles menstruels, les grossesses et la m\u00e9nopause peuvent provoquer une perte de cheveux.<\/li>\n<li><strong>Le stress<\/strong> : lors d\u2019une situation de stress important, les follicules pileux peuvent se mettre au repos, ce qui provoque une chute de cheveux plus importante que leur repousse.<\/li>\n<li><strong>Pathologies et traitements<\/strong> : \u00e0 l\u2019origine, certains m\u00e9dicaments ou traitements peuvent en \u00eatre la cause, comme par exemple la radioth\u00e9rapie. Lors d\u2019un traitement temporaire, les cheveux peuvent perdre en densit\u00e9 et en volume.<\/li>\n<\/ul>\n<p>D\u2019autres facteurs peuvent \u00e9galement entrer en ligne de compte, comme de mauvaises habitudes alimentaires, un manque de sommeil ou le tabagisme.<\/p>\n<h2>Peut-on arr\u00eater la chute des cheveux ?<\/h2>\n<p>Il existe diff\u00e9rentes <strong>m\u00e9thodes pour arr\u00eater la chute des cheveux<\/strong>. Voici les actions les plus simples et les plus efficaces que vous puissiez mettre en pratique.<\/p>\n<h3>Suivez une alimentation riche en l\u00e9gumes et en prot\u00e9ines<\/h3>\n<p>La nourriture peut affecter la sant\u00e9 des cheveux. Selon des chercheurs italiens, le r\u00e9gime m\u00e9diterran\u00e9en pourrait r\u00e9duire le risque de d\u00e9velopper une alop\u00e9cie androg\u00e9nique, ou du moins ralentir son apparition. Si vous souhaitez inclure des herbes fra\u00eeches dans vos recettes, vous devez vous assurer que les l\u00e9gumes sont pr\u00e9sents quotidiennement dans votre assiette.<\/p>\n<p><strong>La perte de cheveux courante est souvent associ\u00e9e \u00e0 des carences en vitamines et en min\u00e9raux.<\/strong> Am\u00e9liorer votre alimentation avec du poisson et des \u0153ufs de qualit\u00e9 peut stopper la chute des cheveux. En raison du r\u00f4le important que jouent les vitamines dans la croissance et la force des cheveux.<\/p>\n<h3>Assurez-vous de b\u00e9n\u00e9ficier de suffisamment de soleil.<\/h3>\n<p>La <strong>croissance des cheveux<\/strong> d\u00e9pend de la quantit\u00e9 de vitamine D. Si vous en manquez, vos cheveux deviendront cassants. Une \u00e9tude men\u00e9e \u00e0 l\u2019Universit\u00e9 de Pittsburgh a r\u00e9v\u00e9l\u00e9 qu\u2019une alimentation riche en vitamines D et E \u00e9tait bonne pour la sant\u00e9. Chez les poissons gras, comme le saumon, le thon ou le maquereau, l\u2019incidence du soleil sur la peau stimule la production de vitamine D.<\/p>\n<h3>Massez votre cuir chevelu et utilisez un shampoing doux qui prot\u00e8ge vos cheveux<\/h3>\n<p>Il est possible de pr\u00e9venir la chute des cheveux gr\u00e2ce \u00e0 un massage du cuir chevelu. <strong>Quatre minutes de massage par jour pendant 24 semaines peuvent provoquer des changements importants dans la zone<\/strong>. Les vaisseaux sanguins situ\u00e9s \u00e0 la base du bulbe pileux servent \u00e0 transporter l\u2019oxyg\u00e8ne et les vitamines vers les cheveux. Plus les cheveux sont \u00e9pais, plus ils sont en bonne sant\u00e9.<\/p>\n<p>Le stress est l\u2019un des facteurs li\u00e9s \u00e0 la <a href=\"https:\/\/www.capilclinic.fr\/blog\/combattre-chute-cheveux-causee-par-le-covid\/\" target=\"_blank\" rel=\"noopener\">chute des cheveux<\/a>. Si vous perdez vos cheveux, il est important de v\u00e9rifier votre shampoing habituel pour vous assurer qu\u2019il ne contient pas trop de d\u00e9tergents agressifs. Ceux-ci pourraient irriter la peau et acc\u00e9l\u00e9rer la chute des cheveux.<\/p>\n<p>Si vous souhaitez \u00e9liminer la salet\u00e9 sans ab\u00eemer vos cheveux, utilisez un shampoing doux. Un shampooing fortifiant \u00e0 base d\u2019ingr\u00e9dients d\u2019origine naturelle qui renforce les cheveux. Il est id\u00e9al pour les cheveux sensibles aux agressions ext\u00e9rieures.<\/p>\n<h3>R\u00e9duisez le niveau de stress dans votre vie<\/h3>\n<p><strong>Le stress a en effet des r\u00e9percussions sur la sant\u00e9 de vos cheveux<\/strong>. Des scientifiques de l\u2019universit\u00e9 Harvard ont d\u00e9couvert que le stress chronique stimule la production de certaines hormones qui affectent le fonctionnement du follicule pileux. Ceux-ci entrent alors en phase de repos, ce qui favorise la chute des cheveux et emp\u00eache leur r\u00e9g\u00e9n\u00e9ration.<\/p>\n<p>Si vous voulez garder vos cheveux en bonne sant\u00e9, vous devez \u00e9viter le stress. Vous pouvez \u00e9galement apprendre des techniques de relaxation ou de respiration qui vous aideront \u00e0 mieux g\u00e9rer le stress au quotidien, ou pratiquer le yoga pour rel\u00e2cher les tensions qui s\u2019accumulent tout au long de la journ\u00e9e.<\/p>\n<h2>Conclusion<\/h2>\n<p>Parmi les coupes de cheveux pour hommes aux cheveux d\u00e9garnis qui peuvent aider \u00e0 dissimuler ou \u00e0 simuler la calvitie, on trouve : le rasage \u00e0 1 an, puis laisser pousser les cheveux sur la partie sup\u00e9rieure, couper les c\u00f4t\u00e9s et la nuque. Outre les coupes de cheveux, il existe <strong>d\u2019autres m\u00e9thodes pour dissimuler la calvitie<\/strong>, comme l\u2019utilisation de fibres capillaires.<\/p>\n<ul>\n<li>L\u2019utilisation de fibres capillaires,<\/li>\n<li>Le maquillage des cheveux,<\/li>\n<li>Le port de chapeaux et de casquettes.<\/li>\n<li>Les greffes de cheveux.<\/li>\n<li>Peigner les cheveux vers l\u2019avant ou vers l\u2019arri\u00e8re.<\/li>\n<li>Perruques ou extensions<\/li>\n<\/ul>\n<p>Si la perte de cheveux est rapide, g\u00e9n\u00e9ralis\u00e9e, par plaques ou si les cheveux se d\u00e9tachent, il est recommand\u00e9 de consulter un professionnel de la sant\u00e9.<\/p>\n","protected":false},"excerpt":{"rendered":"<p>La perte de cheveux chez les hommes est de plus en plus fr\u00e9quente et peut \u00eatre difficile \u00e0 vivre pour certains d\u2019entre vous, surtout si elle se manifeste alors que vous \u00eates encore jeune. Elle peut s\u2019observer au niveau de la ligne frontale ou au-dessus du cr\u00e2ne. Elle peut \u00eatre li\u00e9e au stress, \u00e0 des [&hellip;]<\/p>\n","protected":false},"author":4,"featured_media":6709,"comment_status":"open","ping_status":"open","sticky":false,"template":"","format":"standard","meta":{"footnotes":""},"categories":[29],"tags":[],"class_list":["post-6708","post","type-post","status-publish","format-standard","has-post-thumbnail","hentry","category-blog"],"_links":{"self":[{"href":"https:\/\/www.capilclinic.com\/fr\/wp-json\/wp\/v2\/posts\/6708","targetHints":{"allow":["GET"]}}],"collection":[{"href":"https:\/\/www.capilclinic.com\/fr\/wp-json\/wp\/v2\/posts"}],"about":[{"href":"https:\/\/www.capilclinic.com\/fr\/wp-json\/wp\/v2\/types\/post"}],"author":[{"embeddable":true,"href":"https:\/\/www.capilclinic.com\/fr\/wp-json\/wp\/v2\/users\/4"}],"replies":[{"embeddable":true,"href":"https:\/\/www.capilclinic.com\/fr\/wp-json\/wp\/v2\/comments?post=6708"}],"version-history":[{"count":1,"href":"https:\/\/www.capilclinic.com\/fr\/wp-json\/wp\/v2\/posts\/6708\/revisions"}],"predecessor-version":[{"id":6715,"href":"https:\/\/www.capilclinic.com\/fr\/wp-json\/wp\/v2\/posts\/6708\/revisions\/6715"}],"wp:featuredmedia":[{"embeddable":true,"href":"https:\/\/www.capilclinic.com\/fr\/wp-json\/wp\/v2\/media\/6709"}],"wp:attachment":[{"href":"https:\/\/www.capilclinic.com\/fr\/wp-json\/wp\/v2\/media?parent=6708"}],"wp:term":[{"taxonomy":"category","embeddable":true,"href":"https:\/\/www.capilclinic.com\/fr\/wp-json\/wp\/v2\/categories?post=6708"},{"taxonomy":"post_tag","embeddable":true,"href":"https:\/\/www.capilclinic.com\/fr\/wp-json\/wp\/v2\/tags?post=6708"}],"curies":[{"name":"wp","href":"https:\/\/api.w.org\/{rel}","templated":true}]}}