{"id":6682,"date":"2026-08-31T15:37:12","date_gmt":"2026-08-31T12:37:12","guid":{"rendered":"https:\/\/www.capilclinic.com\/?p=6682"},"modified":"2026-08-31T15:37:12","modified_gmt":"2026-08-31T12:37:12","slug":"coiffures-femmes-alopecie-frontale","status":"publish","type":"post","link":"https:\/\/www.capilclinic.com\/fr\/coiffures-femmes-alopecie-frontale\/","title":{"rendered":"Coiffures pour femmes avec alop\u00e9cie frontale"},"content":{"rendered":"<p>Les signes de perte de cheveux ou<strong> d\u2019alop\u00e9cie frontale<\/strong> peuvent \u00eatre \u00e0 la fois stressants et g\u00eanants. D\u2019ailleurs, des cheveux clairsem\u00e9s peuvent affecter consid\u00e9rablement votre confiance en vous, m\u00eame dans une tenue \u00e9l\u00e9gante. C\u2019est pourquoi, d\u00e8s que vous remarquez que vos cheveux s\u2019\u00e9claircissent, vous commencez \u00e0 vous inqui\u00e9ter de la coiffure \u00e0 porter pour cacher les zones d\u00e9garnies. Vous commencez \u00e0 vous inqui\u00e9ter de la coiffure \u00e0 porter pour cacher les zones d\u00e9garnies. Parfois, vous avez m\u00eame l\u2019impression d\u2019\u00eatre limit\u00e9 en mati\u00e8re de coiffure.<\/p>\n<p>Cependant, une calvitie n\u2019a pas \u00e0 vous faire penser que vous ne pouvez plus vous sentir bien dans votre peau. Il existe plusieurs coiffures que vous pouvez porter \u00e0 diff\u00e9rentes occasions pour cacher les zones d\u00e9garnies de votre cuir chevelu, afin de vous sentir \u00e0 nouveau \u00e9l\u00e9gante et confiante. N\u2019oubliez pas que vous n\u2019\u00eates pas seule. De nombreuses femmes souffrent de <a href=\"https:\/\/www.capilclinic.fr\/blog\/lautomne-et-la-perte-de-cheveux\/\" target=\"_blank\" rel=\"noopener\">la perte de cheveux<\/a>, mais ont d\u00e9couvert des astuces pour cacher les zones chauves tout en prenant soin de leurs cheveux clairsem\u00e9s.<\/p>\n<h2><strong>Qu\u2019est-ce que l\u2019alop\u00e9cie frontale et en quoi consiste-t-elle ?<\/strong><\/h2>\n<p><img loading=\"lazy\" decoding=\"async\" class=\"aligncenter size-full wp-image-6684\" src=\"https:\/\/www.capilclinic.com\/wp-content\/uploads\/2026\/08\/alopecie-frontale-3_2026.webp\" alt=\"\" width=\"600\" height=\"400\" title=\"\" srcset=\"https:\/\/www.capilclinic.com\/wp-content\/uploads\/2026\/08\/alopecie-frontale-3_2026.webp 600w, https:\/\/www.capilclinic.com\/wp-content\/uploads\/2026\/08\/alopecie-frontale-3_2026-300x200.webp 300w, https:\/\/www.capilclinic.com\/wp-content\/uploads\/2026\/08\/alopecie-frontale-3_2026-150x100.webp 150w\" sizes=\"auto, (max-width: 600px) 100vw, 600px\" \/><\/p>\n<p><strong>L\u2019alop\u00e9cie frontale fibrosite (AFF) est un type d\u2019alop\u00e9cie cicatricielle et permanente qui affecte le cuir chevelu.<\/strong> Elle se caract\u00e9rise par une perte progressive des cheveux sur la ligne frontale, qui affecte \u00e9galement les sourcils. Ce type d\u2019alop\u00e9cie est caus\u00e9 par un processus inflammatoire auto-immun qui attaque et d\u00e9truit de mani\u00e8re irr\u00e9versible les follicules pileux. Cela entra\u00eene une cicatrisation du cuir chevelu.<\/p>\n<p>Comme pour d\u2019autres types de probl\u00e8mes auto-immuns, les experts ne savent toujours pas avec certitude ce qui d\u00e9clenche cette affection capillaire, bien qu\u2019elle soit g\u00e9n\u00e9ralement associ\u00e9e \u00e0 des facteurs hormonaux, g\u00e9n\u00e9tiques et environnementaux. Elle entra\u00eene \u00e9galement la formation d\u2019une bande glabre dans la zone fronto-temporale du <strong>cuir chevelu.<\/strong><\/p>\n<h2>Premiers sympt\u00f4mes<\/h2>\n<p><img loading=\"lazy\" decoding=\"async\" class=\"aligncenter size-full wp-image-6685\" src=\"https:\/\/www.capilclinic.com\/wp-content\/uploads\/2026\/08\/alopecie-frontale-2_2026.webp\" alt=\"\" width=\"600\" height=\"400\" title=\"\" srcset=\"https:\/\/www.capilclinic.com\/wp-content\/uploads\/2026\/08\/alopecie-frontale-2_2026.webp 600w, https:\/\/www.capilclinic.com\/wp-content\/uploads\/2026\/08\/alopecie-frontale-2_2026-300x200.webp 300w, https:\/\/www.capilclinic.com\/wp-content\/uploads\/2026\/08\/alopecie-frontale-2_2026-150x100.webp 150w\" sizes=\"auto, (max-width: 600px) 100vw, 600px\" \/><\/p>\n<p>Les premiers sympt\u00f4mes de l\u2019alop\u00e9cie frontale <strong>commencent g\u00e9n\u00e9ralement par une perte de cheveux diffuse au niveau de la ligne frontale.<\/strong> La personne commence \u00e9galement \u00e0 avoir un recul de la ligne d\u2019implantation des cheveux sur le cuir chevelu. En d\u2019autres termes, les cheveux poussent de plus en plus vers l\u2019arri\u00e8re, laissant un front de plus en plus n\u00e9glig\u00e9. C\u2019est ce que l\u2019on appelle \u00ab l\u2019effet bandeau \u00bb.<\/p>\n<p>L\u2019alop\u00e9cie frontale touche g\u00e9n\u00e9ralement les femmes apr\u00e8s la m\u00e9nopause, bien que les cas de ce type d\u2019alop\u00e9cie soient de plus en plus fr\u00e9quents chez les femmes avant la m\u00e9nopause, ainsi que chez les hommes.<\/p>\n<h2>Comment l\u2019alop\u00e9cie frontale affecte-t-elle les femmes ?<\/h2>\n<p><img loading=\"lazy\" decoding=\"async\" class=\"aligncenter size-full wp-image-6686\" src=\"https:\/\/www.capilclinic.com\/wp-content\/uploads\/2026\/08\/alopecie-frontale-5_2026.webp\" alt=\"\" width=\"600\" height=\"400\" title=\"\" srcset=\"https:\/\/www.capilclinic.com\/wp-content\/uploads\/2026\/08\/alopecie-frontale-5_2026.webp 600w, https:\/\/www.capilclinic.com\/wp-content\/uploads\/2026\/08\/alopecie-frontale-5_2026-300x200.webp 300w, https:\/\/www.capilclinic.com\/wp-content\/uploads\/2026\/08\/alopecie-frontale-5_2026-150x100.webp 150w\" sizes=\"auto, (max-width: 600px) 100vw, 600px\" \/><\/p>\n<p>Normalement, ce <strong>type d\u2019alop\u00e9cie<\/strong> touche principalement les femmes et se manifeste par une calvitie frontale, ce qu\u2019on appelle la calvitie frontale f\u00e9minine. Dans 95 % des cas, elle touche les femmes de plus de 50 ans, g\u00e9n\u00e9ralement apr\u00e8s la m\u00e9nopause. Cependant, elle touche de plus en plus de femmes pr\u00e9m\u00e9nopaus\u00e9es et d\u2019hommes. L\u2019incidence de ce type d\u2019alop\u00e9cie a fortement augment\u00e9 ces derni\u00e8res ann\u00e9es.<\/p>\n<p>Comme il s\u2019agit d\u2019une<a href=\"https:\/\/www.capilclinic.fr\/blog\/le-meilleur-traitement-pour-lalopecie-androgenetique\/\" target=\"_blank\" rel=\"noopener\"> alop\u00e9cie<\/a> cicatricielle, elle est irr\u00e9versible. En d\u2019autres termes, une fois le follicule pileux d\u00e9truit, il ne peut pas \u00eatre restaur\u00e9 et les cheveux ne peuvent donc pas repousser dans les zones touch\u00e9es. Il s\u2019agit d\u2019un changement important de l\u2019image d\u2019une femme, qui peut affecter sa confiance en elle et sa qualit\u00e9 de vie.<\/p>\n<p>Cependant, le seul moyen d\u2019inverser cette proc\u00e9dure est la greffe de cheveux, telle qu\u2019elle est propos\u00e9e par <strong>Capilclinic<\/strong> en France et en Turquie.<\/p>\n<h2><strong>Traitements <\/strong><\/h2>\n<p>Il existe plusieurs traitements pour traiter l\u2019alop\u00e9cie frontale, en plus de la greffe de cheveux. En voici quelques-uns :<\/p>\n<ul>\n<li><strong>Le laser de faible puissance<\/strong> : les th\u00e9rapies au laser capillaire de faible puissance aident \u00e0 r\u00e9duire l\u2019inflammation et, dans de nombreux cas, permettent de r\u00e9duire la prise de m\u00e9dicaments ;<\/li>\n<li><strong>Le minoxidil<\/strong>, qui doit \u00eatre prescrit par un sp\u00e9cialiste, permet de contr\u00f4ler les composantes inflammatoires et androg\u00e9niques.<\/li>\n<li><strong>Plasma riche en plaquettes<\/strong> : un alli\u00e9 de taille dans le cas de l\u2019alop\u00e9cie cicatricielle gr\u00e2ce \u00e0 son puissant effet anti-inflammatoire. Il s\u2019agit d\u2019un traitement compl\u00e9mentaire tr\u00e8s utile.<\/li>\n<li><strong>Syst\u00e8mes d\u2019int\u00e9gration capillaire<\/strong> : dans les cas les plus graves, un syst\u00e8me sera le moyen le plus efficace de r\u00e9cup\u00e9rer les cheveux et l\u2019image perdus \u00e0 cause de l\u2019alop\u00e9cie fibrosante frontale.<\/li>\n<\/ul>\n<h2><strong>Coiffures pour dissimuler l\u2019alop\u00e9cie frontale <\/strong><\/h2>\n<p>Si aucune greffe de cheveux n\u2019est pr\u00e9vue, nous vous recommandons diff\u00e9rentes coiffures qui vous aideront \u00e0 dissimuler l\u2019alop\u00e9cie frontale dans ses premiers stades.<\/p>\n<h3>Couches frontales<\/h3>\n<p><img loading=\"lazy\" decoding=\"async\" class=\"aligncenter size-full wp-image-6687\" src=\"https:\/\/www.capilclinic.com\/wp-content\/uploads\/2026\/08\/alopecie-frontale-4_2026.webp\" alt=\"\" width=\"600\" height=\"400\" title=\"\" srcset=\"https:\/\/www.capilclinic.com\/wp-content\/uploads\/2026\/08\/alopecie-frontale-4_2026.webp 600w, https:\/\/www.capilclinic.com\/wp-content\/uploads\/2026\/08\/alopecie-frontale-4_2026-300x200.webp 300w, https:\/\/www.capilclinic.com\/wp-content\/uploads\/2026\/08\/alopecie-frontale-4_2026-150x100.webp 150w\" sizes=\"auto, (max-width: 600px) 100vw, 600px\" \/><\/p>\n<p><strong>Si vos cheveux sont boucl\u00e9s, la frange peut \u00eatre difficile \u00e0 coiffer.<\/strong> Dans ce cas, vous pouvez simplement opter pour des couches frontales soign\u00e9es pour cacher votre ligne de cheveux fuyante.<\/p>\n<p>Pour ce faire, s\u00e9parez vos cheveux au centre pour permettre aux couches de couvrir les deux c\u00f4t\u00e9s du visage, attirant ainsi l\u2019attention sur vos cheveux et non sur la ligne de cheveux. Il est int\u00e9ressant de noter que les d\u00e9grad\u00e9s donnent \u00e9galement l\u2019impression d\u2019avoir des cheveux plus \u00e9pais, ce qui ne manquera pas de renforcer votre confiance en vous dans un moment comme celui-ci. Lorsque vous avez envie de relever un peu vos cheveux, vous pouvez nouer un foulard ou un bandeau autour de la racine de vos cheveux pour cacher les zones o\u00f9 ils sont clairsem\u00e9s.<\/p>\n<p>Les bandeaux et les foulards existent dans un large \u00e9ventail de styles. Vous pouvez donc en choisir un assorti \u00e0 votre tenue pour am\u00e9liorer votre look. Les couches frontales sont assez faciles \u00e0 g\u00e9rer et \u00e0 coiffer. Vous pouvez porter cette coiffure tous les matins sans vous lasser.<\/p>\n<h3>Ondulations douces<\/h3>\n<p><strong>Lorsqu\u2019il s\u2019agit des meilleures coiffures pour cheveux clairsem\u00e9s, la texture est tr\u00e8s importante<\/strong>. Les coiffures droites mettront d\u00e9finitivement en valeur les difficult\u00e9s rencontr\u00e9es avec les cheveux clairsem\u00e9s. Vous devez opter pour des coiffures qui vous couvrent autant que possible. Pour cette raison, il est conseill\u00e9 de privil\u00e9gier des styles avec des ondulations douces ou de rester naturelle.<\/p>\n<p>En g\u00e9n\u00e9ral, les ondulations douces donnent l\u2019impression d\u2019\u00eatre \u00e9paisses et cr\u00e9ent des lignes douces autour de votre visage, ce qui camoufle votre ligne de cheveux clairsem\u00e9e. D\u2019un autre c\u00f4t\u00e9, les cheveux naturels vous donneront toujours cette apparence pleine, quelle que soit la finesse de vos cheveux. Vous pouvez utiliser certains des <strong>meilleurs produits pour cheveux naturels<\/strong> afin de maintenir cette coiffure.<\/p>\n<p>Cependant, il faut savoir que l\u2019entretien des <a href=\"https:\/\/www.capilclinic.fr\/blog\/remedes-naturels-pour-lutter-contre-la-perte-de-cheveux\/\" target=\"_blank\" rel=\"noopener\">cheveux naturels<\/a> peut \u00eatre fastidieux, surtout si vous devez vous coiffer tous les matins pour aller travailler. Mais si cela fonctionne bien pour vous, pourquoi ne pas essayer ?<\/p>\n<h3>Frange<\/h3>\n<p><strong>La frange est le meilleur moyen de dissimuler parfaitement votre ligne de cheveux clairsem\u00e9e.<\/strong> Il existe de nombreux styles de franges, mais il est conseill\u00e9 d\u2019opter pour une longueur longue et coup\u00e9e si vous souhaitez cacher une ligne de cheveux clairsem\u00e9e.<\/p>\n<p>Cette coiffure est amusante et vous donne un air plus jeune, ce qui favorise l\u2019estime de soi. Essayez la frange in\u00e9gale : la frange frontale est une bonne id\u00e9e, car elle couvre parfaitement le front. Cette frange est \u00e9galement l\u00e9g\u00e8re et facile \u00e0 g\u00e9rer. Vous pouvez donc la porter confortablement tous les matins pour aller travailler, ou la coiffer ainsi si vous assistez \u00e0 un \u00e9v\u00e9nement.<\/p>\n<p>Chaque fois que vous vous lavez les cheveux, vous pouvez utiliser un lisseur pour que la frange soit l\u00e9g\u00e8rement incurv\u00e9e afin de conserver un look jeune.<\/p>\n<h3>Une coupe Bob serait parfaite<\/h3>\n<p><img loading=\"lazy\" decoding=\"async\" class=\"aligncenter size-full wp-image-6688\" src=\"https:\/\/www.capilclinic.com\/wp-content\/uploads\/2026\/08\/alopecie-frontale-1_2026.webp\" alt=\"\" width=\"600\" height=\"400\" title=\"\" srcset=\"https:\/\/www.capilclinic.com\/wp-content\/uploads\/2026\/08\/alopecie-frontale-1_2026.webp 600w, https:\/\/www.capilclinic.com\/wp-content\/uploads\/2026\/08\/alopecie-frontale-1_2026-300x200.webp 300w, https:\/\/www.capilclinic.com\/wp-content\/uploads\/2026\/08\/alopecie-frontale-1_2026-150x100.webp 150w\" sizes=\"auto, (max-width: 600px) 100vw, 600px\" \/><\/p>\n<p>Personne ne se trompe avec une coiffure courte, surtout si vous avez une ligne de cheveux fuyante. <strong>Comme les cheveux longs et raides accentuent les zones chauves, il est pr\u00e9f\u00e9rable d\u2019opter pour des coupes plus courtes<\/strong>. \u00c0 condition qu\u2019elle soit bien r\u00e9alis\u00e9e, une coupe au carr\u00e9 peut \u00eatre tr\u00e8s utile pour couvrir toute zone de votre cuir chevelu o\u00f9 les cheveux sont clairsem\u00e9s.<\/p>\n<p>Veillez \u00e0 ce que la longueur de vos cheveux d\u00e9passe vos \u00e9paules pour obtenir un look volumineux tout au long de la journ\u00e9e. Vous obtiendrez ainsi un look volumineux tout au long de la journ\u00e9e. Vous pouvez faire un bob vous-m\u00eame. Cependant, il est conseill\u00e9 de le faire faire par un professionnel afin d\u2019obtenir une coupe uniforme. Si le bob n\u2019est pas r\u00e9alis\u00e9 \u00e0 la perfection, vous devrez peut-\u00eatre avaler la pilule am\u00e8re de raser vos cheveux jusqu\u2019\u00e0 une certaine longueur.<\/p>\n<p>Les coupes coup\u00e9es au carr\u00e9 sont faciles \u00e0 entretenir et conviennent \u00e0 toutes les occasions, que ce soit au travail ou lors d\u2019un \u00e9v\u00e9nement. Vous pouvez aussi teindre un peu vos cheveux pour leur donner une touche de style.<\/p>\n<h3>Rasez tout<\/h3>\n<p>Au cas o\u00f9 vous l\u2019ignoreriez, le rasage est \u00e9galement une excellente coiffure que m\u00eame les c\u00e9l\u00e9brit\u00e9s trouvent attrayante. Si vous avez les cheveux longs, les gens verront certainement les zones chauves, car elles sont toujours bien distinctes.<\/p>\n<p><strong>La m\u00e9thode la plus simple pour dissimuler les zones de votre cuir chevelu d\u00e9pourvues de cheveux consiste \u00e0 les raser.<\/strong> Il peut \u00eatre difficile de faire un tel geste, surtout si vous \u00eates attach\u00e9e \u00e0 vos cheveux. Mais au bout du compte, c\u2019est gratifiant. Avec des cheveux courts, personne ne remarquera les zones o\u00f9 les cheveux sont clairsem\u00e9s. Et il n\u2019est pas n\u00e9cessaire que ce soit uniforme. Vous pouvez essayer quelques styles et motifs sur vos cheveux ras\u00e9s pour leur donner un air amusant et attrayant. Mieux encore, vous pouvez les teindre avec une couleur qui s\u2019harmonise avec votre teint. Elle vous donnera certainement un nouveau look et un meilleur r\u00e9sultat. En d\u2019autres termes, elle renforcera votre confiance en vous pendant que vous chercherez une solution \u00e0 votre probl\u00e8me de cheveux clairsem\u00e9s.<\/p>\n<p>Que votre ligne de cheveux soit en recul ou que vous souffriez d\u2019une quelconque perte de cheveux. Ce n\u2019est pas le moment de vous d\u00e9courager ni d\u2019\u00eatre malheureuse de votre apparence. Adoptez l\u2019une de ces coiffures et oubliez vos cheveux clairsem\u00e9s pendant un instant.<\/p>\n<h2>Conclusion<\/h2>\n<p><strong>L\u2019alop\u00e9cie frontale est une forme d\u2019alop\u00e9cie cicatricielle qui touche principalement les femmes<\/strong>. Elle se caract\u00e9rise par la destruction des follicules pileux \u00e0 l\u2019avant du cuir chevelu. En d\u2019autres termes, elle entra\u00eene une perte de cheveux permanente. Son origine n\u2019est pas tout \u00e0 fait claire, mais elle est devenue plus fr\u00e9quente ces derni\u00e8res ann\u00e9es.<\/p>\n","protected":false},"excerpt":{"rendered":"<p>Les signes de perte de cheveux ou d\u2019alop\u00e9cie frontale peuvent \u00eatre \u00e0 la fois stressants et g\u00eanants. D\u2019ailleurs, des cheveux clairsem\u00e9s peuvent affecter consid\u00e9rablement votre confiance en vous, m\u00eame dans une tenue \u00e9l\u00e9gante. C\u2019est pourquoi, d\u00e8s que vous remarquez que vos cheveux s\u2019\u00e9claircissent, vous commencez \u00e0 vous inqui\u00e9ter de la coiffure \u00e0 porter pour cacher [&hellip;]<\/p>\n","protected":false},"author":4,"featured_media":6683,"comment_status":"open","ping_status":"open","sticky":false,"template":"","format":"standard","meta":{"footnotes":""},"categories":[29],"tags":[],"class_list":["post-6682","post","type-post","status-publish","format-standard","has-post-thumbnail","hentry","category-blog"],"_links":{"self":[{"href":"https:\/\/www.capilclinic.com\/fr\/wp-json\/wp\/v2\/posts\/6682","targetHints":{"allow":["GET"]}}],"collection":[{"href":"https:\/\/www.capilclinic.com\/fr\/wp-json\/wp\/v2\/posts"}],"about":[{"href":"https:\/\/www.capilclinic.com\/fr\/wp-json\/wp\/v2\/types\/post"}],"author":[{"embeddable":true,"href":"https:\/\/www.capilclinic.com\/fr\/wp-json\/wp\/v2\/users\/4"}],"replies":[{"embeddable":true,"href":"https:\/\/www.capilclinic.com\/fr\/wp-json\/wp\/v2\/comments?post=6682"}],"version-history":[{"count":1,"href":"https:\/\/www.capilclinic.com\/fr\/wp-json\/wp\/v2\/posts\/6682\/revisions"}],"predecessor-version":[{"id":6689,"href":"https:\/\/www.capilclinic.com\/fr\/wp-json\/wp\/v2\/posts\/6682\/revisions\/6689"}],"wp:featuredmedia":[{"embeddable":true,"href":"https:\/\/www.capilclinic.com\/fr\/wp-json\/wp\/v2\/media\/6683"}],"wp:attachment":[{"href":"https:\/\/www.capilclinic.com\/fr\/wp-json\/wp\/v2\/media?parent=6682"}],"wp:term":[{"taxonomy":"category","embeddable":true,"href":"https:\/\/www.capilclinic.com\/fr\/wp-json\/wp\/v2\/categories?post=6682"},{"taxonomy":"post_tag","embeddable":true,"href":"https:\/\/www.capilclinic.com\/fr\/wp-json\/wp\/v2\/tags?post=6682"}],"curies":[{"name":"wp","href":"https:\/\/api.w.org\/{rel}","templated":true}]}}