{"id":6656,"date":"2026-08-31T15:11:40","date_gmt":"2026-08-31T12:11:40","guid":{"rendered":"https:\/\/www.capilclinic.com\/?p=6656"},"modified":"2026-08-31T15:11:40","modified_gmt":"2026-08-31T12:11:40","slug":"mes-cheveux-tombent-de-facon-disproportionnee","status":"publish","type":"post","link":"https:\/\/www.capilclinic.com\/fr\/mes-cheveux-tombent-de-facon-disproportionnee\/","title":{"rendered":"Mes cheveux tombent de fa\u00e7on disproportionn\u00e9e"},"content":{"rendered":"<p>Nous perdons tous nos cheveux, mais nous ne les perdons pas tous de la m\u00eame mani\u00e8re. Selon les \u00e9tudes dermatologiques les plus prestigieuses sur la <a href=\"https:\/\/www.capilclinic.fr\/blog\/comment-se-deroule-une-greffe-de-cheveux\/\" target=\"_blank\" rel=\"noopener\">chute des cheveux<\/a>, il est normal de perdre entre 50 et 100 cheveux par jour. Certaines personnes peuvent perdre jusqu\u2019\u00e0 150 cheveux par jour, sans que ce soit pour autant un signe n\u00e9cessaire de perte de cheveux disproportionn\u00e9e qui devrait nous alerter et n\u00e9cessiter une intervention imm\u00e9diate. Dans cet article, nous aborderons la question suivante : \u00ab Mes <strong>cheveux tombent de fa\u00e7on disproportionn\u00e9e<\/strong> : qu\u2019est-ce qui est normal et qu\u2019est-ce qui ne l\u2019est pas ?<\/p>\n<p>Cependant, ceux qui constatent que leur <strong>cuir chevelu<\/strong> devient plus clair que d\u2019habitude ou que plus de poils restent sur le peigne ou la brosse lorsqu\u2019ils sont coiff\u00e9s. \u2013 Que beaucoup de poils restent sur le peigne ou la brosse apr\u00e8s avoir \u00e9t\u00e9 coiff\u00e9s. , ou qu\u2019\u00e0 chaque fois qu\u2019ils se lavent les cheveux, ils remarquent que beaucoup plus de m\u00e8ches de cheveux tombent que d\u2019habitude, Ils devraient consulter un sp\u00e9cialiste pour d\u00e9couvrir les causes de cette chute.<\/p>\n<h2>Pourquoi les cheveux tombent-ils de mani\u00e8re disproportionn\u00e9e ?<\/h2>\n<p><img loading=\"lazy\" decoding=\"async\" class=\"aligncenter size-full wp-image-6658\" src=\"https:\/\/www.capilclinic.com\/wp-content\/uploads\/2026\/08\/Mes-cheveux-tombent-de-facon-disproportionnee-Quest-ce-qui-est-normal-et-quest-ce-quil-ne-lest-pas_2026.webp\" alt=\"\" width=\"600\" height=\"400\" title=\"\" srcset=\"https:\/\/www.capilclinic.com\/wp-content\/uploads\/2026\/08\/Mes-cheveux-tombent-de-facon-disproportionnee-Quest-ce-qui-est-normal-et-quest-ce-quil-ne-lest-pas_2026.webp 600w, https:\/\/www.capilclinic.com\/wp-content\/uploads\/2026\/08\/Mes-cheveux-tombent-de-facon-disproportionnee-Quest-ce-qui-est-normal-et-quest-ce-quil-ne-lest-pas_2026-300x200.webp 300w, https:\/\/www.capilclinic.com\/wp-content\/uploads\/2026\/08\/Mes-cheveux-tombent-de-facon-disproportionnee-Quest-ce-qui-est-normal-et-quest-ce-quil-ne-lest-pas_2026-150x100.webp 150w\" sizes=\"auto, (max-width: 600px) 100vw, 600px\" \/><\/p>\n<p><strong>Cheveux tombent de fa\u00e7on disproportionn\u00e9e : l\u2019arriv\u00e9e <\/strong> <strong>de p\u00e9riodes de stress \u00e9lev\u00e9 est une cause fr\u00e9quente de cette baisse<\/strong>. Celles-ci provoquent g\u00e9n\u00e9ralement une perte suppl\u00e9mentaire de follicules pileux du cuir chevelu en r\u00e9ponse physique au probl\u00e8me psychologique. Il est essentiel de consulter un professionnel de la sant\u00e9 pour \u00e9tablir un diagnostic, car en g\u00e9rant le stress, vous commencerez \u00e0 r\u00e9cup\u00e9rer les cheveux perdus et \u00e0 soulager la fatigue mentale.<\/p>\n<p>Un manque de nutriments caus\u00e9 par une alimentation pauvre ou m\u00e9diocre est une autre cause de perte de cheveux. De nombreuses <strong>pertes de cheveux<\/strong> sont dues \u00e0 une carence en vitamine B, en acide folique et en certains min\u00e9raux. Une alimentation d\u00e9s\u00e9quilibr\u00e9e ou pauvre en fruits et l\u00e9gumes contribue \u00e9galement \u00e0 cette perte. Encore une fois, il est important de consulter un m\u00e9decin pour d\u00e9terminer si c\u2019est le cas, car les cheveux perdus se r\u00e9tablissent \u00e0 la suite d\u2019un traitement optimal.<\/p>\n<p>Il est important de noter que l\u2019utilisation de certains m\u00e9dicaments et traitements m\u00e9dicaux peut entra\u00eener une perte de cheveux importante et rapide. La plupart du temps, le cuir chevelu r\u00e9cup\u00e8re \u00e0 nouveau une fois le traitement termin\u00e9. Il faut alors changer de traitement ou arr\u00eater l\u2019administration de produits pharmaceutiques sp\u00e9cifiques.<\/p>\n<h2><b>Sympt\u00f4mes de cheveux tombent de fa\u00e7on disproportionn\u00e9e<\/b><\/h2>\n<p><img loading=\"lazy\" decoding=\"async\" class=\"aligncenter size-full wp-image-6659\" src=\"https:\/\/www.capilclinic.com\/wp-content\/uploads\/2026\/08\/Mes-cheveux-tombent-de-facon-disproportionnee-Quest-ce-qui-est-normal-et-quest-ce-quil-ne-lest-pas-4_2026.webp\" alt=\"\" width=\"600\" height=\"400\" title=\"\" srcset=\"https:\/\/www.capilclinic.com\/wp-content\/uploads\/2026\/08\/Mes-cheveux-tombent-de-facon-disproportionnee-Quest-ce-qui-est-normal-et-quest-ce-quil-ne-lest-pas-4_2026.webp 600w, https:\/\/www.capilclinic.com\/wp-content\/uploads\/2026\/08\/Mes-cheveux-tombent-de-facon-disproportionnee-Quest-ce-qui-est-normal-et-quest-ce-quil-ne-lest-pas-4_2026-300x200.webp 300w, https:\/\/www.capilclinic.com\/wp-content\/uploads\/2026\/08\/Mes-cheveux-tombent-de-facon-disproportionnee-Quest-ce-qui-est-normal-et-quest-ce-quil-ne-lest-pas-4_2026-150x100.webp 150w\" sizes=\"auto, (max-width: 600px) 100vw, 600px\" \/><\/p>\n<p>La perte de cheveux peut avoir diff\u00e9rentes origines et se manifester de diverses mani\u00e8res. Elle peut appara\u00eetre brusquement ou progressivement et n\u2019affecter que le cuir chevelu ou le reste du corps. Voici quelques-uns des signes et sympt\u00f4mes de la perte de cheveux :<\/p>\n<ul>\n<li><strong>Une perte progressive du sommet de la t\u00eate<\/strong> : ce type de perte de cheveux est le plus fr\u00e9quent et affecte les personnes \u00e0 mesure qu\u2019elles vieillissent. Les cheveux des hommes commencent souvent \u00e0 reculer \u00e0 la racine des cheveux du front. La raie des cheveux des femmes s\u2019\u00e9largit souvent. La chute des cheveux, \u00e9galement connue sous le nom d\u2019alop\u00e9cie fibreuse frontale, est un mod\u00e8le de perte de cheveux de plus en plus courant chez les femmes \u00e2g\u00e9es.<\/li>\n<li><strong>Taches chauves de forme circulaire ou irr\u00e9guli\u00e8re<\/strong> : Certaines personnes perdent leurs cheveux dans les zones pr\u00e9sentant des motifs circulaires de calvitie ou dans les plaques sur le cuir chevelu, la barbe ou les sourcils. Avant que les cheveux ne tombent, il peut y avoir des d\u00e9mangeaisons ou des douleurs dans la peau.<\/li>\n<li><strong>Perte de cheveux soudaine<\/strong> : un coup \u00e9motionnel ou physique peut provoquer la chute des cheveux. Des m\u00e8ches de cheveux peuvent tomber lorsque vous peignez, lavez vos cheveux ou m\u00eame lorsque vous les tirez doucement. L\u2019amincissement g\u00e9n\u00e9ral des cheveux est une cons\u00e9quence courante de ce type de perte de cheveux, qui est temporaire.<\/li>\n<li><strong>Perte de cheveux sur tout le corps<\/strong> : La perte de cheveux sur l\u2019ensemble du corps peut \u00eatre caus\u00e9e par certains troubles m\u00e9dicaux et traitements, tels que la chimioth\u00e9rapie contre le cancer. Les cheveux repoussent normalement.<\/li>\n<li><strong>Zones de desquamation qui affectent l\u2019ensemble du cuir chevelu<\/strong> : cela indique la pr\u00e9sence de teigne. Les cheveux peuvent devenir cassants, rouges, enfl\u00e9s et parfois suintants.<\/li>\n<\/ul>\n<h2>Quand devriez-vous consulter un m\u00e9decin ?<\/h2>\n<p><img loading=\"lazy\" decoding=\"async\" class=\"aligncenter size-full wp-image-6660\" src=\"https:\/\/www.capilclinic.com\/wp-content\/uploads\/2026\/08\/Mes-cheveux-tombent-de-facon-disproportionnee-Quest-ce-qui-est-normal-et-quest-ce-quil-ne-lest-pas-5_2026.webp\" alt=\"\" width=\"600\" height=\"400\" title=\"\" srcset=\"https:\/\/www.capilclinic.com\/wp-content\/uploads\/2026\/08\/Mes-cheveux-tombent-de-facon-disproportionnee-Quest-ce-qui-est-normal-et-quest-ce-quil-ne-lest-pas-5_2026.webp 600w, https:\/\/www.capilclinic.com\/wp-content\/uploads\/2026\/08\/Mes-cheveux-tombent-de-facon-disproportionnee-Quest-ce-qui-est-normal-et-quest-ce-quil-ne-lest-pas-5_2026-300x200.webp 300w, https:\/\/www.capilclinic.com\/wp-content\/uploads\/2026\/08\/Mes-cheveux-tombent-de-facon-disproportionnee-Quest-ce-qui-est-normal-et-quest-ce-quil-ne-lest-pas-5_2026-150x100.webp 150w\" sizes=\"auto, (max-width: 600px) 100vw, 600px\" \/><\/p>\n<p><strong>Si vous vous pr\u00e9occupez de la perte de vos cheveux ou de ceux de votre enfant et que vous souhaitez un traitement, consultez votre m\u00e9decin.<\/strong> Parlez-lui d\u2019un traitement pr\u00e9coce pour \u00e9viter une calvitie majeure et permanente si vous souffrez de chute de la racine des cheveux (alop\u00e9cie fibreuse frontale).<\/p>\n<p>Consultez \u00e9galement votre m\u00e9decin si vous ressentez une perte de cheveux soudaine ou des plaques. Si vous peignez ou lavez vos cheveux ou ceux de votre enfant et qu\u2019ils perdent plus de cheveux que la normale. Une <a href=\"https:\/\/www.capilclinic.fr\/blog\/lautomne-et-la-perte-de-cheveux\/\" target=\"_blank\" rel=\"noopener\">perte de cheveux<\/a> soudaine peut \u00eatre le sympt\u00f4me d\u2019une affection ant\u00e9rieure qui n\u00e9cessite un traitement.<\/p>\n<h2>Causes de l\u2019alop\u00e9cie<\/h2>\n<p>Les gens perdent g\u00e9n\u00e9ralement entre cinquante et cent m\u00e8ches de cheveux par jour. Ce ph\u00e9nom\u00e8ne n\u2019est g\u00e9n\u00e9ralement pas perceptible, car de nouveaux cheveux poussent en m\u00eame temps. <strong>La perte de cheveux se produit lorsque de nouveaux cheveux ne remplacent pas les cheveux qui ont \u00e9t\u00e9 perdus. <\/strong>Cela est g\u00e9n\u00e9ralement li\u00e9 \u00e0 un ou plusieurs des facteurs suivants :<\/p>\n<h3>L\u2019h\u00e9r\u00e9dit\u00e9 (ant\u00e9c\u00e9dents familiaux)<\/h3>\n<p><strong>La perte de cheveux est principalement caus\u00e9e par un trouble h\u00e9r\u00e9ditaire associ\u00e9 au vieillissement.<\/strong> Cette affection est connue sous les noms de calvitie androg\u00e9nique, calvitie masculine ou calvitie f\u00e9minine. Elle se produit g\u00e9n\u00e9ralement progressivement et selon des sch\u00e9mas pr\u00e9visibles : les hommes pr\u00e9sentent une racine des cheveux qui r\u00e9tr\u00e9cit et des taches de calvitie, et les femmes, des cheveux clairsem\u00e9s le long de la couronne du cuir chevelu.<\/p>\n<h3><strong>Conditions m\u00e9dicales et changements hormonaux<\/strong><\/h3>\n<p><img loading=\"lazy\" decoding=\"async\" class=\"aligncenter size-full wp-image-6661\" src=\"https:\/\/www.capilclinic.com\/wp-content\/uploads\/2026\/08\/Mes-cheveux-tombent-de-facon-disproportionnee-Quest-ce-qui-est-normal-et-quest-ce-quil-ne-lest-pas-2_2026.webp\" alt=\"\" width=\"600\" height=\"400\" title=\"\" srcset=\"https:\/\/www.capilclinic.com\/wp-content\/uploads\/2026\/08\/Mes-cheveux-tombent-de-facon-disproportionnee-Quest-ce-qui-est-normal-et-quest-ce-quil-ne-lest-pas-2_2026.webp 600w, https:\/\/www.capilclinic.com\/wp-content\/uploads\/2026\/08\/Mes-cheveux-tombent-de-facon-disproportionnee-Quest-ce-qui-est-normal-et-quest-ce-quil-ne-lest-pas-2_2026-300x200.webp 300w, https:\/\/www.capilclinic.com\/wp-content\/uploads\/2026\/08\/Mes-cheveux-tombent-de-facon-disproportionnee-Quest-ce-qui-est-normal-et-quest-ce-quil-ne-lest-pas-2_2026-150x100.webp 150w\" sizes=\"auto, (max-width: 600px) 100vw, 600px\" \/><\/p>\n<p>Les changements hormonaux li\u00e9s \u00e0 la grossesse, \u00e0 l\u2019accouchement, \u00e0 la m\u00e9nopause ou aux troubles de la thyro\u00efde sont quelques-uns des troubles qui peuvent provoquer une perte de cheveux temporaire ou permanente.<strong> L\u2019alop\u00e9cie areata<\/strong>, li\u00e9e au syst\u00e8me immunitaire, provoque une perte de cheveux in\u00e9gale et des infections du cuir chevelu telles que la teigne. La trichotillomanie, un trouble qui provoque une extraction compulsive des cheveux, en fait partie \u00e9galement.<\/p>\n<h3>Suppl\u00e9ments et m\u00e9dicaments<\/h3>\n<p>Certains m\u00e9dicaments, tels que ceux utilis\u00e9s pour traiter le cancer, l\u2019arthrite, la d\u00e9pression, <strong>les probl\u00e8mes cardiaques<\/strong>, la goutte et l\u2019hypertension art\u00e9rielle, peuvent provoquer la perte de cheveux.<\/p>\n<h3>Radioth\u00e9rapie<\/h3>\n<p>Ces <strong>traitements provoquent la chute des cheveux<\/strong> et il est tr\u00e8s probable que ceux-ci ne repoussent pas.<\/p>\n<h3>Stress<\/h3>\n<p>Apr\u00e8s un traumatisme physique ou \u00e9motionnel, de nombreuses personnes remarquent une diminution globale de l\u2019\u00e9paisseur de leurs cheveux. La perte de cheveux de ce type est temporaire.<\/p>\n<h3><b>Coiffures et soins de beaut\u00e9<\/b><\/h3>\n<p><strong>L\u2019alop\u00e9cie de traction est un type de perte de cheveux caus\u00e9e par un chauffage excessif<\/strong> ou des coiffures qui tirent trop fort sur les cheveux (comme les tresses africaines ou les queues de cheval). Les traitements permanents et les lisseurs \u00e0 cheveux \u00e0 temp\u00e9rature \u00e9lev\u00e9e peuvent \u00e9galement provoquer la perte de cheveux. La perte de cheveux peut \u00eatre permanente en l\u2019absence de cicatrices.<\/p>\n<h2>Facteur de risque pour une perte de cheveux disproportionn\u00e9e<\/h2>\n<p><img loading=\"lazy\" decoding=\"async\" class=\"aligncenter size-full wp-image-6662\" src=\"https:\/\/www.capilclinic.com\/wp-content\/uploads\/2026\/08\/Mes-cheveux-tombent-de-facon-disproportionnee-Quest-ce-qui-est-normal-et-quest-ce-quil-ne-lest-pas-3_2026.webp\" alt=\"\" width=\"600\" height=\"400\" title=\"\" srcset=\"https:\/\/www.capilclinic.com\/wp-content\/uploads\/2026\/08\/Mes-cheveux-tombent-de-facon-disproportionnee-Quest-ce-qui-est-normal-et-quest-ce-quil-ne-lest-pas-3_2026.webp 600w, https:\/\/www.capilclinic.com\/wp-content\/uploads\/2026\/08\/Mes-cheveux-tombent-de-facon-disproportionnee-Quest-ce-qui-est-normal-et-quest-ce-quil-ne-lest-pas-3_2026-300x200.webp 300w, https:\/\/www.capilclinic.com\/wp-content\/uploads\/2026\/08\/Mes-cheveux-tombent-de-facon-disproportionnee-Quest-ce-qui-est-normal-et-quest-ce-quil-ne-lest-pas-3_2026-150x100.webp 150w\" sizes=\"auto, (max-width: 600px) 100vw, 600px\" \/><\/p>\n<p>Les facteurs suivants augmentent la probabilit\u00e9 de perdre des cheveux :<\/p>\n<ul>\n<li>Facteurs h\u00e9r\u00e9ditaires, ant\u00e9c\u00e9dents familiaux d\u2019alop\u00e9cie paternelle ou maternelle ;<\/li>\n<li>L\u2019\u00e2ge.<\/li>\n<li>Une perte de poids soudaine et acc\u00e9l\u00e9r\u00e9e ;<\/li>\n<li>Avoir certaines conditions m\u00e9dicales telles que le lupus ou le diab\u00e8te.<\/li>\n<li>Malnutrition ou mauvaise alimentation.<\/li>\n<li>Stress.<\/li>\n<\/ul>\n<p><b>Peut-on l\u2019\u00e9viter ?<\/b><\/p>\n<p>La plupart des <strong>causes de calvitie<\/strong> sont g\u00e9n\u00e9tiques. La perte de cheveux de ce type est impossible \u00e0 \u00e9viter. Les conseils suivants peuvent vous aider \u00e0 pr\u00e9venir la chute des cheveux :<\/p>\n<ul>\n<li><strong>Traitez vos cheveux avec douceur<\/strong>. Lorsque vous brossez et coiffez les cheveux, utilisez un d\u00e9m\u00ealant pour \u00e9viter qu\u2019ils ne tirent, surtout s\u2019ils sont mouill\u00e9s. Un peigne \u00e0 dents larges peut aider \u00e0 pr\u00e9venir leur arrachage. \u00c9vitez les traitements agressifs tels que les fers \u00e0 lisser, les fers \u00e0 friser chauds, les traitements \u00e0 l\u2019huile chaude et les permanentes. L\u2019utilisation de bandes \u00e9lastiques, de boucles et de tresses r\u00e9duit la tension exerc\u00e9e sur les cheveux.<\/li>\n<li><strong>Demandez \u00e0 votre m\u00e9decin<\/strong> si les suppl\u00e9ments ou les m\u00e9dicaments que vous prenez peuvent causer la perte de cheveux.<\/li>\n<li><strong>Protectez vos cheveux<\/strong> des rayons ultraviolets du soleil et d\u2019autres sources de chaleur.<\/li>\n<li><strong>Arr\u00eatez de fumer<\/strong>, car il a \u00e9t\u00e9 d\u00e9montr\u00e9 dans certaines \u00e9tudes qu\u2019il existe une corr\u00e9lation entre le tabagisme et l\u2019alop\u00e9cie chez les hommes.<\/li>\n<li><strong>Parlez \u00e0 votre m\u00e9decin<\/strong> de la possibilit\u00e9 de porter des chapeaux froids si vous recevez une chimioth\u00e9rapie. Le risque de perdre des cheveux pendant la chimioth\u00e9rapie est r\u00e9duit avec ces bouchons.<\/li>\n<\/ul>\n<h2><b>Diagnostic de chute de cheveux disproportionn\u00e9e<\/b><\/h2>\n<p>Avant de poser un diagnostic, votre m\u00e9decin vous examinera probablement et vous posera des questions sur votre r\u00e9gime alimentaire, vos <a href=\"https:\/\/www.capilclinic.fr\/blog\/meilleurs-conseils-de-soins-capillaires-pour-les-hommes\/\" target=\"_blank\" rel=\"noopener\"><strong>routines de soins capillaires<\/strong><\/a>, vos ant\u00e9c\u00e9dents m\u00e9dicaux et vos ant\u00e9c\u00e9dents familiaux. Il peut \u00e9galement effectuer des tests sanguins, qui peuvent aider \u00e0 identifier des conditions m\u00e9dicales pouvant entra\u00eener une perte de cheveux.<\/p>\n<ul>\n<li><strong>Tests sanguins<\/strong> : cela pourrait aider \u00e0 identifier les conditions m\u00e9dicales qui peuvent entra\u00eener la perte de cheveux.<\/li>\n<li><strong>Tests de traction<\/strong> : Le m\u00e9decin tire doucement sur diff\u00e9rents poils pour d\u00e9terminer combien sont l\u00e2ch\u00e9s. Cela aide \u00e0 d\u00e9terminer l\u2019\u00e9tape du processus de perte.<\/li>\n<li><strong>Une biopsie du cuir chevelu<\/strong> : pour examiner les racines des cheveux au microscope. Le m\u00e9decin pr\u00e9l\u00e8ve des \u00e9chantillons de peau ou de poils sur le cuir chevelu. Cela peut aider \u00e0 d\u00e9terminer si une infection est la cause de la perte de cheveux.<\/li>\n<li><strong>Microscopie optique<\/strong> : le m\u00e9decin examine les poils coup\u00e9s \u00e0 la base \u00e0 l\u2019aide d\u2019un instrument sp\u00e9cial. La microscopie permet d\u2019identifier d\u2019\u00e9ventuels troubles de la tige du cheveu.<\/li>\n<\/ul>\n<h2>Conclusion<\/h2>\n<p>La cheveux tombent de fa\u00e7on disproportionn\u00e9e, connue sous le nom d\u2019effluvium t\u00e9log\u00e8ne, peut \u00eatre caus\u00e9e par plusieurs facteurs, notamment une pr\u00e9disposition g\u00e9n\u00e9tique, la prise de m\u00e9dicaments ou une maladie. Cette affection est souvent aggrav\u00e9e par des p\u00e9riodes de stress, qui peuvent entra\u00eener une perte accrue des follicules pileux. Il est conseill\u00e9 de consulter un sp\u00e9cialiste pour d\u00e9terminer la cause exacte et le traitement appropri\u00e9.<\/p>\n<p>Plusieurs <strong>facteurs peuvent entra\u00eener une perte de cheveux temporaire ou permanente<\/strong>. Les changements hormonaux li\u00e9s au grossesse, \u00e0 l\u2019accouchement ou \u00e0 la m\u00e9nopause, ainsi que les troubles de la thyro\u00efde, en sont des exemples. Il y a aussi l\u2019alop\u00e9cie areata, qui est li\u00e9e au syst\u00e8me immunitaire et provoque une perte de cheveux par plaques.<\/p>\n","protected":false},"excerpt":{"rendered":"<p>Nous perdons tous nos cheveux, mais nous ne les perdons pas tous de la m\u00eame mani\u00e8re. Selon les \u00e9tudes dermatologiques les plus prestigieuses sur la chute des cheveux, il est normal de perdre entre 50 et 100 cheveux par jour. Certaines personnes peuvent perdre jusqu\u2019\u00e0 150 cheveux par jour, sans que ce soit pour autant [&hellip;]<\/p>\n","protected":false},"author":4,"featured_media":6657,"comment_status":"open","ping_status":"open","sticky":false,"template":"","format":"standard","meta":{"footnotes":""},"categories":[29],"tags":[],"class_list":["post-6656","post","type-post","status-publish","format-standard","has-post-thumbnail","hentry","category-blog"],"_links":{"self":[{"href":"https:\/\/www.capilclinic.com\/fr\/wp-json\/wp\/v2\/posts\/6656","targetHints":{"allow":["GET"]}}],"collection":[{"href":"https:\/\/www.capilclinic.com\/fr\/wp-json\/wp\/v2\/posts"}],"about":[{"href":"https:\/\/www.capilclinic.com\/fr\/wp-json\/wp\/v2\/types\/post"}],"author":[{"embeddable":true,"href":"https:\/\/www.capilclinic.com\/fr\/wp-json\/wp\/v2\/users\/4"}],"replies":[{"embeddable":true,"href":"https:\/\/www.capilclinic.com\/fr\/wp-json\/wp\/v2\/comments?post=6656"}],"version-history":[{"count":2,"href":"https:\/\/www.capilclinic.com\/fr\/wp-json\/wp\/v2\/posts\/6656\/revisions"}],"predecessor-version":[{"id":6664,"href":"https:\/\/www.capilclinic.com\/fr\/wp-json\/wp\/v2\/posts\/6656\/revisions\/6664"}],"wp:featuredmedia":[{"embeddable":true,"href":"https:\/\/www.capilclinic.com\/fr\/wp-json\/wp\/v2\/media\/6657"}],"wp:attachment":[{"href":"https:\/\/www.capilclinic.com\/fr\/wp-json\/wp\/v2\/media?parent=6656"}],"wp:term":[{"taxonomy":"category","embeddable":true,"href":"https:\/\/www.capilclinic.com\/fr\/wp-json\/wp\/v2\/categories?post=6656"},{"taxonomy":"post_tag","embeddable":true,"href":"https:\/\/www.capilclinic.com\/fr\/wp-json\/wp\/v2\/tags?post=6656"}],"curies":[{"name":"wp","href":"https:\/\/api.w.org\/{rel}","templated":true}]}}