{"id":6620,"date":"2026-08-31T14:26:41","date_gmt":"2026-08-31T11:26:41","guid":{"rendered":"https:\/\/www.capilclinic.com\/?p=6620"},"modified":"2026-08-31T14:26:41","modified_gmt":"2026-08-31T11:26:41","slug":"je-deviens-chauve-que-puis-je-faire","status":"publish","type":"post","link":"https:\/\/www.capilclinic.com\/fr\/je-deviens-chauve-que-puis-je-faire\/","title":{"rendered":"Je deviens chauve: que puis-je faire?"},"content":{"rendered":"<p>Vous comptez peut-\u00eatre le nombre de poils sur votre oreiller, ou la quantit\u00e9 qui reste sur les dents du peigne pendant votre lavage de cheveux, et la quantit\u00e9 qui s\u2019accumule dans le receveur de douche tous les matins, depuis plusieurs mois. Dans cet article, nous allons aborder la question \u00ab <strong>Je deviens chauve: que puis-je faire?<\/strong><\/p>\n<p>Vous pouvez ressentir un recul des lignes de<a href=\"https:\/\/www.capilclinic.fr\/blog\/limportance-de-revisions-des-cheveux\/\" target=\"_blank\" rel=\"noopener\"> cheveux<\/a> \u00e0 l\u2019avant, \u00e0 la couronne et au z\u00e9nith, comme c\u2019est le cas chez la plupart des gens, en raison de multiples formes <strong>d\u2019alop\u00e9cie<\/strong>. Il est regrettable que la science n\u2019ait pas encore mis au point de rem\u00e8de contre cette maladie particuli\u00e8re.<\/p>\n<h2><strong>Je deviens chauve: que puis-je faire?<\/strong><\/h2>\n<p><img loading=\"lazy\" decoding=\"async\" class=\"aligncenter size-full wp-image-6622\" src=\"https:\/\/www.capilclinic.com\/wp-content\/uploads\/2026\/08\/calvitie-5_2026.webp\" alt=\"\" width=\"600\" height=\"400\" title=\"\" srcset=\"https:\/\/www.capilclinic.com\/wp-content\/uploads\/2026\/08\/calvitie-5_2026.webp 600w, https:\/\/www.capilclinic.com\/wp-content\/uploads\/2026\/08\/calvitie-5_2026-300x200.webp 300w, https:\/\/www.capilclinic.com\/wp-content\/uploads\/2026\/08\/calvitie-5_2026-150x100.webp 150w\" sizes=\"auto, (max-width: 600px) 100vw, 600px\" \/><\/p>\n<p>Je deviens chauve: que puis-je faire? Voici ce qu\u2019il faut savoir :<\/p>\n<h3>La calvitie a une solution<\/h3>\n<p>Heureusement, la science a d\u00e9couvert des moyens de pr\u00e9venir la calvitie et de restaurer la perte totale de cheveux chez les personnes ayant des zones clairsem\u00e9es ou visibles du cuir chevelu gr\u00e2ce \u00e0 des traitements innovants.<\/p>\n<p><strong>La greffe de cheveux de la zone donneuse \u00e0 la zone receveuse, connue sous le nom de greffe de cheveux FUSS<\/strong>, est la proc\u00e9dure de restauration capillaire la plus reconnue et la plus efficace au monde. La technique FUE du follicule folliculaire change la vie de centaines de milliers de personnes chauves.<\/p>\n<p>Cependant, cette technique permet non seulement d\u2019obtenir des r\u00e9sultats \u00e0 vie en une seule s\u00e9ance, mais elle est \u00e9galement extr\u00eamement abordable, comme en t\u00e9moignent les centres en France qui disposent de toutes les qualifications m\u00e9dicales n\u00e9cessaires et augmentent continuellement leur liste de patients.<\/p>\n<p>Pour r\u00e9soudre le probl\u00e8me de la croissance des cheveux, les gens peuvent utiliser des cellules souches par irrigation capillaire, qui enrichit leur plasma et produit des r\u00e9sultats similaires \u00e0 ceux de la microgreffe FUE. Ces deux produits se sont av\u00e9r\u00e9s efficaces pour pr\u00e9venir <strong>la chute des cheveux<\/strong> \u00e0 deux cents pour cent.<\/p>\n<h3>Solution 100% \u00e9prouv\u00e9e contre l\u2019alop\u00e9cie<\/h3>\n<p>Ces deux proc\u00e9dures ne sont pas universellement disponibles en raison du besoin en professionnels form\u00e9s \u00e0 ces techniques de pointe qui ont r\u00e9volutionn\u00e9 la chirurgie esth\u00e9tique et donn\u00e9 aux professionnels de la sant\u00e9 la certitude de traiter la calvitie avec des avantages \u00e0 vie.<\/p>\n<p>M\u00eame si les deux proc\u00e9dures sont largement disponibles, certains centres manquent d\u2019experts ayant de l\u2019exp\u00e9rience dans les techniques esth\u00e9tiques de pointe et capables de traiter efficacement la calvitie avec des r\u00e9sultats durables. Il s\u2019agit d\u2019une question de grande prudence m\u00e9dicale.<\/p>\n<p><strong>Capilclinic<\/strong>, qui a la plus grande satisfaction de la client\u00e8le parmi les coll\u00e8gues et les patients, propose deux proc\u00e9dures \u00e0 un prix abordable qu\u2019aucun autre centre ne peut offrir. Cela est d\u00fb au grand nombre de patients qui fr\u00e9quentent leurs \u00e9tablissements chaque ann\u00e9e.<\/p>\n<h2>Traitements alternatifs pour renforcer vos cheveux apr\u00e8s une greffe de cheveux<\/h2>\n<p><img loading=\"lazy\" decoding=\"async\" class=\"aligncenter size-full wp-image-6623\" src=\"https:\/\/www.capilclinic.com\/wp-content\/uploads\/2026\/08\/calvitie-3_2026.webp\" alt=\"\" width=\"600\" height=\"400\" title=\"\" srcset=\"https:\/\/www.capilclinic.com\/wp-content\/uploads\/2026\/08\/calvitie-3_2026.webp 600w, https:\/\/www.capilclinic.com\/wp-content\/uploads\/2026\/08\/calvitie-3_2026-300x200.webp 300w, https:\/\/www.capilclinic.com\/wp-content\/uploads\/2026\/08\/calvitie-3_2026-150x100.webp 150w\" sizes=\"auto, (max-width: 600px) 100vw, 600px\" \/><\/p>\n<p><strong>Les greffes de cheveux sont utilis\u00e9es pour traiter les personnes atteintes d\u2019alop\u00e9cie.<\/strong> Lorsque vos cheveux tombent, c\u2019est g\u00e9n\u00e9ralement \u00e0 cause de probl\u00e8mes avec votre cuir chevelu et vos follicules pileux. Il est alors n\u00e9cessaire de pratiquer des greffes de cheveux. Cependant, les traitements alternatifs qui aident \u00e0 renforcer les cheveux sont tr\u00e8s utiles. Ils favorisent la cr\u00e9ation de structures capillaires fra\u00eeches. Les g\u00e9lules de Vilanolab constituent un excellent substitut.<\/p>\n<p>La s\u00e9cheresse est un signe que la fibre se d\u00e9grade. Dans tous les cas, elle conduit \u00e0 la calvitie. Bien que la solution implantaire r\u00e9solve ce probl\u00e8me, elle provoque toujours la perte de cheveux en ins\u00e9rant le follicule pileux dans la zone touch\u00e9e. Rajeunissement du cuir chevelu et des cheveux. L\u2019utilisation de g\u00e9lules anti-chute entra\u00eene une croissance exceptionnelle des cheveux.<\/p>\n<h2>De quoi sont constitu\u00e9es les g\u00e9lules Vilanolab?<\/h2>\n<p><img loading=\"lazy\" decoding=\"async\" class=\"aligncenter size-full wp-image-6624\" src=\"https:\/\/www.capilclinic.com\/wp-content\/uploads\/2026\/08\/calvitie-1-1_2026.webp\" alt=\"\" width=\"600\" height=\"400\" title=\"\" srcset=\"https:\/\/www.capilclinic.com\/wp-content\/uploads\/2026\/08\/calvitie-1-1_2026.webp 600w, https:\/\/www.capilclinic.com\/wp-content\/uploads\/2026\/08\/calvitie-1-1_2026-300x200.webp 300w, https:\/\/www.capilclinic.com\/wp-content\/uploads\/2026\/08\/calvitie-1-1_2026-150x100.webp 150w\" sizes=\"auto, (max-width: 600px) 100vw, 600px\" \/><\/p>\n<p>Les g\u00e9lules Vilanolab <strong>sont des comprim\u00e9s qui contiennent un concentr\u00e9 de croissance favorisant la croissance des cheveux et minimisant la chute de ceux-ci sur le cuir chevelu.<\/strong> Prot\u00e8gent, purifient, \u00e9largissent et stimulent la croissance des cheveux. Ils nourrissent, revitalisent et rajeunissent les cheveux. En outre, ils ne contiennent pas d\u2019allerg\u00e8nes. En prenant une cuill\u00e8re \u00e0 soupe par jour, vous pourrez en r\u00e9colter les b\u00e9n\u00e9fices. Son efficacit\u00e9 en compl\u00e9ment de la greffe de cheveux est remarquable.<\/p>\n<p>Une consommation constante est essentielle pour obtenir d\u2019excellents r\u00e9sultats. Ne d\u00e9passez pas la quantit\u00e9 quotidienne. Assurez-vous que les capsules restent dans leur emballage d\u2019origine et ne soient pas expos\u00e9es \u00e0 la lumi\u00e8re. L\u2019objectif est d\u2019\u00e9viter d\u2019endommager votre structure. Le paquet contient 30 g\u00e9lules de 16,38 g chacune.<\/p>\n<h2>Ingr\u00e9dients des g\u00e9lules Vilanolab<\/h2>\n<p>Plusieurs composants sont pr\u00e9sents dans ces g\u00e9lules anti-chute. Ces produits contiennent les ingr\u00e9dients actifs n\u00e9cessaires \u00e0 la restauration des cheveux et \u00e0 la r\u00e9duction de leur chute. Il s\u2019agit notamment de :<\/p>\n<ul>\n<li><strong>L\u2019acide pantoth\u00e9nique, la vitamine B5<\/strong> : cette vitamine a la capacit\u00e9 de stimuler la croissance de la fibre capillaire ;<\/li>\n<li><strong>La D-biotine<\/strong> : stimule le m\u00e9tabolisme des nutriments dans les cellules. Parmi lesquels on trouve des graisses, des prot\u00e9ines et des glucides.<\/li>\n<li><strong>Gluconate de zinc<\/strong> : cet \u00e9l\u00e9ment bloque la production de l\u2019hormone DHT. Cette hormone est responsable de l\u2019apparition de l\u2019alop\u00e9cie androg\u00e9nique, \u00e9galement connue sous le nom de calvitie commune. Il s\u2019agit du type de <a href=\"https:\/\/www.capilclinic.fr\/blog\/lautomne-et-la-perte-de-cheveux\/\" target=\"_blank\" rel=\"noopener\">perte de cheveux<\/a> le plus courant et le plus difficile \u00e0 combattre.<\/li>\n<\/ul>\n<h2>Recommandations lors de l\u2019utilisation de ce produit<\/h2>\n<p><img loading=\"lazy\" decoding=\"async\" class=\"aligncenter size-full wp-image-6625\" src=\"https:\/\/www.capilclinic.com\/wp-content\/uploads\/2026\/08\/calvitie-2-1_2026.webp\" alt=\"\" width=\"600\" height=\"400\" title=\"\" srcset=\"https:\/\/www.capilclinic.com\/wp-content\/uploads\/2026\/08\/calvitie-2-1_2026.webp 600w, https:\/\/www.capilclinic.com\/wp-content\/uploads\/2026\/08\/calvitie-2-1_2026-300x200.webp 300w, https:\/\/www.capilclinic.com\/wp-content\/uploads\/2026\/08\/calvitie-2-1_2026-150x100.webp 150w\" sizes=\"auto, (max-width: 600px) 100vw, 600px\" \/><\/p>\n<p>Ne prenez que la quantit\u00e9 recommand\u00e9e de ce produit. <strong>La dose quotidienne d\u2019une capsule est de 16,38 grammes<\/strong>. Gardez \u00e0 l\u2019esprit que les compl\u00e9ments alimentaires ne doivent pas \u00eatre assimil\u00e9s \u00e0 une substitution d\u2019une alimentation par ailleurs saine. Il convient de noter que les g\u00e9lules peuvent contenir du gluten, du lait, des \u0153ufs, du soja et du c\u00e9leri. Elles contiennent \u00e9galement du dioxyde de soufre et des sulfites.<\/p>\n<p>Les capsules antichute sont une excellente option qui fonctionnent comme des agents de repousse. De nombreux avantages suppl\u00e9mentaires sont accessibles avec le kit complet de Vilanolab. La gamme compl\u00e8te de produits offre plus de vitalit\u00e9, de force et de protection pour vos cheveux.<\/p>\n<h2>Alop\u00e9cie diff\u00e9rente, pronostic diff\u00e9rent<\/h2>\n<p><strong>Il est crucial de diff\u00e9rencier les diff\u00e9rentes formes d\u2019alop\u00e9cie et, surtout, de faire la distinction entre les causes physiologiques et pathologiques.<\/strong> Rosa Taberner, la dermatologue qui tient le blog Dermapixel, souligne que la perte de cheveux est une cons\u00e9quence de diverses maladies. \u00ab La gamme de sympt\u00f4mes peut aller d\u2019une infection fongique connue sous le nom de teigne \u00e0 une maladie autosomique appel\u00e9e cicatrisation ou maladie auto-immune. \u00bb Les maladies de ce dernier type impliquent g\u00e9n\u00e9ralement le remplacement des cheveux par du tissu cicatriciel.<\/p>\n<p>Miguel S\u00e1nchez Viera, directeur de l\u2019Institut de dermatologie int\u00e9grale, a identifi\u00e9 l\u2019effluvium t\u00e9log\u00e8ne comme une cause naturelle de la perte de cheveux lors des changements de saison. Celle-ci peut \u00eatre due \u00e0 divers facteurs, tels que g\u00e9n\u00e9raux, organiques ou psychologiques.<\/p>\n<p>Un diagnostic pr\u00e9cis et rapide de ces maladies peut aider \u00e0 les traiter et \u00e0 arr\u00eater la calvitie. Taberner souligne que ce n\u2019est pas toujours le cas. Chaque maladie a son propre parcours, et les caract\u00e9ristiques de chaque patient doivent \u00e9galement \u00eatre prises en compte. Selon le dermatologue, bien qu\u2019il existe des teignes inflammatoires qui peuvent causer des dommages permanents \u00e0 la peau, comme c\u2019est le cas avec<a href=\"https:\/\/www.capilclinic.fr\/blog\/perte-de-cheveux-signes-avant-coureurs\/\" target=\"_blank\" rel=\"noopener\"> la perte de cheveux<\/a> la plus compliqu\u00e9e.<\/p>\n<h2>Comment savoir si vous souffrez d\u2019alop\u00e9cie androg\u00e9nique?<\/h2>\n<p><img loading=\"lazy\" decoding=\"async\" class=\"aligncenter size-full wp-image-6626\" src=\"https:\/\/www.capilclinic.com\/wp-content\/uploads\/2026\/08\/calvitie-4_2026.webp\" alt=\"\" width=\"600\" height=\"400\" title=\"\" srcset=\"https:\/\/www.capilclinic.com\/wp-content\/uploads\/2026\/08\/calvitie-4_2026.webp 600w, https:\/\/www.capilclinic.com\/wp-content\/uploads\/2026\/08\/calvitie-4_2026-300x200.webp 300w, https:\/\/www.capilclinic.com\/wp-content\/uploads\/2026\/08\/calvitie-4_2026-150x100.webp 150w\" sizes=\"auto, (max-width: 600px) 100vw, 600px\" \/><\/p>\n<p>Sanchez Viera a identifi\u00e9 <strong>l\u2019alop\u00e9cie androg\u00e9nique<\/strong>, \u00e9galement connue sous le nom d\u2019androg\u00e9n\u00e9tique, comme la condition dans laquelle la calvitie n\u2019est caus\u00e9e par aucune maladie et peut affecter 75 % des hommes, entre 20 et 40 ans, au cours des quatre derni\u00e8res d\u00e9cennies. Les femmes peuvent \u00e9galement ressentir le ph\u00e9nom\u00e8ne, \u00e0 hauteur de 30 %, surtout lorsque la m\u00e9nopause ou les changements hormonaux en sont la cause.<\/p>\n<h3>Importance du facteur g\u00e9n\u00e9tique<\/h3>\n<p><strong>La calvitie androg\u00e9nique n\u2019est pas universellement reconnue, car elle peut \u00eatre caus\u00e9e par des ant\u00e9c\u00e9dents familiaux d\u2019alop\u00e9cie.<\/strong> Selon Taberner, il existe des preuves sugg\u00e9rant que l\u2019alop\u00e9cie peut \u00eatre partiellement ou totalement induite g\u00e9n\u00e9tiquement, mais pas exclusivement. Il est possible que plusieurs facteurs environnementaux affectent la somme de plusieurs choses.<\/p>\n<p>Pour d\u00e9terminer si nous sommes \u00e0 risque, Taberner note que nous devons examiner nos grands-parents maternels de plus pr\u00e8s que nos grands-parents paternels, car l\u2019alop\u00e9cie androg\u00e9nique est caus\u00e9e par un g\u00e8ne r\u00e9cepteur aux androg\u00e8nes sur le chromosome X, que les femmes transmettent exclusivement \u00e0 leur prog\u00e9niture.<\/p>\n<h3>O\u00f9 se produit la perte de cheveux<\/h3>\n<p>Chez les hommes, <strong>la perte de cheveux androg\u00e8ne se produit le plus souvent dans les tempes, le sommet et le front<\/strong>. Chez les femmes, elle est plut\u00f4t diffuse sur l\u2019ensemble du cuir chevelu. C\u2019est un probl\u00e8me pour beaucoup de femmes.<\/p>\n<p>Le mod\u00e8le d\u2019alop\u00e9cie caus\u00e9e par une mauvaise sant\u00e9 est diff\u00e9rent. Selon Sanchez Viera, l\u2019alop\u00e9cie areata est caus\u00e9e par des taches chauves rondes, tandis que des cicatrices peuvent \u00eatre observ\u00e9es lorsque la racine des cheveux recule. Cette th\u00e9orie est soutenue par un autre expert.<\/p>\n<h3>Perte de cheveux quotidienne<\/h3>\n<p><strong>Le taux naturel de perte de cheveux est d\u2019environ 100 par jour<\/strong>. Taberner pense que les cheveux sont similaires \u00e0 la peau. Ils sont constitu\u00e9s d\u2019un organisme vivant qui subit des changements et des transformations. Le processus de croissance dure longtemps, suivi de pauses avant que les cheveux ne repoussent et ne forment des grumeaux.<\/p>\n<p>Bien que vous ne puissiez pas mesurer le nombre de poils qui tombent chaque jour, il y a une diminution notable de la pouss\u00e9e dentaire et une augmentation du volume des poils sur la brosse ou l\u2019oreiller apr\u00e8s une nuit de sommeil. Si cela se produit, le dermatologue conseille de consulter un sp\u00e9cialiste.<\/p>\n<h3>Autres signes avant-coureurs<\/h3>\n<p><strong>Les cheveux atteints de calvitie androg\u00e9n\u00e9tique r\u00e9tr\u00e9cissent et finissent par tomber<\/strong>. Les dermatologues poss\u00e8dent des techniques pour examiner ces \u00e9l\u00e9ments.<\/p>\n<p>Je deviens chauve : que puis-je faire ? Si la perte de vos cheveux ou ceux de votre enfant vous perturbe et si vous souhaitez un traitement, consultez votre m\u00e9decin. Pour les femmes qui pr\u00e9sentent un recul de la ligne des cheveux (alop\u00e9cie fibrosante frontale), demandez \u00e0 votre m\u00e9decin un traitement pr\u00e9coce afin d\u2019\u00e9viter une calvitie importante et permanente.<\/p>\n<h2>Pour conclure<\/h2>\n<p>Si \u00e0 chaque fois que vous vous regardez dans le miroir vous vous dites <strong>\u00abJe deviens chauve, que puis-je faire?\u00bb, sachez qu\u2019il existe de nombreuses solutions \u00e0 ce probl\u00e8me.<\/strong><\/p>\n<p><strong><a href=\"https:\/\/www.capilclinic.fr\/\" target=\"_blank\" rel=\"noopener\"> Capilclinic <\/a><\/strong>se distingue par ses services exceptionnels dans le domaine de la greffe de cheveux. Offrant des solutions efficaces \u00e0 ceux qui font face \u00e0 la calvitie. Si vous commencez \u00e0 perdre vos cheveux. Il est important de comprendre qu\u2019il existe de nombreuses options pour r\u00e9soudre ce probl\u00e8me. Des traitements topiques et m\u00e9dicaments aux th\u00e9rapies avanc\u00e9es comme la greffe de cheveux. Trouver la solution ad\u00e9quate n\u00e9cessite une \u00e9valuation minutieuse de vos besoins et attentes.<\/p>\n<p>Choisir Capilclinic garantit l\u2019acc\u00e8s \u00e0 des professionnels exp\u00e9riment\u00e9s et \u00e0 des technologies de pointe qui assurent des r\u00e9sultats naturels et durables. Ne laissez pas la calvitie affecter votre confiance; consultez des experts et reprenez le contr\u00f4le de votre image gr\u00e2ce aux services leaders de Capilclinic. Transformer votre apparence est \u00e0 port\u00e9e de main.<\/p>\n","protected":false},"excerpt":{"rendered":"<p>Vous comptez peut-\u00eatre le nombre de poils sur votre oreiller, ou la quantit\u00e9 qui reste sur les dents du peigne pendant votre lavage de cheveux, et la quantit\u00e9 qui s\u2019accumule dans le receveur de douche tous les matins, depuis plusieurs mois. Dans cet article, nous allons aborder la question \u00ab Je deviens chauve: que puis-je [&hellip;]<\/p>\n","protected":false},"author":4,"featured_media":6621,"comment_status":"open","ping_status":"open","sticky":false,"template":"","format":"standard","meta":{"footnotes":""},"categories":[29],"tags":[],"class_list":["post-6620","post","type-post","status-publish","format-standard","has-post-thumbnail","hentry","category-blog"],"_links":{"self":[{"href":"https:\/\/www.capilclinic.com\/fr\/wp-json\/wp\/v2\/posts\/6620","targetHints":{"allow":["GET"]}}],"collection":[{"href":"https:\/\/www.capilclinic.com\/fr\/wp-json\/wp\/v2\/posts"}],"about":[{"href":"https:\/\/www.capilclinic.com\/fr\/wp-json\/wp\/v2\/types\/post"}],"author":[{"embeddable":true,"href":"https:\/\/www.capilclinic.com\/fr\/wp-json\/wp\/v2\/users\/4"}],"replies":[{"embeddable":true,"href":"https:\/\/www.capilclinic.com\/fr\/wp-json\/wp\/v2\/comments?post=6620"}],"version-history":[{"count":2,"href":"https:\/\/www.capilclinic.com\/fr\/wp-json\/wp\/v2\/posts\/6620\/revisions"}],"predecessor-version":[{"id":6628,"href":"https:\/\/www.capilclinic.com\/fr\/wp-json\/wp\/v2\/posts\/6620\/revisions\/6628"}],"wp:featuredmedia":[{"embeddable":true,"href":"https:\/\/www.capilclinic.com\/fr\/wp-json\/wp\/v2\/media\/6621"}],"wp:attachment":[{"href":"https:\/\/www.capilclinic.com\/fr\/wp-json\/wp\/v2\/media?parent=6620"}],"wp:term":[{"taxonomy":"category","embeddable":true,"href":"https:\/\/www.capilclinic.com\/fr\/wp-json\/wp\/v2\/categories?post=6620"},{"taxonomy":"post_tag","embeddable":true,"href":"https:\/\/www.capilclinic.com\/fr\/wp-json\/wp\/v2\/tags?post=6620"}],"curies":[{"name":"wp","href":"https:\/\/api.w.org\/{rel}","templated":true}]}}