{"id":6580,"date":"2026-08-31T14:08:56","date_gmt":"2026-08-31T11:08:56","guid":{"rendered":"https:\/\/www.capilclinic.com\/?p=6580"},"modified":"2026-08-31T14:10:58","modified_gmt":"2026-08-31T11:10:58","slug":"jeunes-femmes-perdent-cheveux","status":"publish","type":"post","link":"https:\/\/www.capilclinic.com\/fr\/jeunes-femmes-perdent-cheveux\/","title":{"rendered":"Pourquoi les jeunes femmes perdent-elles leurs cheveux ?"},"content":{"rendered":"<p>Bien que <a href=\"https:\/\/www.capilclinic.fr\/blog\/lautomne-et-la-perte-de-cheveux\/\" target=\"_blank\" rel=\"noopener\">la perte de cheveux<\/a> soit associ\u00e9e \u00e0 l\u2019\u00e2ge m\u00fbr, elle touche \u00e9galement les jeunes femmes et les adolescentes plus souvent qu\u2019on ne le pense. La perte de cheveux chez les femmes peut \u00eatre particuli\u00e8rement stressante. C\u2019est surtout le cas pour les jeunes femmes. C\u2019est une p\u00e9riode o\u00f9 la plupart des femmes sont confront\u00e9es \u00e0 des probl\u00e8mes d\u2019estime de soi et d\u2019image corporelle. Dans cet article, vous apprendrez <strong>pourquoi les jeunes femmes perdent-elles leurs cheveux<\/strong> ?<\/p>\n<p>Bien que, dans la plupart des cas, il soit possible d\u2019arr\u00eater <strong>la chute des cheveux<\/strong>, il est n\u00e9cessaire qu\u2019un m\u00e9decin ou un sp\u00e9cialiste identifie d\u2019abord le probl\u00e8me sous-jacent. En effet, la perte de cheveux peut \u00eatre le sympt\u00f4me d\u2019un probl\u00e8me de sant\u00e9 non diagnostiqu\u00e9.<\/p>\n<h2>Pourquoi les jeunes femmes perdent-elles leurs cheveux ?<\/h2>\n<p><img loading=\"lazy\" decoding=\"async\" class=\"aligncenter size-full wp-image-6582\" src=\"https:\/\/www.capilclinic.com\/wp-content\/uploads\/2026\/08\/jeunes-femmes-4_2026.webp\" alt=\"\" width=\"600\" height=\"400\" title=\"\" srcset=\"https:\/\/www.capilclinic.com\/wp-content\/uploads\/2026\/08\/jeunes-femmes-4_2026.webp 600w, https:\/\/www.capilclinic.com\/wp-content\/uploads\/2026\/08\/jeunes-femmes-4_2026-300x200.webp 300w, https:\/\/www.capilclinic.com\/wp-content\/uploads\/2026\/08\/jeunes-femmes-4_2026-150x100.webp 150w\" sizes=\"auto, (max-width: 600px) 100vw, 600px\" \/><\/p>\n<p>La chute de cheveux \u00e0 l\u2019adolescence est un ph\u00e9nom\u00e8ne plus fr\u00e9quent qu\u2019on ne le croit souvent. Elle peut \u00eatre un indicateur d\u2019alop\u00e9cie, un probl\u00e8me temporaire ou un signe que quelque chose ne va pas dans l\u2019organisme.<\/p>\n<p>Voici une liste des causes les plus courantes de <strong>la perte de cheveux chez les femmes<\/strong> :<\/p>\n<h3>Les jeunes femmes perdent-elles leurs cheveux \u00e0 cause de probl\u00e8mes hormonaux ?<\/h3>\n<p>Pendant l\u2019adolescence, les niveaux d\u2019hormones peuvent changer consid\u00e9rablement et affecter la croissance des <a href=\"https:\/\/www.lasaharienne.fr\/comment-reguler-le-ph-des-cheveux-et-du-cuir-chevelu\/\" target=\"_blank\" rel=\"noopener\">cheveux<\/a>. Ces changements affectent autant les filles que les gar\u00e7ons et peuvent entra\u00eener un amincissement et une chute des cheveux.<\/p>\n<p>Un m\u00e9decin doit <strong>analyser la chute de cheveux hormonale<\/strong> afin de prescrire le meilleur traitement. En effet, dans de nombreux cas, elle peut \u00eatre le sympt\u00f4me d\u2019un probl\u00e8me de sant\u00e9. Les jeunes femmes qui commencent \u00e0 prendre la pilule contraceptive peuvent \u00e9galement voir leurs cheveux s\u2019\u00e9claircir ou tomber.<\/p>\n<h3><strong>Une mauvaise alimentation<\/strong><\/h3>\n<p>L\u2019alimentation joue un r\u00f4le important dans la sant\u00e9 de nos cheveux. Des cheveux pauvres en vitamines et min\u00e9raux essentiels, tels que la biotine, le fer, le zinc et la vitamine A, peuvent se ternir, s\u2019amincir ou m\u00eame tomber.<\/p>\n<p><strong>Les r\u00e9gimes extr\u00eames peuvent \u00e9galement favoriser la chute des cheveux.<\/strong><\/p>\n<p>Il est conseill\u00e9 de r\u00e9duire les aliments transform\u00e9s et la restauration rapide. R\u00e9duisez \u00e9galement votre consommation de sucre raffin\u00e9 et adaptez votre r\u00e9gime alimentaire en y incluant les bons aliments.<\/p>\n<h3><strong>L\u2019alop\u00e9cie de traction <\/strong><\/h3>\n<p>Ce <strong>type d\u2019alop\u00e9cie<\/strong> survient g\u00e9n\u00e9ralement lorsque les cheveux sont soumis \u00e0 un stress excessif. Elle est due \u00e0 l\u2019abus de certaines coiffures, telles que les chignons ou les tresses, ou \u00e0 l\u2019utilisation d\u2019extensions.<\/p>\n<p>Les effets peuvent \u00eatre invers\u00e9s avec le temps, \u00e0 condition que les cheveux ne soient plus soumis \u00e0 un stress.<\/p>\n<h3><strong>Tirage inconscient des cheveux<\/strong><\/h3>\n<p>La trichotillomanie est un trouble psychologique qui consiste \u00e0 s\u2019arracher les cheveux, laissant ainsi des zones chauves.<\/p>\n<h3><strong>Alop\u00e9cie areata <\/strong><\/h3>\n<p><img loading=\"lazy\" decoding=\"async\" class=\"aligncenter size-full wp-image-6583\" src=\"https:\/\/www.capilclinic.com\/wp-content\/uploads\/2026\/08\/jeunes-femmes-5_2026.webp\" alt=\"\" width=\"600\" height=\"400\" title=\"\" srcset=\"https:\/\/www.capilclinic.com\/wp-content\/uploads\/2026\/08\/jeunes-femmes-5_2026.webp 600w, https:\/\/www.capilclinic.com\/wp-content\/uploads\/2026\/08\/jeunes-femmes-5_2026-300x200.webp 300w, https:\/\/www.capilclinic.com\/wp-content\/uploads\/2026\/08\/jeunes-femmes-5_2026-150x100.webp 150w\" sizes=\"auto, (max-width: 600px) 100vw, 600px\" \/><\/p>\n<p>L\u2019alop\u00e9cie <strong>est une affection m\u00e9dicale qui provoque la chute des cheveux. Elle peut se manifester de diff\u00e9rentes mani\u00e8res.<\/strong> L\u2019une des formes les plus courantes d\u2019alop\u00e9cie est l\u2019alop\u00e9cie areata, une maladie auto-immune qui touche g\u00e9n\u00e9ralement les adolescents et les jeunes adultes.<\/p>\n<p>On pense que l\u2019alop\u00e9cie areata affecte le syst\u00e8me immunitaire. Celui-ci attaque les follicules pileux et inhibe leur croissance. Cette maladie peut \u00eatre h\u00e9r\u00e9ditaire. Elle survient le plus souvent chez les personnes ayant des ant\u00e9c\u00e9dents familiaux.<\/p>\n<p>Voici quelques traitements courants de l\u2019alop\u00e9cie areata :<\/p>\n<ul>\n<li>Cr\u00e8mes, comprim\u00e9s ou injections de corticost\u00e9ro\u00efdes<\/li>\n<li>La lumi\u00e8re ultraviolette.<\/li>\n<li>Traitements de sensibilisation par contact<\/li>\n<li>Lotion au minoxidil<\/li>\n<li>Cr\u00e8me \u00e0 l\u2019anthraline<\/li>\n<li>Pilules immunosuppresseurs.<\/li>\n<\/ul>\n<p>Les femmes souffrant d\u2019alop\u00e9cie areata peuvent avoir du mal \u00e0 faire face \u00e0 l\u2019impact \u00e9motionnel de la maladie. Il est donc tr\u00e8s important qu\u2019elles b\u00e9n\u00e9ficient d\u2019un soutien psychologique et \u00e9motionnel.<\/p>\n<h3><strong>Alop\u00e9cie androg\u00e9nique <\/strong><\/h3>\n<p>L\u2019alop\u00e9cie androg\u00e9nique <strong>touche plus fr\u00e9quemment les femmes de plus de 30 ans.<\/strong> Elle est plus fr\u00e9quente chez les femmes m\u00e9nopaus\u00e9es.<\/p>\n<p>L\u2019alop\u00e9cie androg\u00e9nique chez la femme appara\u00eet \u00e0 ce stade en raison de l\u2019alt\u00e9ration des hormones. Elle est li\u00e9e au facteur g\u00e9n\u00e9tique qui provoque le d\u00e9tachement de la m\u00e8che de cheveux. Cependant, comme nous l\u2019avons dit, elle peut survenir plus t\u00f4t. Cette perte de cheveux peut se produire vers l\u2019\u00e2ge de 30 ans, voire \u00e0 la fin de la pubert\u00e9 et au d\u00e9but de l\u2019\u00e2ge adulte.<\/p>\n<p>Pour lutter contre l\u2019alop\u00e9cie, il est bon de maintenir une alimentation \u00e9quilibr\u00e9e. Il est \u00e9galement conseill\u00e9 d\u2019appliquer des traitements \u00e0 base de minoxidil, de plasma riche en plaquettes, de m\u00e9soth\u00e9rapie capillaire ou de greffe de cheveux.<\/p>\n<h2>Comment traiter la perte de cheveux chez les jeunes femmes ?<\/h2>\n<p><img loading=\"lazy\" decoding=\"async\" class=\"aligncenter size-full wp-image-6584\" src=\"https:\/\/www.capilclinic.com\/wp-content\/uploads\/2026\/08\/jeunes-femmes-3_2026.webp\" alt=\"\" width=\"600\" height=\"400\" title=\"\" srcset=\"https:\/\/www.capilclinic.com\/wp-content\/uploads\/2026\/08\/jeunes-femmes-3_2026.webp 600w, https:\/\/www.capilclinic.com\/wp-content\/uploads\/2026\/08\/jeunes-femmes-3_2026-300x200.webp 300w, https:\/\/www.capilclinic.com\/wp-content\/uploads\/2026\/08\/jeunes-femmes-3_2026-150x100.webp 150w\" sizes=\"auto, (max-width: 600px) 100vw, 600px\" \/><\/p>\n<p>Qu\u2019elle r\u00e9sulte d\u2019un probl\u00e8me hormonal ou g\u00e9n\u00e9tique, il existe <strong>diff\u00e9rents traitements pour traiter la chute des cheveux chez les femmes<\/strong>. En voici quelques-uns :<\/p>\n<h3>Le finasteride ou le minoxidil<\/h3>\n<p><strong>Ces m\u00e9dicaments sont utilis\u00e9s pour stopper ou ralentir l\u2019alop\u00e9cie chez les femmes et les hommes.<\/strong> Cependant, il est tr\u00e8s important de savoir que le Finasteride ne peut \u00eatre administr\u00e9 qu\u2019aux femmes m\u00e9nopaus\u00e9es. Il ne doit pas \u00eatre administr\u00e9 aux personnes en \u00e2ge de procr\u00e9er.<\/p>\n<p>Ces m\u00e9dicaments augmentent la densit\u00e9 et l\u2019\u00e9paisseur des cheveux. Ils renforcent \u00e9galement le cheveu \u00e0 sa racine. Ils doivent \u00eatre utilis\u00e9s en permanence, car si leur utilisation est interrompue, les effets obtenus jusqu\u2019alors sont perdus.<\/p>\n<h3>Le plasma riche en plaquettes ?<\/h3>\n<p>Ce traitement stimule<strong> la croissance des cheveux et pr\u00e9vient ou ralentit la chute<\/strong>. Il r\u00e9g\u00e9n\u00e8re \u00e9galement les follicules pileux endommag\u00e9s. Il favorise \u00e9galement la production de collag\u00e8ne, d\u2019\u00e9lastine et d\u2019acide hyaluronique. Pour r\u00e9aliser cette proc\u00e9dure, le sang du patient est pr\u00e9lev\u00e9 et centrifug\u00e9 afin de s\u00e9parer le plasma et les plaquettes des cellules sanguines. Une fois s\u00e9par\u00e9s, des micro-injections de plasma et de plaquettes sont effectu\u00e9es.<\/p>\n<h3>M\u00e9soth\u00e9rapie capillaire<\/h3>\n<p>Il s\u2019agit de l\u2019application de micro-injections contenant un m\u00e9lange de coenzymes, de vitamines, d\u2019antioxydants, d\u2019acide hyaluronique et d\u2019acides amin\u00e9s. Tous ces \u00e9l\u00e9ments favorisent le cuir chevelu.<strong> Elle stimule les follicules pileux et aide les cheveux \u00e0 pousser de mani\u00e8re plus \u00e9lastique, plus \u00e9paisse et plus forte.<\/strong> Elle ralentit ou stoppe la chute des cheveux d\u00e8s les premiers stades. Il est \u00e9galement tr\u00e8s efficace apr\u00e8s une greffe de cheveux, car il renforce la m\u00e8che en croissance.<\/p>\n<h3>Greffe de cheveux<\/h3>\n<p>La greffe de cheveux est une chirurgie capillaire qui s\u2019adresse aux personnes souffrant d\u2019une perte de cheveux permanente. Il existe plusieurs m\u00e9thodes pour la r\u00e9aliser. Il s\u2019agit des <strong>techniques FUT<\/strong>, <strong>FUE et DHI<\/strong>. Elle consiste \u00e0 pr\u00e9lever des unit\u00e9s folliculaires d\u2019une zone donneuse vers une zone receveuse, c\u2019est-\u00e0-dire l\u00e0 o\u00f9 il n\u2019y a pas de cheveux. Il s\u2019agit d\u2019un traitement permanent, peu invasif, indolore et dont les r\u00e9sultats sont optimaux et naturels. Il permet au patient de retrouver ses cheveux et son estime de soi.<\/p>\n<h2>Comment l\u2019alop\u00e9cie androg\u00e9nique affecte-t-elle les jeunes femmes sur le plan \u00e9motionnel ?<\/h2>\n<p><img loading=\"lazy\" decoding=\"async\" class=\"aligncenter size-full wp-image-6585\" src=\"https:\/\/www.capilclinic.com\/wp-content\/uploads\/2026\/08\/jeunes-femmes-2_2026.webp\" alt=\"\" width=\"600\" height=\"400\" title=\"\" srcset=\"https:\/\/www.capilclinic.com\/wp-content\/uploads\/2026\/08\/jeunes-femmes-2_2026.webp 600w, https:\/\/www.capilclinic.com\/wp-content\/uploads\/2026\/08\/jeunes-femmes-2_2026-300x200.webp 300w, https:\/\/www.capilclinic.com\/wp-content\/uploads\/2026\/08\/jeunes-femmes-2_2026-150x100.webp 150w\" sizes=\"auto, (max-width: 600px) 100vw, 600px\" \/><\/p>\n<p>L\u2019impact \u00e9motionnel de la calvitie peut \u00eatre tr\u00e8s important. Lorsqu\u2019une personne constate sa perte de cheveux, elle commence g\u00e9n\u00e9ralement \u00e0 perdre confiance en elle et \u00e0 avoir une mauvaise opinion d\u2019elle-m\u00eame. Dans un premier temps, de nombreuses personnes tentent de nier l\u2019existence de la calvitie. La plupart du temps parce qu\u2019elle est associ\u00e9e \u00e0 une maladie grave ou au vieillissement. En r\u00e9alit\u00e9, l\u2019alop\u00e9cie peut affecter l\u2019image, mais aussi l\u2019aspect psychologique de la personne qui en souffre. <strong>Elle peut alors souffrir de :<\/strong><\/p>\n<ul>\n<li>Une faible estime de soi<\/li>\n<li>D\u00e9pression<\/li>\n<li>Du stress ;<\/li>\n<\/ul>\n<p>Heureusement, la science et la m\u00e9decine progressent constamment et il est aujourd\u2019hui possible d\u2019acc\u00e9der \u00e0 de toutes nouvelles techniques d\u2019implants capillaires permettant de r\u00e9soudre l\u2019alop\u00e9cie androg\u00e9nique chez la femme. Il s\u2019agit d\u2019une solution permanente qui am\u00e9liore l\u2019image de la femme, son esth\u00e9tique, sa densit\u00e9 et, bien s\u00fbr, qui augmente sa s\u00e9curit\u00e9 tout en \u00e9liminant les probl\u00e8mes \u00e9motionnels caus\u00e9s par <strong>la calvitie<\/strong>.<\/p>\n<h2>Conclusions<\/h2>\n<p><img loading=\"lazy\" decoding=\"async\" class=\"aligncenter size-full wp-image-6586\" src=\"https:\/\/www.capilclinic.com\/wp-content\/uploads\/2026\/08\/jeunes-femmes-1_2026.webp\" alt=\"\" width=\"600\" height=\"400\" title=\"\" srcset=\"https:\/\/www.capilclinic.com\/wp-content\/uploads\/2026\/08\/jeunes-femmes-1_2026.webp 600w, https:\/\/www.capilclinic.com\/wp-content\/uploads\/2026\/08\/jeunes-femmes-1_2026-300x200.webp 300w, https:\/\/www.capilclinic.com\/wp-content\/uploads\/2026\/08\/jeunes-femmes-1_2026-150x100.webp 150w\" sizes=\"auto, (max-width: 600px) 100vw, 600px\" \/><\/p>\n<p><strong>La premi\u00e8re cause importante de perte de cheveux est li\u00e9e \u00e0 l\u2019apparition de l\u2019an\u00e9mie et de la carence en fer.<\/strong> Une chute de cheveux qui ne peut \u00eatre r\u00e9solue qu\u2019en r\u00e9tablissant les niveaux normaux de cette substance et en prenant grand soin des cheveux que nous avons pendant la dur\u00e9e de cette pathologie.<\/p>\n<p>Elle peut \u00e9galement \u00eatre due \u00e0 un manque de diff\u00e9rents \u00e9l\u00e9ments contenus dans de nombreux aliments, en particulier les fruits et l\u00e9gumes, tels que les vitamines B et C, ou om\u00e9ga 3, entre autres. Ces \u00e9l\u00e9ments renforcent les follicules pileux et, lorsqu\u2019ils sont \u00e0 des niveaux tr\u00e8s bas, entra\u00eenent la perte des cheveux. C\u2019est pourquoi il est si important d\u2019avoir une alimentation \u00e9quilibr\u00e9e, comme la cuisine m\u00e9diterran\u00e9enne, qui s\u2019\u00e9loigne des r\u00e9gimes miracles qui ne font que favoriser la chute des cheveux.<\/p>\n<p><strong>Une autre cause de la perte de cheveux<\/strong> chez la femme est li\u00e9e \u00e0 l\u2019ingestion de certains m\u00e9dicaments, au passage en salle d\u2019op\u00e9ration pour toute intervention qui alt\u00e8re notre corps et \u00e0 la pr\u00e9sence de substances dans celui-ci.<\/p>\n<h3>Ce que les sp\u00e9cialistes disent de Capilclinic<\/h3>\n<p>Les probl\u00e8mes m\u00e9dicaux, les probl\u00e8mes du syst\u00e8me immunitaire, l\u2019apparition de la thyro\u00efde ou les graves d\u00e9s\u00e9quilibres hormonaux sont \u00e9galement \u00e0 l\u2019origine de la chute anormale des cheveux chez de nombreuses femmes \u00e0 un \u00e2ge pr\u00e9coce.<\/p>\n<p>En ce sens, il convient de noter que les jeunes femmes qui suivent des traitements de chimioth\u00e9rapie pour tuer leurs cellules canc\u00e9reuses subissent une perte de cheveux \u00e9vidente.<\/p>\n<p>Le stress, pr\u00e9sent en exc\u00e8s chez de nombreuses jeunes femmes, peut \u00e9galement provoquer la perte de cheveux. Leur disparition, souvent provoqu\u00e9e par une intervention m\u00e9dicale, ne leur permet pas de retrouver une apparence similaire \u00e0 celle d\u2019origine.<\/p>\n<p>Il est important de rappeler qu\u2019il existe des solutions \u00e0 ces probl\u00e8mes de perte de cheveux, qu\u2019ils soient dus \u00e0 un d\u00e9s\u00e9quilibre hormonal, \u00e0 une condition g\u00e9n\u00e9tique, \u00e0 une mauvaise alimentation ou \u00e0 un stress important.<\/p>\n<p>Si vous d\u00e9cidez de recourir \u00e0 une greffe de cheveux pour r\u00e9soudre ce probl\u00e8me, nous vous <strong>recommandons Capilclinic<\/strong>. Nous disposons des meilleurs sp\u00e9cialistes de la r\u00e9gion, qui vous accorderont la meilleure attention. N\u2019oubliez pas que votre image est importante.<\/p>\n","protected":false},"excerpt":{"rendered":"<p>Bien que la perte de cheveux soit associ\u00e9e \u00e0 l\u2019\u00e2ge m\u00fbr, elle touche \u00e9galement les jeunes femmes et les adolescentes plus souvent qu\u2019on ne le pense. La perte de cheveux chez les femmes peut \u00eatre particuli\u00e8rement stressante. C\u2019est surtout le cas pour les jeunes femmes. C\u2019est une p\u00e9riode o\u00f9 la plupart des femmes sont confront\u00e9es [&hellip;]<\/p>\n","protected":false},"author":4,"featured_media":6581,"comment_status":"open","ping_status":"open","sticky":false,"template":"","format":"standard","meta":{"footnotes":""},"categories":[29],"tags":[],"class_list":["post-6580","post","type-post","status-publish","format-standard","has-post-thumbnail","hentry","category-blog"],"_links":{"self":[{"href":"https:\/\/www.capilclinic.com\/fr\/wp-json\/wp\/v2\/posts\/6580","targetHints":{"allow":["GET"]}}],"collection":[{"href":"https:\/\/www.capilclinic.com\/fr\/wp-json\/wp\/v2\/posts"}],"about":[{"href":"https:\/\/www.capilclinic.com\/fr\/wp-json\/wp\/v2\/types\/post"}],"author":[{"embeddable":true,"href":"https:\/\/www.capilclinic.com\/fr\/wp-json\/wp\/v2\/users\/4"}],"replies":[{"embeddable":true,"href":"https:\/\/www.capilclinic.com\/fr\/wp-json\/wp\/v2\/comments?post=6580"}],"version-history":[{"count":1,"href":"https:\/\/www.capilclinic.com\/fr\/wp-json\/wp\/v2\/posts\/6580\/revisions"}],"predecessor-version":[{"id":6587,"href":"https:\/\/www.capilclinic.com\/fr\/wp-json\/wp\/v2\/posts\/6580\/revisions\/6587"}],"wp:featuredmedia":[{"embeddable":true,"href":"https:\/\/www.capilclinic.com\/fr\/wp-json\/wp\/v2\/media\/6581"}],"wp:attachment":[{"href":"https:\/\/www.capilclinic.com\/fr\/wp-json\/wp\/v2\/media?parent=6580"}],"wp:term":[{"taxonomy":"category","embeddable":true,"href":"https:\/\/www.capilclinic.com\/fr\/wp-json\/wp\/v2\/categories?post=6580"},{"taxonomy":"post_tag","embeddable":true,"href":"https:\/\/www.capilclinic.com\/fr\/wp-json\/wp\/v2\/tags?post=6580"}],"curies":[{"name":"wp","href":"https:\/\/api.w.org\/{rel}","templated":true}]}}