{"id":6506,"date":"2026-08-31T11:49:01","date_gmt":"2026-08-31T08:49:01","guid":{"rendered":"https:\/\/www.capilclinic.com\/?p=6506"},"modified":"2026-08-31T11:49:01","modified_gmt":"2026-08-31T08:49:01","slug":"problemes-derives-de-lalopecie","status":"publish","type":"post","link":"https:\/\/www.capilclinic.com\/fr\/problemes-derives-de-lalopecie\/","title":{"rendered":"Probl\u00e8mes d\u00e9riv\u00e9s de l\u2019alop\u00e9cie"},"content":{"rendered":"<p>L\u2019image est un \u00e9l\u00e9ment essentiel dans la soci\u00e9t\u00e9 actuelle. Si les yeux et la bouche sont la vitrine de notre expressivit\u00e9 naturelle. C\u2019est-\u00e0-dire qu\u2019il n\u2019y a pas beaucoup de fa\u00e7ons de les changer, \u00e0 part se coiffer. Lorsque nous les coiffons, nous les modelons \u00e0 notre go\u00fbt, couleur, forme, longueur, nous pouvons les changer en fonction de la p\u00e9riode de l\u2019ann\u00e9e. Bref, c\u2019est quelque chose que nous pouvons modeler \u00e0 notre guise. Ils apprendront donc <strong>les probl\u00e8mes d\u00e9riv\u00e9s de l\u2019alop\u00e9cie<\/strong>.<\/p>\n<p>Cependant, certaines situations \u00e9chappent \u00e0 notre contr\u00f4le, comme <a href=\"https:\/\/capilclinic.fr\/problemes-capillaires\/\" target=\"_blank\" rel=\"noopener\">la calvitie<\/a>. Dans ce cas, la <strong>perte de cheveux<\/strong> entra\u00eene une baisse de l\u2019estime de soi et perturbe l\u2019\u00e9quilibre \u00e9motionnel. Les solutions \u00e0 ce d\u00e9s\u00e9quilibre psychologique sont \u00e0 notre port\u00e9e, du traitement capillaire au Minoxidil \u00e0 la greffe de cheveux.<\/p>\n<h2>Qu\u2019est-ce que l\u2019alop\u00e9cie ?<\/h2>\n<p><img loading=\"lazy\" decoding=\"async\" class=\"aligncenter size-full wp-image-6508\" src=\"https:\/\/www.capilclinic.com\/wp-content\/uploads\/2026\/08\/Problemes-derives-de-lalopecie-768x512_2026.webp\" alt=\"\" width=\"768\" height=\"512\" title=\"\" srcset=\"https:\/\/www.capilclinic.com\/wp-content\/uploads\/2026\/08\/Problemes-derives-de-lalopecie-768x512_2026.webp 768w, https:\/\/www.capilclinic.com\/wp-content\/uploads\/2026\/08\/Problemes-derives-de-lalopecie-768x512_2026-300x200.webp 300w, https:\/\/www.capilclinic.com\/wp-content\/uploads\/2026\/08\/Problemes-derives-de-lalopecie-768x512_2026-600x400.webp 600w, https:\/\/www.capilclinic.com\/wp-content\/uploads\/2026\/08\/Problemes-derives-de-lalopecie-768x512_2026-150x100.webp 150w\" sizes=\"auto, (max-width: 768px) 100vw, 768px\" \/><\/p>\n<p>Il s\u2019agit d\u2019une perte de cheveux anormale, c\u2019est-\u00e0-dire lorsque plus de 100 cheveux sont perdus par jour. <strong>Les types d\u2019alop\u00e9cie ne sont pas des maladies qui affectent la sant\u00e9 de notre corps.<\/strong> Il s\u2019agit de probl\u00e8mes esth\u00e9tiques, cong\u00e9nitaux et inh\u00e9rents. En d\u2019autres termes, il s\u2019agit de quelque chose d\u2019inh\u00e9rent \u00e0 l\u2019\u00eatre humain qui n\u2019est pas une maladie, mais qui affecte notre apparence. La calvitie touche plus de la moiti\u00e9 de la population, en particulier dans le monde occidental.<\/p>\n<p>La perte de cheveux est souvent source d\u2019anxi\u00e9t\u00e9 et de d\u00e9pression, et peut nuire aux relations sociales. Certaines personnes s\u2019y accommodent naturellement, mais la plupart en sont tr\u00e8s affect\u00e9es. \u00c0 certains \u00e2ges, la perte de cheveux est particuli\u00e8rement mal v\u00e9cue, car elle rappelle la fuite inexorable des ann\u00e9es et le go\u00fbt que l\u2019on n\u2019avait pas pour cette jeunesse.<\/p>\n<h3>Probl\u00e8mes d\u00e9riv\u00e9s de l\u2019alop\u00e9cie : les causes<\/h3>\n<p>Ll existe diff\u00e9rents facteurs qui influencent la perte de cheveux :<\/p>\n<ul>\n<li><strong>L\u2019h\u00e9r\u00e9dit\u00e9<\/strong> : les hommes et les femmes perdent beaucoup de cheveux \u00e0 cause de l\u2019\u00e2ge. Ce type de calvitie n\u2019est pas caus\u00e9 par une maladie et est li\u00e9 au vieillissement.<\/li>\n<li><strong>Le stress physique ou \u00e9motionnel peut provoquer la chute des cheveux<\/strong>. En l\u2019espace de quelques jours, vous pouvez remarquer que la plupart des cheveux ont disparu, ce qui se produit les jours de grande anxi\u00e9t\u00e9 ou plus tard.<\/li>\n<li>Une <strong>alimentation d\u00e9s\u00e9quilibr\u00e9e<\/strong> et pauvre en min\u00e9raux et en nutriments.<\/li>\n<li><strong>L\u2019utilisation excessive de shampooing<\/strong> et de s\u00e8che-cheveux ;<\/li>\n<li><strong>La prise de m\u00e9dicaments<\/strong> tels que les anticoagulants, les contraceptifs ou les antid\u00e9presseurs peut \u00e9galement provoquer la chute des cheveux.<\/li>\n<li><strong>La grossesse et l\u2019accouchement<\/strong> : il est tr\u00e8s fr\u00e9quent que les femmes qui viennent d\u2019accoucher subissent une perte de cheveux.<\/li>\n<li>Elle peut \u00e9galement \u00eatre caus\u00e9e par des maladies telles que le lupus, la syphilis, le diab\u00e8te, l\u2019hypothyro\u00efdie ou l\u2019an\u00e9mie.<\/li>\n<li>Une coiffure violente ou rude<\/li>\n<li>Radioth\u00e9rapie.<\/li>\n<\/ul>\n<h2>La chute de cheveux chez les jeunes<\/h2>\n<p><img loading=\"lazy\" decoding=\"async\" class=\"aligncenter size-full wp-image-6509\" src=\"https:\/\/www.capilclinic.com\/wp-content\/uploads\/2026\/08\/Problemes-derives-de-lalopecie-2-768x512_2026.webp\" alt=\"\" width=\"768\" height=\"512\" title=\"\" srcset=\"https:\/\/www.capilclinic.com\/wp-content\/uploads\/2026\/08\/Problemes-derives-de-lalopecie-2-768x512_2026.webp 768w, https:\/\/www.capilclinic.com\/wp-content\/uploads\/2026\/08\/Problemes-derives-de-lalopecie-2-768x512_2026-300x200.webp 300w, https:\/\/www.capilclinic.com\/wp-content\/uploads\/2026\/08\/Problemes-derives-de-lalopecie-2-768x512_2026-600x400.webp 600w, https:\/\/www.capilclinic.com\/wp-content\/uploads\/2026\/08\/Problemes-derives-de-lalopecie-2-768x512_2026-150x100.webp 150w\" sizes=\"auto, (max-width: 768px) 100vw, 768px\" \/><\/p>\n<p>Le probl\u00e8me est moins naturel lorsqu\u2019il touche les jeunes, car la chute de cheveux est \u00e9troitement li\u00e9e \u00e0 la maturit\u00e9 et au vieillissement. Elle est typique de l\u2019alop\u00e9cie androg\u00e9n\u00e9tique, h\u00e9rit\u00e9e du code g\u00e9n\u00e9tique. Ce <strong>type d\u2019alop\u00e9cie<\/strong> devient plus \u00e9vident apr\u00e8s 40 ans.<\/p>\n<p>Cependant, il existe des cas comme l\u2019alop\u00e9cie areata, qui peut appara\u00eetre plus t\u00f4t et \u00eatre localis\u00e9e sur le cuir chevelu. Mais m\u00eame dans ce cas, elle est temporaire.<\/p>\n<h2>La calvitie masculine et l\u2019estime de soi<\/h2>\n<p><img loading=\"lazy\" decoding=\"async\" class=\"aligncenter size-full wp-image-6510\" src=\"https:\/\/www.capilclinic.com\/wp-content\/uploads\/2026\/08\/Problemes-derives-de-lalopecie-3-768x512_2026.webp\" alt=\"\" width=\"768\" height=\"512\" title=\"\" srcset=\"https:\/\/www.capilclinic.com\/wp-content\/uploads\/2026\/08\/Problemes-derives-de-lalopecie-3-768x512_2026.webp 768w, https:\/\/www.capilclinic.com\/wp-content\/uploads\/2026\/08\/Problemes-derives-de-lalopecie-3-768x512_2026-300x200.webp 300w, https:\/\/www.capilclinic.com\/wp-content\/uploads\/2026\/08\/Problemes-derives-de-lalopecie-3-768x512_2026-600x400.webp 600w, https:\/\/www.capilclinic.com\/wp-content\/uploads\/2026\/08\/Problemes-derives-de-lalopecie-3-768x512_2026-150x100.webp 150w\" sizes=\"auto, (max-width: 768px) 100vw, 768px\" \/><\/p>\n<p><strong>L\u2019alop\u00e9cie peut continuer \u00e0 affecter l\u2019estime de soi des hommes de toutes les g\u00e9n\u00e9rations.<\/strong> Dans de nombreux cas, les hommes associent un cr\u00e2ne ras\u00e9 \u00e0 une image forte, puissante, virile et dominante. L\u2019une des solutions propos\u00e9es aux hommes. Le sexe le plus touch\u00e9 par la calvitie due \u00e0 un d\u00e9s\u00e9quilibre hormonal provoqu\u00e9 par une baisse de la testost\u00e9rone est de se raser le cr\u00e2ne.<\/p>\n<p>Une \u00e9tude de l\u2019universit\u00e9 de Pennsylvanie, aux \u00c9tats-Unis, le confirme : un homme est plus beau avec des cheveux ras\u00e9s qu\u2019avec une chevelure et une couronne d\u00e9garnies. Cependant, le degr\u00e9 d\u2019alop\u00e9cie peut \u00eatre si s\u00e9v\u00e8re qu\u2019il est perceptible d\u00e8s la pousse des cheveux. Un traitement capillaire par micropigmentation pourrait rem\u00e9dier \u00e0 son manque d\u2019estime de soi. Le rasage permet aussi de nuancer les cheveux.<\/p>\n<p>Cependant, il existe des solutions plus permanentes qui ne sont pas aussi radicales que de se raser la t\u00eate. Nous avons suffisamment \u00e0 faire avec le rasage de notre barbe tous les jours. <strong>La greffe de cheveux FUE<\/strong> reste la meilleure option. \u00c0 la clinique capillaire de l\u2019Institut du cheveu de Vila-Rovira, nous offrons \u00e0 nos patients le traitement le plus satisfaisant : la greffe de cheveux FUE, qui consiste \u00e0 pr\u00e9lever les cheveux un \u00e0 un de la zone donneuse du patient \u00e0 la zone d\u00e9peupl\u00e9e. Cette micro-transplantation capillaire met fin \u00e0 l\u2019inconfort dont souffrent les hommes. Ceux qui consid\u00e8rent que leur calvitie les g\u00eane, notamment sur leur lieu de travail.<\/p>\n<h2>Cons\u00e9quences psychologiques de l\u2019alop\u00e9cie<\/h2>\n<p><img loading=\"lazy\" decoding=\"async\" class=\"aligncenter size-full wp-image-6511\" src=\"https:\/\/www.capilclinic.com\/wp-content\/uploads\/2026\/08\/Problemes-derives-de-lalopecie-4-768x512_2026.webp\" alt=\"\" width=\"768\" height=\"512\" title=\"\" srcset=\"https:\/\/www.capilclinic.com\/wp-content\/uploads\/2026\/08\/Problemes-derives-de-lalopecie-4-768x512_2026.webp 768w, https:\/\/www.capilclinic.com\/wp-content\/uploads\/2026\/08\/Problemes-derives-de-lalopecie-4-768x512_2026-300x200.webp 300w, https:\/\/www.capilclinic.com\/wp-content\/uploads\/2026\/08\/Problemes-derives-de-lalopecie-4-768x512_2026-600x400.webp 600w, https:\/\/www.capilclinic.com\/wp-content\/uploads\/2026\/08\/Problemes-derives-de-lalopecie-4-768x512_2026-150x100.webp 150w\" sizes=\"auto, (max-width: 768px) 100vw, 768px\" \/><\/p>\n<p>Le d\u00e9veloppement de notre syst\u00e8me nerveux et de notre peau a une origine commune : la couche embryonnaire. Il existe donc une corr\u00e9lation entre le<strong> psychisme et la dermatologie<\/strong>. De nombreux dermatologues concluent que certaines personnalit\u00e9s psychotiques ou parano\u00efaques pr\u00e9sentent une tendance marqu\u00e9e aux probl\u00e8mes dermatologiques, en particulier \u00e0 l\u2019alop\u00e9cie.<\/p>\n<p>Bien que de nombreux hommes acceptent leur \u00e9tat comme un processus naturel, d\u2019autres en souffrent tr\u00e8s intens\u00e9ment. Cette situation entra\u00eene une m\u00e9fiance, une perte de confiance en soi et d\u2019estime de soi, sans parler des femmes. La v\u00e9rit\u00e9 est que les cheveux encadrent notre visage et nous donnent de l\u2019harmonie, ce qui se traduit par la beaut\u00e9. Il s\u2019agit d\u2019un pr\u00e9jug\u00e9 social. La soci\u00e9t\u00e9 n\u2019accepte pas l\u2019image d\u2019une femme chauve comme un signe de beaut\u00e9. Ce rejet pourrait m\u00eame \u00eatre associ\u00e9 \u00e0 une <strong>r\u00e9action psychologique primitive<\/strong> qui associe les cheveux longs \u00e0 la f\u00e9minit\u00e9 et, par extension, \u00e0 la fertilit\u00e9.<\/p>\n<p>Certaines femmes choisissent de se retirer socialement pour ne pas se sentir ridicules. En d\u2019autres termes, elles \u00e9vitent les piscines, les douches des gymnases ou les plages et portent des coiffures qui masquent leurs cheveux clairsem\u00e9s.<\/p>\n<h2>L\u2019impact social et psychologique de l\u2019alop\u00e9cie affect\u00e9e<\/h2>\n<p>Une \u00e9tude men\u00e9e \u00e0 l\u2019Universit\u00e9 de Nottingham par le Dr Nigel C. Hunt aupr\u00e8s de 1 400 personnes a permis de dresser la liste suivante des <strong>cons\u00e9quences physiques et psychologiques<\/strong> :<\/p>\n<ul>\n<li>Affaiblissement direct du cuir chevelu, des follicules et des cheveux ; dans plus de 25 % des cas \u00e9tudi\u00e9s. Elles ont le sentiment terrible d\u2019avoir perdu leur propre identit\u00e9.<\/li>\n<li>Elles ont une tendance marqu\u00e9e \u00e0 perdre certains traits de leur personnalit\u00e9 : si elles \u00e9taient extraverties, elles ne le sont plus.<\/li>\n<li>Un effet n\u00e9gatif marqu\u00e9 sur les femmes, avec de graves \u00e9pisodes de d\u00e9pression et d\u2019anxi\u00e9t\u00e9. Non seulement une perte d\u2019estime de soi, mais certaines personnes souffrent m\u00eame de phobie sociale et se retirent d\u2019activit\u00e9s qui leur plairaient pourtant. Les plus extr\u00eames se sont suicid\u00e9es. Bien entendu, cette situation n\u2019est pas uniquement due \u00e0 l\u2019alop\u00e9cie. Toute personne en bonne sant\u00e9 mentale peut faire face \u00e0 cette situation. Par cons\u00e9quent, si vous pensez ne pas pouvoir y faire face, vous devriez demander l\u2019aide d\u2019un professionnel.<\/li>\n<li>L\u2019isolement \u00e9motionnel est la principale caract\u00e9ristique des patients atteints <strong>d\u2019alop\u00e9cie<\/strong>, qui en viennent \u00e0 penser que m\u00eame les m\u00e9decins les m\u00e9prisent et que personne ne comprend leur situation.<\/li>\n<li>Tout au long de cette liste de graves changements de caract\u00e8re, le patient lui-m\u00eame a tendance \u00e0 d\u00e9t\u00e9riorer ses relations personnelles. En effet, son changement d\u2019apparence affecte tellement son psychisme qu\u2019il en vient \u00e0 penser que ses amis le m\u00e9prisent au travail, voire ses propres parents.<\/li>\n<\/ul>\n<h3>Autre impact social associ\u00e9 au probl\u00e8me de l\u2019alop\u00e9cie<\/h3>\n<ul>\n<li>Ni l\u2019\u00e2ge, ni les conditions sociales, ni m\u00eame les cons\u00e9quences d\u2019une autre maladie, comme le <strong>traitement d\u2019un cancer<\/strong>, ne permettent de se sentir plus \u00e0 l\u2019aise avec son apparence, et beaucoup ne l\u2019acceptent jamais.<\/li>\n<li>Se regarder dans le miroir et constater une perte constante de cheveux g\u00e9n\u00e8re une grave anxi\u00e9t\u00e9 qui, comme cela a d\u00e9j\u00e0 \u00e9t\u00e9 \u00e9tudi\u00e9, aggrave les cas d\u2019alop\u00e9cie.<\/li>\n<li>Il faut garder \u00e0 l\u2019esprit que les cons\u00e9quences \u00e9motionnelles sont graves, surtout pour les femmes, et qu\u2019elles peuvent \u00eatre att\u00e9nu\u00e9es par une visite chez le dermatologue et le soutien constant des amis et de la famille.<\/li>\n<\/ul>\n<h2>Types d\u2019alop\u00e9cie<\/h2>\n<h3>Alop\u00e9cie non cicatricielle<\/h3>\n<p>Elles sont tr\u00e8s courantes et peuvent \u00eatre gu\u00e9ries par un traitement. Il en existe plusieurs types :<\/p>\n<ul>\n<li><strong>L\u2019alop\u00e9cie androg\u00e9nique<\/strong> : il s\u2019agit d\u2019une perte de cheveux due \u00e0 des facteurs g\u00e9n\u00e9tiques. Elle touche beaucoup d\u2019hommes et rarement des femmes.<\/li>\n<li><strong>L\u2019alop\u00e9cie areata<\/strong> : dans la plupart des cas, les cheveux tombent par touffes, laissant des zones d\u00e9pourvues de cheveux. Ce type d\u2019alop\u00e9cie peut entra\u00eener une perte totale des cheveux.<\/li>\n<li><strong>Alop\u00e9cie traumatique<\/strong> : elle est la cons\u00e9quence de facteurs externes tels que les s\u00e8che-cheveux, les peignes en m\u00e9tal, les teintures ou les permanentes.<\/li>\n<li><strong>L\u2019alop\u00e9cie diffuse<\/strong> peut \u00eatre caus\u00e9e par une maladie, des changements hormonaux ou les effets secondaires de certains m\u00e9dicaments.<\/li>\n<li><strong>Alop\u00e9cie m\u00e9dicamenteuse<\/strong> : la vitamine A \u00e0 fortes doses peut provoquer une alop\u00e9cie. Ce type d\u2019alop\u00e9cie dispara\u00eet g\u00e9n\u00e9ralement quelques mois apr\u00e8s l\u2019arr\u00eat du m\u00e9dicament.<\/li>\n<li><strong>L\u2019alop\u00e9cie due \u00e0 une maladie<\/strong>.<\/li>\n<li><strong>L\u2019alop\u00e9cie due \u00e0 des syndromes h\u00e9r\u00e9ditaires<\/strong>.<\/li>\n<\/ul>\n<h3>L\u2019alop\u00e9cie cicatricielle<\/h3>\n<p>Elle se d\u00e9tecte par l\u2019apparition d\u2019une calvitie et d\u2019une sensation de br\u00fblure ou de douleur \u00e0 l\u2019endroit o\u00f9 les cheveux sont perdus. Il en existe plusieurs types : l\u2019alop\u00e9cie cicatricielle primaire, l\u2019alop\u00e9cie cicatricielle primaire acquise et l\u2019alop\u00e9cie cicatricielle secondaire.<\/p>\n<p><strong>Probl\u00e8mes d\u00e9riv\u00e9s de l\u2019alop\u00e9cie : autres types<\/strong> :<\/p>\n<ul>\n<li>L\u2019alop\u00e9cie infectieuse est une calvitie totale ou partielle caus\u00e9e par des champignons, des virus ou des bact\u00e9ries.<\/li>\n<li>Alop\u00e9cie caus\u00e9e par des agents physiques ou chimiques.<\/li>\n<li>Alop\u00e9cie due \u00e0 un traitement anti-tumoral.<\/li>\n<li>L\u2019alop\u00e9cie due \u00e0 une dermatose.<\/li>\n<li>L\u2019alop\u00e9cie due \u00e0 des maladies h\u00e9r\u00e9ditaires.<\/li>\n<\/ul>\n","protected":false},"excerpt":{"rendered":"<p>L\u2019image est un \u00e9l\u00e9ment essentiel dans la soci\u00e9t\u00e9 actuelle. Si les yeux et la bouche sont la vitrine de notre expressivit\u00e9 naturelle. C\u2019est-\u00e0-dire qu\u2019il n\u2019y a pas beaucoup de fa\u00e7ons de les changer, \u00e0 part se coiffer. Lorsque nous les coiffons, nous les modelons \u00e0 notre go\u00fbt, couleur, forme, longueur, nous pouvons les changer en [&hellip;]<\/p>\n","protected":false},"author":4,"featured_media":6507,"comment_status":"open","ping_status":"open","sticky":false,"template":"","format":"standard","meta":{"footnotes":""},"categories":[29],"tags":[],"class_list":["post-6506","post","type-post","status-publish","format-standard","has-post-thumbnail","hentry","category-blog"],"_links":{"self":[{"href":"https:\/\/www.capilclinic.com\/fr\/wp-json\/wp\/v2\/posts\/6506","targetHints":{"allow":["GET"]}}],"collection":[{"href":"https:\/\/www.capilclinic.com\/fr\/wp-json\/wp\/v2\/posts"}],"about":[{"href":"https:\/\/www.capilclinic.com\/fr\/wp-json\/wp\/v2\/types\/post"}],"author":[{"embeddable":true,"href":"https:\/\/www.capilclinic.com\/fr\/wp-json\/wp\/v2\/users\/4"}],"replies":[{"embeddable":true,"href":"https:\/\/www.capilclinic.com\/fr\/wp-json\/wp\/v2\/comments?post=6506"}],"version-history":[{"count":2,"href":"https:\/\/www.capilclinic.com\/fr\/wp-json\/wp\/v2\/posts\/6506\/revisions"}],"predecessor-version":[{"id":6513,"href":"https:\/\/www.capilclinic.com\/fr\/wp-json\/wp\/v2\/posts\/6506\/revisions\/6513"}],"wp:featuredmedia":[{"embeddable":true,"href":"https:\/\/www.capilclinic.com\/fr\/wp-json\/wp\/v2\/media\/6507"}],"wp:attachment":[{"href":"https:\/\/www.capilclinic.com\/fr\/wp-json\/wp\/v2\/media?parent=6506"}],"wp:term":[{"taxonomy":"category","embeddable":true,"href":"https:\/\/www.capilclinic.com\/fr\/wp-json\/wp\/v2\/categories?post=6506"},{"taxonomy":"post_tag","embeddable":true,"href":"https:\/\/www.capilclinic.com\/fr\/wp-json\/wp\/v2\/tags?post=6506"}],"curies":[{"name":"wp","href":"https:\/\/api.w.org\/{rel}","templated":true}]}}