{"id":6497,"date":"2026-08-31T11:44:21","date_gmt":"2026-08-31T08:44:21","guid":{"rendered":"https:\/\/www.capilclinic.com\/?p=6497"},"modified":"2026-08-31T11:44:21","modified_gmt":"2026-08-31T08:44:21","slug":"ete-et-calvitie-sont-ils-lies","status":"publish","type":"post","link":"https:\/\/www.capilclinic.com\/fr\/ete-et-calvitie-sont-ils-lies\/","title":{"rendered":"\u00c9t\u00e9 et calvitie, sont-ils li\u00e9s ?"},"content":{"rendered":"<p>Les facteurs d\u00e9clencheurs de <a href=\"https:\/\/capilclinic.fr\/causes-chute-des-cheveux-chez-les-hommes\/\" target=\"_blank\" rel=\"noopener\">la chute des cheveux<\/a> peuvent en \u00eatre la cause \u00e0 tout \u00e2ge. M\u00eame \u00e0 un jeune \u00e2ge, si vous remarquez des signes inhabituels de perte de cheveux, vous devez consulter un m\u00e9decin qui pourra les examiner, les diagnostiquer et les traiter. Outre la d\u00e9termination du type de perte de cheveux, il y a quelques \u00e9l\u00e9ments \u00e0 prendre en compte. \u00c0 l\u2019arriv\u00e9e de l\u2019\u00e9t\u00e9, de nombreuses personnes remarquent une augmentation de la perte de cheveux, ce qui soul\u00e8ve la question de savoir s\u2019il existe un lien entre l\u2019\u00e9t\u00e9 et la calvitie. Aujourd\u2019hui, nous allons nous pencher sur cette question. Si vous souhaitez en savoir plus sur <strong>la relation entre \u00e9t\u00e9 et calvitie, lisez ce qui suit<\/strong>.<\/p>\n<p>Il est normal que 50 \u00e0 100 cheveux tombent chaque jour de notre t\u00eate sans que nous nous en rendions compte. Ils restent dans la salle de bains, sous la douche, sur l\u2019oreiller ou sur le peigne lorsque nous nous brossons les cheveux, mais ils passent inaper\u00e7us. Lorsque <strong>la perte de cheveux<\/strong> d\u00e9passe cette quantit\u00e9 et devient perceptible, il peut s\u2019agir d\u2019une forme d\u2019alop\u00e9cie. Si la perte de cheveux survient pendant les vacances, l\u2019\u00e9t\u00e9 et la calvitie pourraient \u00eatre li\u00e9s. D\u00e9couvrons-le.<\/p>\n<h2>Phases de la croissance des cheveux<\/h2>\n<p><img loading=\"lazy\" decoding=\"async\" class=\"aligncenter size-full wp-image-6499\" src=\"https:\/\/www.capilclinic.com\/wp-content\/uploads\/2026\/08\/Phases-de-la-croissance-des-cheveux_2026.webp\" alt=\"\" width=\"751\" height=\"547\" title=\"\" srcset=\"https:\/\/www.capilclinic.com\/wp-content\/uploads\/2026\/08\/Phases-de-la-croissance-des-cheveux_2026.webp 751w, https:\/\/www.capilclinic.com\/wp-content\/uploads\/2026\/08\/Phases-de-la-croissance-des-cheveux_2026-300x219.webp 300w, https:\/\/www.capilclinic.com\/wp-content\/uploads\/2026\/08\/Phases-de-la-croissance-des-cheveux_2026-150x109.webp 150w\" sizes=\"auto, (max-width: 751px) 100vw, 751px\" \/><\/p>\n<p>La croissance des cheveux est divis\u00e9e en trois phases, chacune d\u2019entre elles favorisant la croissance de m\u00e8ches individuelles. Pour que les cheveux poussent sainement, ils doivent passer par ces phases. Voyons en quoi consiste chaque phase :<\/p>\n<h3>Phase anag\u00e8ne<\/h3>\n<p>80 % des cheveux sont dans cette phase. C\u2019est la phase pendant laquelle le cheveu continue \u00e0 pousser. Cette phase dure de 2 \u00e0 7 ans, pendant lesquels <strong>le cheveu pousse d\u2019environ 0,35 mm par jour.<\/strong><\/p>\n<h3>Phase anag\u00e8ne<\/h3>\n<p>Une fois la phase anag\u00e8ne termin\u00e9e, le cheveu entre dans la phase de s\u00e9nescence. Pendant cette phase, le cheveu est dans un \u00e9tat de repos ou de transition. Au cours des deux semaines suivantes, la racine du cheveu r\u00e9tr\u00e9cit et cesse de cro\u00eetre. Tous les follicules pileux ne sont pas en phase de repos en m\u00eame temps ; cette phase se produit par petites \u00e9tapes.<\/p>\n<p>Pendant la phase anag\u00e8ne, la gaine de la racine du cheveu se d\u00e9compose et dispara\u00eet, et les cellules externes forment une nouvelle gaine. Celle-ci recouvre les cellules de la matrice de croissance du cheveu et de la papille dermique, ce qui entra\u00eene le raccourcissement du follicule pileux.<\/p>\n<h3>Alop\u00e9cie areata<\/h3>\n<p>Cette phase dure environ trois mois. Elle correspond \u00e0 la fin du cycle de croissance. Au cours de cette phase, les cheveux tombent pour faire place \u00e0 de nouveaux cheveux. Le nouveau cheveu commence \u00e0 entrer dans la phase anag\u00e8ne. <strong>Les phases de croissance des cheveux sont cycliques.<\/strong><\/p>\n<h2>L\u2019\u00e9t\u00e9 et la calvitie, pourquoi perdons-nous plus de cheveux \u00e0 cette p\u00e9riode de l\u2019ann\u00e9e ?<\/h2>\n<p><img loading=\"lazy\" decoding=\"async\" class=\"aligncenter size-full wp-image-6500\" src=\"https:\/\/www.capilclinic.com\/wp-content\/uploads\/2026\/08\/Lete-et-la-calvitie-pourquoi-perdons-nous-plus-de-cheveux-a-cette-periode-de-lannee-700x466_2026.webp\" alt=\"\" width=\"700\" height=\"466\" title=\"\" srcset=\"https:\/\/www.capilclinic.com\/wp-content\/uploads\/2026\/08\/Lete-et-la-calvitie-pourquoi-perdons-nous-plus-de-cheveux-a-cette-periode-de-lannee-700x466_2026.webp 700w, https:\/\/www.capilclinic.com\/wp-content\/uploads\/2026\/08\/Lete-et-la-calvitie-pourquoi-perdons-nous-plus-de-cheveux-a-cette-periode-de-lannee-700x466_2026-300x200.webp 300w, https:\/\/www.capilclinic.com\/wp-content\/uploads\/2026\/08\/Lete-et-la-calvitie-pourquoi-perdons-nous-plus-de-cheveux-a-cette-periode-de-lannee-700x466_2026-600x400.webp 600w, https:\/\/www.capilclinic.com\/wp-content\/uploads\/2026\/08\/Lete-et-la-calvitie-pourquoi-perdons-nous-plus-de-cheveux-a-cette-periode-de-lannee-700x466_2026-150x100.webp 150w\" sizes=\"auto, (max-width: 700px) 100vw, 700px\" \/><\/p>\n<p>Il a \u00e9t\u00e9 scientifiquement prouv\u00e9 que la plupart des cheveux sont en phase anag\u00e8ne pendant les mois d\u2019\u00e9t\u00e9. C\u2019est en effet \u00e0 cette p\u00e9riode qu\u2019ils commencent \u00e0 tomber et que la phase anag\u00e8ne recommence.<\/p>\n<p>Ce processus est souvent appel\u00e9 chute de cheveux saisonni\u00e8re, et m\u00e9dicalement <strong>chute de cheveux anag\u00e8ne<\/strong>. Il s\u2019agit d\u2019une perturbation prolong\u00e9e du fonctionnement de la t\u00eate qui entra\u00eene une chute excessive des cheveux. Il s\u2019agit d\u2019un ph\u00e9nom\u00e8ne frappant qui peut \u00eatre caus\u00e9 par des conditions \u00e9motionnelles telles que la d\u00e9pression, le stress et l\u2019anxi\u00e9t\u00e9. Les facteurs suivants peuvent \u00e9galement influencer la chute des cheveux :<\/p>\n<ul>\n<li>L\u2019exposition excessive au soleil.<\/li>\n<li>Les produits chimiques et le chlore des piscines.<\/li>\n<li>l\u2019eau de mer, le sable et le sel<\/li>\n<li>la chaleur extr\u00eame<\/li>\n<li>l\u2019humidit\u00e9 excessive de l\u2019environnement<\/li>\n<\/ul>\n<h3>Quel est le lien entre l\u2019\u00e9t\u00e9 et la calvitie ?<\/h3>\n<p>La relation entre l\u2019\u00e9t\u00e9 et la calvitie peut se produire au d\u00e9but ou \u00e0 la fin de la saison estivale. Si le printemps est tr\u00e8s chaud, la perte de cheveux peut survenir \u00e0 ce moment-l\u00e0. <strong>La chute des cheveux commence au d\u00e9but de l\u2019\u00e9t\u00e9 et se poursuit jusqu\u2019au d\u00e9but de l\u2019automne.<\/strong> Pendant cette p\u00e9riode, il est n\u00e9cessaire d\u2019intensifier les soins capillaires.<\/p>\n<p>L\u2019exposition accrue aux agents ext\u00e9rieurs renforce le lien entre l\u2019\u00e9t\u00e9 et la calvitie \u00e0 cette p\u00e9riode de l\u2019ann\u00e9e. Toutes ces substances peuvent endommager les cheveux : l\u2019eau chlor\u00e9e des piscines, l\u2019exposition prolong\u00e9e au soleil. Mais s\u2019il y a une chose qui ab\u00eeme davantage les cheveux, c\u2019est bien l\u2019eau de mer. M\u00eame l\u2019eau de mer naturelle peut \u00eatre tr\u00e8s nocive pour les cheveux. L\u2019exc\u00e8s de sel peut endommager les cheveux.<\/p>\n<p>Le sel se transforme en minuscules cristaux qui se forment dans les cheveux et provoquent des frottements entre les m\u00e8ches. Les cheveux se d\u00e9shydratent et ce frottement affaiblit et engourdit les fibres capillaires. Le sel peut d\u00e9shydrater les cheveux de mani\u00e8re excessive, car il absorbe leur humidit\u00e9.<\/p>\n<p>En outre, avant les vacances, de nombreuses personnes suivent un r\u00e9gime tr\u00e8s strict afin de montrer leur corps de vacances, limitant ainsi de nombreux nutriments. D\u00e8s que les vacances commencent, elles recommencent \u00e0 manger trop et \u00e0 n\u00e9gliger leur alimentation. Tous ces d\u00e9s\u00e9quilibres peuvent nuire \u00e0 <strong>la sant\u00e9 des cheveux<\/strong>.<\/p>\n<h2>\u00c9t\u00e9 et calvitie : diff\u00e9rents facteurs<\/h2>\n<p><img loading=\"lazy\" decoding=\"async\" class=\"aligncenter size-full wp-image-6501\" src=\"https:\/\/www.capilclinic.com\/wp-content\/uploads\/2026\/08\/Ete-et-calvitie-differents-facteurs_2026.webp\" alt=\"\" width=\"754\" height=\"550\" title=\"\" srcset=\"https:\/\/www.capilclinic.com\/wp-content\/uploads\/2026\/08\/Ete-et-calvitie-differents-facteurs_2026.webp 754w, https:\/\/www.capilclinic.com\/wp-content\/uploads\/2026\/08\/Ete-et-calvitie-differents-facteurs_2026-300x219.webp 300w, https:\/\/www.capilclinic.com\/wp-content\/uploads\/2026\/08\/Ete-et-calvitie-differents-facteurs_2026-150x109.webp 150w\" sizes=\"auto, (max-width: 754px) 100vw, 754px\" \/><\/p>\n<p>Facteurs de l\u2019\u00e9t\u00e9 et calvitie au cours de l\u2019ann\u00e9e :<\/p>\n<h3>Le soleil<\/h3>\n<p>Pendant les mois chauds de l\u2019\u00e9t\u00e9, les activit\u00e9s de plein air exposent nos t\u00eates au soleil, qui est la principale cause de la chute des cheveux. Les cheveux deviennent ternes, secs et perdent leur couleur. En effet, <strong>les rayons ultraviolets<\/strong> du soleil absorbent de petites quantit\u00e9s d\u2019humidit\u00e9 dans les cheveux.<\/p>\n<p>En outre, les cheveux secs deviennent plus cassants. C\u2019est pourquoi l\u2019\u00e9t\u00e9 et la calvitie sont li\u00e9s \u00e0 cette saison. Vous pouvez pr\u00e9venir la calvitie en prot\u00e9geant vos cheveux avec une cr\u00e8me solaire, une protection contre la chaleur ou en portant un chapeau \u00e9pais.<\/p>\n<h3>Le chlore<\/h3>\n<p>L\u2019eau des piscines est souvent contamin\u00e9e par des produits chimiques qui peuvent endommager les cheveux. En effet, les produits chimiques contenus dans le chlore ass\u00e8chent les cheveux et permettent au s\u00e9bum de s\u2019infiltrer, ce qui donne des cheveux jaunes, cassants et durs.<\/p>\n<p><strong>Le chlore est \u00e9galement \u00e0 l\u2019origine du lien entre l\u2019\u00e9t\u00e9 et calvitie<\/strong>. L\u2019application d\u2019une petite quantit\u00e9 d\u2019huile, comme l\u2019huile de coco ou d\u2019olive, sur les cheveux peut contribuer \u00e0 les nourrir et \u00e0 les hydrater.<\/p>\n<h3>Les pellicules<\/h3>\n<p>Les temp\u00e9ratures \u00e9lev\u00e9es peuvent aggraver les pellicules et provoquer des \u00e9ruptions cutan\u00e9es. En effet, elles favorisent la croissance du champignon Malassezia, responsable des pellicules. Si elles ne sont pas trait\u00e9es, <strong>les pellicules peuvent provoquer des irritations et des inflammations<\/strong> et entra\u00eener une chute temporaire des cheveux. Pour \u00e9viter cela, utilisez un shampooing antipelliculaire pendant les mois d\u2019\u00e9t\u00e9.<\/p>\n<h3>Aspiration des cheveux<\/h3>\n<p><img loading=\"lazy\" decoding=\"async\" class=\"aligncenter size-full wp-image-6502\" src=\"https:\/\/www.capilclinic.com\/wp-content\/uploads\/2026\/08\/Aspiration-des-cheveux_2026.webp\" alt=\"\" width=\"690\" height=\"547\" title=\"\" srcset=\"https:\/\/www.capilclinic.com\/wp-content\/uploads\/2026\/08\/Aspiration-des-cheveux_2026.webp 690w, https:\/\/www.capilclinic.com\/wp-content\/uploads\/2026\/08\/Aspiration-des-cheveux_2026-300x238.webp 300w, https:\/\/www.capilclinic.com\/wp-content\/uploads\/2026\/08\/Aspiration-des-cheveux_2026-150x119.webp 150w\" sizes=\"auto, (max-width: 690px) 100vw, 690px\" \/><\/p>\n<p>Comme nous passons plus de temps sous la douche, \u00e0 la piscine ou \u00e0 la plage en \u00e9t\u00e9, nos cheveux sont expos\u00e9s \u00e0 une concentration d\u2019eau l\u00e9g\u00e8rement plus \u00e9lev\u00e9e qu\u2019\u00e0 d\u2019autres moments de l\u2019ann\u00e9e.<\/p>\n<p>Il n\u2019est pas conseill\u00e9 d\u2019attacher vos cheveux ou de les peigner lorsqu\u2019ils sont mouill\u00e9s. Un peignage d\u2019avant en arri\u00e8re avec les doigts d\u00e9m\u00eale les cheveux sans les ab\u00eemer. Investissez dans un shampooing doux contenant des ingr\u00e9dients actifs qui renforcent les racines des cheveux. La pr\u00e9vention de la chute des cheveux est une autre chose que vous pouvez faire pour lutter contre la chute des cheveux.<\/p>\n<h3>Les apr\u00e8s-shampooings<\/h3>\n<p>Les apr\u00e8s-shampooings privent les cheveux de leur hydratation naturelle, ce qui les rend secs et cassants. En cette saison, il est courant d\u2019utiliser l\u2019air conditionn\u00e9, ce qui cr\u00e9e un lien entre l\u2019\u00e9t\u00e9 et la calvitie. Pour \u00e9viter cela, revitalisez vos cheveux chaque semaine ou utilisez un masque capillaire contenant des ingr\u00e9dients hydratants.<\/p>\n<h3>Hormones<\/h3>\n<p><strong>L\u2019un des facteurs les plus importants est la testost\u00e9rone<\/strong>, qui a tendance \u00e0 \u00eatre plus concentr\u00e9e en automne et au printemps. Les femmes sont \u00e9galement porteuses de testost\u00e9rone.<\/p>\n<h2>\u00c9t\u00e9 et calvitie, conseils pour pr\u00e9venir la chute des cheveux<\/h2>\n<p><img loading=\"lazy\" decoding=\"async\" class=\"aligncenter size-full wp-image-6503\" src=\"https:\/\/www.capilclinic.com\/wp-content\/uploads\/2026\/08\/Ete-et-calvitie-conseils-pour-prevenir-la-chute-des-cheveux-768x509_2026.webp\" alt=\"\" width=\"768\" height=\"509\" title=\"\" srcset=\"https:\/\/www.capilclinic.com\/wp-content\/uploads\/2026\/08\/Ete-et-calvitie-conseils-pour-prevenir-la-chute-des-cheveux-768x509_2026.webp 768w, https:\/\/www.capilclinic.com\/wp-content\/uploads\/2026\/08\/Ete-et-calvitie-conseils-pour-prevenir-la-chute-des-cheveux-768x509_2026-300x199.webp 300w, https:\/\/www.capilclinic.com\/wp-content\/uploads\/2026\/08\/Ete-et-calvitie-conseils-pour-prevenir-la-chute-des-cheveux-768x509_2026-150x99.webp 150w\" sizes=\"auto, (max-width: 768px) 100vw, 768px\" \/><\/p>\n<p>Il n\u2019est pas facile de pr\u00e9venir les dommages caus\u00e9s aux cheveux par des facteurs externes lorsque vous \u00eates en vacances, mais en suivant quelques conseils, vous pourrez profiter de vos vacances. En m\u00eame temps, vous pouvez \u00e9viter de graves dommages aux cheveux qui peuvent conduire \u00e0 la s\u00e9cheresse et \u00e0 la chute des cheveux.<\/p>\n<ul>\n<li><strong>Coupez les pointes r\u00e9guli\u00e8rement<\/strong> : pour garder vos cheveux en bonne sant\u00e9, vous devez les couper au moins une fois toutes les huit semaines. En \u00e9liminant les pointes fourchues et ab\u00eem\u00e9es, vous garderez vos cheveux en bonne sant\u00e9. Les cheveux sains poussent plus vite.<\/li>\n<li><strong>Prenez soin de vos cheveux en \u00e9t\u00e9<\/strong> : pendant les vacances, il est facile de n\u00e9gliger ses soins capillaires, ce qui peut aggraver les dommages caus\u00e9s par des facteurs externes. En \u00e9t\u00e9, vous devez prendre des pr\u00e9cautions suppl\u00e9mentaires. Lavez vos cheveux plus souvent et assurez-vous qu\u2019il n\u2019y a pas de chlore ou d\u2019eau de mer dans vos cheveux. Utilisez \u00e9galement des enveloppements et des apr\u00e8s-shampooings hydratants pour garder vos cheveux hydrat\u00e9s.<\/li>\n<li><strong>Hydratez vos cheveux<\/strong> : L\u2019eau sal\u00e9e et la lumi\u00e8re du soleil peuvent affecter vos cheveux. L\u2019eau sal\u00e9e peut former de minuscules cristaux dans vos cheveux qui absorbent l\u2019humidit\u00e9 et les dess\u00e8chent. Hydratez-les avec un shampooing, un apr\u00e8s-shampooing et des enveloppements.<\/li>\n<li><strong>\u00c9vitez la surchauffe<\/strong> : les appareils produisant de la chaleur et la lumi\u00e8re directe du soleil produisent trop de chaleur. Cela peut endommager les cheveux. Prot\u00e9gez vos cheveux avec un bonnet, un chapeau, un foulard ou une \u00e9charpe.<\/li>\n<\/ul>\n","protected":false},"excerpt":{"rendered":"<p>Les facteurs d\u00e9clencheurs de la chute des cheveux peuvent en \u00eatre la cause \u00e0 tout \u00e2ge. M\u00eame \u00e0 un jeune \u00e2ge, si vous remarquez des signes inhabituels de perte de cheveux, vous devez consulter un m\u00e9decin qui pourra les examiner, les diagnostiquer et les traiter. Outre la d\u00e9termination du type de perte de cheveux, il [&hellip;]<\/p>\n","protected":false},"author":4,"featured_media":6498,"comment_status":"open","ping_status":"open","sticky":false,"template":"","format":"standard","meta":{"footnotes":""},"categories":[29],"tags":[],"class_list":["post-6497","post","type-post","status-publish","format-standard","has-post-thumbnail","hentry","category-blog"],"_links":{"self":[{"href":"https:\/\/www.capilclinic.com\/fr\/wp-json\/wp\/v2\/posts\/6497","targetHints":{"allow":["GET"]}}],"collection":[{"href":"https:\/\/www.capilclinic.com\/fr\/wp-json\/wp\/v2\/posts"}],"about":[{"href":"https:\/\/www.capilclinic.com\/fr\/wp-json\/wp\/v2\/types\/post"}],"author":[{"embeddable":true,"href":"https:\/\/www.capilclinic.com\/fr\/wp-json\/wp\/v2\/users\/4"}],"replies":[{"embeddable":true,"href":"https:\/\/www.capilclinic.com\/fr\/wp-json\/wp\/v2\/comments?post=6497"}],"version-history":[{"count":2,"href":"https:\/\/www.capilclinic.com\/fr\/wp-json\/wp\/v2\/posts\/6497\/revisions"}],"predecessor-version":[{"id":6505,"href":"https:\/\/www.capilclinic.com\/fr\/wp-json\/wp\/v2\/posts\/6497\/revisions\/6505"}],"wp:featuredmedia":[{"embeddable":true,"href":"https:\/\/www.capilclinic.com\/fr\/wp-json\/wp\/v2\/media\/6498"}],"wp:attachment":[{"href":"https:\/\/www.capilclinic.com\/fr\/wp-json\/wp\/v2\/media?parent=6497"}],"wp:term":[{"taxonomy":"category","embeddable":true,"href":"https:\/\/www.capilclinic.com\/fr\/wp-json\/wp\/v2\/categories?post=6497"},{"taxonomy":"post_tag","embeddable":true,"href":"https:\/\/www.capilclinic.com\/fr\/wp-json\/wp\/v2\/tags?post=6497"}],"curies":[{"name":"wp","href":"https:\/\/api.w.org\/{rel}","templated":true}]}}