{"id":6489,"date":"2026-08-31T11:40:59","date_gmt":"2026-08-31T08:40:59","guid":{"rendered":"https:\/\/www.capilclinic.com\/?p=6489"},"modified":"2026-08-31T11:40:59","modified_gmt":"2026-08-31T08:40:59","slug":"le-soleil-abime-t-il-les-cheveux","status":"publish","type":"post","link":"https:\/\/www.capilclinic.com\/fr\/le-soleil-abime-t-il-les-cheveux\/","title":{"rendered":"Le soleil ab\u00eeme-t-il les cheveux ?"},"content":{"rendered":"<p>Les cheveux sont une partie essentielle de notre corps et contribuent \u00e0 maintenir une bonne apparence. Des soins particuliers doivent \u00eatre apport\u00e9s pour les maintenir dans le meilleur \u00e9tat possible. Outre la n\u00e9gligence, d\u2019autres facteurs peuvent nuire \u00e0 l\u2019apparence des cheveux. Parmi les nombreux facteurs environnementaux nuisibles au cuir chevelu, beaucoup se demandent si <strong>le soleil ab\u00eeme-t-il les cheveux<\/strong>. Nous allons r\u00e9pondre \u00e0 cette question ci-dessous.<\/p>\n<p>Les rayons UV peuvent faire des ravages sur <a href=\"https:\/\/capilclinic.fr\/huile-dargan\/\" target=\"_blank\" rel=\"noopener\">les cheveux<\/a>, qu\u2019ils soient naturels, color\u00e9s ou gris. Comme le dit l\u2019adage, la lumi\u00e8re du soleil, c\u2019est la vie ; notre corps a besoin de son influence pour fonctionner correctement. Cependant, une exposition au soleil sans protection peut \u00eatre contre-productive pour toutes les parties du corps. <strong>Les cheveux ne font pas exception \u00e0 la r\u00e8gle<\/strong>. Dans cet article, nous verrons si les dommages caus\u00e9s aux cheveux peuvent \u00eatre une cons\u00e9quence de l\u2019exposition \u00e0 notre \u00e9toile la plus brillante.<\/p>\n<h2>Le soleil ab\u00eeme-t-il les cheveux ?<\/h2>\n<p><img loading=\"lazy\" decoding=\"async\" class=\"aligncenter size-full wp-image-6491\" src=\"https:\/\/www.capilclinic.com\/wp-content\/uploads\/2026\/08\/gens-vacances-ete-voyage-tourisme-concept-plage-jeune-femme-heureuse-maillot-bain-bikini-chapeau-soleil-piscine-fond-palmiers_380164-104420-768x576_2026.webp\" alt=\"\" width=\"768\" height=\"576\" title=\"\" srcset=\"https:\/\/www.capilclinic.com\/wp-content\/uploads\/2026\/08\/gens-vacances-ete-voyage-tourisme-concept-plage-jeune-femme-heureuse-maillot-bain-bikini-chapeau-soleil-piscine-fond-palmiers_380164-104420-768x576_2026.webp 768w, https:\/\/www.capilclinic.com\/wp-content\/uploads\/2026\/08\/gens-vacances-ete-voyage-tourisme-concept-plage-jeune-femme-heureuse-maillot-bain-bikini-chapeau-soleil-piscine-fond-palmiers_380164-104420-768x576_2026-300x225.webp 300w, https:\/\/www.capilclinic.com\/wp-content\/uploads\/2026\/08\/gens-vacances-ete-voyage-tourisme-concept-plage-jeune-femme-heureuse-maillot-bain-bikini-chapeau-soleil-piscine-fond-palmiers_380164-104420-768x576_2026-150x113.webp 150w\" sizes=\"auto, (max-width: 768px) 100vw, 768px\" \/><\/p>\n<p>Voulez-vous une r\u00e9ponse courte ? Oui, le soleil ab\u00eeme-t-il les cheveux. Mais pour vous aider \u00e0 comprendre pourquoi le soleil a cet effet et \u00e0 quel point il est important de pr\u00e9venir les dommages caus\u00e9s par le soleil \u00e0 vos cheveux, nous allons vous en dire plus.<\/p>\n<h3>D\u00e9g\u00e2ts lipidiques<\/h3>\n<p>L\u2019exposition prolong\u00e9e au soleil endommage la couche lipidique externe du cheveu, qui constitue un bouclier naturel contre les facteurs environnementaux. C\u2019est l\u2019une <strong>des principales causes des cheveux secs et cr\u00e9pus.<\/strong> Sans cette couche lipidique, les cheveux ne peuvent pas retenir l\u2019humidit\u00e9.<\/p>\n<h3>Dommages internes<\/h3>\n<p>La lumi\u00e8re du soleil peut \u00e9galement endommager la structure interne du cheveu, l\u2019affaiblissant et le rendant plus susceptible de se casser ou de pr\u00e9senter des pointes fourchues.<\/p>\n<h3>Dommages caus\u00e9s par la coloration<\/h3>\n<p>Les cheveux color\u00e9s sont plus sensibles aux dommages internes et externes, car le traitement colorant les d\u00e9shydrate et les rend cassants. De plus, <strong>les cheveux secs \u00e9tant plus poreux<\/strong>, la teinture a tendance \u00e0 s\u2019estomper plus facilement.<\/p>\n<h2>Comment le soleil affecte-t-il les cheveux ?<\/h2>\n<p><img loading=\"lazy\" decoding=\"async\" class=\"aligncenter size-full wp-image-6492\" src=\"https:\/\/www.capilclinic.com\/wp-content\/uploads\/2026\/08\/woman-hand-holding-her-long-hair-with-looking-at-damaged-splitting-ends-of-hair-care-problems-1-768x576_2026.webp\" alt=\"\" width=\"768\" height=\"576\" title=\"\" srcset=\"https:\/\/www.capilclinic.com\/wp-content\/uploads\/2026\/08\/woman-hand-holding-her-long-hair-with-looking-at-damaged-splitting-ends-of-hair-care-problems-1-768x576_2026.webp 768w, https:\/\/www.capilclinic.com\/wp-content\/uploads\/2026\/08\/woman-hand-holding-her-long-hair-with-looking-at-damaged-splitting-ends-of-hair-care-problems-1-768x576_2026-300x225.webp 300w, https:\/\/www.capilclinic.com\/wp-content\/uploads\/2026\/08\/woman-hand-holding-her-long-hair-with-looking-at-damaged-splitting-ends-of-hair-care-problems-1-768x576_2026-150x113.webp 150w\" sizes=\"auto, (max-width: 768px) 100vw, 768px\" \/><\/p>\n<p>\u00c0 l\u2019arriv\u00e9e de la saison chaude, on cherche souvent \u00e0 prot\u00e9ger sa peau du soleil pour \u00e9viter des cons\u00e9quences graves telles que <strong>les coups de soleil<\/strong>. Cependant, nous accordons rarement la m\u00eame attention \u00e0 nos cheveux, qui ont pourtant eux aussi besoin d\u2019une protection solaire. Le soleil peut affecter directement le cuir chevelu et les cheveux, causant des probl\u00e8mes difficiles \u00e0 surmonter.<\/p>\n<p>Il peut \u00eatre tr\u00e8s difficile de conserver des cheveux sains pendant les mois chauds. Le soleil p\u00e9n\u00e8tre la cuticule du cheveu et affecte <strong>les follicules pileux<\/strong>. Il d\u00e9shydrate m\u00eame les fibres produites par les follicules. Le manque d\u2019humidit\u00e9 modifie \u00e9galement la structure des follicules pileux. Cela peut endommager la couche hydrolipidique, provoquer des cassures et laisser les cheveux secs, r\u00eaches et fourchus.<\/p>\n<p>La lumi\u00e8re du soleil peut avoir des effets diff\u00e9rents selon l\u2019endroit o\u00f9 elle frappe. Les rayons UV en ville n\u2019ont pas les m\u00eames effets sur les cheveux qu\u2019une exposition au soleil sur la plage. En effet, l\u2019eau de mer est compos\u00e9e de sel et de minuscules cristaux qui fixent les cheveux et attirent les rayons du soleil. Ce ph\u00e9nom\u00e8ne, combin\u00e9 aux vents chauds, peut entra\u00eener une s\u00e9cheresse accrue, une oxydation et une d\u00e9t\u00e9rioration des fibres capillaires.<\/p>\n<h3>Le principal probl\u00e8me : l\u2019humidit\u00e9<\/h3>\n<p>Les cheveux ont besoin de <strong>15 \u00e0 17 % d\u2019humidit\u00e9<\/strong> pour retenir l\u2019eau. Le soleil affecte les cheveux diff\u00e9remment selon leur type. Par exemple, les cheveux boucl\u00e9s sont plus \u00e9pais que les cheveux lisses, ils s\u00e8chent donc plus lentement.<\/p>\n<h2>Signes de cheveux br\u00fbl\u00e9s par le soleil<\/h2>\n<p><img loading=\"lazy\" decoding=\"async\" class=\"aligncenter size-full wp-image-6493\" src=\"https:\/\/www.capilclinic.com\/wp-content\/uploads\/2026\/08\/Signes-de-cheveux-brules-par-le-soleil-700x466_2026.webp\" alt=\"\" width=\"700\" height=\"466\" title=\"\" srcset=\"https:\/\/www.capilclinic.com\/wp-content\/uploads\/2026\/08\/Signes-de-cheveux-brules-par-le-soleil-700x466_2026.webp 700w, https:\/\/www.capilclinic.com\/wp-content\/uploads\/2026\/08\/Signes-de-cheveux-brules-par-le-soleil-700x466_2026-300x200.webp 300w, https:\/\/www.capilclinic.com\/wp-content\/uploads\/2026\/08\/Signes-de-cheveux-brules-par-le-soleil-700x466_2026-600x400.webp 600w, https:\/\/www.capilclinic.com\/wp-content\/uploads\/2026\/08\/Signes-de-cheveux-brules-par-le-soleil-700x466_2026-150x100.webp 150w\" sizes=\"auto, (max-width: 700px) 100vw, 700px\" \/><\/p>\n<p>Le fait de passer trop de temps au soleil peut entra\u00eener des changements dans la couleur des cheveux. Les signes d\u2019un coup de soleil sur les cheveux sont les suivants :<\/p>\n<h3>D\u00e9coloration des cheveux<\/h3>\n<p>Une d\u00e9coloration rapide est la preuve que <strong>les rayons UV<\/strong> ont r\u00e9agi avec la m\u00e9lanine du cheveu.<\/p>\n<h3>Changements dans la texture des cheveux<\/h3>\n<p>Vous remarquerez peut-\u00eatre que vos cheveux, autrefois lisses, sont devenus secs, raides et cassants, et que vous ne pouvez plus les peigner aussi librement qu\u2019avant.<\/p>\n<h3>Pointes effiloch\u00e9es<\/h3>\n<p>Lorsque les rayons du soleil frappent vos cheveux, ceux-ci peuvent devenir cassants et se briser.<\/p>\n<h2>La lumi\u00e8re du soleil affecte-t-elle la couleur des cheveux ?<\/h2>\n<p><img loading=\"lazy\" decoding=\"async\" class=\"aligncenter size-full wp-image-6494\" src=\"https:\/\/www.capilclinic.com\/wp-content\/uploads\/2026\/08\/Comment-reparer-les-cheveux-abimes-par-le-soleil-700x466_2026.webp\" alt=\"\" width=\"700\" height=\"466\" title=\"\" srcset=\"https:\/\/www.capilclinic.com\/wp-content\/uploads\/2026\/08\/Comment-reparer-les-cheveux-abimes-par-le-soleil-700x466_2026.webp 700w, https:\/\/www.capilclinic.com\/wp-content\/uploads\/2026\/08\/Comment-reparer-les-cheveux-abimes-par-le-soleil-700x466_2026-300x200.webp 300w, https:\/\/www.capilclinic.com\/wp-content\/uploads\/2026\/08\/Comment-reparer-les-cheveux-abimes-par-le-soleil-700x466_2026-600x400.webp 600w, https:\/\/www.capilclinic.com\/wp-content\/uploads\/2026\/08\/Comment-reparer-les-cheveux-abimes-par-le-soleil-700x466_2026-150x100.webp 150w\" sizes=\"auto, (max-width: 700px) 100vw, 700px\" \/><\/p>\n<p>La couleur des cheveux est une caract\u00e9ristique g\u00e9n\u00e9tique et se compose d\u2019un pigment appel\u00e9 m\u00e9lanine. La m\u00e9lanine est form\u00e9e par les m\u00e9lanocytes dans le follicule pileux. Les m\u00e9lanocytes sont des cellules qui ne sont actives que pendant la croissance des cheveux. La coloration des cheveux commence \u00e0 la racine du cheveu et se r\u00e9partit sur toute la tige du cheveu. En fonction du m\u00e9lange de m\u00e9lanine, les cheveux peuvent \u00eatre noirs, blonds ou roux.<\/p>\n<p><strong>Une diminution de la m\u00e9lanine est la principale raison pour laquelle les cheveux commencent \u00e0 perdre leur couleur<\/strong>. Toutefois, d\u2019autres facteurs que la g\u00e9n\u00e9tique, les hormones et les facteurs externes peuvent \u00e9galement entra\u00eener une modification de la pigmentation des cheveux. La lumi\u00e8re du soleil est l\u2019un des facteurs qui peuvent modifier l\u2019apparence et la couleur des cheveux. Il est donc important de tirer le meilleur parti de la lumi\u00e8re du soleil dans votre routine de soins capillaires avec l\u2019arriv\u00e9e des beaux jours.<\/p>\n<p>La lumi\u00e8re du soleil se combine \u00e0 l\u2019oxyg\u00e8ne pour oxyder les particules de m\u00e9lanine dans le cortex du cheveu. La couleur naturelle du cheveu commence alors \u00e0 s\u2019\u00e9claircir. Si vous avez teint vos cheveux, le changement de couleur provoqu\u00e9 par l\u2019exposition au soleil sera plus rapide. Les cheveux gris peuvent \u00e9galement \u00eatre affect\u00e9s par la lumi\u00e8re du soleil et prendre une couleur jaune d\u00e9sordonn\u00e9e.<\/p>\n<p>Outre les effets sur les cheveux color\u00e9s, le soleil peut \u00e9galement modifier la structure prot\u00e9ique des cheveux. Il existe deux types de lumi\u00e8re solaire : <strong>l\u2019ultraviolet A et l\u2019ultraviolet B<\/strong>. L\u2019ultraviolet B (UVB) est cinq fois plus nocif que l\u2019ultraviolet A (UVA). En cons\u00e9quence, la structure des prot\u00e9ines peut se d\u00e9grader, ce qui rend le cheveu cassant et faible. Ces dommages sont plus graves pour les cheveux color\u00e9s.<\/p>\n<h2>Conseils pour prot\u00e9ger vos cheveux du soleil<\/h2>\n<p>Le soleil peut gravement nuire \u00e0 la sant\u00e9 de vos cheveux. Comment les prot\u00e9ger des rayons UV ? La pr\u00e9vention est la cl\u00e9 pour prot\u00e9ger vos cheveux des dommages pendant les mois chauds de l\u2019\u00e9t\u00e9. Le moyen le plus efficace est de se <strong>couvrir la t\u00eate et de cr\u00e9er une barri\u00e8re entre les rayons UV <\/strong>et le cuir chevelu. N\u2019oubliez pas que les cheveux color\u00e9s ont besoin d\u2019un soin particulier pour garder leur couleur et leur forme intactes.<\/p>\n<p>Tout comme vous prot\u00e9gez votre peau, surtout \u00e0 la fin du printemps et tout au long de l\u2019\u00e9t\u00e9, vous devez \u00e9galement prot\u00e9ger vos cheveux des rayons nocifs du soleil. Les conseils suivants peuvent vous aider \u00e0 pr\u00e9venir, \u00e9viter ou minimiser les effets du rayonnement solaire sur vos cheveux :<\/p>\n<ul>\n<li>Appliquez un \u00e9cran solaire sur vos cheveux pour \u00e9viter qu\u2019ils ne se dess\u00e8chent. Cela permet de conserver l\u2019hydratation et de prot\u00e9ger la couleur.<\/li>\n<li>Utilisez un <strong>masque capillaire nourrissant<\/strong> pour \u00e9viter la rupture de la fibre capillaire et la perte d\u2019hydratation.<\/li>\n<li>Prot\u00e9gez vos cheveux tout au long de l\u2019ann\u00e9e, car le soleil peut les ab\u00eemer m\u00eame pendant les saisons plus fra\u00eeches. M\u00eame si les rayons du soleil sont moins intenses qu\u2019au printemps et en \u00e9t\u00e9, ils peuvent causer des dommages inutiles \u00e0 vos cheveux.<\/li>\n<li>Si vous d\u00e9cidez de colorer vos cheveux, cela les aidera \u00e0 mieux s\u2019adapter au soleil.<\/li>\n<li>Portez des v\u00eatements qui prot\u00e8gent vos cheveux des rayons UV directs, tels que des chapeaux, des casquettes et des \u00e9charpes.<\/li>\n<li>Lavez vos cheveux avec un shampoing nourrissant en plus de votre shampoing habituel, cela aidera \u00e0 garder vos cheveux hydrat\u00e9s et brillants.<\/li>\n<li>\u00c9vitez d\u2019utiliser des appareils chauds tels que les s\u00e8che-cheveux et les lisseurs, surtout pendant les mois d\u2019\u00e9t\u00e9 o\u00f9 les cheveux deviennent cassants.<\/li>\n<\/ul>\n<h2>Comment r\u00e9parer les cheveux ab\u00eem\u00e9s par le soleil<\/h2>\n<p>Avez-vous r\u00e9alis\u00e9 que vos cheveux, tout comme votre peau, ont besoin d\u2019une protection solaire ? Voici quelques mesures simples que vous pouvez prendre d\u00e8s aujourd\u2019hui.<\/p>\n<h3>Coupez vos cheveux<\/h3>\n<p><strong>Couper les pointes fourchues peut rendre vos cheveux secs et ab\u00eem\u00e9s<\/strong>. Les pointes fourchues peuvent rendre les cheveux r\u00eaches et difficiles \u00e0 coiffer.<\/p>\n<h3>Adoptez une alimentation riche<\/h3>\n<p>Les vitamines sont essentielles pour nourrir le corps, mais il existe aussi des vitamines sp\u00e9cifiques qui sont bonnes pour les cheveux. Les vitamines A, B, C et le fer sont connus pour leurs propri\u00e9t\u00e9s favorables \u00e0 la sant\u00e9 des cheveux.<\/p>\n<ul>\n<li><strong>La vitamine A<\/strong> est essentielle \u00e0 la croissance cellulaire, elle hydrate le cuir chevelu et favorise la formation de s\u00e9bum, qui maintient les cheveux forts.<\/li>\n<li><strong>La vitamine B<\/strong> contribue \u00e0 la production de globules rouges et transporte l\u2019oxyg\u00e8ne et les nutriments vers le cuir chevelu et les follicules pileux.<\/li>\n<li><strong>La vitamine C<\/strong> contient du collag\u00e8ne, qui joue un r\u00f4le important dans la structure des cheveux.<\/li>\n<li><strong>Le fer<\/strong> est n\u00e9cessaire aux globules rouges pour transporter l\u2019oxyg\u00e8ne dans le sang. Le manque de fer entra\u00eene l\u2019an\u00e9mie, l\u2019une des principales causes de la chute des cheveux, en particulier chez les femmes.<\/li>\n<\/ul>\n<h3>Utiliser des produits de soins capillaires avec SPF<\/h3>\n<p><strong>L\u2019huile capillaire<\/strong> est un autre rem\u00e8de maison courant pour prot\u00e9ger les cheveux ab\u00eem\u00e9s des coups de soleil. L\u2019huile de coco est un excellent hydratant qui hydrate les cheveux et pr\u00e9vient les pointes fourchues et les cassures. Cette huile est riche en acides gras et contribue \u00e0 l\u2019hydratation des cheveux et de la peau.<\/p>\n<p>Les masques capillaires sont b\u00e9n\u00e9fiques pour de nombreux types de cheveux, mais pour les cheveux ab\u00eem\u00e9s par le soleil, ils hydratent et r\u00e9duisent les frisottis. Les apr\u00e8s-shampooings sans rin\u00e7age sont appliqu\u00e9s sur les cheveux essor\u00e9s avant le coiffage.<\/p>\n","protected":false},"excerpt":{"rendered":"<p>Les cheveux sont une partie essentielle de notre corps et contribuent \u00e0 maintenir une bonne apparence. Des soins particuliers doivent \u00eatre apport\u00e9s pour les maintenir dans le meilleur \u00e9tat possible. Outre la n\u00e9gligence, d\u2019autres facteurs peuvent nuire \u00e0 l\u2019apparence des cheveux. Parmi les nombreux facteurs environnementaux nuisibles au cuir chevelu, beaucoup se demandent si le [&hellip;]<\/p>\n","protected":false},"author":4,"featured_media":6490,"comment_status":"open","ping_status":"open","sticky":false,"template":"","format":"standard","meta":{"footnotes":""},"categories":[29],"tags":[],"class_list":["post-6489","post","type-post","status-publish","format-standard","has-post-thumbnail","hentry","category-blog"],"_links":{"self":[{"href":"https:\/\/www.capilclinic.com\/fr\/wp-json\/wp\/v2\/posts\/6489","targetHints":{"allow":["GET"]}}],"collection":[{"href":"https:\/\/www.capilclinic.com\/fr\/wp-json\/wp\/v2\/posts"}],"about":[{"href":"https:\/\/www.capilclinic.com\/fr\/wp-json\/wp\/v2\/types\/post"}],"author":[{"embeddable":true,"href":"https:\/\/www.capilclinic.com\/fr\/wp-json\/wp\/v2\/users\/4"}],"replies":[{"embeddable":true,"href":"https:\/\/www.capilclinic.com\/fr\/wp-json\/wp\/v2\/comments?post=6489"}],"version-history":[{"count":2,"href":"https:\/\/www.capilclinic.com\/fr\/wp-json\/wp\/v2\/posts\/6489\/revisions"}],"predecessor-version":[{"id":6496,"href":"https:\/\/www.capilclinic.com\/fr\/wp-json\/wp\/v2\/posts\/6489\/revisions\/6496"}],"wp:featuredmedia":[{"embeddable":true,"href":"https:\/\/www.capilclinic.com\/fr\/wp-json\/wp\/v2\/media\/6490"}],"wp:attachment":[{"href":"https:\/\/www.capilclinic.com\/fr\/wp-json\/wp\/v2\/media?parent=6489"}],"wp:term":[{"taxonomy":"category","embeddable":true,"href":"https:\/\/www.capilclinic.com\/fr\/wp-json\/wp\/v2\/categories?post=6489"},{"taxonomy":"post_tag","embeddable":true,"href":"https:\/\/www.capilclinic.com\/fr\/wp-json\/wp\/v2\/tags?post=6489"}],"curies":[{"name":"wp","href":"https:\/\/api.w.org\/{rel}","templated":true}]}}