{"id":6373,"date":"2026-08-28T17:42:40","date_gmt":"2026-08-28T14:42:40","guid":{"rendered":"https:\/\/www.capilclinic.com\/?p=6373"},"modified":"2026-08-28T17:42:40","modified_gmt":"2026-08-28T14:42:40","slug":"syndrome-des-cheveux-incoiffables","status":"publish","type":"post","link":"https:\/\/www.capilclinic.com\/fr\/syndrome-des-cheveux-incoiffables\/","title":{"rendered":"Syndrome des cheveux incoiffables"},"content":{"rendered":"<p>Il existe de nombreuses maladies et anomalies du <a href=\"https:\/\/capilclinic.fr\/conseils-fortifier-cuir-chevelu\/\" target=\"_blank\" rel=\"noopener\">cuir chevelu<\/a> et des cheveux dont nous ne sommes pas toujours conscients. C\u2019est parce qu\u2019il s\u2019agit de maladies rares. C\u2019est exactement ce qu\u2019est le <strong>syndrome des cheveux incoiffables<\/strong>. Il s\u2019agit d\u2019un trouble de la tige du cheveu. Il indique que les cheveux sont gravement endommag\u00e9s. Ils sont d\u00e9sorganis\u00e9s parce qu\u2019ils poussent de mani\u00e8re irr\u00e9guli\u00e8re. Il est alors tr\u00e8s difficile de se coiffer. Une maladie dont personne ne veut souffrir. Se peigner tous les jours est une \u00e9preuve. C\u2019est pourquoi nous passons tant de temps \u00e0 essayer de cacher la maladie en nous peignant.<\/p>\n<p>Ce sympt\u00f4me peut \u00e9galement \u00eatre le signe d\u2019autres maladies. Il est donc conseill\u00e9 de consulter un m\u00e9decin pour r\u00e9soudre le probl\u00e8me le plus rapidement possible. Si ce sujet vous int\u00e9resse, restez \u00e0 l\u2019\u00e9coute ! Nous allons tout vous dire sur le syndrome des cheveux incoiffables.<strong> Le syndrome des cheveux incoiffables, \u00e9galement connu sous le nom de Pili trianguli et caniculi<\/strong>, est un syndrome rare caract\u00e9ris\u00e9 par un manque de contr\u00f4le des cheveux. Il a \u00e9t\u00e9 signal\u00e9 et d\u00e9crit pour la premi\u00e8re fois dans les ann\u00e9es 1970 et, \u00e0 l\u2019heure actuelle, on ne conna\u00eet qu\u2019une centaine de cas.<\/p>\n<h2>Qu\u2019est-ce que le syndrome des cheveux incoiffables ?<\/h2>\n<p><img loading=\"lazy\" decoding=\"async\" class=\"aligncenter size-full wp-image-6375\" src=\"https:\/\/www.capilclinic.com\/wp-content\/uploads\/2026\/08\/Quest-ce-que-le-syndrome-des-cheveux-incoiffables_2026.webp\" alt=\"\" width=\"740\" height=\"494\" title=\"\" srcset=\"https:\/\/www.capilclinic.com\/wp-content\/uploads\/2026\/08\/Quest-ce-que-le-syndrome-des-cheveux-incoiffables_2026.webp 740w, https:\/\/www.capilclinic.com\/wp-content\/uploads\/2026\/08\/Quest-ce-que-le-syndrome-des-cheveux-incoiffables_2026-300x200.webp 300w, https:\/\/www.capilclinic.com\/wp-content\/uploads\/2026\/08\/Quest-ce-que-le-syndrome-des-cheveux-incoiffables_2026-600x400.webp 600w, https:\/\/www.capilclinic.com\/wp-content\/uploads\/2026\/08\/Quest-ce-que-le-syndrome-des-cheveux-incoiffables_2026-150x100.webp 150w\" sizes=\"auto, (max-width: 740px) 100vw, 740px\" \/><\/p>\n<p>Le syndrome des cheveux incoiffables \u00e0 la racine est une affection rare. Les cheveux atteints par cette affection apparaissent cr\u00e9pus et secs. Ils sont blonds ou brun clair. Les cheveux poussent dans des directions diff\u00e9rentes. Ils sont donc tr\u00e8s difficiles \u00e0 coiffer. Il s\u2019agit g\u00e9n\u00e9ralement d\u2019un probl\u00e8me distinct. Cependant, il y a tr\u00e8s peu de cas avec des ant\u00e9c\u00e9dents familiaux.<\/p>\n<p>Des cas ont \u00e9galement \u00e9t\u00e9 d\u00e9crits o\u00f9 il s\u2019agit d\u2019un sympt\u00f4me d\u2019une autre maladie. Par exemple, le syndrome de Bork, <strong>la dysplasie ectodermique ou la dysplasie \u00e9piphysaire<\/strong>. Le syndrome des cheveux indisciplin\u00e9s est plus qu\u2019un simple cheveu sale : il s\u2019agit d\u2019une maladie g\u00e9n\u00e9tique rare du cheveu. Il se caract\u00e9rise g\u00e9n\u00e9ralement par des cheveux blonds argent\u00e9s ou des cheveux d\u2019\u00e9paules qui ne peuvent pas \u00eatre peign\u00e9s. En d\u2019autres termes, ils sont emm\u00eal\u00e9s et la ligne de d\u00e9marcation des cheveux d\u00e9passe du cuir chevelu.<\/p>\n<p>Les cheveux sont g\u00e9n\u00e9ralement \u00e9pais et longs, avec des poils tr\u00e8s tordus. La maladie n\u2019affecte que les cheveux de la t\u00eate. La maladie est caus\u00e9e par un d\u00e9faut de formation des follicules pileux.<\/p>\n<h3>Structure de la tige du cheveu<\/h3>\n<p>Il s\u2019agit d\u2019un probl\u00e8me affectant la tige du cheveu, la structure \u00e0 partir de laquelle le cheveu est form\u00e9 :<\/p>\n<ul>\n<li><strong>Cuticule <\/strong>: partie ext\u00e9rieure du cheveu, constitu\u00e9e de cellules plates et k\u00e9ratinis\u00e9es d\u00e9pourvues de pigments.<\/li>\n<li><strong>Cortex<\/strong> : la partie la plus importante de la structure de la tige du cheveu. Il est responsable de l\u2019\u00e9lasticit\u00e9 et de la r\u00e9sistance du cheveu.<\/li>\n<li><strong>La moelle<\/strong> : la partie la plus interne du cheveu, qui n\u2019est pas directement impliqu\u00e9e dans les modifications de la cuticule du cheveu.<\/li>\n<\/ul>\n<p>Les modifications de la structure de la tige du cheveu peuvent \u00eatre \u00e0 l\u2019origine de ce syndrome rare. Il s\u2019agit d\u2019un cheveu solide, mais sa structure inh\u00e9rente le rend totalement immobile. Les cheveux d\u2019une personne atteinte du syndrome du cheveu impeccable sont triangulaires ou en forme de c\u0153ur. Ce changement est cliniquement \u00e9vident lorsqu\u2019environ <strong>50 % des follicules pileux sont endommag\u00e9s.<\/strong><\/p>\n<h2>Quelles sont les causes du syndrome des cheveux incoiffables ?<\/h2>\n<p><img loading=\"lazy\" decoding=\"async\" class=\"aligncenter size-full wp-image-6376\" src=\"https:\/\/www.capilclinic.com\/wp-content\/uploads\/2026\/08\/Quelles-sont-les-causes-du-syndrome-des-cheveux-incoiffables-700x466_2026.webp\" alt=\"\" width=\"700\" height=\"466\" title=\"\" srcset=\"https:\/\/www.capilclinic.com\/wp-content\/uploads\/2026\/08\/Quelles-sont-les-causes-du-syndrome-des-cheveux-incoiffables-700x466_2026.webp 700w, https:\/\/www.capilclinic.com\/wp-content\/uploads\/2026\/08\/Quelles-sont-les-causes-du-syndrome-des-cheveux-incoiffables-700x466_2026-300x200.webp 300w, https:\/\/www.capilclinic.com\/wp-content\/uploads\/2026\/08\/Quelles-sont-les-causes-du-syndrome-des-cheveux-incoiffables-700x466_2026-600x400.webp 600w, https:\/\/www.capilclinic.com\/wp-content\/uploads\/2026\/08\/Quelles-sont-les-causes-du-syndrome-des-cheveux-incoiffables-700x466_2026-150x100.webp 150w\" sizes=\"auto, (max-width: 700px) 100vw, 700px\" \/><\/p>\n<p>Il s\u2019agit d\u2019une maladie caus\u00e9e par des mutations dans trois g\u00e8nes : <strong>TGM3, PADI3 et TCHH<\/strong>. Ces g\u00e8nes codent pour des prot\u00e9ines impliqu\u00e9es dans la production de prot\u00e9ines du follicule pileux. L\u2019h\u00e9r\u00e9dit\u00e9 est le plus souvent autosomique r\u00e9cessive, mais il peut aussi y avoir des cas d\u2019h\u00e9r\u00e9dit\u00e9 autosomique dominante.<\/p>\n<p>Cela est d\u00fb \u00e0 des d\u00e9fauts dans d\u2019autres g\u00e8nes impliqu\u00e9s dans la formation des cheveux. La maladie dispara\u00eet g\u00e9n\u00e9ralement spontan\u00e9ment \u00e0 la fin de l\u2019enfance ou de l\u2019adolescence. Des \u00e9tudes ont montr\u00e9 que l\u2019\u00e9tat s\u2019am\u00e9liore apr\u00e8s la prise de biotine.<\/p>\n<p><strong>La cause du syndrome des cheveux incoiffables est donc h\u00e9r\u00e9ditaire<\/strong>. L\u2019homme poss\u00e8de 23 paires de chromosomes, chacune contenant un certain nombre de g\u00e8nes. Ces g\u00e8nes contiennent l\u2019information g\u00e9n\u00e9tique, \u00e0 la fois g\u00e8nes et chromosomes, et se trouvent par paires. Chaque paire se compose d\u2019un g\u00e8ne du p\u00e8re et d\u2019un g\u00e8ne de la m\u00e8re.<\/p>\n<p>Dans le cas d\u2019une maladie autosomique r\u00e9cessive, les deux parents sont porteurs du g\u00e8ne anormal, mais n\u2019en sont pas affect\u00e9s. Ils ne pr\u00e9sentent aucun sympt\u00f4me ou manifestation de la maladie. La possession de ces g\u00e8nes donne 25 % de chances d\u2019avoir un enfant atteint du syndrome d\u2019hypertrichose. Si la maladie est autosomique dominante. Un seul parent poss\u00e8de le g\u00e8ne anormal. Dans ce cas, le risque d\u2019avoir un enfant atteint du syndrome des cheveux d\u00e9fectueux est de 50 %.<\/p>\n<h3>La g\u00e9n\u00e9tique derri\u00e8re le syndrome des cheveux impeccables<\/h3>\n<p>L\u2019h\u00e9ritabilit\u00e9 semble \u00eatre autosomique r\u00e9cessive. Dans d\u2019autres cas familiaux, cependant, elle est h\u00e9rit\u00e9e de mani\u00e8re autosomique dominante et peut \u00eatre due \u00e0 des d\u00e9fauts dans d\u2019autres g\u00e8nes non encore identifi\u00e9s qui sont \u00e9galement impliqu\u00e9s dans la formation des cheveux. Il existe deux types de syndrome des cheveux incoiffables :<\/p>\n<ul>\n<li><strong>H\u00e9r\u00e9ditaire <\/strong>: la forme h\u00e9r\u00e9ditaire survient chez les personnes qui ont h\u00e9rit\u00e9 d\u2019une mutation de l\u2019un de leurs parents.<\/li>\n<li><strong>La forme acquise<\/strong> : elle survient chez les personnes dont les parents n\u2019ont jamais eu la maladie.<\/li>\n<\/ul>\n<h2>Sympt\u00f4mes du syndrome des cheveux impeccables<\/h2>\n<p><img loading=\"lazy\" decoding=\"async\" class=\"aligncenter size-full wp-image-6377\" src=\"https:\/\/www.capilclinic.com\/wp-content\/uploads\/2026\/08\/Symptomes-du-syndrome-des-cheveux-impeccables-768x531_2026.webp\" alt=\"\" width=\"768\" height=\"531\" title=\"\" srcset=\"https:\/\/www.capilclinic.com\/wp-content\/uploads\/2026\/08\/Symptomes-du-syndrome-des-cheveux-impeccables-768x531_2026.webp 768w, https:\/\/www.capilclinic.com\/wp-content\/uploads\/2026\/08\/Symptomes-du-syndrome-des-cheveux-impeccables-768x531_2026-300x207.webp 300w, https:\/\/www.capilclinic.com\/wp-content\/uploads\/2026\/08\/Symptomes-du-syndrome-des-cheveux-impeccables-768x531_2026-150x104.webp 150w, https:\/\/www.capilclinic.com\/wp-content\/uploads\/2026\/08\/Symptomes-du-syndrome-des-cheveux-impeccables-768x531_2026-262x181.webp 262w\" sizes=\"auto, (max-width: 768px) 100vw, 768px\" \/><\/p>\n<p>Ce probl\u00e8me ne se manifeste que dans les cheveux et non dans d\u2019autres parties du corps. Il survient environ trois mois apr\u00e8s la naissance. Cependant, la situation s\u2019am\u00e9liore \u00e0 mesure que l\u2019enfant grandit et approche de la pubert\u00e9. La densit\u00e9 des cheveux ne diminue pas et les cheveux poussent normalement. Cependant, environ <strong>50 % des personnes sont touch\u00e9es par cette maladie.<\/strong><\/p>\n<p>La couleur des cheveux est brun clair ou marron clair. Ils sont cr\u00e9pus et secs. Ils sont aussi compl\u00e8tement diff\u00e9rents. Elles se d\u00e9tachent m\u00eame sur le cuir chevelu. Les cheveux sont forts, non cassants, mais poussent tr\u00e8s lentement. Il est \u00e9galement tr\u00e8s difficile \u00e0 peigner. Les cheveux sont g\u00e9n\u00e9ralement \u00e9pais, laineux et clairs. Outre les probl\u00e8mes associ\u00e9s au syndrome de l\u2019alop\u00e9cie areata. S\u2019il fait partie d\u2019autres syndromes, il pr\u00e9sente \u00e9galement les sympt\u00f4mes de ces maladies.<\/p>\n<p>Vous devez donc consulter votre m\u00e9decin pour d\u00e9terminer si ce syndrome fait partie d\u2019une autre maladie.<\/p>\n<h2>Peut-on gu\u00e9rir le syndrome des cheveux incoiffables ?<\/h2>\n<p><img loading=\"lazy\" decoding=\"async\" class=\"aligncenter size-full wp-image-6378\" src=\"https:\/\/www.capilclinic.com\/wp-content\/uploads\/2026\/08\/Traitements-du-syndrome-des-cheveux-incombables-700x466_2026.webp\" alt=\"\" width=\"700\" height=\"466\" title=\"\" srcset=\"https:\/\/www.capilclinic.com\/wp-content\/uploads\/2026\/08\/Traitements-du-syndrome-des-cheveux-incombables-700x466_2026.webp 700w, https:\/\/www.capilclinic.com\/wp-content\/uploads\/2026\/08\/Traitements-du-syndrome-des-cheveux-incombables-700x466_2026-300x200.webp 300w, https:\/\/www.capilclinic.com\/wp-content\/uploads\/2026\/08\/Traitements-du-syndrome-des-cheveux-incombables-700x466_2026-600x400.webp 600w, https:\/\/www.capilclinic.com\/wp-content\/uploads\/2026\/08\/Traitements-du-syndrome-des-cheveux-incombables-700x466_2026-150x100.webp 150w\" sizes=\"auto, (max-width: 700px) 100vw, 700px\" \/><\/p>\n<p>Le syndrome des cheveux incoiffables ne peut pas \u00eatre gu\u00e9ri. Il n\u2019existe pas de traitement officiel pour cette maladie rare, car les troubles du d\u00e9veloppement capillaire sont programm\u00e9s dans le patrimoine g\u00e9n\u00e9tique du patient. Toutefois, il a \u00e9t\u00e9 d\u00e9montr\u00e9 que la condition s\u2019am\u00e9liore avec l\u2019\u00e2ge, g\u00e9n\u00e9ralement apr\u00e8s la pubert\u00e9.<\/p>\n<p>Certaines \u00e9tudes ont test\u00e9 <strong>les avantages potentiels d\u2019une suppl\u00e9mentation orale en biotine<\/strong> pour am\u00e9liorer la qualit\u00e9 des cheveux chez les personnes atteintes du syndrome des cheveux enroul\u00e9s. Par exemple, une \u00e9tude de 2007 a montr\u00e9 des avantages au niveau de l\u2019apparence des cheveux. Toutefois, rien ne prouve qu\u2019il s\u2019agit d\u2019une option th\u00e9rapeutique viable.<\/p>\n<p>La raison pour laquelle cette affection dispara\u00eet g\u00e9n\u00e9ralement spontan\u00e9ment \u00e0 la fin de l\u2019enfance. C\u2019est parce que la pubert\u00e9 entra\u00eene des changements majeurs dans le fonctionnement des <strong>follicules pileux<\/strong>. En cons\u00e9quence, les hommes d\u00e9veloppent une pilosit\u00e9 secondaire, comme la barbe. Des changements plus subtils se produisent sur le cuir chevelu, entra\u00eenant une att\u00e9nuation de l\u2019anomalie initiale apr\u00e8s la pubert\u00e9.<\/p>\n<h3>Quelle est la fr\u00e9quence du syndrome des cheveux incombables ?<\/h3>\n<p>L\u2019alop\u00e9cie areata est si rare que seules quelques centaines de cas ont \u00e9t\u00e9 d\u00e9crits dans la litt\u00e9rature scientifique. Cependant, il est probable qu\u2019il existe des cas non diagnostiqu\u00e9s ou non signal\u00e9s. <strong>Les signes de cette maladie g\u00e9n\u00e9tique apparaissent entre 2 et 12 ans<\/strong>. Cela signifie que les enfants ayant des ant\u00e9c\u00e9dents familiaux de la maladie sont plus susceptibles d\u2019\u00eatre touch\u00e9s.<\/p>\n<h2>Traitements du syndrome des cheveux incombables<\/h2>\n<p><img loading=\"lazy\" decoding=\"async\" class=\"aligncenter size-full wp-image-6379\" src=\"https:\/\/www.capilclinic.com\/wp-content\/uploads\/2026\/08\/Peut-on-guerir-le-syndrome-des-cheveux-incoiffables-768x531_2026.webp\" alt=\"\" width=\"768\" height=\"531\" title=\"\" srcset=\"https:\/\/www.capilclinic.com\/wp-content\/uploads\/2026\/08\/Peut-on-guerir-le-syndrome-des-cheveux-incoiffables-768x531_2026.webp 768w, https:\/\/www.capilclinic.com\/wp-content\/uploads\/2026\/08\/Peut-on-guerir-le-syndrome-des-cheveux-incoiffables-768x531_2026-300x207.webp 300w, https:\/\/www.capilclinic.com\/wp-content\/uploads\/2026\/08\/Peut-on-guerir-le-syndrome-des-cheveux-incoiffables-768x531_2026-150x104.webp 150w, https:\/\/www.capilclinic.com\/wp-content\/uploads\/2026\/08\/Peut-on-guerir-le-syndrome-des-cheveux-incoiffables-768x531_2026-262x181.webp 262w\" sizes=\"auto, (max-width: 768px) 100vw, 768px\" \/><\/p>\n<p><strong>Les sympt\u00f4mes de cette affection ne n\u00e9cessitent g\u00e9n\u00e9ralement pas de traitement<\/strong>. Ils s\u2019am\u00e9liorent avec l\u2019\u00e2ge. Ils peuvent m\u00eame dispara\u00eetre compl\u00e8tement \u00e0 la pubert\u00e9. Essayez de garder les cheveux tr\u00e8s hydrat\u00e9s pour les rendre plus faciles \u00e0 coiffer. Les shampooings contenant du zinc pyrithione sont recommand\u00e9s. Il est \u00e9galement conseill\u00e9 d\u2019utiliser un apr\u00e8s-shampoing qui hydrate les cheveux.<\/p>\n<p>Certaines \u00e9tudes ont montr\u00e9 que l\u2019utilisation de la biotine peut \u00e9galement am\u00e9liorer cette condition. Renforce et adoucit les cheveux. Il apporte \u00e9galement de la souplesse et de l\u2019\u00e9lasticit\u00e9 aux cheveux, ce qui les rend plus faciles \u00e0 coiffer. Il acc\u00e9l\u00e8re \u00e9galement la croissance des cheveux.<\/p>\n<p>Des \u00e9tudes ont montr\u00e9 que certains enfants atteints de cette affection prennent de la biotine par voie orale. La difficult\u00e9 \u00e0 se coiffer est r\u00e9duite. Une am\u00e9lioration a \u00e9t\u00e9 constat\u00e9e apr\u00e8s 4 mois de suppl\u00e9mentation en biotine. Cependant, lorsque les cheveux sont examin\u00e9s au microscope, aucune am\u00e9lioration de l\u2019apparence n\u2019est observ\u00e9e.<\/p>\n<p>Bien que le syndrome des cheveux perdus soit rare, il touche des personnes dans le monde entier. Bien qu\u2019il n\u2019existe pas de rem\u00e8de ou de traitement officiel, les experts affirment qu\u2019il peut dispara\u00eetre compl\u00e8tement ou devenir plus facile \u00e0 g\u00e9rer pendant l\u2019adolescence. <strong>La cl\u00e9 pour vivre avec ce syndrome est de prendre soin de ses cheveux<\/strong>, et la fa\u00e7on la plus simple est d\u2019accepter leur \u00e9tat naturel.<\/p>\n","protected":false},"excerpt":{"rendered":"<p>Il existe de nombreuses maladies et anomalies du cuir chevelu et des cheveux dont nous ne sommes pas toujours conscients. C\u2019est parce qu\u2019il s\u2019agit de maladies rares. C\u2019est exactement ce qu\u2019est le syndrome des cheveux incoiffables. Il s\u2019agit d\u2019un trouble de la tige du cheveu. Il indique que les cheveux sont gravement endommag\u00e9s. Ils sont [&hellip;]<\/p>\n","protected":false},"author":4,"featured_media":6374,"comment_status":"open","ping_status":"open","sticky":false,"template":"","format":"standard","meta":{"footnotes":""},"categories":[29],"tags":[],"class_list":["post-6373","post","type-post","status-publish","format-standard","has-post-thumbnail","hentry","category-blog"],"_links":{"self":[{"href":"https:\/\/www.capilclinic.com\/fr\/wp-json\/wp\/v2\/posts\/6373","targetHints":{"allow":["GET"]}}],"collection":[{"href":"https:\/\/www.capilclinic.com\/fr\/wp-json\/wp\/v2\/posts"}],"about":[{"href":"https:\/\/www.capilclinic.com\/fr\/wp-json\/wp\/v2\/types\/post"}],"author":[{"embeddable":true,"href":"https:\/\/www.capilclinic.com\/fr\/wp-json\/wp\/v2\/users\/4"}],"replies":[{"embeddable":true,"href":"https:\/\/www.capilclinic.com\/fr\/wp-json\/wp\/v2\/comments?post=6373"}],"version-history":[{"count":2,"href":"https:\/\/www.capilclinic.com\/fr\/wp-json\/wp\/v2\/posts\/6373\/revisions"}],"predecessor-version":[{"id":6381,"href":"https:\/\/www.capilclinic.com\/fr\/wp-json\/wp\/v2\/posts\/6373\/revisions\/6381"}],"wp:featuredmedia":[{"embeddable":true,"href":"https:\/\/www.capilclinic.com\/fr\/wp-json\/wp\/v2\/media\/6374"}],"wp:attachment":[{"href":"https:\/\/www.capilclinic.com\/fr\/wp-json\/wp\/v2\/media?parent=6373"}],"wp:term":[{"taxonomy":"category","embeddable":true,"href":"https:\/\/www.capilclinic.com\/fr\/wp-json\/wp\/v2\/categories?post=6373"},{"taxonomy":"post_tag","embeddable":true,"href":"https:\/\/www.capilclinic.com\/fr\/wp-json\/wp\/v2\/tags?post=6373"}],"curies":[{"name":"wp","href":"https:\/\/api.w.org\/{rel}","templated":true}]}}