{"id":6347,"date":"2026-08-28T16:28:27","date_gmt":"2026-08-28T13:28:27","guid":{"rendered":"https:\/\/www.capilclinic.com\/?p=6347"},"modified":"2026-08-28T16:28:27","modified_gmt":"2026-08-28T13:28:27","slug":"etre-vegetarien-provoque-t-il-la-perte-de-cheveux","status":"publish","type":"post","link":"https:\/\/www.capilclinic.com\/fr\/etre-vegetarien-provoque-t-il-la-perte-de-cheveux\/","title":{"rendered":"\u00catre v\u00e9g\u00e9tarien provoque-t-il la perte de cheveux ?"},"content":{"rendered":"<p>Les v\u00e9g\u00e9tariens choisissent souvent ces r\u00e9gimes pour des raisons morales ou simplement pour obtenir une alimentation purement v\u00e9g\u00e9tale. Cependant, des rumeurs circulent sur Internet \u00e0 propos de ces choix alimentaires et de leurs effets sur l\u2019organisme. L\u2019une des questions les plus fr\u00e9quemment pos\u00e9es est la suivante : <strong>\u00ab Le v\u00e9g\u00e9tarien provoque-t-il la parte de <a href=\"https:\/\/capilclinic.fr\/keratine-cheveux-bienfaits\/\" target=\"_blank\" rel=\"noopener\">cheveux<\/a><\/strong> <strong>?<\/strong> Les coiffeurs professionnels re\u00e7oivent souvent des questions de ce type. Le v\u00e9g\u00e9tarisme est pass\u00e9 d\u2019un r\u00e9gime alimentaire \u00e0 un mode de vie. Il devient de plus en plus populaire parmi les personnes qui souhaitent apporter des am\u00e9liorations significatives \u00e0 leur corps et \u00e0 la plan\u00e8te.<\/p>\n<p><strong>Devenir v\u00e9g\u00e9tarien signifie renoncer aux aliments et produits d\u2019origine animale<\/strong>. C\u2019est pourquoi il ne s\u2019agit pas seulement d\u2019un r\u00e9gime, mais aussi d\u2019une philosophie. Il s\u2019agit d\u2019un r\u00e9gime tr\u00e8s sain qui respecte \u00e9galement la vie animale. Cependant, dans certains cas, il peut pr\u00e9senter des inconv\u00e9nients qui conduisent \u00e0 un r\u00e9gime malsain. D\u00e9couvrez si le v\u00e9g\u00e9tarisme peut provoquer l\u2019alop\u00e9cie ou la calvitie.<\/p>\n<h2>Qu\u2019est-ce que le v\u00e9g\u00e9tarisme ?<\/h2>\n<p><img loading=\"lazy\" decoding=\"async\" class=\"aligncenter size-full wp-image-6349\" src=\"https:\/\/www.capilclinic.com\/wp-content\/uploads\/2026\/08\/Quest-ce-que-le-vegetarisme-768x465_2026.webp\" alt=\"\" width=\"768\" height=\"465\" title=\"\" srcset=\"https:\/\/www.capilclinic.com\/wp-content\/uploads\/2026\/08\/Quest-ce-que-le-vegetarisme-768x465_2026.webp 768w, https:\/\/www.capilclinic.com\/wp-content\/uploads\/2026\/08\/Quest-ce-que-le-vegetarisme-768x465_2026-300x182.webp 300w, https:\/\/www.capilclinic.com\/wp-content\/uploads\/2026\/08\/Quest-ce-que-le-vegetarisme-768x465_2026-150x91.webp 150w, https:\/\/www.capilclinic.com\/wp-content\/uploads\/2026\/08\/Quest-ce-que-le-vegetarisme-768x465_2026-411x248.webp 411w\" sizes=\"auto, (max-width: 768px) 100vw, 768px\" \/><\/p>\n<p>Le v\u00e9g\u00e9tarisme est un r\u00e9gime alimentaire qui vise \u00e0 \u00e9viter la consommation de viande. Cependant, il existe des alternatives qui n\u2019utilisent pas de produits d\u2019origine animale. Le v\u00e9g\u00e9tarisme n\u2019est donc pas seulement un r\u00e9gime alimentaire, mais aussi un changement d\u2019attitude et de mode de vie. Les v\u00e9g\u00e9tariens rejettent l\u2019utilisation d\u2019animaux pour le bien-\u00eatre de l\u2019homme.<\/p>\n<p>Le v\u00e9g\u00e9tarisme est divis\u00e9 en diff\u00e9rents degr\u00e9s et types. Ceux-ci comprennent<\/p>\n<ul>\n<li><strong>Les v\u00e9g\u00e9taliens<\/strong> : ils sont connus comme \u00e9tant des v\u00e9g\u00e9tariens purs et stricts. Ils n\u2019autorisent la consommation d\u2019aucun produit d\u2019origine animale. Ils ne mangent pas de viande, de produits laitiers, d\u2019\u0153ufs ou de miel. Ils n\u2019utilisent pas non plus de produits contenant des ingr\u00e9dients d\u2019origine animale ou test\u00e9s sur des animaux.<\/li>\n<li><strong>Lactov\u00e9g\u00e9tariens <\/strong>: v\u00e9g\u00e9tariens qui ne mangent pas de viande mais ajoutent des produits laitiers \u00e0 leur r\u00e9gime alimentaire.<\/li>\n<li><strong>Ovo-v\u00e9g\u00e9tarien<\/strong> : v\u00e9g\u00e9tarien qui inclut des \u0153ufs dans son alimentation.<\/li>\n<li><strong>Ovo-lacto-v\u00e9g\u00e9tarien<\/strong> : v\u00e9g\u00e9tarien qui combine les deux cat\u00e9gories pr\u00e9c\u00e9dentes, car il peut manger des \u0153ufs et des produits laitiers.<\/li>\n<li><strong>Frugivore <\/strong>: personne qui ne mange que des fruits.<\/li>\n<\/ul>\n<p>Les v\u00e9g\u00e9tariens peuvent cuisiner. Ils peuvent inclure dans leur alimentation des produits raffin\u00e9s tels que la farine et le sucre. Ils peuvent \u00e9galement manger des aliments en conserve, color\u00e9s ou frits. C\u2019est <strong>la diff\u00e9rence entre un r\u00e9gime v\u00e9g\u00e9tarien et un r\u00e9gime naturel ou macrobiotique<\/strong>.<\/p>\n<h2>\u00catre v\u00e9g\u00e9tarien provoque-t-il la chute des cheveux ?<\/h2>\n<p><img loading=\"lazy\" decoding=\"async\" class=\"aligncenter size-full wp-image-6350\" src=\"https:\/\/www.capilclinic.com\/wp-content\/uploads\/2026\/08\/Etre-vegetarien-provoque-t-il-la-perte-de-cheveux-_2026.webp\" alt=\"\" width=\"740\" height=\"649\" title=\"\" srcset=\"https:\/\/www.capilclinic.com\/wp-content\/uploads\/2026\/08\/Etre-vegetarien-provoque-t-il-la-perte-de-cheveux-_2026.webp 740w, https:\/\/www.capilclinic.com\/wp-content\/uploads\/2026\/08\/Etre-vegetarien-provoque-t-il-la-perte-de-cheveux-_2026-300x263.webp 300w, https:\/\/www.capilclinic.com\/wp-content\/uploads\/2026\/08\/Etre-vegetarien-provoque-t-il-la-perte-de-cheveux-_2026-150x132.webp 150w\" sizes=\"auto, (max-width: 740px) 100vw, 740px\" \/><\/p>\n<p>Si vous \u00eates v\u00e9g\u00e9tarien et que vos cheveux tombent, il y a plusieurs \u00e9l\u00e9ments \u00e0 prendre en compte, notamment la valeur nutritionnelle. Un r\u00e9gime v\u00e9g\u00e9talien contient autant de nutriments qu\u2019un r\u00e9gime omnivore et, comme dans le cas d\u2019un r\u00e9gime omnivore, vous risquez des complications de sant\u00e9 si vous ne mangez pas sainement. Si vous perdez vos cheveux, il est donc temps de changer de r\u00e9gime alimentaire. Un r\u00e9gime v\u00e9g\u00e9tarien sain est tout aussi bon qu\u2019un r\u00e9gime non v\u00e9g\u00e9tarien.<\/p>\n<p>Examinons quelques-uns des facteurs qui contribuent \u00e0 <strong>la perte de cheveux chez les v\u00e9g\u00e9tariens<\/strong>.<\/p>\n<h3>Carence en om\u00e9ga-3<\/h3>\n<p>Les om\u00e9ga-3 sont des acides gras essentiels. Ces nutriments contribuent \u00e0 la sant\u00e9 et au bon fonctionnement de l\u2019organisme. Ils contribuent \u00e9galement \u00e0 r\u00e9duire les taux de cholest\u00e9rol et de triglyc\u00e9rides. Les om\u00e9ga-3 se trouvent g\u00e9n\u00e9ralement dans les poissons gras et peuvent \u00eatre \u00e9vit\u00e9s par les v\u00e9g\u00e9tariens.<\/p>\n<p>Si vous avez une carence en om\u00e9ga-3, ne vous inqui\u00e9tez pas, il est facile de la pr\u00e9venir ! Les graines de lin, les graines de chia, les graines de chanvre, les noix et de nombreux autres aliments d\u2019origine v\u00e9g\u00e9tale contiennent des om\u00e9ga-3. <strong>Les acides gras om\u00e9ga-3 sont connus pour aider \u00e0 renforcer les cheveux<\/strong> et les follicules pileux et sont des nutriments importants pour la long\u00e9vit\u00e9 des cheveux.<\/p>\n<h3>Carence en fer<\/h3>\n<p><strong>Le fer est un autre min\u00e9ral qui contribue au bon fonctionnement de l\u2019organisme<\/strong> et aide les globules rouges \u00e0 transporter l\u2019oxyg\u00e8ne dans tout le corps. Si l\u2019organisme manque de fer, il y a un risque d\u2019an\u00e9mie, ce qui peut entra\u00eener une perte de cheveux. L\u2019an\u00e9mie survient lorsqu\u2019il n\u2019y a pas assez de globules rouges ou d\u2019h\u00e9moglobine dans le sang.<\/p>\n<p>Si vous \u00eates v\u00e9g\u00e9tarien, vous risquez de souffrir d\u2019une carence en fer, car de nombreux aliments d\u2019origine v\u00e9g\u00e9tale en contiennent peu. Le fer se trouve principalement dans la viande, mais aussi dans les haricots, les \u00e9pinards, les brocolis et d\u2019autres aliments v\u00e9g\u00e9taux. Si votre alimentation ne contient pas suffisamment de fer, vos cheveux deviendront fins, cassants et sans vie. Le fer est essentiel \u00e0 la sant\u00e9 des follicules pileux et du cuir chevelu.<\/p>\n<h3>Carence en zinc<\/h3>\n<p>La carence en zinc est un autre min\u00e9ral important qui contribue au bon fonctionnement de l\u2019organisme. <strong>Le zinc aide les cellules \u00e0 se cicatriser et \u00e0 se d\u00e9velopper<\/strong>, tout en pr\u00e9servant la sant\u00e9 de la peau, des cheveux et des ongles. Une carence en zinc peut entra\u00eener de l\u2019acn\u00e9, des pellicules et d\u2019autres affections cutan\u00e9es, ainsi que la chute des cheveux.<\/p>\n<p>La teneur en zinc des aliments v\u00e9g\u00e9taux est souvent faible. Si vous \u00eates v\u00e9g\u00e9tarien, vous risquez de souffrir d\u2019une carence en zinc car vous ne mangez pas de viande. Le zinc se trouve g\u00e9n\u00e9ralement dans la viande rouge, la volaille et le poisson. Les aliments v\u00e9g\u00e9taux qui contiennent du zinc sont principalement les graines, les noix et les l\u00e9gumineuses.<\/p>\n<h3>Carence en prot\u00e9ines<\/h3>\n<p>Les prot\u00e9ines sont des nutriments essentiels qui contribuent au bon fonctionnement de l\u2019organisme. Elles contribuent \u00e0 la formation des muscles, de la peau et des cheveux. Les prot\u00e9ines se trouvent principalement dans la viande et les \u0153ufs, mais aussi dans de nombreux aliments v\u00e9g\u00e9taux.<\/p>\n<p><strong>L\u2019un des sympt\u00f4mes les plus courants d\u2019une carence en prot\u00e9ines est la chute des cheveux<\/strong>. Les prot\u00e9ines sont essentielles \u00e0 l\u2019int\u00e9grit\u00e9 et \u00e0 la sant\u00e9 des follicules pileux et du cuir chevelu. Veillez donc \u00e0 consommer beaucoup de prot\u00e9ines si vous \u00eates v\u00e9g\u00e9tarien : par exemple, du tofu, des pois, des graines de chia, du quinoa, des amandes, etc.<\/p>\n<h2>Comment pr\u00e9venir la chute des cheveux en tant que v\u00e9g\u00e9tarien ?<\/h2>\n<p><img loading=\"lazy\" decoding=\"async\" class=\"aligncenter size-full wp-image-6351\" src=\"https:\/\/www.capilclinic.com\/wp-content\/uploads\/2026\/08\/Comment-prevenir-la-chute-des-cheveux-en-tant-que-vegetarien-700x466_2026.webp\" alt=\"\" width=\"700\" height=\"466\" title=\"\" srcset=\"https:\/\/www.capilclinic.com\/wp-content\/uploads\/2026\/08\/Comment-prevenir-la-chute-des-cheveux-en-tant-que-vegetarien-700x466_2026.webp 700w, https:\/\/www.capilclinic.com\/wp-content\/uploads\/2026\/08\/Comment-prevenir-la-chute-des-cheveux-en-tant-que-vegetarien-700x466_2026-300x200.webp 300w, https:\/\/www.capilclinic.com\/wp-content\/uploads\/2026\/08\/Comment-prevenir-la-chute-des-cheveux-en-tant-que-vegetarien-700x466_2026-600x400.webp 600w, https:\/\/www.capilclinic.com\/wp-content\/uploads\/2026\/08\/Comment-prevenir-la-chute-des-cheveux-en-tant-que-vegetarien-700x466_2026-150x100.webp 150w\" sizes=\"auto, (max-width: 700px) 100vw, 700px\" \/><\/p>\n<p>Un r\u00e9gime sans viande ni sous-produits animaux ne devrait pas causer de probl\u00e8mes capillaires. Pour \u00e9viter ces troubles, il convient de suivre un r\u00e9gime \u00e9quilibr\u00e9 et d\u2019\u00e9viter toute alop\u00e9cie. <strong>Les v\u00e9g\u00e9tariens doivent compl\u00e9ter leur alimentation avec de la vitamine B12. <\/strong>Cette vitamine se trouve dans la levure de bi\u00e8re et dans les m\u00e9dicaments. Cette vitamine est riche en zinc et en fer.<\/p>\n<p>Une autre vitamine essentielle au bon d\u00e9veloppement de l\u2019organisme est la biotine. La biotine est un nutriment qui pr\u00e9vient la chute des cheveux. La biotine peut \u00eatre prise sous forme de suppl\u00e9ment, mais on la trouve \u00e9galement dans les noix, les c\u00e9r\u00e9ales, le brocoli et le chou-fleur. Aliments qui rendent les cheveux plus forts, plus doux et plus brillants. Une alimentation \u00e9quilibr\u00e9e est essentielle au processus de r\u00e9cup\u00e9ration des cheveux. Les r\u00e9gimes v\u00e9g\u00e9tariens, quels qu\u2019ils soient, permettent d\u2019atteindre cet objectif.<\/p>\n<h2>Comment favoriser la sant\u00e9 de vos cheveux<\/h2>\n<p><img loading=\"lazy\" decoding=\"async\" class=\"aligncenter size-full wp-image-6352\" src=\"https:\/\/www.capilclinic.com\/wp-content\/uploads\/2026\/08\/Comment-favoriser-la-sante-de-vos-cheveux-768x508_2026.webp\" alt=\"\" width=\"768\" height=\"508\" title=\"\" srcset=\"https:\/\/www.capilclinic.com\/wp-content\/uploads\/2026\/08\/Comment-favoriser-la-sante-de-vos-cheveux-768x508_2026.webp 768w, https:\/\/www.capilclinic.com\/wp-content\/uploads\/2026\/08\/Comment-favoriser-la-sante-de-vos-cheveux-768x508_2026-300x198.webp 300w, https:\/\/www.capilclinic.com\/wp-content\/uploads\/2026\/08\/Comment-favoriser-la-sante-de-vos-cheveux-768x508_2026-150x99.webp 150w\" sizes=\"auto, (max-width: 768px) 100vw, 768px\" \/><\/p>\n<ul>\n<li><strong>Mangez beaucoup de fer<\/strong>. Le fer contribue \u00e0 la production des cellules et du sang et est n\u00e9cessaire \u00e0 la croissance des cheveux et des ongles.<\/li>\n<li><strong>Mangez des fruits<\/strong> et des l\u00e9gumes. Ils sont riches en nutriments essentiels et en antioxydants.<\/li>\n<li>Manger des aliments riches en vitamines et en min\u00e9raux. Ils aident l\u2019organisme \u00e0 produire et \u00e0 entretenir les cheveux.<\/li>\n<li>Mangez des aliments qui pr\u00e9viennent la chute des cheveux, comme les noix et les graines.<\/li>\n<li>Buvez beaucoup d\u2019eau. Cela permet de garder les cheveux et le cuir chevelu sains et hydrat\u00e9s.<\/li>\n<li><strong>Utilisez de l\u2019huile de ricin<\/strong>. L\u2019huile de ricin aide \u00e0 cr\u00e9er de nouvelles cellules capillaires.<\/li>\n<li>Massez le cuir chevelu. Il stimule la circulation sanguine dans le cuir chevelu et favorise la pousse des cheveux.<\/li>\n<\/ul>\n<h2>Questions fr\u00e9quemment pos\u00e9es sur la perte de cheveux en tant que v\u00e9g\u00e9tarien<\/h2>\n<p><img loading=\"lazy\" decoding=\"async\" class=\"aligncenter size-full wp-image-6353\" src=\"https:\/\/www.capilclinic.com\/wp-content\/uploads\/2026\/08\/Questions-frequemment-posees-sur-la-perte-de-cheveux-en-tant-que-vegetarien_2026.webp\" alt=\"\" width=\"729\" height=\"535\" title=\"\" srcset=\"https:\/\/www.capilclinic.com\/wp-content\/uploads\/2026\/08\/Questions-frequemment-posees-sur-la-perte-de-cheveux-en-tant-que-vegetarien_2026.webp 729w, https:\/\/www.capilclinic.com\/wp-content\/uploads\/2026\/08\/Questions-frequemment-posees-sur-la-perte-de-cheveux-en-tant-que-vegetarien_2026-300x220.webp 300w, https:\/\/www.capilclinic.com\/wp-content\/uploads\/2026\/08\/Questions-frequemment-posees-sur-la-perte-de-cheveux-en-tant-que-vegetarien_2026-150x110.webp 150w\" sizes=\"auto, (max-width: 729px) 100vw, 729px\" \/><\/p>\n<h3>Un r\u00e9gime v\u00e9g\u00e9tarien est-il mauvais pour mes cheveux ?<\/h3>\n<p><strong>Non<\/strong>, mais il est important de veiller \u00e0 ce que votre alimentation soit \u00e9quilibr\u00e9e et apporte \u00e0 votre corps tous les nutriments dont il a besoin. Vous devriez consommer de la vitamine B12, de la vitamine D, de la vitamine E, de la biotine, de l\u2019iode, des om\u00e9ga-3, du zinc et des prot\u00e9ines.<\/p>\n<h3>Le v\u00e9g\u00e9tarisme provoque-t-il la chute des cheveux ?<\/h3>\n<p>Si votre alimentation est trop pauvre en nutriments, vos cheveux commenceront \u00e0 tomber. Vous risquez \u00e9galement de perdre beaucoup de poids et de voir <strong>diminuer la quantit\u00e9 d\u2019\u0153strog\u00e8nes<\/strong> dans votre corps. Une fois que vous aurez r\u00e9\u00e9quilibr\u00e9 votre alimentation, la croissance des cheveux reviendra \u00e0 la normale en quelques mois.<\/p>\n<h3>Le passage \u00e0 un r\u00e9gime v\u00e9g\u00e9tarien peut-il pr\u00e9venir la chute des cheveux ?<\/h3>\n<p>Il est important d\u2019introduire ce mode de vie progressivement afin que la transition n\u2019affecte pas vos cheveux. Laissez \u00e0 votre corps le temps de s\u2019adapter au changement, \u00e0 la perte de poids et \u00e0 la diminution du taux d\u2019\u0153strog\u00e8nes. Vous devez \u00e9galement \u00e9viter les carences nutritionnelles dans votre alimentation, comme cela a \u00e9t\u00e9 soulign\u00e9 tout au long de l\u2019article.<\/p>\n<h3>Un r\u00e9gime v\u00e9g\u00e9tarien peut-il aider vos cheveux ?<\/h3>\n<p>Oui, il peut rendre vos cheveux plus \u00e9pais, plus brillants et plus sains. Gr\u00e2ce aux nombreuses vitamines, min\u00e9raux et antioxydants que nous consommons.<\/p>\n","protected":false},"excerpt":{"rendered":"<p>Les v\u00e9g\u00e9tariens choisissent souvent ces r\u00e9gimes pour des raisons morales ou simplement pour obtenir une alimentation purement v\u00e9g\u00e9tale. Cependant, des rumeurs circulent sur Internet \u00e0 propos de ces choix alimentaires et de leurs effets sur l\u2019organisme. L\u2019une des questions les plus fr\u00e9quemment pos\u00e9es est la suivante : \u00ab Le v\u00e9g\u00e9tarien provoque-t-il la parte de cheveux [&hellip;]<\/p>\n","protected":false},"author":4,"featured_media":6348,"comment_status":"open","ping_status":"open","sticky":false,"template":"","format":"standard","meta":{"footnotes":""},"categories":[29],"tags":[],"class_list":["post-6347","post","type-post","status-publish","format-standard","has-post-thumbnail","hentry","category-blog"],"_links":{"self":[{"href":"https:\/\/www.capilclinic.com\/fr\/wp-json\/wp\/v2\/posts\/6347","targetHints":{"allow":["GET"]}}],"collection":[{"href":"https:\/\/www.capilclinic.com\/fr\/wp-json\/wp\/v2\/posts"}],"about":[{"href":"https:\/\/www.capilclinic.com\/fr\/wp-json\/wp\/v2\/types\/post"}],"author":[{"embeddable":true,"href":"https:\/\/www.capilclinic.com\/fr\/wp-json\/wp\/v2\/users\/4"}],"replies":[{"embeddable":true,"href":"https:\/\/www.capilclinic.com\/fr\/wp-json\/wp\/v2\/comments?post=6347"}],"version-history":[{"count":2,"href":"https:\/\/www.capilclinic.com\/fr\/wp-json\/wp\/v2\/posts\/6347\/revisions"}],"predecessor-version":[{"id":6355,"href":"https:\/\/www.capilclinic.com\/fr\/wp-json\/wp\/v2\/posts\/6347\/revisions\/6355"}],"wp:featuredmedia":[{"embeddable":true,"href":"https:\/\/www.capilclinic.com\/fr\/wp-json\/wp\/v2\/media\/6348"}],"wp:attachment":[{"href":"https:\/\/www.capilclinic.com\/fr\/wp-json\/wp\/v2\/media?parent=6347"}],"wp:term":[{"taxonomy":"category","embeddable":true,"href":"https:\/\/www.capilclinic.com\/fr\/wp-json\/wp\/v2\/categories?post=6347"},{"taxonomy":"post_tag","embeddable":true,"href":"https:\/\/www.capilclinic.com\/fr\/wp-json\/wp\/v2\/tags?post=6347"}],"curies":[{"name":"wp","href":"https:\/\/api.w.org\/{rel}","templated":true}]}}