{"id":6267,"date":"2026-08-27T15:34:19","date_gmt":"2026-08-27T12:34:19","guid":{"rendered":"https:\/\/www.capilclinic.com\/?p=6267"},"modified":"2026-08-27T15:34:29","modified_gmt":"2026-08-27T12:34:29","slug":"eune-et-chauve-avant-30-ans","status":"publish","type":"post","link":"https:\/\/www.capilclinic.com\/fr\/eune-et-chauve-avant-30-ans\/","title":{"rendered":"Jeune et chauve, avant 30 ans, que dois-je faire ?"},"content":{"rendered":"<p>La plupart des gens consid\u00e8rent que la perte de cheveux est un probl\u00e8me de personne \u00e2g\u00e9e. Si vous \u00eates <strong>jeune et chauve<\/strong> avant 30 ans, cela peut \u00eatre inqui\u00e9tant. Il n\u2019y a pas lieu de paniquer lorsque vous remarquez des signes de perte de cheveux pendant votre jeunesse. La perte de cheveux peut \u00eatre \u00e9vit\u00e9e et trait\u00e9e avec de bons traitements. Si vous entrez dans la trentaine et que vous remarquez des signes de calvitie ou de perte de cheveux, ne paniquez pas et cherchez une solution.<\/p>\n<p>Pass\u00e9 l\u2019\u00e2ge de 20 ans, certains sympt\u00f4mes et signes peuvent vous alerter et vous inqui\u00e9ter. Ils peuvent indiquer une <a href=\"https:\/\/capilclinic.fr\/chute-cheveux-temporaire\/\" target=\"_blank\" rel=\"noopener\">chute de cheveux<\/a> imminente. Pour ne pas \u00eatre paralys\u00e9 par l\u2019id\u00e9e de devenir chauve et pouvoir agir \u00e0 temps, suivez ces conseils qui vous aideront \u00e0 d\u00e9tecter l\u2019alop\u00e9cie et \u00e0 conna\u00eetre les solutions possibles.<\/p>\n<h2>Que puis-je faire si je deviens chauve avant l\u2019\u00e2ge de 30 ans ?<\/h2>\n<p><img loading=\"lazy\" decoding=\"async\" class=\"aligncenter size-full wp-image-6269\" src=\"https:\/\/www.capilclinic.com\/wp-content\/uploads\/2026\/08\/Que-puis-je-faire-si-je-deviens-chauve-avant-lage-de-30-ans-768x538_2026.webp\" alt=\"\" width=\"768\" height=\"538\" title=\"\" srcset=\"https:\/\/www.capilclinic.com\/wp-content\/uploads\/2026\/08\/Que-puis-je-faire-si-je-deviens-chauve-avant-lage-de-30-ans-768x538_2026.webp 768w, https:\/\/www.capilclinic.com\/wp-content\/uploads\/2026\/08\/Que-puis-je-faire-si-je-deviens-chauve-avant-lage-de-30-ans-768x538_2026-300x210.webp 300w, https:\/\/www.capilclinic.com\/wp-content\/uploads\/2026\/08\/Que-puis-je-faire-si-je-deviens-chauve-avant-lage-de-30-ans-768x538_2026-150x105.webp 150w\" sizes=\"auto, (max-width: 768px) 100vw, 768px\" \/><\/p>\n<p>La premi\u00e8re chose qui vous arrive, c\u2019est que vos cheveux se prennent dans le peigne de la salle de bain ou que vous remarquez que vos cheveux sont devenus moins denses lorsque vous les peignez. Vous vous imaginez automatiquement jeune et chauve quelques jours plus tard et vous pensez qu\u2019il n\u2019y a pas de solution. Pourtant, nous tenons \u00e0 vous informer qu\u2019il existe plusieurs solutions avant de devenir chauve, chacune adapt\u00e9e aux diff\u00e9rentes causes de l\u2019alop\u00e9cie.<\/p>\n<p>Il est important de <strong>commencer par une premi\u00e8re consultation \u00e0 temps<\/strong> dans une clinique sp\u00e9cialis\u00e9e de la r\u00e9gion. Cela permet d\u2019effectuer une analyse approfondie des cheveux et de d\u00e9tecter ainsi les causes possibles de chaque <strong>cas d\u2019alop\u00e9cie<\/strong>. Tout d\u2019abord, une analyse est effectu\u00e9e \u00e0 l\u2019aide d\u2019une technologie de pointe qui permet d\u2019obtenir une image agrandie et de haute qualit\u00e9 du cuir chevelu. L\u2019objectif est d\u2019observer en d\u00e9tail les structures capillaires et d\u2019\u00e9tablir un diagnostic pr\u00e9cis.<\/p>\n<h2>Quelles sont les causes possibles de la calvitie chez les jeunes ?<\/h2>\n<p><img loading=\"lazy\" decoding=\"async\" class=\"aligncenter size-full wp-image-6270\" src=\"https:\/\/www.capilclinic.com\/wp-content\/uploads\/2026\/08\/Quelles-sont-les-causes-possibles-de-la-calvitie-chez-les-jeunes-700x466_2026.webp\" alt=\"\" width=\"700\" height=\"466\" title=\"\" srcset=\"https:\/\/www.capilclinic.com\/wp-content\/uploads\/2026\/08\/Quelles-sont-les-causes-possibles-de-la-calvitie-chez-les-jeunes-700x466_2026.webp 700w, https:\/\/www.capilclinic.com\/wp-content\/uploads\/2026\/08\/Quelles-sont-les-causes-possibles-de-la-calvitie-chez-les-jeunes-700x466_2026-300x200.webp 300w, https:\/\/www.capilclinic.com\/wp-content\/uploads\/2026\/08\/Quelles-sont-les-causes-possibles-de-la-calvitie-chez-les-jeunes-700x466_2026-600x400.webp 600w, https:\/\/www.capilclinic.com\/wp-content\/uploads\/2026\/08\/Quelles-sont-les-causes-possibles-de-la-calvitie-chez-les-jeunes-700x466_2026-150x100.webp 150w\" sizes=\"auto, (max-width: 700px) 100vw, 700px\" \/><\/p>\n<p>Les causes les plus fr\u00e9quentes de la calvitie d\u2019un jeune avant l\u2019\u00e2ge de 30 ans, en plus de celles mentionn\u00e9es ici, il existe une vari\u00e9t\u00e9 de probl\u00e8mes organiques qui peuvent causer la calvitie. Il est donc conseill\u00e9 de faire \u00e9valuer la situation par un m\u00e9decin de la r\u00e9gion. Les cheveux suivent un cycle r\u00e9p\u00e9titif, passant par diff\u00e9rentes phases -croissance, repos, chute- et se renouvellent constamment.<\/p>\n<ul>\n<li><strong>Effluvium t\u00e9log\u00e8ne<\/strong>: Certains \u00e9v\u00e9nements ou situations stressants peuvent affecter notre corps de diverses mani\u00e8res. L\u2019une d\u2019entre elles est la transition soudaine des cheveux vers une phase de repos ou de chute, ce qui entra\u00eene ce que l\u2019on appelle l\u2019effluvium t\u00e9log\u00e8ne, qui est traitable, r\u00e9versible et temporaire.<\/li>\n<\/ul>\n<p>Les r\u00e9gimes restrictifs, les \u00e9v\u00e9nements stressants, certains m\u00e9dicaments ou th\u00e9rapies, les infections ou la fi\u00e8vre sont autant d\u2019exemples de d\u00e9clencheurs.<\/p>\n<ul>\n<li><strong>L\u2019alop\u00e9cie saisonni\u00e8re:<\/strong> l\u2019alop\u00e9cie saisonni\u00e8re est une autre cause fr\u00e9quente de perte de cheveux, plus fr\u00e9quente lors de la transition entre l\u2019\u00e9t\u00e9 et l\u2019automne, lorsque les cheveux repoussent habituellement. Il s\u2019agit d\u2019un processus normal chez tous les mammif\u00e8res.<\/li>\n<li><strong>Alop\u00e9cie areata:<\/strong> une autre forme de calvitie dont vous pouvez souffrir est l\u2019alop\u00e9cie areata, ou calvitie en plaques rondes. La cause est inconnue, mais on pense qu\u2019elle est li\u00e9e au stress et \u00e0 une certaine matrice auto-immune.<\/li>\n<\/ul>\n<p>Comme le follicule pileux n\u2019est pas d\u00e9truit dans tous les cas d\u00e9crits, les cheveux peuvent repousser une fois que les conditions \u00e0 l\u2019origine de la calvitie ont \u00e9t\u00e9 \u00e9limin\u00e9es et que la calvitie peut \u00eatre \u00e9vit\u00e9e. Il arrive que la r\u00e9cup\u00e9ration ne se fasse pas spontan\u00e9ment ou que la perte de cheveux soit plus importante que d\u2019habitude. Il est recommand\u00e9 de consulter un sp\u00e9cialiste du cheveu qui propose une approche personnalis\u00e9e de chaque probl\u00e8me afin d\u2019arr\u00eater la chute des cheveux et de restaurer la densit\u00e9 capillaire.<\/p>\n<h2>Traitements pour pr\u00e9venir la chute des cheveux<\/h2>\n<p><img loading=\"lazy\" decoding=\"async\" class=\"aligncenter size-full wp-image-6271\" src=\"https:\/\/www.capilclinic.com\/wp-content\/uploads\/2026\/08\/Traitements-pour-prevenir-la-chute-des-cheveux-700x466_2026.webp\" alt=\"\" width=\"700\" height=\"466\" title=\"\" srcset=\"https:\/\/www.capilclinic.com\/wp-content\/uploads\/2026\/08\/Traitements-pour-prevenir-la-chute-des-cheveux-700x466_2026.webp 700w, https:\/\/www.capilclinic.com\/wp-content\/uploads\/2026\/08\/Traitements-pour-prevenir-la-chute-des-cheveux-700x466_2026-300x200.webp 300w, https:\/\/www.capilclinic.com\/wp-content\/uploads\/2026\/08\/Traitements-pour-prevenir-la-chute-des-cheveux-700x466_2026-600x400.webp 600w, https:\/\/www.capilclinic.com\/wp-content\/uploads\/2026\/08\/Traitements-pour-prevenir-la-chute-des-cheveux-700x466_2026-150x100.webp 150w\" sizes=\"auto, (max-width: 700px) 100vw, 700px\" \/><\/p>\n<p>Il est bien connu qu\u2019il n\u2019existe pas de <strong>cause unique \u00e0 la calvitie<\/strong>. Chaque cas doit \u00eatre consid\u00e9r\u00e9 individuellement et la solution doit \u00eatre adapt\u00e9e aux besoins de chaque personne. Bien qu\u2019il soit impossible d\u2019arr\u00eater la chute des cheveux, certains traitements permettent de la ralentir ou de la pr\u00e9venir. Il existe diff\u00e9rents traitements pour une jeune et chauve: de simples m\u00e9dicaments \u00e0 des proc\u00e9dures complexes telles que les greffes de cheveux.<\/p>\n<p>Toutefois, avant d\u2019opter pour un traitement contre la perte de cheveux, vous devriez consulter votre m\u00e9decin pour trouver la meilleure option pour votre \u00e9tat. Examinons quelques options de traitement de la chute des cheveux.<\/p>\n<h2>M\u00e9dicaments pour un jeune et chauve<\/h2>\n<p><img loading=\"lazy\" decoding=\"async\" class=\"aligncenter size-full wp-image-6272\" src=\"https:\/\/www.capilclinic.com\/wp-content\/uploads\/2026\/08\/Medicaments-pour-un-jeune-et-chauve-700x466_2026.webp\" alt=\"\" width=\"700\" height=\"466\" title=\"\" srcset=\"https:\/\/www.capilclinic.com\/wp-content\/uploads\/2026\/08\/Medicaments-pour-un-jeune-et-chauve-700x466_2026.webp 700w, https:\/\/www.capilclinic.com\/wp-content\/uploads\/2026\/08\/Medicaments-pour-un-jeune-et-chauve-700x466_2026-300x200.webp 300w, https:\/\/www.capilclinic.com\/wp-content\/uploads\/2026\/08\/Medicaments-pour-un-jeune-et-chauve-700x466_2026-600x400.webp 600w, https:\/\/www.capilclinic.com\/wp-content\/uploads\/2026\/08\/Medicaments-pour-un-jeune-et-chauve-700x466_2026-150x100.webp 150w\" sizes=\"auto, (max-width: 700px) 100vw, 700px\" \/><\/p>\n<p>\u00c0 ce jour, la Food and Drug Administration (FDA) des \u00c9tats-Unis n\u2019a approuv\u00e9 que deux m\u00e9dicaments pour le traitement de la calvitie masculine:<\/p>\n<ul>\n<li><strong>Finasteride (Propecia, Proscar):<\/strong> Le finast\u00e9ride est un m\u00e9dicament d\u00e9livr\u00e9 sur ordonnance pour le traitement de la calvitie masculine, qui se pr\u00e9sente sous forme de comprim\u00e9s oraux. Les comprim\u00e9s sont souvent vendus sous les noms de Proscar et Propecia, qui sont des produits de marque nettement plus chers que leurs \u00e9quivalents g\u00e9n\u00e9riques. Des deux m\u00e9dicaments de marque, le Propecia est le seul finast\u00e9ride utilis\u00e9 pour traiter la calvitie masculine.<\/li>\n<\/ul>\n<p>Le Propecia r\u00e9duit la production de dihydrotestost\u00e9rone, une hormone qui favorise la croissance des cheveux sur la t\u00eate. Il n\u2019affecte pas la croissance des cheveux sur d\u2019autres parties du corps. Il convient de noter que ce m\u00e9dicament n\u2019est pas prescrit aux femmes ni aux enfants, car il pr\u00e9sente souvent des effets secondaires potentiellement mortels. Le finast\u00e9ride se pr\u00e9sente sous la forme d\u2019un comprim\u00e9 \u00e0 prendre quotidiennement.<\/p>\n<ul>\n<li><strong>Minoxidil (Rogaine):<\/strong> le minoxidil, \u00e9galement connu sous le nom de Rogaine, est un traitement populaire contre la perte de cheveux, disponible en vente libre sous forme de liquide ou de mousse. Rogaine ne fonctionne pas sur tous les types de calvitie et plusieurs traitements sont n\u00e9cessaires pour obtenir des r\u00e9sultats significatifs. Le minoxidil est cens\u00e9 d\u00e9velopper les follicules pileux et prolonger la phase de croissance des cheveux.<\/li>\n<\/ul>\n<p>L\u2019augmentation du nombre de follicules anag\u00e8nes favorise la croissance des cheveux sur le cuir chevelu. L\u2019utilisation du minoxidil sur le cuir chevelu, sur avis m\u00e9dical, permet non seulement de stimuler la croissance des cheveux, mais aussi de <strong>pr\u00e9venir la chute des cheveux<\/strong> due \u00e0 la calvitie f\u00e9minine ou masculine.<\/p>\n<h2>Greffe de cheveux pour un jeune et chauve<\/h2>\n<p><img loading=\"lazy\" decoding=\"async\" class=\"aligncenter size-full wp-image-6273\" src=\"https:\/\/www.capilclinic.com\/wp-content\/uploads\/2026\/08\/Greffe-de-cheveux-pour-un-jeune-et-chauve_2026.webp\" alt=\"\" width=\"740\" height=\"494\" title=\"\" srcset=\"https:\/\/www.capilclinic.com\/wp-content\/uploads\/2026\/08\/Greffe-de-cheveux-pour-un-jeune-et-chauve_2026.webp 740w, https:\/\/www.capilclinic.com\/wp-content\/uploads\/2026\/08\/Greffe-de-cheveux-pour-un-jeune-et-chauve_2026-300x200.webp 300w, https:\/\/www.capilclinic.com\/wp-content\/uploads\/2026\/08\/Greffe-de-cheveux-pour-un-jeune-et-chauve_2026-600x400.webp 600w, https:\/\/www.capilclinic.com\/wp-content\/uploads\/2026\/08\/Greffe-de-cheveux-pour-un-jeune-et-chauve_2026-150x100.webp 150w\" sizes=\"auto, (max-width: 740px) 100vw, 740px\" \/><\/p>\n<p>La <strong>greffe de cheveux<\/strong> est la m\u00e9thode la plus r\u00e9pandue pour traiter la perte de cheveux, avec des r\u00e9sultats \u00e0 long terme. La proc\u00e9dure consiste \u00e0 pr\u00e9lever des cheveux dans les zones les plus fortes du cuir chevelu et \u00e0 les transplanter dans les zones les plus faibles. Il existe deux types de proc\u00e9dures de greffe de cheveux utilis\u00e9es pour ce type de traitement:<\/p>\n<ul>\n<li><strong>Transplantation d\u2019unit\u00e9s folliculaires (FUT):<\/strong> Pour la FUT, le cuir chevelu est pr\u00e9lev\u00e9 et la zone est sutur\u00e9e. Le chirurgien divise ensuite la bande de cuir chevelu en plus petits morceaux pour atteindre les follicules pileux, qui sont implant\u00e9s dans la zone chauve du cuir chevelu. L\u2019ablation d\u2019une partie du cuir chevelu laisse g\u00e9n\u00e9ralement une cicatrice lin\u00e9aire qui peut s\u2019estomper avec le temps. Toutefois, la repousse des cheveux peut aider \u00e0 couvrir la zone cicatricielle.<\/li>\n<li><strong>Extraction d\u2019unit\u00e9s folliculaires (FUE):<\/strong> contrairement \u00e0 la proc\u00e9dure FUT, la proc\u00e9dure FUE consiste \u00e0 extraire des follicules pileux individuels d\u2019une zone donneuse. G\u00e9n\u00e9ralement situ\u00e9s \u00e0 l\u2019arri\u00e8re de la t\u00eate, ils sont transplant\u00e9s dans les zones chauves du cuir chevelu par de petites incisions. Cette proc\u00e9dure est consid\u00e9r\u00e9e comme moins douloureuse que la FUT et offre de bien meilleurs r\u00e9sultats.<\/li>\n<\/ul>\n<p>La proc\u00e9dure FUT prend g\u00e9n\u00e9ralement moins de temps que la technique FUE, mais sa dur\u00e9e d\u00e9pend de la quantit\u00e9 totale de cheveux \u00e0 transplanter. La technique FUT est g\u00e9n\u00e9ralement recommand\u00e9e pour les personnes souffrant d\u2019une perte de cheveux importante et qui ont besoin d\u2019un grand nombre de greffons.<\/p>\n<p>En revanche, la technique FUE convient mieux aux personnes qui n\u2019ont besoin que de quelques greffes. Il en va de m\u00eame pour les personnes qui souhaitent reprendre leurs activit\u00e9s quotidiennes peu de temps apr\u00e8s la transplantation. <strong>Contactez CapilClinic<\/strong>, notre \u00e9quipe de professionnels vous aidera dans votre d\u00e9marche de greffe de cheveux.<\/p>\n<h2>Comment combattre l\u2019alop\u00e9cie androg\u00e9nique ?<\/h2>\n<p><img loading=\"lazy\" decoding=\"async\" class=\"aligncenter size-full wp-image-6274\" src=\"https:\/\/www.capilclinic.com\/wp-content\/uploads\/2026\/08\/Comment-combattre-lalopecie-androgenique-700x466_2026.webp\" alt=\"\" width=\"700\" height=\"466\" title=\"\" srcset=\"https:\/\/www.capilclinic.com\/wp-content\/uploads\/2026\/08\/Comment-combattre-lalopecie-androgenique-700x466_2026.webp 700w, https:\/\/www.capilclinic.com\/wp-content\/uploads\/2026\/08\/Comment-combattre-lalopecie-androgenique-700x466_2026-300x200.webp 300w, https:\/\/www.capilclinic.com\/wp-content\/uploads\/2026\/08\/Comment-combattre-lalopecie-androgenique-700x466_2026-600x400.webp 600w, https:\/\/www.capilclinic.com\/wp-content\/uploads\/2026\/08\/Comment-combattre-lalopecie-androgenique-700x466_2026-150x100.webp 150w\" sizes=\"auto, (max-width: 700px) 100vw, 700px\" \/><\/p>\n<p>Dans la section pr\u00e9c\u00e9dente, nous avons mentionn\u00e9 quelques traitements pour combattre ou contr\u00f4ler l\u2019alop\u00e9cie ou la calvitie. Nous avons m\u00eame mentionn\u00e9 certaines causes r\u00e9versibles de la perte de cheveux. Cependant, la principale cause est l\u2019alop\u00e9cie androg\u00e9nique, d\u00e9termin\u00e9e par des facteurs g\u00e9n\u00e9tiques et hormonaux. En outre, il n\u2019existe pas de rem\u00e8de d\u00e9finitif, mais elle peut \u00eatre stabilis\u00e9e par des traitements m\u00e9dicaux prescrits par des m\u00e9decins professionnels.<\/p>\n<p>Dans les cas o\u00f9 ce <strong>type d\u2019alop\u00e9cie<\/strong> est avanc\u00e9, la solution la plus naturelle et la plus efficace est la greffe de cheveux selon la technique FUE. Cette proc\u00e9dure tend \u00e0 utiliser les propres cheveux du patient, pr\u00e9lev\u00e9s sur des zones non alop\u00e9ciques. L\u2019objectif est de restaurer les zones qui le n\u00e9cessitent.<\/p>\n<p>Vous savez ce qu\u2019il vous reste \u00e0 faire si vous \u00eates jeune et chauve. Ne laissez pas la perte de cheveux vous priver du bonheur de votre jeunesse. Vous pouvez toujours changer votre situation et vivre comme n\u2019importe quel autre jeune.<\/p>\n","protected":false},"excerpt":{"rendered":"<p>La plupart des gens consid\u00e8rent que la perte de cheveux est un probl\u00e8me de personne \u00e2g\u00e9e. Si vous \u00eates jeune et chauve avant 30 ans, cela peut \u00eatre inqui\u00e9tant. Il n\u2019y a pas lieu de paniquer lorsque vous remarquez des signes de perte de cheveux pendant votre jeunesse. La perte de cheveux peut \u00eatre \u00e9vit\u00e9e [&hellip;]<\/p>\n","protected":false},"author":4,"featured_media":6268,"comment_status":"open","ping_status":"open","sticky":false,"template":"","format":"standard","meta":{"footnotes":""},"categories":[29],"tags":[],"class_list":["post-6267","post","type-post","status-publish","format-standard","has-post-thumbnail","hentry","category-blog"],"_links":{"self":[{"href":"https:\/\/www.capilclinic.com\/fr\/wp-json\/wp\/v2\/posts\/6267","targetHints":{"allow":["GET"]}}],"collection":[{"href":"https:\/\/www.capilclinic.com\/fr\/wp-json\/wp\/v2\/posts"}],"about":[{"href":"https:\/\/www.capilclinic.com\/fr\/wp-json\/wp\/v2\/types\/post"}],"author":[{"embeddable":true,"href":"https:\/\/www.capilclinic.com\/fr\/wp-json\/wp\/v2\/users\/4"}],"replies":[{"embeddable":true,"href":"https:\/\/www.capilclinic.com\/fr\/wp-json\/wp\/v2\/comments?post=6267"}],"version-history":[{"count":2,"href":"https:\/\/www.capilclinic.com\/fr\/wp-json\/wp\/v2\/posts\/6267\/revisions"}],"predecessor-version":[{"id":6276,"href":"https:\/\/www.capilclinic.com\/fr\/wp-json\/wp\/v2\/posts\/6267\/revisions\/6276"}],"wp:featuredmedia":[{"embeddable":true,"href":"https:\/\/www.capilclinic.com\/fr\/wp-json\/wp\/v2\/media\/6268"}],"wp:attachment":[{"href":"https:\/\/www.capilclinic.com\/fr\/wp-json\/wp\/v2\/media?parent=6267"}],"wp:term":[{"taxonomy":"category","embeddable":true,"href":"https:\/\/www.capilclinic.com\/fr\/wp-json\/wp\/v2\/categories?post=6267"},{"taxonomy":"post_tag","embeddable":true,"href":"https:\/\/www.capilclinic.com\/fr\/wp-json\/wp\/v2\/tags?post=6267"}],"curies":[{"name":"wp","href":"https:\/\/api.w.org\/{rel}","templated":true}]}}