{"id":6185,"date":"2026-08-27T12:41:52","date_gmt":"2026-08-27T09:41:52","guid":{"rendered":"https:\/\/www.capilclinic.com\/?p=6185"},"modified":"2026-08-27T12:41:52","modified_gmt":"2026-08-27T09:41:52","slug":"chute-cheveux-temporaire","status":"publish","type":"post","link":"https:\/\/www.capilclinic.com\/fr\/chute-cheveux-temporaire\/","title":{"rendered":"Chute de cheveux temporaire: causes et sympt\u00f4mes"},"content":{"rendered":"<p>Les cheveux sont plus qu\u2019une simple caract\u00e9ristique de notre apparence, c\u2019est une repr\u00e9sentation de notre individualit\u00e9 et de notre confiance en soi. Pour beaucoup, c\u2019est une partie fondamentale de ce qu\u2019ils sont. Il est important de se rappeler que<strong> la <a href=\"https:\/\/capilclinic.fr\/greffe-cheveux-bonheur\/\" target=\"_blank\" rel=\"noopener\">perte de cheveux<\/a> temporaire<\/strong> peut affecter des personnes de tous horizons et peut surprendre. Dans cet article, nous allons parler <strong>de Chute de cheveux temporaire : causes et sympt\u00f4mes.<\/strong><\/p>\n<p>Mais la bonne nouvelle, c\u2019est qu\u2019il y a souvent une chance de r\u00e9cup\u00e9rer, ce qui est sans aucun doute b\u00e9n\u00e9fique. Dans cet article de blog, nous examinerons la <strong>complexit\u00e9 des cheveux <\/strong>et \u00e9valuerons son importance tout en enqu\u00eatant sur les causes et les signes les plus courants de <strong>la chute de cheveux temporaire<\/strong>. Les connaissances que vous acqu\u00e9rez vous permettront de r\u00e9soudre efficacement ce probl\u00e8me dont souffrent de nombreuses personnes.<\/p>\n<h2>Types de perte de cheveux<\/h2>\n<p><img loading=\"lazy\" decoding=\"async\" class=\"aligncenter size-full wp-image-6187\" src=\"https:\/\/www.capilclinic.com\/wp-content\/uploads\/2026\/08\/Chute-de-cheveux-temporaire-causes-et-symptomes-4_2026.webp\" alt=\"\" width=\"600\" height=\"400\" title=\"\" srcset=\"https:\/\/www.capilclinic.com\/wp-content\/uploads\/2026\/08\/Chute-de-cheveux-temporaire-causes-et-symptomes-4_2026.webp 600w, https:\/\/www.capilclinic.com\/wp-content\/uploads\/2026\/08\/Chute-de-cheveux-temporaire-causes-et-symptomes-4_2026-300x200.webp 300w, https:\/\/www.capilclinic.com\/wp-content\/uploads\/2026\/08\/Chute-de-cheveux-temporaire-causes-et-symptomes-4_2026-150x100.webp 150w\" sizes=\"auto, (max-width: 600px) 100vw, 600px\" \/><\/p>\n<p>Il s\u2019agit d\u2019un probl\u00e8me courant qui touche des personnes de tous \u00e2ges, sexes et ethnies. <strong>La perte de cheveux peut se produire de plusieurs fa\u00e7ons<\/strong>, il en existe deux types principaux : <strong>permanente et temporaire<\/strong>. Pour g\u00e9rer et maintenir efficacement un sentiment de tranquillit\u00e9, il est essentiel de comprendre la diff\u00e9rence entre ces cat\u00e9gories.<\/p>\n<h3>Chute de cheveux temporaire<\/h3>\n<p>Comme son nom l\u2019indique, la perte de cheveux temporaire est une condition dans laquelle la perte de cheveux n\u2019est pas permanente. Souvent, <strong>certains d\u00e9clencheurs ou causes sous-jacentes peuvent \u00eatre trait\u00e9s.<\/strong><\/p>\n<h3>Perte de cheveux permanente<\/h3>\n<p>En revanche, la perte de cheveux permanente fait r\u00e9f\u00e9rence \u00e0 des situations o\u00f9 la perte de cheveux ne peut pas \u00eatre invers\u00e9e. <strong>L\u2019alop\u00e9cie androg\u00e9nique,<\/strong> \u00e9galement connue sous le nom de calvitie f\u00e9minine ou masculine. Ceci est influenc\u00e9 par la g\u00e9n\u00e9tique et les facteurs hormonaux, \u00e9tant le type le plus courant.<\/p>\n<p>Si la condition peut \u00eatre invers\u00e9e, la diff\u00e9rence entre la perte de cheveux temporaire et permanente peut \u00eatre d\u00e9termin\u00e9e. Lorsque certaines choses provoquent une perte de cheveux temporaire, elle peut \u00eatre corrig\u00e9e en traitant la cause profonde. <strong>La perte de cheveux permanente est g\u00e9n\u00e9ralement quelque chose qui se transmet de g\u00e9n\u00e9ration en g\u00e9n\u00e9ration.<\/strong> Comprendre le type de perte de cheveux que vous subissez est la premi\u00e8re \u00e9tape pour d\u00e9terminer votre plan de traitement et de gestion.<\/p>\n<h2>Causes de la chute de cheveux temporaire<\/h2>\n<p><img loading=\"lazy\" decoding=\"async\" class=\"aligncenter size-full wp-image-6188\" src=\"https:\/\/www.capilclinic.com\/wp-content\/uploads\/2026\/08\/Chute-de-cheveux-temporaire-causes-et-symptomes-1_2026.webp\" alt=\"\" width=\"600\" height=\"400\" title=\"\" srcset=\"https:\/\/www.capilclinic.com\/wp-content\/uploads\/2026\/08\/Chute-de-cheveux-temporaire-causes-et-symptomes-1_2026.webp 600w, https:\/\/www.capilclinic.com\/wp-content\/uploads\/2026\/08\/Chute-de-cheveux-temporaire-causes-et-symptomes-1_2026-300x200.webp 300w, https:\/\/www.capilclinic.com\/wp-content\/uploads\/2026\/08\/Chute-de-cheveux-temporaire-causes-et-symptomes-1_2026-150x100.webp 150w\" sizes=\"auto, (max-width: 600px) 100vw, 600px\" \/><\/p>\n<p><strong>Passer par une perte de cheveux temporaire peut \u00eatre assez difficile<\/strong>. Mais conna\u00eetre leurs causes communes peut aider les gens \u00e0 mieux s\u2019attaquer au probl\u00e8me et \u00e0 trouver des solutions appropri\u00e9es. Vous trouverez ci-dessous quelques facteurs cl\u00e9s qui contribuent \u00e0 la perte temporaire de cheveux :<\/p>\n<h3>Efluvio tel\u00f3geno<\/h3>\n<p>Lorsqu\u2019un grand nombre de follicules pileux entrent t\u00f4t dans la phase de repos du cycle de croissance des cheveux, une perte de cheveux temporaire peut survenir. <strong>Dans ce type de perte de cheveux, le stress, qu\u2019il soit physique ou \u00e9motionnel, joue un r\u00f4le. <\/strong>Elle peut \u00eatre d\u00e9clench\u00e9e par des \u00e9v\u00e9nements importants de la vie, une maladie ou des changements hormonaux.<\/p>\n<p>Un grand nombre de follicules pileux peuvent passer \u00e0 la phase t\u00e9log\u00e8ne dans des circonstances telles que la r\u00e9cup\u00e9ration postop\u00e9ratoire, une maladie prolong\u00e9e ou un stress \u00e9motionnel, entra\u00eenant une perte de cheveux notable quelques mois plus tard. Heureusement, la croissance des cheveux revient g\u00e9n\u00e9ralement apr\u00e8s le traitement du facteur de stress sous-jacent.<\/p>\n<h3>Drogues<\/h3>\n<p>La perte de cheveux peut \u00eatre un effet secondaire de certains m\u00e9dicaments. Tels que la chimioth\u00e9rapie, les anticoagulants, les b\u00eata-bloquants et les antid\u00e9presseurs. Bien que ces m\u00e9dicaments soient cruciaux pour la gestion d\u2019une vari\u00e9t\u00e9 de conditions m\u00e9dicales, un <strong>effet secondaire peut \u00eatre l\u2019apparition de la perte de cheveux. <\/strong>Les cheveux repoussent g\u00e9n\u00e9ralement apr\u00e8s l\u2019arr\u00eat du m\u00e9dicament, bien que cela puisse prendre un certain temps.<\/p>\n<h3>Carences nutritionnelles<\/h3>\n<p><img loading=\"lazy\" decoding=\"async\" class=\"aligncenter size-full wp-image-6189\" src=\"https:\/\/www.capilclinic.com\/wp-content\/uploads\/2026\/08\/Chute-de-cheveux-temporaire-causes-et-symptomes-5_2026.webp\" alt=\"\" width=\"600\" height=\"400\" title=\"\" srcset=\"https:\/\/www.capilclinic.com\/wp-content\/uploads\/2026\/08\/Chute-de-cheveux-temporaire-causes-et-symptomes-5_2026.webp 600w, https:\/\/www.capilclinic.com\/wp-content\/uploads\/2026\/08\/Chute-de-cheveux-temporaire-causes-et-symptomes-5_2026-300x200.webp 300w, https:\/\/www.capilclinic.com\/wp-content\/uploads\/2026\/08\/Chute-de-cheveux-temporaire-causes-et-symptomes-5_2026-150x100.webp 150w\" sizes=\"auto, (max-width: 600px) 100vw, 600px\" \/><\/p>\n<p>Une mauvaise consommation de nutriments tels que le fer, la biotine, le zinc et les prot\u00e9ines peut affaiblir les follicules pileux et entra\u00eener une perte de cheveux temporaire. <strong>Une alimentation \u00e9quilibr\u00e9e qui comprend ces nutriments essentiels est n\u00e9cessaire pour maintenir des cheveux sains.<\/strong> Changer votre alimentation ou prendre des suppl\u00e9ments peut inverser la perte de cheveux caus\u00e9e par des carences nutritionnelles.<\/p>\n<h3>Stages en coiffure<\/h3>\n<p><strong>La perte de cheveux temporaire peut \u00eatre caus\u00e9e par certaines m\u00e9thodes de coiffage<\/strong>. L\u2019alop\u00e9cie de traction est caus\u00e9e par une tension excessive sur les follicules pileux caus\u00e9e par des coiffures telles que des tresses ou des queues de cheval tr\u00e8s serr\u00e9es. De plus, l\u2019utilisation fr\u00e9quente de traitements chimiques et d\u2019outils de coiffage \u00e0 chaud peut affaiblir et endommager la tige du cheveu, ce qui peut entra\u00eener une perte de cheveux temporaire.<\/p>\n<h3>Grossesse et post-partum<\/h3>\n<p>Chez de nombreuses femmes, les changements hormonaux qui se produisent pendant la grossesse peuvent entra\u00eener le d\u00e9veloppement de cheveux plus \u00e9pais et brillants. Cependant, apr\u00e8s l\u2019accouchement, des changements hormonaux se produisent souvent <strong>qui conduisent \u00e0 une condition temporaire connue sous le nom d\u2019effluvium t\u00e9log\u00e8ne post-partum<\/strong>, qui chez certaines femmes provoque la perte de cheveux. Au fur et \u00e0 mesure que les niveaux d\u2019hormones se stabilisent, cette condition dispara\u00eet g\u00e9n\u00e9ralement d\u2019elle-m\u00eame.<\/p>\n<h2>Sympt\u00f4mes de la chute de cheveux temporaire<\/h2>\n<p><img loading=\"lazy\" decoding=\"async\" class=\"aligncenter size-full wp-image-6172\" src=\"https:\/\/www.capilclinic.com\/wp-content\/uploads\/2026\/08\/Lalopecie-feminine-1-768x512_2026.webp\" alt=\"\" width=\"768\" height=\"512\" title=\"\" srcset=\"https:\/\/www.capilclinic.com\/wp-content\/uploads\/2026\/08\/Lalopecie-feminine-1-768x512_2026.webp 768w, https:\/\/www.capilclinic.com\/wp-content\/uploads\/2026\/08\/Lalopecie-feminine-1-768x512_2026-300x200.webp 300w, https:\/\/www.capilclinic.com\/wp-content\/uploads\/2026\/08\/Lalopecie-feminine-1-768x512_2026-600x400.webp 600w, https:\/\/www.capilclinic.com\/wp-content\/uploads\/2026\/08\/Lalopecie-feminine-1-768x512_2026-150x100.webp 150w\" sizes=\"auto, (max-width: 768px) 100vw, 768px\" \/><\/p>\n<p>Pour effectuer une d\u00e9tection et un traitement efficaces de la perte de cheveux temporaire, il est essentiel de reconna\u00eetre les sympt\u00f4mes. Voici les sympt\u00f4mes courants \u00e0 surveiller :<\/p>\n<h3>Perte de cheveux excessive<\/h3>\n<p>Une augmentation significative de la perte de cheveux est un signe indubitable de perte de cheveux temporaire. Les gens perdent entre cinquante et cent m\u00e8ches de cheveux par jour. Cependant, les personnes qui subissent une perte de cheveux temporaire. Ils peuvent <strong>remarquer une augmentation du volume des cheveux sur les oreillers, les douches ou les brosses. <\/strong>Cette chute excessive se produit fr\u00e9quemment lorsque les follicules pileux entrent pr\u00e9matur\u00e9ment dans la phase de repos du cycle de croissance des cheveux.<\/p>\n<h3>Cheveux clairsem\u00e9s<\/h3>\n<p><strong>Cela se produit g\u00e9n\u00e9ralement lorsqu\u2019il y a une perte de cheveux temporaire<\/strong>. Cela peut \u00eatre vu dans des zones sp\u00e9cifiques telles que la racine des cheveux ou le sommet de la t\u00eate. Tout au long de cette \u00e9tape, les cheveux tombent plus qu\u2019ils ne poussent, ce qui entra\u00eene une diminution du volume et de la densit\u00e9 globaux. En cons\u00e9quence, le cuir chevelu est plus visible.<\/p>\n<h3>Cuir chevelu visible ou \u00e9largissement de la raie<\/h3>\n<p>Le cuir chevelu peut devenir plus apparent lorsqu\u2019il commence \u00e0 s\u2019amincir et \u00e0 reculer. Surtout lorsque les cheveux sont peign\u00e9s ou s\u00e9par\u00e9s. Beaucoup de gens remarquent l\u2019\u00e9largissement de la raie, et certains peuvent m\u00eame <strong>voir de petites zones chauves ou moins de croissance des cheveux.<\/strong><\/p>\n<h3>Alt\u00e9rations de la texture et de la qualit\u00e9 des cheveux<\/h3>\n<p>La texture et la qualit\u00e9 des m\u00e8ches de cheveux restantes peuvent \u00e9galement \u00eatre affect\u00e9es par la perte de cheveux transitoire. Il est possible que <strong> les cheveux des gens subissent des changements sp\u00e9cifiques \u00e0 mesure qu\u2019ils vieillissent. <\/strong>L\u2019un de ces changements est que la texture des cheveux peut devenir plus fine, moins forte et plus sujette \u00e0 la casse. Certaines personnes peuvent dire que leurs cheveux sont moins pleins et moins vitaux.<\/p>\n<h2>Traitement et prise en charge<\/h2>\n<p><img loading=\"lazy\" decoding=\"async\" class=\"aligncenter size-full wp-image-6190\" src=\"https:\/\/www.capilclinic.com\/wp-content\/uploads\/2026\/08\/Chute-de-cheveux-temporaire-causes-et-symptomes-3_2026.webp\" alt=\"\" width=\"600\" height=\"400\" title=\"\" srcset=\"https:\/\/www.capilclinic.com\/wp-content\/uploads\/2026\/08\/Chute-de-cheveux-temporaire-causes-et-symptomes-3_2026.webp 600w, https:\/\/www.capilclinic.com\/wp-content\/uploads\/2026\/08\/Chute-de-cheveux-temporaire-causes-et-symptomes-3_2026-300x200.webp 300w, https:\/\/www.capilclinic.com\/wp-content\/uploads\/2026\/08\/Chute-de-cheveux-temporaire-causes-et-symptomes-3_2026-150x100.webp 150w\" sizes=\"auto, (max-width: 600px) 100vw, 600px\" \/><\/p>\n<p>Le traitement et la gestion de la perte de cheveux temporaire n\u00e9cessitent une approche globale qui s\u2019attaque aux causes profondes et encourage la croissance des cheveux. Voici quelques m\u00e9thodes cruciales \u00e0 garder \u00e0 l\u2019esprit :<\/p>\n<h3>S\u2019attaquer \u00e0 la cause sous-jacente<\/h3>\n<p><strong>Identifier et traiter la cause profonde de la perte de cheveux est le moyen le plus efficace de la combattre<\/strong>. Les techniques de r\u00e9duction du stress, telles que la m\u00e9ditation, le yoga ou le counseling, peuvent \u00eatre utilis\u00e9es pour g\u00e9rer les facteurs de stress \u00e9motionnels. Si le probl\u00e8me vient du m\u00e9dicament, consultez un fournisseur de soins de sant\u00e9. La sant\u00e9 des cheveux peut \u00eatre favoris\u00e9e par l\u2019utilisation de suppl\u00e9ments.<\/p>\n<h3>Soins du cuir chevelu et des cheveux<\/h3>\n<p>Des soins appropri\u00e9s des cheveux et du cuir chevelu sont essentiels. <strong>\u00c9vitez les coiffures extr\u00eamement serr\u00e9es car elles peuvent appuyer sur les follicules pileux.<\/strong> Pour \u00e9viter d\u2019autres dommages, utilisez des produits chimiques agressifs et des outils de coiffage \u00e0 chaud avec parcimonie et utilisez des shampooings et des revitalisants doux et sans sulfate qui conviennent \u00e0 votre type de cheveux. Masser doucement le cuir chevelu peut aider \u00e0 am\u00e9liorer la circulation sanguine vers les follicules pileux. Ce qui peut stimuler la r\u00e9cup\u00e9ration des cheveux.<\/p>\n<h3>Traitements pour la croissance des cheveux<\/h3>\n<p>Les m\u00e9decins peuvent recommander l\u2019utilisation de certains traitements pour la croissance des cheveux ou pour soulager la perte de cheveux temporaire. <strong>Ces traitements comprennent des solutions topiques telles que le minoxidil ou des m\u00e9dicaments sur ordonnance tels que le finast\u00e9ride. <\/strong>Ces traitements peuvent aider \u00e0 stimuler la croissance des cheveux et \u00e0 pr\u00e9venir la perte de cheveux. Mais l\u2019efficacit\u00e9 de ces traitements peut varier d\u2019une personne \u00e0 l\u2019autre.<\/p>\n<h3>Changements de mode de vie<\/h3>\n<p>Changer certaines choses dans votre mode de vie peut vous aider \u00e0 garder vos cheveux en bonne sant\u00e9. Assurez-vous que votre alimentation est riche en nutriments essentiels, <strong>maintenez une hydratation ad\u00e9quate et pratiquez une activit\u00e9 physique r\u00e9guli\u00e8re.<\/strong> Ces changements de mode de vie am\u00e9liorent la sant\u00e9 globale des cheveux. Parce qu\u2019ils peuvent avoir un impact positif sur la croissance des cheveux. Il est important de dormir suffisamment et d\u2019apprendre des techniques de gestion du stress.<\/p>\n<h2>Conclusion<\/h2>\n<p>Pour le dire simplement, perdre ses cheveux pendant un certain temps peut \u00eatre assez regrettable. Mais il est important de se rappeler que cette condition s\u2019am\u00e9liore g\u00e9n\u00e9ralement avec le temps. <strong>Comprendre les causes profondes, consulter des experts pour un diagnostic pr\u00e9cis <\/strong>et prendre des mesures proactives pour \u00e9viter les complications sont les points cl\u00e9s de ce blog.<\/p>\n<p>Les soins personnels et les conseils des professionnels de la sant\u00e9 sont essentiels pour garder les cheveux en bonne sant\u00e9<strong>. Cette m\u00e9thode permettra de rajeunir et de maintenir la vitalit\u00e9 de vos cheveux.<\/strong> Il est important de se rappeler qu\u2019il existe de nombreuses fa\u00e7ons d\u2019obtenir de l\u2019aide et du soutien en mati\u00e8re de perte de cheveux.<\/p>\n","protected":false},"excerpt":{"rendered":"<p>Les cheveux sont plus qu\u2019une simple caract\u00e9ristique de notre apparence, c\u2019est une repr\u00e9sentation de notre individualit\u00e9 et de notre confiance en soi. Pour beaucoup, c\u2019est une partie fondamentale de ce qu\u2019ils sont. Il est important de se rappeler que la perte de cheveux temporaire peut affecter des personnes de tous horizons et peut surprendre. Dans [&hellip;]<\/p>\n","protected":false},"author":4,"featured_media":6186,"comment_status":"open","ping_status":"open","sticky":false,"template":"","format":"standard","meta":{"footnotes":""},"categories":[29],"tags":[],"class_list":["post-6185","post","type-post","status-publish","format-standard","has-post-thumbnail","hentry","category-blog"],"_links":{"self":[{"href":"https:\/\/www.capilclinic.com\/fr\/wp-json\/wp\/v2\/posts\/6185","targetHints":{"allow":["GET"]}}],"collection":[{"href":"https:\/\/www.capilclinic.com\/fr\/wp-json\/wp\/v2\/posts"}],"about":[{"href":"https:\/\/www.capilclinic.com\/fr\/wp-json\/wp\/v2\/types\/post"}],"author":[{"embeddable":true,"href":"https:\/\/www.capilclinic.com\/fr\/wp-json\/wp\/v2\/users\/4"}],"replies":[{"embeddable":true,"href":"https:\/\/www.capilclinic.com\/fr\/wp-json\/wp\/v2\/comments?post=6185"}],"version-history":[{"count":1,"href":"https:\/\/www.capilclinic.com\/fr\/wp-json\/wp\/v2\/posts\/6185\/revisions"}],"predecessor-version":[{"id":6191,"href":"https:\/\/www.capilclinic.com\/fr\/wp-json\/wp\/v2\/posts\/6185\/revisions\/6191"}],"wp:featuredmedia":[{"embeddable":true,"href":"https:\/\/www.capilclinic.com\/fr\/wp-json\/wp\/v2\/media\/6186"}],"wp:attachment":[{"href":"https:\/\/www.capilclinic.com\/fr\/wp-json\/wp\/v2\/media?parent=6185"}],"wp:term":[{"taxonomy":"category","embeddable":true,"href":"https:\/\/www.capilclinic.com\/fr\/wp-json\/wp\/v2\/categories?post=6185"},{"taxonomy":"post_tag","embeddable":true,"href":"https:\/\/www.capilclinic.com\/fr\/wp-json\/wp\/v2\/tags?post=6185"}],"curies":[{"name":"wp","href":"https:\/\/api.w.org\/{rel}","templated":true}]}}