{"id":6177,"date":"2026-08-27T12:38:36","date_gmt":"2026-08-27T09:38:36","guid":{"rendered":"https:\/\/www.capilclinic.com\/?p=6177"},"modified":"2026-08-27T12:38:36","modified_gmt":"2026-08-27T09:38:36","slug":"pourquoi-cheveux-seclaircissent","status":"publish","type":"post","link":"https:\/\/www.capilclinic.com\/fr\/pourquoi-cheveux-seclaircissent\/","title":{"rendered":"Pourquoi les cheveux s\u2019\u00e9claircissent"},"content":{"rendered":"<p>Vous \u00eates-vous d\u00e9j\u00e0 demand\u00e9<strong> pourquoi les cheveux s\u2019\u00e9claircissent<\/strong> ? C\u2019est une chose qui arrive plus souvent qu\u2019on ne l\u2019imagine. Il s\u2019agit principalement de facteurs externes qui, en fonction de la couleur naturelle de nos cheveux, les font para\u00eetre plus clairs ou plus clairs avec des reflets naturels. Les cheveux color\u00e9s peuvent \u00e9galement ressentir cet effet ou m\u00eame changer l\u00e9g\u00e8rement de ton.<\/p>\n<p>Si vous souhaitez conna\u00eetre les raisons pour lesquelles les cheveux s\u2019\u00e9claircissent, surtout en p\u00e9riode estivale, nous vous invitons \u00e0 poursuivre la lecture de cet article.<\/p>\n<h2><strong>Pourquoi nos cheveux s\u2019\u00e9claircissent-ils ? <\/strong><\/h2>\n<p>Les cheveux s\u2019\u00e9claircissent, <strong>ou l\u2019oxydation comme on l\u2019appelle aussi,<\/strong> est en t\u00eate de liste des probl\u00e8mes capillaires.<\/p>\n<p>L\u2019aspect d\u00e9sagr\u00e9able des cheveux oxyd\u00e9s se produit surtout lorsque les <a href=\"https:\/\/capilclinic.fr\/a-quel-age-les-cheveux-commencent-a-tomber\/\" target=\"_blank\" rel=\"noopener\">cheveux<\/a> ne sont pas correctement trait\u00e9s apr\u00e8s la coloration.<\/p>\n<p>La perte de couleur des cheveux est le r\u00e9sultat d\u2019une chaleur excessive. Par exemple, <strong>les cheveux blonds platine deviennent trop jaunes ou les reflets dor\u00e9s deviennent orange. <\/strong><\/p>\n<p><img loading=\"lazy\" decoding=\"async\" class=\"aligncenter size-full wp-image-6179\" src=\"https:\/\/www.capilclinic.com\/wp-content\/uploads\/2026\/08\/cheveux-seclaircissent-5_2026.webp\" alt=\"\" width=\"600\" height=\"400\" title=\"\" srcset=\"https:\/\/www.capilclinic.com\/wp-content\/uploads\/2026\/08\/cheveux-seclaircissent-5_2026.webp 600w, https:\/\/www.capilclinic.com\/wp-content\/uploads\/2026\/08\/cheveux-seclaircissent-5_2026-300x200.webp 300w, https:\/\/www.capilclinic.com\/wp-content\/uploads\/2026\/08\/cheveux-seclaircissent-5_2026-150x100.webp 150w\" sizes=\"auto, (max-width: 600px) 100vw, 600px\" \/><\/p>\n<p>Lorsque les cheveux sont \u00e9claircis, la couleur naturelle est supprim\u00e9e pour faire place \u00e0 la nouvelle couleur. Comme tous les cheveux ont un certain degr\u00e9 de chaleur, <strong>l\u2019\u00e9limination de leur teinte naturelle rend les tons jaunes, orange ou rouges plus \u00e9vidents.<\/strong> \u00c0 moins que des mesures ne soient prises pour att\u00e9nuer ce ph\u00e9nom\u00e8ne.<\/p>\n<p>Quelle que soit la fa\u00e7on dont la chaleur se pr\u00e9sente, vous voudrez sans aucun doute vous d\u00e9barrasser de l\u2019oxydation de vos cheveux et revenir aux tons plus froids que vous recherchiez \u00e0 l\u2019origine. Mieux encore, prenez des mesures pr\u00e9ventives pour rem\u00e9dier \u00e0 l\u2019oxydation de vos cheveux.<\/p>\n<h2><strong>Causes de pourquoi les cheveux s\u2019\u00e9claircissent<\/strong><\/h2>\n<p>La perte de pigments dans les cheveux qui entra\u00eene un \u00e9claircissement peut \u00eatre due \u00e0 un certain nombre de raisons. Voici quelques explications possibles :<\/p>\n<p><img loading=\"lazy\" decoding=\"async\" class=\"aligncenter size-full wp-image-6180\" src=\"https:\/\/www.capilclinic.com\/wp-content\/uploads\/2026\/08\/cheveux-seclaircissent-4_2026.webp\" alt=\"\" width=\"600\" height=\"400\" title=\"\" srcset=\"https:\/\/www.capilclinic.com\/wp-content\/uploads\/2026\/08\/cheveux-seclaircissent-4_2026.webp 600w, https:\/\/www.capilclinic.com\/wp-content\/uploads\/2026\/08\/cheveux-seclaircissent-4_2026-300x200.webp 300w, https:\/\/www.capilclinic.com\/wp-content\/uploads\/2026\/08\/cheveux-seclaircissent-4_2026-150x100.webp 150w\" sizes=\"auto, (max-width: 600px) 100vw, 600px\" \/><\/p>\n<ul>\n<li><strong>Exposition au soleil<\/strong> : une exposition prolong\u00e9e au soleil peut \u00e9claircir les cheveux. Les rayons ultraviolets peuvent affecter la m\u00e9lanine, le pigment responsable de la couleur des cheveux.<\/li>\n<li><strong>L\u2019\u00e2ge et la g\u00e9n\u00e9tique<\/strong> : avec l\u2019\u00e2ge, il est fr\u00e9quent que la couleur des cheveux change. La g\u00e9n\u00e9tique joue \u00e9galement un r\u00f4le. Certaines personnes voient leurs cheveux s\u2019\u00e9claircir naturellement avec l\u2019\u00e2ge.<\/li>\n<li><strong>Changements hormonaux<\/strong> : les changements dans les niveaux d\u2019hormones. Tels que ceux qui se produisent pendant la grossesse ou avec certaines conditions m\u00e9dicales, peuvent affecter la couleur des cheveux.<\/li>\n<li><strong>Produits chimiques<\/strong> : l\u2019utilisation fr\u00e9quente de produits chimiques pour les cheveux. Tels que les d\u00e9colorants ou les produits lissants, peut contribuer \u00e0 l\u2019\u00e9claircissement.<\/li>\n<li><strong>Facteurs nutritionnels<\/strong> : une alimentation d\u00e9ficiente en certains nutriments peut affecter la sant\u00e9 des cheveux. Dans certains cas, influencer la couleur.<\/li>\n<li><strong>Facteurs li\u00e9s \u00e0 l\u2019environnement et au mode de vie<\/strong> : la qualit\u00e9 de l\u2019eau, la pollution et d\u2019autres facteurs environnementaux peuvent affecter la sant\u00e9 des cheveux. En outre, l\u2019utilisation fr\u00e9quente d\u2019outils thermiques ou de produits coiffants peut contribuer au changement de couleur.<\/li>\n<\/ul>\n<p>Si vous \u00eates pr\u00e9occup\u00e9 par ces changements, il peut \u00eatre judicieux de <strong>consulter un professionnel des soins capillaires ou un dermatologue.<\/strong> Ils pourront \u00e9valuer votre situation sp\u00e9cifique et vous fournir des conseils personnalis\u00e9s.<\/p>\n<h2><strong>Pourquoi les cheveux s\u2019\u00e9claircissent-ils surtout en \u00e9t\u00e9 ?<\/strong><\/h2>\n<p><strong>Le soleil est sans aucun doute l\u2019agent ext\u00e9rieur qui \u00e9claircit le plus les cheveux en \u00e9t\u00e9<\/strong>. Si vous vous demandez pourquoi, sachez que la combinaison du rayonnement solaire et de l\u2019oxyg\u00e8ne de l\u2019air provoque la d\u00e9gradation des granules de m\u00e9lanine. Ce pigment est responsable de la couleur des cheveux. La chaleur provoque l\u2019oxydation de la m\u00e9lanine, ce qui entra\u00eene l\u2019apparition de ce que l\u2019on appelle les reflets naturels.<\/p>\n<p>Ce ph\u00e9nom\u00e8ne est beaucoup plus intense sur les<strong> cheveux naturels (surtout les blonds et les gris)<\/strong> qui n\u2019ont pas subi de teint, de m\u00e8ches, de coloration, etc. Bien que les cheveux teints soient \u00e9galement affect\u00e9s et se d\u00e9colorent plus rapidement, voire changent de couleur, ce ph\u00e9nom\u00e8ne n\u2019est pas plus fr\u00e9quent que pour les cheveux naturels.<\/p>\n<p>L\u2019impact des rayons UV sur les cheveux n\u2019affecte pas seulement la coloration des cheveux, mais aussi leur r\u00e9sistance. Les cheveux deviennent alors beaucoup plus fragiles et cassants.<\/p>\n<h3><strong>Chlore et eau de mer<\/strong><\/h3>\n<p>Outre le soleil, le chlore des piscines et l\u2019eau de mer constituent un autre facteur externe qui \u00e9claircit les cheveux en p\u00e9riode estivale. Ces deux \u00e9l\u00e9ments affectent <strong>n\u00e9gativement la k\u00e9ratine des cheveux en l\u2019oxydant<\/strong>. La couleur naturelle des cheveux passe alors \u00e0 une teinte plus claire et les cheveux deviennent plus secs, plus r\u00eaches et plus ab\u00eem\u00e9s.<\/p>\n<p><img loading=\"lazy\" decoding=\"async\" class=\"aligncenter size-full wp-image-6181\" src=\"https:\/\/www.capilclinic.com\/wp-content\/uploads\/2026\/08\/cheveux-seclaircissent-2_2026.webp\" alt=\"\" width=\"600\" height=\"400\" title=\"\" srcset=\"https:\/\/www.capilclinic.com\/wp-content\/uploads\/2026\/08\/cheveux-seclaircissent-2_2026.webp 600w, https:\/\/www.capilclinic.com\/wp-content\/uploads\/2026\/08\/cheveux-seclaircissent-2_2026-300x200.webp 300w, https:\/\/www.capilclinic.com\/wp-content\/uploads\/2026\/08\/cheveux-seclaircissent-2_2026-150x100.webp 150w\" sizes=\"auto, (max-width: 600px) 100vw, 600px\" \/><\/p>\n<p><strong>Le chlore contenu dans l\u2019eau des piscines est extr\u00eamement nocif pour les cheveux color\u00e9s.<\/strong> Il peut alt\u00e9rer fortement la coloration, en donnant par exemple aux cheveux une l\u00e9g\u00e8re teinte verd\u00e2tre ou orang\u00e9e tr\u00e8s peu flatteuse. Il est donc indispensable d\u2019utiliser un bonnet en caoutchouc, de prendre soin des cheveux et de les laver le plus rapidement possible apr\u00e8s la baignade.<\/p>\n<p>En r\u00e9sum\u00e9, si les cheveux sont d\u00e9color\u00e9s en \u00e9t\u00e9, c\u2019est parce qu\u2019\u00e0 cette p\u00e9riode de l\u2019ann\u00e9e, ils sont beaucoup plus fragiles et moins sains qu\u2019en hiver.<\/p>\n<h2><strong>Soins des cheveux <\/strong><\/h2>\n<p>Plusieurs mesures peuvent \u00eatre prises pour pr\u00e9venir l\u2019\u00e9claircissement des cheveux et les garder sains et forts : en voici quelques-unes :<\/p>\n<h3><strong>Type de cheveux color\u00e9s<\/strong><\/h3>\n<p>Au lieu d\u2019appliquer une couleur blonde sur l\u2019ensemble de vos cheveux en une seule fois, demandez \u00e0 votre coiffeur de travailler sur les reflets clairs et fonc\u00e9s au lieu d\u2019appliquer la couleur sur chaque m\u00e8che.<strong> Cela r\u00e9duit le risque d\u2019oxydation sur l\u2019ensemble de la chevelure.<\/strong> N\u2019oubliez pas : plus la couleur finale de vos cheveux ressemble \u00e0 votre couleur naturelle, moins il y a de risque de changement de couleur. Il est recommand\u00e9 de ne pas \u00e9claircir vos cheveux de plus de deux tons de votre couleur naturelle. <strong>Choisissez la bonne couleur d\u00e8s le d\u00e9part<\/strong> ; vous augmenterez ainsi les chances d\u2019\u00e9liminer les cheveux oxyd\u00e9s \u00e0 l\u2019avenir.<\/p>\n<h3><strong>\u00c9vitez la lumi\u00e8re directe du soleil<\/strong><\/h3>\n<p>Le soleil a non seulement tendance \u00e0 dess\u00e9cher vos cheveux, mais aussi \u00e0 en ternir la couleur. <strong>En outre, le fait de rester \u00e0 l\u2019ext\u00e9rieur acc\u00e9l\u00e8re l\u2019oxydation de vos cheveux fra\u00eechement color\u00e9s.<\/strong> Lorsque les cheveux sont expos\u00e9s \u00e0 la fois \u00e0 l\u2019oxyg\u00e8ne et aux rayons UV, la chaleur sous-jacente de vos cheveux est r\u00e9v\u00e9l\u00e9e et l\u2019oxydation s\u2019installe. Si vous ne pouvez pas rester \u00e0 l\u2019abri du soleil, portez un chapeau pour prot\u00e9ger vos cheveux ou utilisez un spray anti-UV pour \u00e9viter l\u2019oxydation ind\u00e9sirable.<\/p>\n<h3><strong>Garder le cheval au frais<\/strong><\/h3>\n<p>Il peut \u00eatre difficile de le faire. <strong>Mais le rin\u00e7age \u00e0 l\u2019eau froide est le meilleur moyen de pr\u00e9server la couleur du poil.<\/strong> Au lieu d\u2019augmenter la temp\u00e9rature, utilisez un rin\u00e7age \u00e0 l\u2019eau froide pour refermer les cellules de la cuticule. L\u2019avantage suppl\u00e9mentaire de cette technique est qu\u2019elle retient l\u2019humidit\u00e9 et aide la cuticule \u00e0 avoir une texture plus lisse et un aspect plus lustr\u00e9 et brillant.<\/p>\n<p><img loading=\"lazy\" decoding=\"async\" class=\"aligncenter size-full wp-image-6182\" src=\"https:\/\/www.capilclinic.com\/wp-content\/uploads\/2026\/08\/cheveux-seclaircissent-6_2026.webp\" alt=\"\" width=\"600\" height=\"400\" title=\"\" srcset=\"https:\/\/www.capilclinic.com\/wp-content\/uploads\/2026\/08\/cheveux-seclaircissent-6_2026.webp 600w, https:\/\/www.capilclinic.com\/wp-content\/uploads\/2026\/08\/cheveux-seclaircissent-6_2026-300x200.webp 300w, https:\/\/www.capilclinic.com\/wp-content\/uploads\/2026\/08\/cheveux-seclaircissent-6_2026-150x100.webp 150w\" sizes=\"auto, (max-width: 600px) 100vw, 600px\" \/><\/p>\n<h3><strong>\u00c9vitez le contact direct avec la piscine<\/strong><\/h3>\n<p>Le chlore n\u2019est pas l\u2019ami de vos cheveux. <strong>Ce produit chimique est r\u00e9put\u00e9 pour d\u00e9pouiller les cheveux de leurs huiles naturelles et les rendre secs et cassants.<\/strong> Plus vos cheveux sont ab\u00eem\u00e9s, plus ils sont susceptibles de rouiller. Pour rem\u00e9dier \u00e0 ce probl\u00e8me, mouillez vos cheveux avec de l\u2019eau en bouteille avant d\u2019entrer dans la piscine. Vos cheveux absorbent toute l\u2019humidit\u00e9, alors appliquez d\u2019abord de l\u2019eau propre et sans produits chimiques avant de vous baigner. Lorsque vous n\u2019\u00eates plus dans la piscine, lavez imm\u00e9diatement vos cheveux avec un shampoing et un apr\u00e8s-shampoing afin d\u2019\u00e9liminer tout dommage \u00e9ventuel. Mieux encore, si vous en avez la possibilit\u00e9, choisissez des piscines d\u2019eau sal\u00e9e.<\/p>\n<h3><strong>Utilisez un shampooing correcteur de couleur.<\/strong><\/h3>\n<p>Le jaune et le violet \u00e9tant aux antipodes de la palette de couleurs. Le violet est utilis\u00e9 pour neutraliser les tons rouill\u00e9s et trop chauds.<\/p>\n<h3><strong>Prenez un bain l\u00e9ger<\/strong><\/h3>\n<p>Demandez \u00e0 votre coiffeur de faire un bain de lumi\u00e8re sur vos <strong>cheveux fra\u00eechement color\u00e9s pour sceller le ton et emp\u00eacher la d\u00e9coloration.<\/strong> En proc\u00e9dant de la sorte, vous pouvez conserver la couleur pendant quatre \u00e0 six semaines suppl\u00e9mentaires.<\/p>\n<h3><strong>Lavez vos cheveux moins souvent et utilisez de l\u2019eau filtr\u00e9e.<\/strong><\/h3>\n<p><strong>Des niveaux \u00e9lev\u00e9s de min\u00e9raux<\/strong> dans l\u2019eau peuvent entra\u00eener l\u2019oxydation des cheveux. L\u2019eau dure d\u00e9pose des min\u00e9raux dans vos cheveux qui ab\u00eement la couleur, tout en les d\u00e9shydratant. Envisagez de r\u00e9duire le nombre de lavages hebdomadaires et, si l\u2019eau que vous utilisez est particuli\u00e8rement dure, <strong>vous pouvez investir dans un filtre \u00e0 eau qui \u00e9limine les min\u00e9raux.<\/strong> Si vous craignez d\u2019avoir les cheveux sales, vous pouvez faire un coiffage sp\u00e9cial ou utiliser un peu de shampooing sec.<\/p>\n<p><img loading=\"lazy\" decoding=\"async\" class=\"aligncenter size-full wp-image-6183\" src=\"https:\/\/www.capilclinic.com\/wp-content\/uploads\/2026\/08\/cheveux-seclaircissent-3_2026.webp\" alt=\"\" width=\"600\" height=\"400\" title=\"\" srcset=\"https:\/\/www.capilclinic.com\/wp-content\/uploads\/2026\/08\/cheveux-seclaircissent-3_2026.webp 600w, https:\/\/www.capilclinic.com\/wp-content\/uploads\/2026\/08\/cheveux-seclaircissent-3_2026-300x200.webp 300w, https:\/\/www.capilclinic.com\/wp-content\/uploads\/2026\/08\/cheveux-seclaircissent-3_2026-150x100.webp 150w\" sizes=\"auto, (max-width: 600px) 100vw, 600px\" \/><\/p>\n<h3><strong>Soignez vos cheveux<\/strong><\/h3>\n<p>Cela peut para\u00eetre simple. Mais plus vos cheveux sont sains, doux et souples, moins ils risquent de se d\u00e9colorer ou de changer de couleur. Vous pouvez y parvenir en utilisant un traitement revitalisant en profondeur.<strong> Apr\u00e8s avoir trait\u00e9 vos cheveux, appliquez un vernis hydratant.<\/strong> Veillez \u00e0 ce que le vernis soit transparent ou qu\u2019il ait la bonne pigmentation pour neutraliser l\u2019oxydation.<\/p>\n<h2>Conclusions<\/h2>\n<p>L\u2019un des principaux facteurs contribuant \u00e0 les <strong>cheveux s\u2019\u00e9claircissent<\/strong> en \u00e9t\u00e9 est l\u2019exposition au soleil. Les rayons ultraviolets (UV) du soleil peuvent endommager la cuticule du cheveu, la rendant plus poreuse et sujette \u00e0 la perte de pigments. En outre, le rayonnement solaire peut provoquer l\u2019oxydation de la m\u00e9lanine, ce qui donne une teinte plus claire.<\/p>\n<p>Il est important de prot\u00e9ger <strong>les cheveux du soleil en portant des chapeaux<\/strong>, des casquettes ou des produits capillaires avec protection solaire. Il est \u00e9galement recommand\u00e9 d\u2019\u00e9viter les expositions prolong\u00e9es au soleil. Surtout aux heures de pointe, afin d\u2019\u00e9viter un \u00e9claircissement excessif des cheveux.<\/p>\n<p>N\u2019oubliez pas que l\u2019eau de mer et l\u2019eau des piscines, l\u2019une des principales activit\u00e9s estivales, sont les ennemies de vos cheveux. Vous devez en prendre soin en suivant les \u00e9tapes d\u00e9crites dans cet article.<\/p>\n","protected":false},"excerpt":{"rendered":"<p>Vous \u00eates-vous d\u00e9j\u00e0 demand\u00e9 pourquoi les cheveux s\u2019\u00e9claircissent ? C\u2019est une chose qui arrive plus souvent qu\u2019on ne l\u2019imagine. Il s\u2019agit principalement de facteurs externes qui, en fonction de la couleur naturelle de nos cheveux, les font para\u00eetre plus clairs ou plus clairs avec des reflets naturels. Les cheveux color\u00e9s peuvent \u00e9galement ressentir cet effet [&hellip;]<\/p>\n","protected":false},"author":4,"featured_media":6178,"comment_status":"open","ping_status":"open","sticky":false,"template":"","format":"standard","meta":{"footnotes":""},"categories":[29],"tags":[],"class_list":["post-6177","post","type-post","status-publish","format-standard","has-post-thumbnail","hentry","category-blog"],"_links":{"self":[{"href":"https:\/\/www.capilclinic.com\/fr\/wp-json\/wp\/v2\/posts\/6177","targetHints":{"allow":["GET"]}}],"collection":[{"href":"https:\/\/www.capilclinic.com\/fr\/wp-json\/wp\/v2\/posts"}],"about":[{"href":"https:\/\/www.capilclinic.com\/fr\/wp-json\/wp\/v2\/types\/post"}],"author":[{"embeddable":true,"href":"https:\/\/www.capilclinic.com\/fr\/wp-json\/wp\/v2\/users\/4"}],"replies":[{"embeddable":true,"href":"https:\/\/www.capilclinic.com\/fr\/wp-json\/wp\/v2\/comments?post=6177"}],"version-history":[{"count":1,"href":"https:\/\/www.capilclinic.com\/fr\/wp-json\/wp\/v2\/posts\/6177\/revisions"}],"predecessor-version":[{"id":6184,"href":"https:\/\/www.capilclinic.com\/fr\/wp-json\/wp\/v2\/posts\/6177\/revisions\/6184"}],"wp:featuredmedia":[{"embeddable":true,"href":"https:\/\/www.capilclinic.com\/fr\/wp-json\/wp\/v2\/media\/6178"}],"wp:attachment":[{"href":"https:\/\/www.capilclinic.com\/fr\/wp-json\/wp\/v2\/media?parent=6177"}],"wp:term":[{"taxonomy":"category","embeddable":true,"href":"https:\/\/www.capilclinic.com\/fr\/wp-json\/wp\/v2\/categories?post=6177"},{"taxonomy":"post_tag","embeddable":true,"href":"https:\/\/www.capilclinic.com\/fr\/wp-json\/wp\/v2\/tags?post=6177"}],"curies":[{"name":"wp","href":"https:\/\/api.w.org\/{rel}","templated":true}]}}