{"id":6105,"date":"2026-08-27T11:35:11","date_gmt":"2026-08-27T08:35:11","guid":{"rendered":"https:\/\/www.capilclinic.com\/?p=6105"},"modified":"2026-08-27T11:35:11","modified_gmt":"2026-08-27T08:35:11","slug":"vitamines-prevenir-lalopecie","status":"publish","type":"post","link":"https:\/\/www.capilclinic.com\/fr\/vitamines-prevenir-lalopecie\/","title":{"rendered":"Les vitamines pour pr\u00e9venir l\u2019alop\u00e9cie, qu\u2019est-ce que c\u2019est et comment \u00e7a marche?"},"content":{"rendered":"<p>La chute des cheveux est un ph\u00e9nom\u00e8ne qui touche aussi bien les hommes que les femmes. Bien que la perte de cheveux soit naturelle, puisque notre corps se r\u00e9g\u00e9n\u00e8re en permanence, elle est souvent plus intense que la normale.\u00a0<a href=\"https:\/\/www.capilclinic.fr\/blog\/les-types-dalopecie-et-leur-traitement\/\" target=\"_blank\" rel=\"noopener\">L\u2019alop\u00e9cie<\/a>\u00a0la plus courante est l\u2019alop\u00e9cie androg\u00e9n\u00e9tique, qui est h\u00e9r\u00e9ditaire, mais la perte de cheveux est \u00e9galement li\u00e9e \u00e0 des facteurs externes tels que la pollution. Le stress, les habitudes toxiques comme l\u2019alcool ou le tabac, la d\u00e9pression, une mauvaise alimentation et le manque de soins appropri\u00e9s sont autant de facteurs qui contribuent \u00e0 la chute des cheveux. Vous d\u00e9couvrirez ici\u00a0<strong>les vitamines pour pr\u00e9venir l\u2019alop\u00e9cie<\/strong>.<\/p>\n<p>Ces facteurs font que notre organisme ne peut pas produire la plupart des vitamines indispensables \u00e0 l\u2019entretien des cheveux, et qu\u2019il faut donc les obtenir par le biais d\u2019une alimentation \u00e9quilibr\u00e9e ou de suppl\u00e9ments. Il est n\u00e9cessaire d\u2019acqu\u00e9rir des nutriments qui agissent comme des catalyseurs de tous les processus physiologiques, directement ou indirectement.\u00a0<strong>Une carence en vitamines peut entra\u00eener diverses pathologies<\/strong>, dont la chute des cheveux ou l\u2019\u00e9claircissement de la chevelure.<\/p>\n<h2><span id=\"Les_complexes_vitaminiques_sont-ils_efficaces_pour_les_cheveux\" class=\"ez-toc-section\"><\/span><span id=\"p0\">Les complexes\u00a0<span id=\"8\">vitaminiques sont<\/span>-ils efficaces pour les cheveux ?<\/span><\/h2>\n<p><img loading=\"lazy\" decoding=\"async\" class=\"aligncenter size-full wp-image-6107\" src=\"https:\/\/www.capilclinic.com\/wp-content\/uploads\/2026\/08\/Les-complexes-vitaminiques-sont-ils-efficaces-pour-les-cheveux-768x512_2026.webp\" alt=\"\" width=\"768\" height=\"512\" title=\"\" srcset=\"https:\/\/www.capilclinic.com\/wp-content\/uploads\/2026\/08\/Les-complexes-vitaminiques-sont-ils-efficaces-pour-les-cheveux-768x512_2026.webp 768w, https:\/\/www.capilclinic.com\/wp-content\/uploads\/2026\/08\/Les-complexes-vitaminiques-sont-ils-efficaces-pour-les-cheveux-768x512_2026-300x200.webp 300w, https:\/\/www.capilclinic.com\/wp-content\/uploads\/2026\/08\/Les-complexes-vitaminiques-sont-ils-efficaces-pour-les-cheveux-768x512_2026-600x400.webp 600w, https:\/\/www.capilclinic.com\/wp-content\/uploads\/2026\/08\/Les-complexes-vitaminiques-sont-ils-efficaces-pour-les-cheveux-768x512_2026-150x100.webp 150w\" sizes=\"auto, (max-width: 768px) 100vw, 768px\" \/><\/p>\n<p><span id=\"p1\">S\u2019il est vrai que les vitamines et autres compl\u00e9ments alimentaires favorisent la sant\u00e9 des cheveux, ils ne sont r\u00e9ellement efficaces que lorsque\u00a0<strong>la perte de cheveux<\/strong>\u00a0est due \u00e0 une carence en vitamines.<\/span><span id=\"p2\">\u00a0<\/span><\/p>\n<p><span id=\"p5\"><\/span><span id=\"p6\">\u00a0\u00c0 l\u2019heure actuelle, la solution la plus efficace pour lutter contre la perte de cheveux dans des zones sp\u00e9cifiques caus\u00e9e par l\u2019alop\u00e9cie androg\u00e9n\u00e9tique\u00a0<span id=\"p4\">(la plus fr\u00e9quente chez les hommes)<\/span>\u00a0est la greffe de cheveux.<\/span><span id=\"p7\">\u00a0Cette technique est \u00e9galement parfaite pour certains types d\u2019alop\u00e9cie f\u00e9minine et pour les personnes pr\u00e9sentant des cicatrices sur le cuir chevelu.<\/span><\/p>\n<p><strong>Les complexes vitaminiques<\/strong>\u00a0sp\u00e9cifiques pour le bon d\u00e9veloppement des cheveux combinent plusieurs vitamines : A, C, D, E et toutes les vitamines du groupe B, ainsi que des min\u00e9raux tels que le fer, le s\u00e9l\u00e9nium et le magn\u00e9sium, des acides gras tels que les om\u00e9ga 3 et 6, et des prot\u00e9ines telles que le collag\u00e8ne et la k\u00e9ratine, entre autres. On les trouve sous forme de g\u00e9lules ou de comprim\u00e9s qui permettent de prendre la bonne dose pendant une p\u00e9riode d\u00e9termin\u00e9e. Voici les propri\u00e9t\u00e9s de chacune des vitamines pour pr\u00e9venir l\u2019alop\u00e9cie des cheveux :<\/p>\n<h3><span id=\"Vitamine_C\" class=\"ez-toc-section\"><\/span><strong>Vitamine C\u00a0<\/strong><\/h3>\n<p>C\u2019est l\u2019une des vitamines pour pr\u00e9venir l\u2019alop\u00e9cie. Outre les effets b\u00e9n\u00e9fiques de cette vitamine sur le syst\u00e8me immunitaire,\u00a0<strong>elle permet \u00e9galement de lutter contre la s\u00e9cheresse et la chute des cheveux<\/strong>. Les aliments riches en vitamine C, comme les agrumes, les \u00e9pinards et le c\u00e9leri, entre autres, sont nos alli\u00e9s pour nous hydrater et nous fortifier.<\/p>\n<h3><span id=\"Vitamine_D\" class=\"ez-toc-section\"><\/span><strong>Vitamine D<\/strong><\/h3>\n<p>L\u2019alop\u00e9cie est l\u2019un des probl\u00e8mes les plus courants chez les hommes et affecte non seulement leur apparence, mais aussi leur estime de soi. La vitamine D nous aide \u00e0 pr\u00e9venir la chute des cheveux et nous pouvons l\u2019obtenir gr\u00e2ce \u00e0 un r\u00e9gime \u00e0 base de c\u00e9r\u00e9ales, de lait ou de saumon.<\/p>\n<h3><span id=\"Biotine\" class=\"ez-toc-section\"><\/span><strong>Biotine<\/strong><\/h3>\n<p>\u00c9galement appel\u00e9e\u00a0<strong>vitamine H, vitamine B7 ou vitamine B8<\/strong>, la biotine renforce les cheveux et leur donne du volume pour les prot\u00e9ger contre la chute. Principalement pr\u00e9sente dans les abats, elle agit comme une coenzyme, stimulant l\u2019action de certaines enzymes essentielles dans les processus de duplication cellulaire, c\u2019est-\u00e0-dire qu\u2019elle favorise la croissance des tissus \u00e0 reproduction rapide tels que la peau et les cheveux.<\/p>\n<h3><span id=\"Vitamine_E\" class=\"ez-toc-section\"><\/span><strong>Vitamine E<\/strong><\/h3>\n<p><img loading=\"lazy\" decoding=\"async\" class=\"aligncenter size-full wp-image-6108\" src=\"https:\/\/www.capilclinic.com\/wp-content\/uploads\/2026\/08\/Vitamine-E-768x512_2026.webp\" alt=\"\" width=\"768\" height=\"512\" title=\"\" srcset=\"https:\/\/www.capilclinic.com\/wp-content\/uploads\/2026\/08\/Vitamine-E-768x512_2026.webp 768w, https:\/\/www.capilclinic.com\/wp-content\/uploads\/2026\/08\/Vitamine-E-768x512_2026-300x200.webp 300w, https:\/\/www.capilclinic.com\/wp-content\/uploads\/2026\/08\/Vitamine-E-768x512_2026-600x400.webp 600w, https:\/\/www.capilclinic.com\/wp-content\/uploads\/2026\/08\/Vitamine-E-768x512_2026-150x100.webp 150w\" sizes=\"auto, (max-width: 768px) 100vw, 768px\" \/><\/p>\n<p>La vitamine E assure l\u2019oxyg\u00e9nation du cuir chevelu en lui permettant de favoriser une meilleure circulation, ce qui acc\u00e9l\u00e8re la pousse des cheveux. Elle stimule \u00e9galement la production de s\u00e9bum, assurant une bonne hydratation des cheveux. Elle est pr\u00e9sente dans les huiles v\u00e9g\u00e9tales, les noix, les graines et les l\u00e9gumes, entre autres.<\/p>\n<h3><span id=\"Vitamine_B3\" class=\"ez-toc-section\"><\/span><strong>Vitamine B3\u00a0<\/strong><\/h3>\n<p>La vitamine B3 est tr\u00e8s importante pour la production d\u2019\u00e9nergie. Elle contribue au m\u00e9tabolisme des prot\u00e9ines de k\u00e9ratine, responsables de la brillance. On la trouve dans des aliments tels que la viande, les \u0153ufs et certains l\u00e9gumes et c\u00e9r\u00e9ales.<\/p>\n<h3><span id=\"Les_vitamines_pour_prevenir_lalopecie_Vitamine_A\" class=\"ez-toc-section\"><\/span><strong>Les vitamines pour pr\u00e9venir l\u2019alop\u00e9cie : Vitamine A\u00a0<\/strong><\/h3>\n<p>En plus d\u2019\u00eatre une grande source d\u2019antioxydants, la vitamine A aide les glandes cutan\u00e9es \u00e0 produire du s\u00e9bum, qui\u00a0<strong>hydrate le cuir chevelu et le maintient en bonne sant\u00e9<\/strong>. Une carence se traduirait par une s\u00e9cheresse et un manque de volume. On la trouve dans de nombreux aliments tels que les l\u00e9gumes comme les \u00e9pinards, les brocolis, les feuilles de navet, les choux de Bruxelles et les choux, ainsi que dans les noix et les produits laitiers.<\/p>\n<p>Les min\u00e9raux sont \u00e9galement excellents pour aider \u00e0 stopper la chute des cheveux. Vous devez les int\u00e9grer \u00e0 votre r\u00e9gime alimentaire en m\u00eame temps que les vitamines mentionn\u00e9es ci-dessus afin de mettre un terme \u00e0 la chute des cheveux. Voici quelques-uns des min\u00e9raux :<\/p>\n<h3><span id=\"Magnesium\" class=\"ez-toc-section\"><\/span><strong>Magn\u00e9sium<\/strong><\/h3>\n<p><strong>On le trouve principalement dans les aliments v\u00e9g\u00e9taux<\/strong>, surtout dans les l\u00e9gumes \u00e0 feuilles vertes (blettes, \u00e9pinards, artichauts), les l\u00e9gumineuses, les c\u00e9r\u00e9ales compl\u00e8tes, les l\u00e9gumes, les graines et les noix (amandes et graines de citrouille).<\/p>\n<h3><span id=\"Zinc\" class=\"ez-toc-section\"><\/span><strong>Zinc<\/strong><\/h3>\n<p>Vous pouvez obtenir les quantit\u00e9s recommand\u00e9es de zinc en consommant divers aliments, notamment : les hu\u00eetres, qui sont consid\u00e9r\u00e9es comme la meilleure source de zinc ; la viande rouge, la volaille, les fruits de mer tels que le crabe et le homard, et les c\u00e9r\u00e9ales enrichies pour le petit-d\u00e9jeuner.<\/p>\n<h3><span id=\"Cuivre\" class=\"ez-toc-section\"><\/span><strong>Cuivre<\/strong><\/h3>\n<p>Les hu\u00eetres et autres fruits de mer,\u00a0<strong>les c\u00e9r\u00e9ales compl\u00e8tes<\/strong>, les l\u00e9gumineuses, les noix, les pommes de terre et les abats (rognons, foie) sont de bonnes sources de cuivre dans l\u2019alimentation, tout comme les l\u00e9gumes verts \u00e0 feuilles sombres, les fruits secs tels que les prunes, le cacao, le poivre noir et la levure.<\/p>\n<h3><span id=\"Acide_folique_Est-il_considere_comme_lune_des_vitamines_pour_prevenir_lolopecie\" class=\"ez-toc-section\"><\/span>Acide folique Est-il consid\u00e9r\u00e9 comme l\u2019une des vitamines pour pr\u00e9venir l\u2019olop\u00e9cie ?<\/h3>\n<p><img loading=\"lazy\" decoding=\"async\" class=\"aligncenter size-full wp-image-6109\" src=\"https:\/\/www.capilclinic.com\/wp-content\/uploads\/2026\/08\/Acide-folique-768x512_2026.webp\" alt=\"\" width=\"768\" height=\"512\" title=\"\" srcset=\"https:\/\/www.capilclinic.com\/wp-content\/uploads\/2026\/08\/Acide-folique-768x512_2026.webp 768w, https:\/\/www.capilclinic.com\/wp-content\/uploads\/2026\/08\/Acide-folique-768x512_2026-300x200.webp 300w, https:\/\/www.capilclinic.com\/wp-content\/uploads\/2026\/08\/Acide-folique-768x512_2026-600x400.webp 600w, https:\/\/www.capilclinic.com\/wp-content\/uploads\/2026\/08\/Acide-folique-768x512_2026-150x100.webp 150w\" sizes=\"auto, (max-width: 768px) 100vw, 768px\" \/><\/p>\n<p>On le trouve principalement dans les l\u00e9gumes vert fonc\u00e9 tels que\u00a0<strong>le brocoli et les \u00e9pinards<\/strong>, les l\u00e9gumineuses telles que les haricots et les pois, et les c\u00e9r\u00e9ales enrichies.<\/p>\n<p>En revanche, un certain nombre d\u2019aliments sont \u00e0 \u00e9viter, comme ceux qui contiennent un exc\u00e8s de graisse, les saucisses, le chocolat, les glaces et les aliments frits. L\u2019alcool et le caf\u00e9 sont \u00e9galement des ennemis d\u2019une alimentation saine.<\/p>\n<h2><span id=\"Les_vitamines_pour_prevenir_lalopecie_Quand_faut-il_sinquieter\" class=\"ez-toc-section\"><\/span>Les vitamines pour pr\u00e9venir l\u2019alop\u00e9cie : Quand faut-il s\u2019inqui\u00e9ter ?<\/h2>\n<p><img loading=\"lazy\" decoding=\"async\" class=\"aligncenter size-full wp-image-6110\" src=\"https:\/\/www.capilclinic.com\/wp-content\/uploads\/2026\/08\/Les-vitamines-pour-prevenir-lalopecie-Quand-faut-il-sinquieter-768x516_2026.webp\" alt=\"\" width=\"768\" height=\"516\" title=\"\" srcset=\"https:\/\/www.capilclinic.com\/wp-content\/uploads\/2026\/08\/Les-vitamines-pour-prevenir-lalopecie-Quand-faut-il-sinquieter-768x516_2026.webp 768w, https:\/\/www.capilclinic.com\/wp-content\/uploads\/2026\/08\/Les-vitamines-pour-prevenir-lalopecie-Quand-faut-il-sinquieter-768x516_2026-300x202.webp 300w, https:\/\/www.capilclinic.com\/wp-content\/uploads\/2026\/08\/Les-vitamines-pour-prevenir-lalopecie-Quand-faut-il-sinquieter-768x516_2026-150x101.webp 150w\" sizes=\"auto, (max-width: 768px) 100vw, 768px\" \/><\/p>\n<p>S\u2019il s\u2019agit d\u2019une chute de cheveux saisonni\u00e8re, elle dure g\u00e9n\u00e9ralement trois mois au maximum. En ce qui concerne la quantit\u00e9 de cheveux qui tombent, il s\u2019agit du double de la quantit\u00e9 habituelle. En dehors de ces param\u00e8tres, il convient de consulter un sp\u00e9cialiste. Un professionnel doit \u00e9galement \u00eatre consult\u00e9 lorsque d\u2019autres signes tels que la perte de densit\u00e9 sont observ\u00e9s. Il peut s\u2019agir de cheveux cassants, de cheveux beaucoup plus fins ou d\u2019un cuir chevelu qui commence \u00e0 s\u2019\u00e9claircir.<\/p>\n<p>Bien qu\u2019il existe plusieurs facteurs pouvant entra\u00eener une chute anormale des cheveux, tels que :<\/p>\n<h3><span id=\"Les_vitamines_pour_prevenir_lalopecie_Les_antecedents_familiaux\" class=\"ez-toc-section\"><\/span>Les vitamines pour pr\u00e9venir l\u2019alop\u00e9cie : Les ant\u00e9c\u00e9dents familiaux<\/h3>\n<p><strong>La cause la plus fr\u00e9quente de la chute des cheveux est la pr\u00e9disposition g\u00e9n\u00e9tique<\/strong>. Cette affection, appel\u00e9e alop\u00e9cie androg\u00e9nique, est h\u00e9r\u00e9ditaire. Elle se manifeste g\u00e9n\u00e9ralement de mani\u00e8re progressive et pr\u00e9visible. Elle est plus fr\u00e9quente chez les hommes et chez la grande majorit\u00e9 des femmes apr\u00e8s la m\u00e9nopause.<\/p>\n<p>La maladie commence par un recul de la ligne des cheveux, un recul de la ligne des cheveux, un recul de la ligne des cheveux et un amincissement des cheveux. M\u00eame chez les femmes, une perte de densit\u00e9 appara\u00eet au sommet du cuir chevelu, g\u00e9n\u00e9ralement en respectant la premi\u00e8re ligne de d\u00e9marcation des cheveux.<\/p>\n<h3><span id=\"Changements_constants_de_poids\" class=\"ez-toc-section\"><\/span>Changements constants de poids<\/h3>\n<p>Perdre et prendre du poids avec des r\u00e9gimes incontr\u00f4l\u00e9s a une influence n\u00e9gative sur notre m\u00e9tabolisme et, par cons\u00e9quent, nos cheveux sont \u00e9galement affect\u00e9s.<\/p>\n<h3><span id=\"Les_vitamines_pour_prevenir_lalopecie_Les_facteurs_hormonaux\" class=\"ez-toc-section\"><\/span>Les vitamines pour pr\u00e9venir l\u2019alop\u00e9cie : Les facteurs hormonaux<\/h3>\n<p>Certaines \u00e9tapes de notre vie affectent nos cheveux, apr\u00e8s l\u2019accouchement, pendant la m\u00e9nopause ou les traitements contraceptifs.<\/p>\n<h3><span id=\"Le_stress\" class=\"ez-toc-section\"><\/span>Le stress<\/h3>\n<p>Certaines personnes remarquent une diminution g\u00e9n\u00e9rale de l\u2019\u00e9paisseur des cheveux quelques mois apr\u00e8s un \u00e9v\u00e9nement stressant. Ce\u00a0<strong>type de perte de cheveux<\/strong>\u00a0est g\u00e9n\u00e9ralement temporaire.<\/p>\n<h3><span id=\"Utilisation_de_certains_medicaments_ou_traitements\" class=\"ez-toc-section\"><\/span>Utilisation de certains m\u00e9dicaments ou traitements<\/h3>\n<p>Certains m\u00e9dicaments tels que les anticoagulants ou la chimioth\u00e9rapie affectent \u00e9galement le cuir chevelu et provoquent la chute des cheveux.<\/p>\n<h2><span id=\"Les_vitamines_pour_prevenir_lalopecie_Conclusions\" class=\"ez-toc-section\"><\/span><strong>Les vitamines pour pr\u00e9venir l\u2019alop\u00e9cie : Conclusions\u00a0<\/strong><\/h2>\n<p><img loading=\"lazy\" decoding=\"async\" class=\"aligncenter size-full wp-image-6111\" src=\"https:\/\/www.capilclinic.com\/wp-content\/uploads\/2026\/08\/Vitamines-pour-prevenir-lalopecie-Conclusions-768x512_2026.webp\" alt=\"\" width=\"768\" height=\"512\" title=\"\" srcset=\"https:\/\/www.capilclinic.com\/wp-content\/uploads\/2026\/08\/Vitamines-pour-prevenir-lalopecie-Conclusions-768x512_2026.webp 768w, https:\/\/www.capilclinic.com\/wp-content\/uploads\/2026\/08\/Vitamines-pour-prevenir-lalopecie-Conclusions-768x512_2026-300x200.webp 300w, https:\/\/www.capilclinic.com\/wp-content\/uploads\/2026\/08\/Vitamines-pour-prevenir-lalopecie-Conclusions-768x512_2026-600x400.webp 600w, https:\/\/www.capilclinic.com\/wp-content\/uploads\/2026\/08\/Vitamines-pour-prevenir-lalopecie-Conclusions-768x512_2026-150x100.webp 150w\" sizes=\"auto, (max-width: 768px) 100vw, 768px\" \/><\/p>\n<p>Des cheveux forts, brillants et volumineux sont le sympt\u00f4me d\u2019une chevelure saine et\u00a0<strong>les vitamines sont essentielles pour y parvenir<\/strong>. Notre corps ne peut pas produire la plupart des vitamines essentielles, nous devons donc les obtenir par le biais d\u2019un r\u00e9gime alimentaire \u00e9quilibr\u00e9 ou de suppl\u00e9ments. Une carence en vitamines peut entra\u00eener diverses pathologies, dont la chute des cheveux ou l\u2019\u00e9claircissement de la chevelure.<\/p>\n<p>Ces vitamines et nutriments de base pour pr\u00e9venir la chute des cheveux peuvent \u00eatre trouv\u00e9s dans de nombreux aliments pour garantir un cuir chevelu sain au fil du temps.<\/p>\n<p>Si\u00a0<strong>les vitamines et min\u00e9raux capillaires<\/strong>\u00a0vous aideront \u00e0 enrayer l\u2019alop\u00e9cie, nous vous recommandons n\u00e9anmoins de consulter votre m\u00e9decin pour d\u00e9terminer la cause de votre chute de cheveux et vous prescrire un traitement adapt\u00e9 \u00e0 votre cas.<\/p>\n<p>Nous sommes ce que nous mangeons et la pr\u00e9vention de la chute des cheveux passe aussi par une bonne alimentation. Nous devons garder \u00e0 l\u2019esprit que si nous suivons un r\u00e9gime \u00e9quilibr\u00e9 dans lequel nous obtenons diff\u00e9rents nutriments, nos cheveux en ressentiront les cons\u00e9quences et auront l\u2019air en bonne sant\u00e9.<\/p>\n","protected":false},"excerpt":{"rendered":"<p>La chute des cheveux est un ph\u00e9nom\u00e8ne qui touche aussi bien les hommes que les femmes. Bien que la perte de cheveux soit naturelle, puisque notre corps se r\u00e9g\u00e9n\u00e8re en permanence, elle est souvent plus intense que la normale.\u00a0L\u2019alop\u00e9cie\u00a0la plus courante est l\u2019alop\u00e9cie androg\u00e9n\u00e9tique, qui est h\u00e9r\u00e9ditaire, mais la perte de cheveux est \u00e9galement li\u00e9e [&hellip;]<\/p>\n","protected":false},"author":4,"featured_media":6106,"comment_status":"open","ping_status":"open","sticky":false,"template":"","format":"standard","meta":{"footnotes":""},"categories":[29],"tags":[],"class_list":["post-6105","post","type-post","status-publish","format-standard","has-post-thumbnail","hentry","category-blog"],"_links":{"self":[{"href":"https:\/\/www.capilclinic.com\/fr\/wp-json\/wp\/v2\/posts\/6105","targetHints":{"allow":["GET"]}}],"collection":[{"href":"https:\/\/www.capilclinic.com\/fr\/wp-json\/wp\/v2\/posts"}],"about":[{"href":"https:\/\/www.capilclinic.com\/fr\/wp-json\/wp\/v2\/types\/post"}],"author":[{"embeddable":true,"href":"https:\/\/www.capilclinic.com\/fr\/wp-json\/wp\/v2\/users\/4"}],"replies":[{"embeddable":true,"href":"https:\/\/www.capilclinic.com\/fr\/wp-json\/wp\/v2\/comments?post=6105"}],"version-history":[{"count":1,"href":"https:\/\/www.capilclinic.com\/fr\/wp-json\/wp\/v2\/posts\/6105\/revisions"}],"predecessor-version":[{"id":6112,"href":"https:\/\/www.capilclinic.com\/fr\/wp-json\/wp\/v2\/posts\/6105\/revisions\/6112"}],"wp:featuredmedia":[{"embeddable":true,"href":"https:\/\/www.capilclinic.com\/fr\/wp-json\/wp\/v2\/media\/6106"}],"wp:attachment":[{"href":"https:\/\/www.capilclinic.com\/fr\/wp-json\/wp\/v2\/media?parent=6105"}],"wp:term":[{"taxonomy":"category","embeddable":true,"href":"https:\/\/www.capilclinic.com\/fr\/wp-json\/wp\/v2\/categories?post=6105"},{"taxonomy":"post_tag","embeddable":true,"href":"https:\/\/www.capilclinic.com\/fr\/wp-json\/wp\/v2\/tags?post=6105"}],"curies":[{"name":"wp","href":"https:\/\/api.w.org\/{rel}","templated":true}]}}