{"id":6018,"date":"2026-08-27T09:54:59","date_gmt":"2026-08-27T06:54:59","guid":{"rendered":"https:\/\/www.capilclinic.com\/?p=6018"},"modified":"2026-08-31T11:24:17","modified_gmt":"2026-08-31T08:24:17","slug":"sante-cheveux","status":"publish","type":"post","link":"https:\/\/www.capilclinic.com\/fr\/sante-cheveux\/","title":{"rendered":"La sant\u00e9 des cheveux, parlons-en !"},"content":{"rendered":"<p>En fonction du type de cheveux et de la physiologie, il est n\u00e9cessaire de pr\u00eater attention et d\u2019analyser certains des probl\u00e8mes de sant\u00e9 capillaire les plus courants chez les hommes et les femmes. Et de savoir quelles mesures prendre pour les r\u00e9soudre. Bien que de nombreuses personnes consid\u00e8rent les cheveux comme une partie esth\u00e9tique de la chevelure. La v\u00e9rit\u00e9 est que la fonction des cheveux est de prot\u00e9ger le cuir chevelu des facteurs externes. Les soins capillaires sont importants pour <b>la sant\u00e9 des cheveux<\/b>.<\/p>\n<p>Il est recommand\u00e9 d\u2019avoir une bonne alimentation. D\u2019\u00e9viter le tabac, les produits chimiques et les rayons UV afin de ne pas affaiblir la m\u00e8che de cheveux. Si vous ne pr\u00eatez pas attention \u00e0 ces facteurs, vos cheveux commenceront \u00e0 s\u2019ab\u00eemer, \u00e0 se dess\u00e9cher, \u00e0 perdre leur \u00e9clat naturel, \u00e0 devenir gras, entre autres. Ces probl\u00e8mes peuvent entra\u00eener la <a href=\"https:\/\/capilclinic.fr\/chute-des-cheveux\/\" target=\"_blank\" rel=\"noopener\">chute des cheveux<\/a>, d\u2019o\u00f9 l\u2019importance d\u2019une bonne sant\u00e9 capillaire.<\/p>\n<h2>Les cheveux des hommes sont diff\u00e9rents de ceux des femmes<\/h2>\n<p><img loading=\"lazy\" decoding=\"async\" class=\"aligncenter size-full wp-image-6020\" src=\"https:\/\/www.capilclinic.com\/wp-content\/uploads\/2026\/08\/sante-des-cheveux-1-700x466_2026.webp\" alt=\"\" width=\"700\" height=\"466\" title=\"\" srcset=\"https:\/\/www.capilclinic.com\/wp-content\/uploads\/2026\/08\/sante-des-cheveux-1-700x466_2026.webp 700w, https:\/\/www.capilclinic.com\/wp-content\/uploads\/2026\/08\/sante-des-cheveux-1-700x466_2026-300x200.webp 300w, https:\/\/www.capilclinic.com\/wp-content\/uploads\/2026\/08\/sante-des-cheveux-1-700x466_2026-600x400.webp 600w, https:\/\/www.capilclinic.com\/wp-content\/uploads\/2026\/08\/sante-des-cheveux-1-700x466_2026-150x100.webp 150w\" sizes=\"auto, (max-width: 700px) 100vw, 700px\" \/><\/p>\n<p>Comme beaucoup d\u2019aspects physiques, les cheveux des hommes et des femmes ont des caract\u00e9ristiques diff\u00e9rentes. Dans presque tous les cas, il s\u2019agit d\u2019une question de g\u00e9n\u00e9tique, c<b>ar la production de cheveux d\u00e9pend d\u2019hormones telles que les androg\u00e8nes et la testost\u00e9rone.<\/b> Les niveaux de ces hormones ne sont pas les m\u00eames chez les hommes et les femmes. Ce qui donne aux cheveux des caract\u00e9ristiques diff\u00e9rentes.<\/p>\n<p>L\u2019une des diff\u00e9rences les plus marqu\u00e9es est la r\u00e9partition des poils, et les hommes sont g\u00e9n\u00e9tiquement plus sujets \u00e0 l\u2019alop\u00e9cie. Les cheveux des hommes sont g\u00e9n\u00e9ralement plus \u00e9pais et plus gras que ceux des femmes, ce qui signifie que le lavage et l\u2019hygi\u00e8ne des cheveux des hommes sont plus importants que ceux des femmes.<\/p>\n<h2>Conseils pour prendre soin de vos cheveux en tant qu\u2019homme<\/h2>\n<p><img loading=\"lazy\" decoding=\"async\" class=\"aligncenter size-full wp-image-6021\" src=\"https:\/\/www.capilclinic.com\/wp-content\/uploads\/2026\/08\/sante-des-cheveux-3-700x466_2026.webp\" alt=\"\" width=\"700\" height=\"466\" title=\"\" srcset=\"https:\/\/www.capilclinic.com\/wp-content\/uploads\/2026\/08\/sante-des-cheveux-3-700x466_2026.webp 700w, https:\/\/www.capilclinic.com\/wp-content\/uploads\/2026\/08\/sante-des-cheveux-3-700x466_2026-300x200.webp 300w, https:\/\/www.capilclinic.com\/wp-content\/uploads\/2026\/08\/sante-des-cheveux-3-700x466_2026-600x400.webp 600w, https:\/\/www.capilclinic.com\/wp-content\/uploads\/2026\/08\/sante-des-cheveux-3-700x466_2026-150x100.webp 150w\" sizes=\"auto, (max-width: 700px) 100vw, 700px\" \/><\/p>\n<p>Outre les diff\u00e9rences mentionn\u00e9es ci-dessus entre les hommes et les femmes, il existe de nombreux types de cheveux chez les hommes. Voici quelques conseils de soins capillaires en fonction de votre type de cheveux<\/p>\n<ul>\n<li><b>Cheveux secs. <\/b> Les cheveux secs manquent de lubrifiants, de lipides et d\u2019eau. Cette carence provoque la s\u00e9cheresse et la d\u00e9shydratation des cheveux et du cuir chevelu. La cuticule du cheveu est endommag\u00e9e, ce qui rend les cheveux sans vie, cassants et frisottants. Le cuir chevelu peut \u00eatre irrit\u00e9 et des squames peuvent se former sur le cuir chevelu.<\/li>\n<li><b>Cheveux gras. <\/b> Les cheveux gras ont des glandes s\u00e9bac\u00e9es hypertrophi\u00e9es. Cela entra\u00eene une production excessive de s\u00e9bum dans le follicule pileux. La quantit\u00e9 de lipides expuls\u00e9e par la glande atteint la tige du cheveu. Il en r\u00e9sulte un exc\u00e8s de s\u00e9bum sur le cuir chevelu et les cheveux, ce qui leur donne un aspect brillant, peu volumineux et emm\u00eal\u00e9.<\/li>\n<li><b>Cheveux normaux. <\/b> Ce type de cheveux est souple, doux et brillant. C\u2019est le type de cheveux id\u00e9al, facile \u00e0 coiffer. Son cuir chevelu est rose et intact. C\u2019est un cheveu d\u2019apparence saine, qui ne n\u00e9cessite pas de soins particuliers, il suffit de le nettoyer avec des produits adapt\u00e9s \u00e0 son type de cheveux.<\/li>\n<li><b>Cheveux mixtes. <\/b> Il s\u2019agit d\u2019un m\u00e9lange de cheveux gras et de cheveux secs. Le cuir chevelu peut contenir beaucoup d\u2019huile et les m\u00e8ches peuvent \u00eatre s\u00e8ches et d\u00e9shydrat\u00e9es. Ils ont l\u2019air encombr\u00e9s et n\u00e9glig\u00e9s sur le dessus et secs et cassants sur les pointes.<\/li>\n<\/ul>\n<h2>L\u2019importance la sant\u00e9 des cheveux<\/h2>\n<p><b>Conserver des cheveux sains est plus important qu\u2019une simple apparence, car ils sont le reflet de notre bien-\u00eatre g\u00e9n\u00e9ral.<\/b> De nombreuses \u00e9tudes montrent que les cheveux et la peau sont le miroir de notre sant\u00e9 interne, r\u00e9v\u00e9lant une mauvaise alimentation, des probl\u00e8mes hormonaux ou de graves \u00e9pisodes de stress ou d\u2019anxi\u00e9t\u00e9 pour notre corps.<\/p>\n<p>C\u2019est pourquoi il est important de ne pas sous-estimer la sant\u00e9 des cheveux et de commencer \u00e0 en prendre soin avant qu\u2019ils ne d\u00e9veloppent de graves probl\u00e8mes. Des \u00e9tudes montrent que l\u2019adoption d\u2019une approche proactive, en plus de contribuer \u00e0 une apparence saine et vigoureuse, est tr\u00e8s utile pour traiter les troubles capillaires graves.<\/p>\n<h3>Les cheveux comme indicateur de la sant\u00e9<\/h3>\n<p>Les cheveux sont un indicateur de notre \u00e9tat de sant\u00e9 g\u00e9n\u00e9ral. Dans certains cas, des cheveux cassants, secs ou anormalement clairsem\u00e9s peuvent indiquer certaines pathologies, telles que l\u2019an\u00e9mie, des probl\u00e8mes de thyro\u00efde ou un d\u00e9ficit nutritionnel.<\/p>\n<p>Il n\u2019est pas recommand\u00e9 d\u2019ignorer des signes tels que des changements dans la texture, la densit\u00e9 ou la vitesse de croissance des cheveux, car ils peuvent \u00eatre le signe de quelque chose de plus grave \u00e0 l\u2019int\u00e9rieur de notre corps. Il est important d\u2019aborder ces signes avec l\u2019aide d\u2019un professionnel afin de traiter non seulement le probl\u00e8me capillaire, mais aussi une affection sous-jacente susceptible de l\u2019affecter.<\/p>\n<h3>Les avantages d\u2019un contr\u00f4le pr\u00e9coce des cheveux<\/h3>\n<p>Des \u00e9tudes montrent qu\u2019un contr\u00f4le pr\u00e9coce de la sant\u00e9 des cheveux pr\u00e9sente de nombreux avantages. La d\u00e9tection pr\u00e9coce des probl\u00e8mes potentiels permet de mettre en \u0153uvre des solutions et des traitements avant que la situation ne s\u2019aggrave ou ne devienne plus complexe \u00e0 g\u00e9rer. Cela am\u00e9liore non seulement les chances de conserver des cheveux sains \u00e0 long terme, mais r\u00e9duit \u00e9galement la n\u00e9cessit\u00e9 d\u2019une intervention agressive et co\u00fbteuse.<\/p>\n<h2>\u00c0 quel \u00e2ge commencer les contr\u00f4les capillaires ?<\/h2>\n<p><img loading=\"lazy\" decoding=\"async\" class=\"aligncenter size-full wp-image-6022\" src=\"https:\/\/www.capilclinic.com\/wp-content\/uploads\/2026\/08\/sante-des-cheveux-6-700x466_2026.webp\" alt=\"\" width=\"700\" height=\"466\" title=\"\" srcset=\"https:\/\/www.capilclinic.com\/wp-content\/uploads\/2026\/08\/sante-des-cheveux-6-700x466_2026.webp 700w, https:\/\/www.capilclinic.com\/wp-content\/uploads\/2026\/08\/sante-des-cheveux-6-700x466_2026-300x200.webp 300w, https:\/\/www.capilclinic.com\/wp-content\/uploads\/2026\/08\/sante-des-cheveux-6-700x466_2026-600x400.webp 600w, https:\/\/www.capilclinic.com\/wp-content\/uploads\/2026\/08\/sante-des-cheveux-6-700x466_2026-150x100.webp 150w\" sizes=\"auto, (max-width: 700px) 100vw, 700px\" \/><\/p>\n<p>Il est important de d\u00e9terminer \u00e0 quel moment commencer les contr\u00f4les capillaires afin de pr\u00e9venir les probl\u00e8mes futurs et de maintenir les cheveux en bonne sant\u00e9. <b>Il est important de noter qu\u2019il n\u2019y a pas d\u2019\u00e2ge id\u00e9al pour tout le monde,<\/b> car de nombreux facteurs, tels que la g\u00e9n\u00e9tique, le mode de vie et l\u2019\u00e9tat de sant\u00e9 g\u00e9n\u00e9ral, ont un impact direct sur la sant\u00e9 des cheveux.<\/p>\n<p>Toutefois, un suivi proactif pendant l\u2019adolescence ou au d\u00e9but de l\u2019\u00e2ge adulte peut \u00eatre b\u00e9n\u00e9fique, en particulier en cas d\u2019ant\u00e9c\u00e9dents familiaux de probl\u00e8mes capillaires ou si vous remarquez des changements pr\u00e9matur\u00e9s dans la quantit\u00e9 ou la qualit\u00e9 des cheveux.<\/p>\n<h3>Facteurs influen\u00e7ant la sant\u00e9 des cheveux<\/h3>\n<p>Il est m\u00e9dicalement prouv\u00e9 que la sant\u00e9 des cheveux est influenc\u00e9e par de nombreux facteurs. L<b>a g\u00e9n\u00e9tique est un facteur tr\u00e8s important, <\/b>qui d\u00e9termine la densit\u00e9, la couleur et la texture des cheveux, ainsi que la possibilit\u00e9 de souffrir d\u2019alop\u00e9cie.<\/p>\n<p>Le mode de vie est important, il faut \u00eatre attentif au r\u00e9gime alimentaire, \u00e0 la gestion du stress et aux habitudes capillaires. En outre, certains probl\u00e8mes de sant\u00e9 sous-jacents peuvent aider \u00e0 d\u00e9terminer le moment o\u00f9 il convient d\u2019entreprendre des examens et les aspects sp\u00e9cifiques \u00e0 surveiller.<\/p>\n<h3>Recommandations g\u00e9n\u00e9rales pour la sant\u00e9 des cheveux en fonction de l\u2019\u00e2ge<\/h3>\n<p>En r\u00e8gle g\u00e9n\u00e9rale, il est recommand\u00e9 de commencer les contr\u00f4les capillaires \u00e0 la fin de l\u2019adolescence ou au d\u00e9but de la vingtaine. Surtout si le patient a des ant\u00e9c\u00e9dents familiaux d\u2019alop\u00e9cie ou de changements capillaires radicaux. Il ne doit pas y avoir d\u2019inqui\u00e9tude li\u00e9e \u00e0 une maladie sp\u00e9cifique, mais un contr\u00f4le doit \u00eatre effectu\u00e9 tous les deux ans.<\/p>\n<p>En revanche, si les patients remarquent des changements spectaculaires, tels qu\u2019une perte de cheveux accrue ou des modifications de la texture ou de la croissance des cheveux, ils doivent imm\u00e9diatement consulter un professionnel. Les dermatologues et les trichologues peuvent fournir des lignes directrices fond\u00e9es sur des donn\u00e9es probantes et adapt\u00e9es aux besoins individuels en mati\u00e8re de soins capillaires. En plus des tests effectu\u00e9s \u00e0 tous les stades de la vie.<\/p>\n<h2>Sant\u00e9 et composition des cheveux<\/h2>\n<p>Les cheveux sont tr\u00e8s r\u00e9sistants <b>gr\u00e2ce \u00e0 la k\u00e9ratine, une prot\u00e9ine qui leur conf\u00e8re force et \u00e9lasticit\u00e9. <\/b>Lorsqu\u2019il est en bonne sant\u00e9, le cheveu peut s\u2019\u00e9tirer jusqu\u2019\u00e0 30 % avant de se casser. Outre la k\u00e9ratine, le cheveu est compos\u00e9 de glandes s\u00e9bac\u00e9es et du muscle pilaire. Avec l\u2019\u00e2ge, les cheveux perdent leur capacit\u00e9 \u00e0 produire de la k\u00e9ratine, ce qui les affaiblit et les rend moins \u00e9lastiques. Il est important de contrer cet effet en appliquant des traitements qui nourrissent et r\u00e9parent les cheveux.<\/p>\n<h2>Croissance des cheveux<\/h2>\n<p>Un cheveu a une dur\u00e9e de vie d\u2019environ sept ans. Au cours de cette p\u00e9riode, il passe par trois phases de croissance : les phases anag\u00e8ne, catag\u00e8ne et t\u00e9log\u00e8ne. Toutes les m\u00e8ches de cheveux passent par ces phases \u00e0 des moments diff\u00e9rents.<\/p>\n<p><b>La phase de croissance peut durer de 2 \u00e0 5 ans. <\/b>La phase catag\u00e8ne est la plus courte de toutes, puisqu\u2019elle dure environ deux semaines. Enfin, la phase t\u00e9log\u00e8ne ou de chute dure environ 3 mois et pr\u00e8s de 20 % des cheveux se trouvent dans cette phase.<\/p>\n<h2>Couleur des cheveux<\/h2>\n<p><img loading=\"lazy\" decoding=\"async\" class=\"aligncenter size-full wp-image-6023\" src=\"https:\/\/www.capilclinic.com\/wp-content\/uploads\/2026\/08\/sante-des-cheveux-5_2026.webp\" alt=\"\" width=\"740\" height=\"494\" title=\"\" srcset=\"https:\/\/www.capilclinic.com\/wp-content\/uploads\/2026\/08\/sante-des-cheveux-5_2026.webp 740w, https:\/\/www.capilclinic.com\/wp-content\/uploads\/2026\/08\/sante-des-cheveux-5_2026-300x200.webp 300w, https:\/\/www.capilclinic.com\/wp-content\/uploads\/2026\/08\/sante-des-cheveux-5_2026-600x400.webp 600w, https:\/\/www.capilclinic.com\/wp-content\/uploads\/2026\/08\/sante-des-cheveux-5_2026-150x100.webp 150w\" sizes=\"auto, (max-width: 740px) 100vw, 740px\" \/><\/p>\n<p><b>Les m\u00e9lanocytes sont responsables de la coloration des cheveux.<\/b> La couleur des m\u00e8ches de cheveux d\u00e9pend de la quantit\u00e9 de m\u00e9lanine et de ph\u00e9om\u00e9lanine que nous produisons. Avec l\u2019\u00e2ge, la production de m\u00e9lanine diminue, ce qui entra\u00eene une perte de couleur des cheveux et l\u2019apparition de m\u00e8ches grises ou blanches, connues sous le nom de cheveux gris.<\/p>\n<h2>Hygi\u00e8ne des cheveux<\/h2>\n<p><img loading=\"lazy\" decoding=\"async\" class=\"aligncenter size-full wp-image-6024\" src=\"https:\/\/www.capilclinic.com\/wp-content\/uploads\/2026\/08\/sante-des-cheveux-4_2026.webp\" alt=\"\" width=\"740\" height=\"494\" title=\"\" srcset=\"https:\/\/www.capilclinic.com\/wp-content\/uploads\/2026\/08\/sante-des-cheveux-4_2026.webp 740w, https:\/\/www.capilclinic.com\/wp-content\/uploads\/2026\/08\/sante-des-cheveux-4_2026-300x200.webp 300w, https:\/\/www.capilclinic.com\/wp-content\/uploads\/2026\/08\/sante-des-cheveux-4_2026-600x400.webp 600w, https:\/\/www.capilclinic.com\/wp-content\/uploads\/2026\/08\/sante-des-cheveux-4_2026-150x100.webp 150w\" sizes=\"auto, (max-width: 740px) 100vw, 740px\" \/><\/p>\n<p>Pour garder des cheveux sains, il faut les garder propres, c\u2019est-\u00e0-dire appliquer des shampooings et des produits qui \u00e9liminent les cellules mortes du cuir chevelu. D\u2019autre part, il est important d\u2019\u00e9liminer les restes de produits cosm\u00e9tiques, les polluants et tout r\u00e9sidu susceptible d\u2019obstruer les pores.<\/p>\n<p><b>Il est recommand\u00e9 d\u2019utiliser des produits adapt\u00e9s \u00e0 vos cheveux et non abrasifs<\/b>. Le shampooing doit \u00e9liminer les traces de salet\u00e9, mousser suffisamment et se rincer rapidement et facilement. Ensuite, le chapu doit v\u00e9rifier que le produit utilis\u00e9 apporte de la brillance et de la douceur pour faciliter le peignage des cheveux. Voici quelques conseils pour l\u2019hygi\u00e8ne des cheveux.<\/p>\n<ul>\n<li>Peignez vos cheveux avant de les laver.<\/li>\n<li>Prenez des vitamines qui renforcent les cheveux.<\/li>\n<li>Mouillez vos cheveux \u00e0 l\u2019eau ti\u00e8de avant le shampooing.<\/li>\n<li>Massez doucement le cuir chevelu pendant le shampooing.<\/li>\n<li>Rincez abondamment \u00e0 l\u2019eau \u00e0 temp\u00e9rature ambiante.<\/li>\n<li>S\u00e9chez doucement vos cheveux avec une serviette.<\/li>\n<li>\u00c9vitez d\u2019appliquer de la chaleur sur vos cheveux.<\/li>\n<li>Espacez l\u2019application des produits chimiques.<\/li>\n<li>Appliquez fr\u00e9quemment des masques hydratants.<\/li>\n<\/ul>\n","protected":false},"excerpt":{"rendered":"<p>En fonction du type de cheveux et de la physiologie, il est n\u00e9cessaire de pr\u00eater attention et d\u2019analyser certains des probl\u00e8mes de sant\u00e9 capillaire les plus courants chez les hommes et les femmes. Et de savoir quelles mesures prendre pour les r\u00e9soudre. Bien que de nombreuses personnes consid\u00e8rent les cheveux comme une partie esth\u00e9tique de [&hellip;]<\/p>\n","protected":false},"author":4,"featured_media":6019,"comment_status":"open","ping_status":"open","sticky":false,"template":"","format":"standard","meta":{"footnotes":""},"categories":[29],"tags":[],"class_list":["post-6018","post","type-post","status-publish","format-standard","has-post-thumbnail","hentry","category-blog"],"_links":{"self":[{"href":"https:\/\/www.capilclinic.com\/fr\/wp-json\/wp\/v2\/posts\/6018","targetHints":{"allow":["GET"]}}],"collection":[{"href":"https:\/\/www.capilclinic.com\/fr\/wp-json\/wp\/v2\/posts"}],"about":[{"href":"https:\/\/www.capilclinic.com\/fr\/wp-json\/wp\/v2\/types\/post"}],"author":[{"embeddable":true,"href":"https:\/\/www.capilclinic.com\/fr\/wp-json\/wp\/v2\/users\/4"}],"replies":[{"embeddable":true,"href":"https:\/\/www.capilclinic.com\/fr\/wp-json\/wp\/v2\/comments?post=6018"}],"version-history":[{"count":1,"href":"https:\/\/www.capilclinic.com\/fr\/wp-json\/wp\/v2\/posts\/6018\/revisions"}],"predecessor-version":[{"id":6025,"href":"https:\/\/www.capilclinic.com\/fr\/wp-json\/wp\/v2\/posts\/6018\/revisions\/6025"}],"wp:featuredmedia":[{"embeddable":true,"href":"https:\/\/www.capilclinic.com\/fr\/wp-json\/wp\/v2\/media\/6019"}],"wp:attachment":[{"href":"https:\/\/www.capilclinic.com\/fr\/wp-json\/wp\/v2\/media?parent=6018"}],"wp:term":[{"taxonomy":"category","embeddable":true,"href":"https:\/\/www.capilclinic.com\/fr\/wp-json\/wp\/v2\/categories?post=6018"},{"taxonomy":"post_tag","embeddable":true,"href":"https:\/\/www.capilclinic.com\/fr\/wp-json\/wp\/v2\/tags?post=6018"}],"curies":[{"name":"wp","href":"https:\/\/api.w.org\/{rel}","templated":true}]}}