{"id":6011,"date":"2026-08-27T09:51:42","date_gmt":"2026-08-27T06:51:42","guid":{"rendered":"https:\/\/www.capilclinic.com\/?p=6011"},"modified":"2026-08-31T11:23:53","modified_gmt":"2026-08-31T08:23:53","slug":"problemes-capillaires-plus-courants","status":"publish","type":"post","link":"https:\/\/www.capilclinic.com\/fr\/problemes-capillaires-plus-courants\/","title":{"rendered":"Quels sont les probl\u00e8mes capillaires les plus courants?"},"content":{"rendered":"<p>Les cheveux nous aident \u00e0 maintenir notre temp\u00e9rature corporelle. Ils prot\u00e8gent \u00e9galement nos yeux, nos oreilles et notre nez des petites particules pr\u00e9sentes dans l\u2019air. Les probl\u00e8mes courants li\u00e9s aux cheveux et au cuir chevelu comprennent la perte de cheveux, les infections et la desquamation. La chute des cheveux, saisonni\u00e8re ou non, est l\u2019une des questions les plus fr\u00e9quemment pos\u00e9es par les dermatologues sp\u00e9cialis\u00e9s dans la sant\u00e9 capillaire. Mais ce n\u2019est pas la seule. Si le principal diagnostic pos\u00e9 par les experts face \u00e0 la perte de cheveux est l\u2019alop\u00e9cie, il existe d\u2019autres<a href=\"https:\/\/capilclinic.fr\/remedes-naturels-pour-traiter-les-pellicules\/\" target=\"_blank\" rel=\"noopener\"> maladies capillaires<\/a>, aux causes multiples et communes, qui affectent \u00e0 la fois le cuir chevelu et les cheveux. De plus, certaines d\u2019entre elles, si elles ne sont pas corrig\u00e9es et trait\u00e9es correctement, peuvent conduire \u00e0 l\u2019alop\u00e9cie. Une suite des d\u00e9couvertes Quels sont les <strong>probl\u00e8mes capillaires les plus courants.<\/strong><\/p>\n<h2>Probl\u00e8mes capillaires les plus courants<\/h2>\n<p>Il est essentiel d\u2019apprendre \u00e0 identifier les sympt\u00f4mes des probl\u00e8mes capillaires les plus courants. Cela nous permettra de savoir quand consulter un sp\u00e9cialiste pour recevoir le traitement appropri\u00e9 au bon moment.<\/p>\n<p>C\u2019est pr\u00e9cis\u00e9ment cela qui emp\u00eachera les sympt\u00f4mes de s\u2019aggraver, \u00e9vitant ainsi d\u2019\u00e9ventuels d\u00e9sagr\u00e9ments \u00e0 l\u2019avenir.<\/p>\n<p><img loading=\"lazy\" decoding=\"async\" class=\"aligncenter size-full wp-image-6013\" src=\"https:\/\/www.capilclinic.com\/wp-content\/uploads\/2026\/08\/problemes-capillaires-2_2026.webp\" alt=\"\" width=\"600\" height=\"400\" title=\"\" srcset=\"https:\/\/www.capilclinic.com\/wp-content\/uploads\/2026\/08\/problemes-capillaires-2_2026.webp 600w, https:\/\/www.capilclinic.com\/wp-content\/uploads\/2026\/08\/problemes-capillaires-2_2026-300x200.webp 300w, https:\/\/www.capilclinic.com\/wp-content\/uploads\/2026\/08\/problemes-capillaires-2_2026-150x100.webp 150w\" sizes=\"auto, (max-width: 600px) 100vw, 600px\" \/><\/p>\n<h2>La chute des cheveux<\/h2>\n<p>La <strong>Chute des cheveux<\/strong> peut \u00eatre caus\u00e9e par diff\u00e9rentes facteurs, tels que: pellicule, exc\u00e8s de graisse, maladies de l\u2019appareil digestif, troubles associ\u00e9s au syst\u00e8me nerveux, grossesse, maladies infectieuses et troubles au niveau \u00e9motionnel. Cependant, il faut prendre en compte que la chute de 50 \u00e0 80 cheveux par jour est courante et normale.<\/p>\n<h2>La pellicule<\/h2>\n<p>La pellicule repr\u00e9sente un d\u00e9s\u00e9quilibre dans le processus naturel d\u2019\u00e9limination de cellules du cuir chevelu. Les personnes qui ont de la pellicule eliminent les cellules mortes du cuir chevelu plus frequemment et rapidement que ceux qui n\u2019en ont pas. Le grand nombre de cellules d\u00e9tach\u00e9es cause une <strong>proliferation de micro-organismes<\/strong> (la flore microbienne) dans le cuir chevelu. Il existe plusieurs theories concernant la cause de la pellicule mais on ne sait pas vraiment sa vraie origine.<\/p>\n<h3>Solutions possibles<\/h3>\n<p>Il faut que les cheveux soient propres. S\u2019il est necessaire, vous pouvez les laver tous les jours. Vous devez aussi consommer des aliments riches en acide gras, comme l\u2019huile de cabillaud et eviter les aliments frites, le sucre, le chocolat, les \u0153ufs et le lait avec de la graisse.<\/p>\n<h2>Secheresse<\/h2>\n<p>Les cheveux longs peuvent presenter beaucoup plus de secheresse que ceux qui sont courts, puisque celui-la a ete expose plus longtemps aux facteurs qui les abiment. La secheresse est principalement causee par des facteurs qui empechent la secretion sebacee adequate, toutefois, il y a d\u2019autres causes externes qui peuvent la provoquer<\/p>\n<h3>Solutions possibles<\/h3>\n<p>Laver les cheveux avec un shampooing et un bon conditionneur, de bonne qualite et adequats pour ce type de probleme. Avoir un bon regime alimentaire<\/p>\n<h2>Des Cheveux gras<\/h2>\n<p>Les causes d\u2019avoir des cheveux gras sont generalement internes et il y a trois facteurs qui influencent, tels que : un regime riche en graisse, des troubles hormonaux et laver ou faire laver les cheveux gras tres souvent.<\/p>\n<h3>Solutions possibles<\/h3>\n<p>Il ne faut pas utiliser un <strong>shampooing<\/strong> pour les cheveux gras si vous les lavez tous les jours car les produits forts provoquent ce probleme capillaire, au lieu d\u2019eviter la graisse. Il est egalement important de continuer un regime alimentaire equilibre.<\/p>\n<p><img loading=\"lazy\" decoding=\"async\" class=\"aligncenter size-full wp-image-6012\" src=\"https:\/\/www.capilclinic.com\/wp-content\/uploads\/2026\/08\/problemes-capillaires-1_2026.webp\" alt=\"\" width=\"600\" height=\"400\" title=\"\" srcset=\"https:\/\/www.capilclinic.com\/wp-content\/uploads\/2026\/08\/problemes-capillaires-1_2026.webp 600w, https:\/\/www.capilclinic.com\/wp-content\/uploads\/2026\/08\/problemes-capillaires-1_2026-300x200.webp 300w, https:\/\/www.capilclinic.com\/wp-content\/uploads\/2026\/08\/problemes-capillaires-1_2026-150x100.webp 150w\" sizes=\"auto, (max-width: 600px) 100vw, 600px\" \/><\/p>\n<h2>Manque de brillance<\/h2>\n<p>Ce probleme capillaire commence par un mauvais regime alimentaire, qui ne comprend pas assez de vitamines. D\u2019autres facteurs qui peuvent le provoquer sont les effets du soleil, l\u2019eau de la piscine et de la mer, utiliser un shampooing inadequat , brosser les cheveux tres fort abime serieusement leur racine et les secher avec une serviette rugueuse peut de meme mani\u00e8re causer friction.<\/p>\n<h3>Solutions possibles<\/h3>\n<p>Chercer un traitement qui puisse lutter contre ce probleme et le mettre en oeuvre une ou deux fois par semaine. Ceci aidera a <strong>recuperer le balance naturel<\/strong> de vos cheveux. Vous pouvez d\u2019ailleurs, les brosser avant de dormir ce qui stimulera la circulation sanguine de votre tete et sera quelque chose de bonne sante qui favorisera la vitalite capillaire.<\/p>\n<p>A cela, on doit aussi ajouter que vous devez utiliser des produits speciaux qui protegent la chevelure du soleil au moment de nager ou d\u2019aller a la plage.<\/p>\n<h2>Cuir chevelu sensible<\/h2>\n<p>Le cuir chevelu sensible se caract\u00e9rise par les sympt\u00f4mes suivants : rougeurs, br\u00fblures, douleurs, picotements et d\u00e9mangeaisons. Le cuir chevelu peut \u00e9galement pr\u00e9senter des tiraillements. En r\u00e9alit\u00e9, cette affection peut \u00eatre tr\u00e8s inconfortable. Lorsqu\u2019elle est aggrav\u00e9e, la zone pileuse devient hypersensible ou excessivement irritable.<\/p>\n<p>La raison de son apparition n\u2019est pas toujours claire. Mais dans certains cas, elle est due \u00e0 un r\u00e9gime alimentaire d\u00e9s\u00e9quilibr\u00e9 et \u00e0 l\u2019environnement, en particulier au climat. Certains produits capillaires peuvent \u00e9galement provoquer une telle sensibilit\u00e9 et une telle irritation. Comme certains shampooings, qui sont formul\u00e9s pour les peaux un peu moins sensibles. Surtout lorsqu\u2019ils contiennent des tensioactifs agressifs.<\/p>\n<h2>Maladies les plus courantes<\/h2>\n<p><img loading=\"lazy\" decoding=\"async\" class=\"aligncenter size-full wp-image-6014\" src=\"https:\/\/www.capilclinic.com\/wp-content\/uploads\/2026\/08\/problemes-capillaires5_2026.webp\" alt=\"\" width=\"600\" height=\"400\" title=\"\" srcset=\"https:\/\/www.capilclinic.com\/wp-content\/uploads\/2026\/08\/problemes-capillaires5_2026.webp 600w, https:\/\/www.capilclinic.com\/wp-content\/uploads\/2026\/08\/problemes-capillaires5_2026-300x200.webp 300w, https:\/\/www.capilclinic.com\/wp-content\/uploads\/2026\/08\/problemes-capillaires5_2026-150x100.webp 150w\" sizes=\"auto, (max-width: 600px) 100vw, 600px\" \/><\/p>\n<p>Voici quelques-unes des maladies les plus courantes qui affectent le cuir chevelu :<\/p>\n<h3><strong>Dermatite s\u00e9borrh\u00e9ique<\/strong><\/h3>\n<p>Il s\u2019agit de l\u2019un des types de dermatite les plus courants. Il s\u2019agit d\u2019une maladie inflammatoire et non contagieuse, qui survient plus fr\u00e9quemment chez les hommes que chez les femmes et qui est plus fr\u00e9quente \u00e0 deux moments : \u00e0 l\u2019adolescence et \u00e0 partir de 40 ans, bien qu\u2019elle puisse parfois se d\u00e9velopper d\u00e8s l\u2019enfance et qu\u2019elle soit susceptible de nous accompagner tout au long de notre vie sous forme de pouss\u00e9es.<\/p>\n<p>Parmi les causes qui favorisent l\u2019apparition de cette maladie, on peut citer l\u2019activit\u00e9 excessive des glandes s\u00e9bac\u00e9es ou la pr\u00e9sence de champignons de type Malassezia. Mais elle peut aussi avoir une composante g\u00e9n\u00e9tique ou devenir h\u00e9r\u00e9ditaire. La cause sous-jacente est une alt\u00e9ration des k\u00e9ratinis\u00e9es qui les am\u00e8ne \u00e0 s\u2019accumuler et \u00e0 se desquamer plus que la normale.<\/p>\n<h3><strong>Teigne <\/strong><\/h3>\n<p>La teigne est une infection fongique contagieuse qui se manifeste g\u00e9n\u00e9ralement sur les cheveux. Elle provoque des plaques squameuses et s\u00e8ches, qui peuvent \u00e9voluer vers une alop\u00e9cie, et se manifeste g\u00e9n\u00e9ralement par des d\u00e9mangeaisons. Elle est plus fr\u00e9quente chez les enfants \u00e2g\u00e9s de un \u00e0 deux ans et chez les enfants d\u2019\u00e2ge scolaire.<\/p>\n<p>Le traitement consiste en l\u2019administration d\u2019antifongiques par voie orale, pour tuer le champignon responsable de la teigne et peut parfois \u00eatre associ\u00e9 \u00e0 des shampooings \u00e0 base de sulfure de s\u00e9l\u00e9nium pour emp\u00eacher la propagation de l\u2019infection \u00e0 d\u2019autres personnes.<\/p>\n<h3><strong>P\u00e9diculose<\/strong><\/h3>\n<p>Il s\u2019agit d\u2019une infection caus\u00e9e par l\u2019apparition de poux, qui se logent principalement dans la nuque et sur les oreilles. C\u2019est une infection tr\u00e8s contagieuse, surtout chez les enfants, par contact direct. C\u2019est une infection qui provoque de fortes d\u00e9mangeaisons, et le meilleur traitement pour la combattre est l\u2019application de lotions \u00e0 base de perm\u00e9thrine ou de dim\u00e9thicone.<\/p>\n<h3><strong>Psoriasis<\/strong><\/h3>\n<p>Le psoriasis est une maladie auto-immune qui peut \u00e9galement entra\u00eener une alop\u00e9cie. Il ne s\u2019agit pas d\u2019une maladie contagieuse et se caract\u00e9rise par des plaques rouges, des irritations et des squames qui provoquent des d\u00e9mangeaisons et des br\u00fblures \u00e0 n\u2019importe quel endroit du corps. Lorsque cette affection touche le cuir chevelu, elle peut affecter le follicule pileux, l\u2019endommager et provoquer la chute des cheveux.<\/p>\n<p>En pr\u00e9sence de ce probl\u00e8me, il est conseill\u00e9 de le diagnostiquer le plus t\u00f4t possible, afin d\u2019\u00e9tablir un traitement appropri\u00e9 qui aidera \u00e0 pr\u00e9venir une perte de poids acc\u00e9l\u00e9r\u00e9e. Pour traiter cette affection, il convient d\u2019utiliser des traitements topiques et des shampooings contenant des ingr\u00e9dients tels que l\u2019acide salicylique, le goudron de houille et le propionate de clob\u00e9tasol. Les r\u00e9tino\u00efdes oraux ou les m\u00e9dicaments tels que le m\u00e9thotrexate et la ciclosporine sont \u00e9galement recommand\u00e9s.<\/p>\n<p><img loading=\"lazy\" decoding=\"async\" class=\"aligncenter size-full wp-image-6015\" src=\"https:\/\/www.capilclinic.com\/wp-content\/uploads\/2026\/08\/cuerocabelludo_2026.webp\" alt=\"\" width=\"600\" height=\"400\" title=\"\" srcset=\"https:\/\/www.capilclinic.com\/wp-content\/uploads\/2026\/08\/cuerocabelludo_2026.webp 600w, https:\/\/www.capilclinic.com\/wp-content\/uploads\/2026\/08\/cuerocabelludo_2026-300x200.webp 300w, https:\/\/www.capilclinic.com\/wp-content\/uploads\/2026\/08\/cuerocabelludo_2026-150x100.webp 150w\" sizes=\"auto, (max-width: 600px) 100vw, 600px\" \/><\/p>\n<h3><strong>Lupus \u00e9ryth\u00e9mateux<\/strong><\/h3>\n<p>Le lupus \u00e9ryth\u00e9mateux est une autre maladie auto-immune qui n\u2019est donc pas gu\u00e9rissable. Il provoque une inflammation de la peau qui affecte principalement le visage et le cuir chevelu. Cette maladie peut entra\u00eener une alop\u00e9cie, car elle affecte la racine des cheveux, la rendant faible, fragile et cassante. Elle peut \u00eatre contr\u00f4l\u00e9e par des m\u00e9dicaments qui r\u00e9gulent le syst\u00e8me immunitaire et stoppent l\u2019inflammation. Les corticost\u00e9ro\u00efdes et le Minoxidil topique aident \u00e0 lutter contre l\u2019alop\u00e9cie.<\/p>\n<h3><strong>Lichen plan pilaire<\/strong><\/h3>\n<p>Cette affection consiste en un gonflement et une irritation du cuir chevelu et peut \u00e9galement entra\u00eener une alop\u00e9cie cicatricielle. C\u2019est pourquoi il est \u00e0 nouveau important d\u2019obtenir un diagnostic pr\u00e9coce et de s\u2019adresser \u00e0 une \u00e9quipe m\u00e9dicale sp\u00e9cialis\u00e9e dans la sant\u00e9 capillaire afin de trouver le bon traitement le plus rapidement possible.<\/p>\n<h3><strong>Scl\u00e9rodermie <\/strong><\/h3>\n<p>La scl\u00e9rodermie est une maladie caus\u00e9e par un durcissement de la peau. Lorsqu\u2019elle touche le cuir chevelu, elle entra\u00eene la destruction des follicules pileux, ce qui provoque la chute des cheveux dans certaines zones.<\/p>\n<h3><strong>Folliculite<\/strong><\/h3>\n<p>La folliculite est l\u2019inflammation de la racine du cheveu, g\u00e9n\u00e9ralement caus\u00e9e par une infection provoqu\u00e9e par des bact\u00e9ries et des champignons saprophytes vivant sur la peau. Les sympt\u00f4mes de la folliculite sont l\u2019apparition de petits groupes de bosses rouges ou de boutons qui se forment autour des follicules pileux, des bosses rouges remplies de pus qui s\u2019ouvrent et se transforment en cro\u00fbtes, des d\u00e9mangeaisons ou des br\u00fblures de la peau et une douleur ou une sensibilit\u00e9 de la peau.<\/p>\n<h3>S\u00e9cheresse<\/h3>\n<p>Si vous d\u00e9cidez de laisser vos cheveux longs, ils peuvent \u00eatre beaucoup plus secs que les cheveux courts. Car ils ont \u00e9t\u00e9 affect\u00e9s par des facteurs qui les affectent pendant une p\u00e9riode plus longue. La s\u00e9cheresse est principalement due \u00e0 des facteurs qui emp\u00eachent une bonne s\u00e9cr\u00e9tion s\u00e9bac\u00e9e, bien que d\u2019autres causes externes puissent la provoquer.<\/p>\n<h3>Cheveux gras<\/h3>\n<p>Les causes des cheveux gras sont g\u00e9n\u00e9ralement internes et sont influenc\u00e9es par trois facteurs : une alimentation riche en graisses, des d\u00e9s\u00e9quilibres hormonaux et des lavages trop fr\u00e9quents si vous avez d\u00e9j\u00e0 des cheveux gras.<\/p>\n<h3>Manque de brillance<\/h3>\n<p>Ce probl\u00e8me commence par une mauvaise alimentation, pauvre en vitamines. D\u2019autres facteurs peuvent \u00e9galement \u00eatre \u00e0 l\u2019origine de ce probl\u00e8me. Les effets du soleil, de l\u2019eau de piscine et de mer, l\u2019utilisation d\u2019un mauvais shampooing, un brossage brutal qui endommage gravement la cuticule, le s\u00e9chage avec des serviettes rugueuses et les frottements brutaux qui peuvent se produire lors du s\u00e9chage.<\/p>\n<p><img loading=\"lazy\" decoding=\"async\" class=\"aligncenter size-full wp-image-6016\" src=\"https:\/\/www.capilclinic.com\/wp-content\/uploads\/2026\/08\/problemes-capillaires-90_2026.webp\" alt=\"\" width=\"600\" height=\"400\" title=\"\" srcset=\"https:\/\/www.capilclinic.com\/wp-content\/uploads\/2026\/08\/problemes-capillaires-90_2026.webp 600w, https:\/\/www.capilclinic.com\/wp-content\/uploads\/2026\/08\/problemes-capillaires-90_2026-300x200.webp 300w, https:\/\/www.capilclinic.com\/wp-content\/uploads\/2026\/08\/problemes-capillaires-90_2026-150x100.webp 150w\" sizes=\"auto, (max-width: 600px) 100vw, 600px\" \/><\/p>\n<h2><strong>Quels sont les traitements pour ces maladies du cuir chevelu ? <\/strong><\/h2>\n<p>Pour identifier la cause du probl\u00e8me capillaire. Nous vous recommandons de consulter un dermatologue qui \u00e9valuera le cuir chevelu et identifiera la raison et le traitement \u00e0 suivre dans chaque cas. Il s\u2019agit de maladies qui ne peuvent \u00eatre prises \u00e0 la l\u00e9g\u00e8re. Car elles peuvent g\u00e9n\u00e9rer de nouvelles pathologies, voire des r\u00e9sultats irr\u00e9versibles. Cependant, nous vous recommandons quelques points qui peuvent vous aider :<\/p>\n<ul>\n<li>Une hygi\u00e8ne ad\u00e9quate et constante avec des shampooings sp\u00e9ciaux pour chaque probl\u00e8me. Les shampooings antipelliculaires donnent de bons r\u00e9sultats \u00e0 condition d\u2019\u00eatre utilis\u00e9s conform\u00e9ment aux indications figurant sur le produit.<\/li>\n<li>L\u2019utilisation de produits tels que les teintures et les apr\u00e8s-shampooings en fonction des besoins des cheveux. Il existe des produits pour les cheveux secs, gras et faibles, entre autres.<\/li>\n<li>Une alimentation saine et \u00e9quilibr\u00e9e qui aide les cheveux \u00e0 \u00eatre nourris de l\u2019int\u00e9rieur. \u00c0 \u00eatre forts et \u00e0 pouvoir faire face aux facteurs externes comme les changements de temps.<\/li>\n<li>Des traitements sp\u00e9cifiques et des examens effectu\u00e9s par des professionnels pour d\u00e9terminer le probl\u00e8me et la meilleure solution.<\/li>\n<\/ul>\n","protected":false},"excerpt":{"rendered":"<p>Les cheveux nous aident \u00e0 maintenir notre temp\u00e9rature corporelle. Ils prot\u00e8gent \u00e9galement nos yeux, nos oreilles et notre nez des petites particules pr\u00e9sentes dans l\u2019air. Les probl\u00e8mes courants li\u00e9s aux cheveux et au cuir chevelu comprennent la perte de cheveux, les infections et la desquamation. La chute des cheveux, saisonni\u00e8re ou non, est l\u2019une des [&hellip;]<\/p>\n","protected":false},"author":4,"featured_media":6009,"comment_status":"open","ping_status":"open","sticky":false,"template":"","format":"standard","meta":{"footnotes":""},"categories":[29],"tags":[],"class_list":["post-6011","post","type-post","status-publish","format-standard","has-post-thumbnail","hentry","category-blog"],"_links":{"self":[{"href":"https:\/\/www.capilclinic.com\/fr\/wp-json\/wp\/v2\/posts\/6011","targetHints":{"allow":["GET"]}}],"collection":[{"href":"https:\/\/www.capilclinic.com\/fr\/wp-json\/wp\/v2\/posts"}],"about":[{"href":"https:\/\/www.capilclinic.com\/fr\/wp-json\/wp\/v2\/types\/post"}],"author":[{"embeddable":true,"href":"https:\/\/www.capilclinic.com\/fr\/wp-json\/wp\/v2\/users\/4"}],"replies":[{"embeddable":true,"href":"https:\/\/www.capilclinic.com\/fr\/wp-json\/wp\/v2\/comments?post=6011"}],"version-history":[{"count":2,"href":"https:\/\/www.capilclinic.com\/fr\/wp-json\/wp\/v2\/posts\/6011\/revisions"}],"predecessor-version":[{"id":6487,"href":"https:\/\/www.capilclinic.com\/fr\/wp-json\/wp\/v2\/posts\/6011\/revisions\/6487"}],"wp:featuredmedia":[{"embeddable":true,"href":"https:\/\/www.capilclinic.com\/fr\/wp-json\/wp\/v2\/media\/6009"}],"wp:attachment":[{"href":"https:\/\/www.capilclinic.com\/fr\/wp-json\/wp\/v2\/media?parent=6011"}],"wp:term":[{"taxonomy":"category","embeddable":true,"href":"https:\/\/www.capilclinic.com\/fr\/wp-json\/wp\/v2\/categories?post=6011"},{"taxonomy":"post_tag","embeddable":true,"href":"https:\/\/www.capilclinic.com\/fr\/wp-json\/wp\/v2\/tags?post=6011"}],"curies":[{"name":"wp","href":"https:\/\/api.w.org\/{rel}","templated":true}]}}