{"id":5969,"date":"2026-08-26T17:12:36","date_gmt":"2026-08-26T14:12:36","guid":{"rendered":"https:\/\/www.capilclinic.com\/?p=5969"},"modified":"2026-08-31T11:18:31","modified_gmt":"2026-08-31T08:18:31","slug":"olumiant-pour-la-pelade","status":"publish","type":"post","link":"https:\/\/www.capilclinic.com\/fr\/olumiant-pour-la-pelade\/","title":{"rendered":"Olumiant pour la pelade"},"content":{"rendered":"<p><a href=\"https:\/\/capilclinic.fr\/des-cellules-souches-pour-combattre-lalopecie\/\" target=\"_blank\" rel=\"noopener\">L\u2019alop\u00e9cie<\/a> est une maladie qui peut \u00eatre g\u00eanante, en particulier pour les personnes soucieuses de leur image. Si vous perdez rapidement vos cheveux, on peut supposer que vous souffrez de cette maladie. Surtout si vous avez des zones compl\u00e8tement chauves sur votre cuir chevelu. L\u2019alop\u00e9cie areata n\u2019\u00e9tant pas gu\u00e9rissable, elle peut \u00eatre une source d\u2019inqui\u00e9tude pour de nombreux patients. De nombreuses \u00e9tudes montrent les avantages d\u2019<b>Olumiant pour la pelade<\/b>.<\/p>\n<p>L\u2019Olumiant a \u00e9t\u00e9 utilis\u00e9 pendant la pand\u00e9mie, avec des r\u00e9sultats satisfaisants. Beaucoup ne croient pas aux r\u00e9sultats de ce m\u00e9dicament, pourtant les r\u00e9sultats sont contraires. Si vous avez des doutes sur le mode d\u2019action de ce m\u00e9dicament, vous trouverez ci-dessous une description d\u00e9taill\u00e9e de son fonctionnement.<\/p>\n<h2>Que traite la pelade ?<\/h2>\n<p><img loading=\"lazy\" decoding=\"async\" class=\"aligncenter size-full wp-image-5971\" src=\"https:\/\/www.capilclinic.com\/wp-content\/uploads\/2026\/08\/la-pelade-700x466_2026.webp\" alt=\"\" width=\"700\" height=\"466\" title=\"\" srcset=\"https:\/\/www.capilclinic.com\/wp-content\/uploads\/2026\/08\/la-pelade-700x466_2026.webp 700w, https:\/\/www.capilclinic.com\/wp-content\/uploads\/2026\/08\/la-pelade-700x466_2026-300x200.webp 300w, https:\/\/www.capilclinic.com\/wp-content\/uploads\/2026\/08\/la-pelade-700x466_2026-600x400.webp 600w, https:\/\/www.capilclinic.com\/wp-content\/uploads\/2026\/08\/la-pelade-700x466_2026-150x100.webp 150w\" sizes=\"auto, (max-width: 700px) 100vw, 700px\" \/><\/p>\n<p>La pelade est une maladie auto-immune. <b>Ce type de maladie affecte le syst\u00e8me immunitaire de l\u2019organisme et provoque une inflammation des follicules pileux.<\/b> L\u2019inflammation provoque une chute rapide des cheveux, laissant des plaques chauves sur le cuir chevelu. L\u2019alop\u00e9cie peut \u00e9galement toucher d\u2019autres parties du corps, comme les sourcils, les cils, la barbe ou les poils pubiens.<\/p>\n<p>L\u2019origine exacte de la perte de cheveux est actuellement inconnue. On suppose qu\u2019elle est due \u00e0 une interaction complexe entre des facteurs g\u00e9n\u00e9tiques et environnementaux. Les chercheurs supposent que la maladie est directement li\u00e9e \u00e0 une anomalie du syst\u00e8me immunitaire, qui pousse les d\u00e9fenses de l\u2019organisme \u00e0 attaquer les follicules pileux.<\/p>\n<p>Les sympt\u00f4mes de l\u2019alop\u00e9cie areata varient d\u2019une personne \u00e0 l\u2019autre. Les zones touch\u00e9es peuvent \u00eatre plus ou moins \u00e9tendues. L\u2019alop\u00e9cie peut toucher n\u2019importe quelle partie du corps, mais c\u2019est le cuir chevelu qui est g\u00e9n\u00e9ralement le plus touch\u00e9. L\u2019alop\u00e9cie areata peut se traduire par une perte totale de cheveux sur le cuir chevelu ou sur l\u2019ensemble du corps.<\/p>\n<p>Certains traitements aident \u00e0 stimuler la croissance des cheveux, tels que les corticost\u00e9ro\u00efdes topiques, les injections de corticost\u00e9ro\u00efdes, les immunosuppresseurs, les produits topiques \u00e0 base de minoxidil et les phototh\u00e9rapies. L\u2019inconv\u00e9nient est qu\u2019ils peuvent avoir des effets secondaires n\u00e9gatifs et qu\u2019ils ne sont pas toujours efficaces.<\/p>\n<h2>Comment se d\u00e9roule le d\u00e9veloppement de la pelade ?<\/h2>\n<p><img loading=\"lazy\" decoding=\"async\" class=\"aligncenter size-full wp-image-5972\" src=\"https:\/\/www.capilclinic.com\/wp-content\/uploads\/2026\/08\/la-pelade-1_2026.webp\" alt=\"\" width=\"740\" height=\"494\" title=\"\" srcset=\"https:\/\/www.capilclinic.com\/wp-content\/uploads\/2026\/08\/la-pelade-1_2026.webp 740w, https:\/\/www.capilclinic.com\/wp-content\/uploads\/2026\/08\/la-pelade-1_2026-300x200.webp 300w, https:\/\/www.capilclinic.com\/wp-content\/uploads\/2026\/08\/la-pelade-1_2026-600x400.webp 600w, https:\/\/www.capilclinic.com\/wp-content\/uploads\/2026\/08\/la-pelade-1_2026-150x100.webp 150w\" sizes=\"auto, (max-width: 740px) 100vw, 740px\" \/><\/p>\n<p><b>Elle commence g\u00e9n\u00e9ralement par une chute partielle des cheveux sur le cuir chevelu, entra\u00eenant la perte de certaines zones de la t\u00eate.<\/b> Cette affection peut survenir partout o\u00f9 il y a des follicules.<\/p>\n<p>Chez certains patients, la calvitie n\u2019est pas tr\u00e8s visible. Tr\u00e8s peu de patients pr\u00e9sentent une calvitie totale, connue sous le nom d\u2019alop\u00e9cie universelle. En revanche, l\u2019alop\u00e9cie areata est g\u00e9n\u00e9ralement irr\u00e9guli\u00e8re, entra\u00eenant la chute et la repousse des cheveux, mais de mani\u00e8re incontr\u00f4l\u00e9e.<\/p>\n<p>En d\u2019autres termes, m\u00eame si les cheveux disparaissent \u00e0 certains endroits, il est possible qu\u2019ils repoussent, normalement les nouveaux cheveux ont une teinte naturelle dans la chevelure de la personne. Cependant, il est possible que des nuances plus blanches et moins \u00e9paisses apparaissent.<\/p>\n<p>Environ 10 % des patients atteints de cette maladie perdent leurs cheveux de fa\u00e7on permanente. La perte de cheveux peut \u00eatre permanente si les conditions suivantes sont r\u00e9unies :<\/p>\n<ul>\n<li>Il existe une pr\u00e9disposition \u00e0 souffrir d\u2019allergies.<\/li>\n<li>L\u2019alop\u00e9cie est apparue avant la pubert\u00e9, pendant plus de 12 mois.<\/li>\n<li>Un membre de la famille en est atteint.<\/li>\n<li>Vous souffrez d\u2019une autre maladie auto-immune.<\/li>\n<li>La perte de cheveux est tr\u00e8s visible.<\/li>\n<li>Les ongles des mains et des pieds prennent des formes, des textures et des couleurs inhabituelles.<\/li>\n<\/ul>\n<p>Un grand nombre de personnes souffrant de la pelade pr\u00e9sentent souvent des changements au niveau des ongles. Certains de ces changements sont des trous d\u2019\u00e9pingle qui donnent au toucher une impression de papier de verre. S\u2019il est vrai que cette affection n\u2019est pas curable, elle peut \u00eatre trait\u00e9e. \u00c0 cette fin, des \u00e9tudes montrent qu\u2019 Olumiant pour la pelade<\/p>\n<h2>Olumiant Qu\u2019est-ce que c\u2019est ?<\/h2>\n<p><img loading=\"lazy\" decoding=\"async\" class=\"aligncenter size-full wp-image-5973\" src=\"https:\/\/www.capilclinic.com\/wp-content\/uploads\/2026\/08\/la-pelade-2_2026.webp\" alt=\"\" width=\"740\" height=\"509\" title=\"\" srcset=\"https:\/\/www.capilclinic.com\/wp-content\/uploads\/2026\/08\/la-pelade-2_2026.webp 740w, https:\/\/www.capilclinic.com\/wp-content\/uploads\/2026\/08\/la-pelade-2_2026-300x206.webp 300w, https:\/\/www.capilclinic.com\/wp-content\/uploads\/2026\/08\/la-pelade-2_2026-150x103.webp 150w, https:\/\/www.capilclinic.com\/wp-content\/uploads\/2026\/08\/la-pelade-2_2026-262x181.webp 262w\" sizes=\"auto, (max-width: 740px) 100vw, 740px\" \/><\/p>\n<p>Le principal composant d\u2019Olumiant est le baricitinib. Il est efficace pour r\u00e9duire la fonction de la Jana kinase, qui est l\u2019une des enzymes qui re\u00e7oivent les cytokines. En d\u2019autres termes, il intervient dans la voie qui provoque l\u2019inflammation. Ce m\u00e9dicament a \u00e9t\u00e9 reconnu en 2018 comme un traitement efficace de la polyarthrite rhumato\u00efde chez les jeunes. En effet, il emp\u00eache les r\u00e9ponses du syst\u00e8me immunitaire aux cytokines.<\/p>\n<p>Le baricitinib est consid\u00e9r\u00e9 comme efficace en raison de ses r\u00e9sultats. Le m\u00e9dicament a \u00e9t\u00e9 utilis\u00e9 dans la pand\u00e9mie chez des patients atteints de Covid-19 pour d\u00e9montrer son efficacit\u00e9. Il est \u00e9galement conclu que le m\u00e9dicament est efficace pour traiter l\u2019inflammation du cuir chevelu caus\u00e9e par l\u2019alop\u00e9cie.<\/p>\n<h2>Quels sont les r\u00e9sultats de l\u2019\u00e9tude Olumiant pour le traitement de la pelade ?<\/h2>\n<p><img loading=\"lazy\" decoding=\"async\" class=\"aligncenter size-full wp-image-5974\" src=\"https:\/\/www.capilclinic.com\/wp-content\/uploads\/2026\/08\/la-pelade-3-700x466_2026.webp\" alt=\"\" width=\"700\" height=\"466\" title=\"\" srcset=\"https:\/\/www.capilclinic.com\/wp-content\/uploads\/2026\/08\/la-pelade-3-700x466_2026.webp 700w, https:\/\/www.capilclinic.com\/wp-content\/uploads\/2026\/08\/la-pelade-3-700x466_2026-300x200.webp 300w, https:\/\/www.capilclinic.com\/wp-content\/uploads\/2026\/08\/la-pelade-3-700x466_2026-600x400.webp 600w, https:\/\/www.capilclinic.com\/wp-content\/uploads\/2026\/08\/la-pelade-3-700x466_2026-150x100.webp 150w\" sizes=\"auto, (max-width: 700px) 100vw, 700px\" \/><\/p>\n<p>Plus de 1200 personnes souffrant de la pelade s\u00e9v\u00e8re ont \u00e9t\u00e9 s\u00e9lectionn\u00e9es pour l\u2019\u00e9tude Olumiant. Elles ont \u00e9t\u00e9 r\u00e9parties en trois groupes, chacun recevant des doses diff\u00e9rentes du m\u00e9dicament. Les deux premiers groupes ont re\u00e7u respectivement 2 mg et 4 mg. Le dernier groupe a re\u00e7u un placebo.<\/p>\n<p>Apr\u00e8s 36 semaines d\u2019\u00e9tude, des r\u00e9sultats concluants ont \u00e9t\u00e9 obtenus. L\u2019un des plus importants est que 3<b>5 % des personnes ayant pris 4 mg d\u2019Olumiant ont vu leurs cheveux repousser de pr\u00e8s de 80 %. De m\u00eame, ceux qui ont re\u00e7u la dose de 2 mg n\u2019ont \u00e9t\u00e9 que 20 % \u00e0 constater une am\u00e9lioration significative de leur chevelure. <\/b>Enfin, ceux qui ont re\u00e7u le placebo n\u2019ont eu qu\u2019une am\u00e9lioration de 5 %.<\/p>\n<h2>L\u2019a pelade peut-elle \u00eatre gu\u00e9rie par Olumiant ?<\/h2>\n<p>Parce qu\u2019Olumiant peut \u00eatre un rem\u00e8de permanent, de nombreuses<b> personnes ont une confiance aveugle dans ce traitement.<\/b> En effet, pendant de nombreuses ann\u00e9es, aucun m\u00e9dicament n\u2019\u00e9tait efficace contre les sympt\u00f4mes de l\u2019alop\u00e9cie. En effet, l\u2019origine de la maladie n\u2019est pas connue avec certitude.<\/p>\n<p>Certains pays, comme les \u00c9tats-Unis, ont admis ce m\u00e9dicament. Les \u00e9tudes sur l\u2019efficacit\u00e9 contre la chute des cheveux devraient se poursuivre. Cependant, il n\u2019est pas encore accept\u00e9 en Europe.<\/p>\n<h2>Effets secondaires d\u2019Olumiant<\/h2>\n<p>Malgr\u00e9 les avantages de ce m\u00e9dicament, i<b>l pr\u00e9sente \u00e9galement des effets secondaires importants <\/b>que vous devez conna\u00eetre avant de le prendre.<\/p>\n<ul>\n<li>Infections des voies respiratoires sup\u00e9rieures<\/li>\n<li>Maux de t\u00eate<\/li>\n<li>Acn\u00e9<\/li>\n<li>Cholest\u00e9rol \u00e9lev\u00e9 (hyperlipid\u00e9mie)<\/li>\n<li>Augmentation d\u2019une enzyme appel\u00e9e cr\u00e9atinine phosphokinase, infection des voies urinaires, \u00e9l\u00e9vation des enzymes h\u00e9patiques,<\/li>\n<li>Inflammation des follicules pileux (folliculite), fatigue, infections des voies respiratoires inf\u00e9rieures, naus\u00e9es, candidose g\u00e9nitale (infections \u00e0 levures), an\u00e9mie, faible nombre de certains types de globules blancs (neutrop\u00e9nie), douleurs abdominales, zona et prise de poids.<\/li>\n<\/ul>\n<p>Les experts recommandent une surveillance \u00e9troite des signes et sympt\u00f4mes d\u2019infection pendant et apr\u00e8s le traitement.<\/p>\n<h2>Quelles sont les alternatives \u00e0 Olumiant ?<\/h2>\n<p><img loading=\"lazy\" decoding=\"async\" class=\"aligncenter size-full wp-image-5975\" src=\"https:\/\/www.capilclinic.com\/wp-content\/uploads\/2026\/08\/la-pelade-5-700x466_2026.webp\" alt=\"\" width=\"700\" height=\"466\" title=\"\" srcset=\"https:\/\/www.capilclinic.com\/wp-content\/uploads\/2026\/08\/la-pelade-5-700x466_2026.webp 700w, https:\/\/www.capilclinic.com\/wp-content\/uploads\/2026\/08\/la-pelade-5-700x466_2026-300x200.webp 300w, https:\/\/www.capilclinic.com\/wp-content\/uploads\/2026\/08\/la-pelade-5-700x466_2026-600x400.webp 600w, https:\/\/www.capilclinic.com\/wp-content\/uploads\/2026\/08\/la-pelade-5-700x466_2026-150x100.webp 150w\" sizes=\"auto, (max-width: 700px) 100vw, 700px\" \/><\/p>\n<p>Il existe d\u2019autres m\u00e9dicaments utilis\u00e9s pour traiter l\u2019alop\u00e9cie areata. Il est toujours recommand\u00e9 de consulter un sp\u00e9cialiste avant de prendre l\u2019un des m\u00e9dicaments mentionn\u00e9s ci-dessous.<\/p>\n<ul>\n<li><b>Corticost\u00e9ro\u00efdes. <\/b>Les cr\u00e8mes ou les injections de corticost\u00e9ro\u00efdes peuvent aider \u00e0 r\u00e9duire l\u2019inflammation autour des follicules pileux. Mais aussi \u00e0 stimuler la croissance des cheveux.<\/li>\n<li><b>Minoxidil. <\/b>Il s\u2019agit d\u2019un m\u00e9dicament topique qui est \u00e9galement utilis\u00e9 pour traiter la chute des cheveux. Il peut aider \u00e0 stimuler la croissance des cheveux dans les zones affect\u00e9es par l\u2019alop\u00e9cie areata.<\/li>\n<li><b>Immunomodulateurs. <\/b>Les m\u00e9dicaments immunosuppresseurs tels que le tacrolimus et le pim\u00e9crolimus peuvent aider \u00e0 r\u00e9duire l\u2019activit\u00e9 du syst\u00e8me immunitaire autour des follicules pileux.<\/li>\n<li><b>Phototh\u00e9rapie. <\/b>L\u2019utilisation de la lumi\u00e8re UVB peut contribuer \u00e0 r\u00e9duire l\u2019inflammation et \u00e0 stimuler la croissance des cheveux.<\/li>\n<li><b>Th\u00e9rapie de contact.<\/b> La th\u00e9rapie de contact implique l\u2019application de diph\u00e9nylcycloprop\u00e9none (DPCP) sur la peau. Elle peut contribuer \u00e0 stimuler la croissance des cheveux en provoquant une r\u00e9action allergique locale.<\/li>\n<li><b>Th\u00e9rapie par plasma riche en plaquettes. <\/b>Cette technique consiste \u00e0 extraire des plaquettes de votre propre sang et \u00e0 les r\u00e9injecter dans les zones touch\u00e9es par l\u2019alop\u00e9cie areata. Cela peut aider \u00e0 stimuler la croissance des cheveux.<\/li>\n<\/ul>\n<p>Est important de noter que ces traitements ne conviennent pas \u00e0 tout le monde et peuvent avoir des effets secondaires. Il est donc important de discuter avec un professionnel de la sant\u00e9 de l\u2019option th\u00e9rapeutique la plus appropri\u00e9e \u00e0 votre cas particulier.<\/p>\n<h2>Les diff\u00e9rents types de chute de cheveux<\/h2>\n<p>Il existe plusieurs types de chute de cheveux, qui peuvent avoir des causes diff\u00e9rentes. Voici quelques-uns des types de perte de cheveux les plus courants :<\/p>\n<p>Les traitements les plus efficaces sont ceux qui permettent de trouver la solution la plus adapt\u00e9e \u00e0 votre cas particulier.<\/p>\n<ul>\n<li><b>L\u2019alop\u00e9cie androg\u00e9n\u00e9tique.<\/b> Il s\u2019agit d\u2019une forme h\u00e9r\u00e9ditaire de perte de cheveux, plus fr\u00e9quente chez les hommes, mais qui peut \u00e9galement toucher les femmes.<\/li>\n<li><b>L\u2019alop\u00e9cie areata. <\/b>L\u2019alop\u00e9cie areata est une maladie auto-immune qui provoque une perte de cheveux en zones circulaires ou ovales sur le cuir chevelu ou d\u2019autres parties du corps.<\/li>\n<li><b>L\u2019alop\u00e9cie cicatricielle. <\/b>Ce type d\u2019affection provoque des l\u00e9sions cutan\u00e9es qui endommagent les follicules pileux. Dans ce cas, les cheveux ne repoussent pas dans les zones d\u00e9garnies..<\/li>\n<li><b>L\u2019alop\u00e9cie diffuse.<\/b> Il s\u2019agit d\u2019une perte de cheveux qui se produit sur l\u2019ensemble de la t\u00eate et qui peut \u00eatre caus\u00e9e par un certain nombre de facteurs, tels que le stress, une carence en nutriments, certains m\u00e9dicaments ou des changements hormonaux.<\/li>\n<li><b>Effluvium t\u00e9log\u00e8ne. <\/b>L\u2019effluvium t\u00e9log\u00e8ne est une forme de chute de cheveux qui se produit lorsque les follicules pileux entrent pr\u00e9matur\u00e9ment dans la phase de repos de leur cycle de croissance, ce qui entra\u00eene la chute des cheveux.<\/li>\n<\/ul>\n<p>On peut conclure qu\u2019Olumiant est un m\u00e9dicament efficace contre l\u2019alop\u00e9cie areata. Le m\u00e9dicament a obtenu une validit\u00e9 gr\u00e2ce aux \u00e9tudes r\u00e9alis\u00e9es. Il est important de noter que des \u00e9tudes sont encore en cours sur ce m\u00e9dicament, en raison des effets secondaires.<\/p>\n","protected":false},"excerpt":{"rendered":"<p>L\u2019alop\u00e9cie est une maladie qui peut \u00eatre g\u00eanante, en particulier pour les personnes soucieuses de leur image. Si vous perdez rapidement vos cheveux, on peut supposer que vous souffrez de cette maladie. Surtout si vous avez des zones compl\u00e8tement chauves sur votre cuir chevelu. L\u2019alop\u00e9cie areata n\u2019\u00e9tant pas gu\u00e9rissable, elle peut \u00eatre une source d\u2019inqui\u00e9tude [&hellip;]<\/p>\n","protected":false},"author":4,"featured_media":5970,"comment_status":"open","ping_status":"open","sticky":false,"template":"","format":"standard","meta":{"footnotes":""},"categories":[29],"tags":[],"class_list":["post-5969","post","type-post","status-publish","format-standard","has-post-thumbnail","hentry","category-blog"],"_links":{"self":[{"href":"https:\/\/www.capilclinic.com\/fr\/wp-json\/wp\/v2\/posts\/5969","targetHints":{"allow":["GET"]}}],"collection":[{"href":"https:\/\/www.capilclinic.com\/fr\/wp-json\/wp\/v2\/posts"}],"about":[{"href":"https:\/\/www.capilclinic.com\/fr\/wp-json\/wp\/v2\/types\/post"}],"author":[{"embeddable":true,"href":"https:\/\/www.capilclinic.com\/fr\/wp-json\/wp\/v2\/users\/4"}],"replies":[{"embeddable":true,"href":"https:\/\/www.capilclinic.com\/fr\/wp-json\/wp\/v2\/comments?post=5969"}],"version-history":[{"count":2,"href":"https:\/\/www.capilclinic.com\/fr\/wp-json\/wp\/v2\/posts\/5969\/revisions"}],"predecessor-version":[{"id":5977,"href":"https:\/\/www.capilclinic.com\/fr\/wp-json\/wp\/v2\/posts\/5969\/revisions\/5977"}],"wp:featuredmedia":[{"embeddable":true,"href":"https:\/\/www.capilclinic.com\/fr\/wp-json\/wp\/v2\/media\/5970"}],"wp:attachment":[{"href":"https:\/\/www.capilclinic.com\/fr\/wp-json\/wp\/v2\/media?parent=5969"}],"wp:term":[{"taxonomy":"category","embeddable":true,"href":"https:\/\/www.capilclinic.com\/fr\/wp-json\/wp\/v2\/categories?post=5969"},{"taxonomy":"post_tag","embeddable":true,"href":"https:\/\/www.capilclinic.com\/fr\/wp-json\/wp\/v2\/tags?post=5969"}],"curies":[{"name":"wp","href":"https:\/\/api.w.org\/{rel}","templated":true}]}}